{"id":9917,"date":"2026-04-26T17:59:26","date_gmt":"2026-04-26T20:59:26","guid":{"rendered":"https:\/\/novabetaniafm.com.br\/novabetania87\/?p=9917"},"modified":"2026-04-27T11:02:10","modified_gmt":"2026-04-27T14:02:10","slug":"grave-acidente-na-pe-340-mata-morador-de-sitio-dos-nunes-e-deixa-feridos","status":"publish","type":"post","link":"https:\/\/novabetaniafm.com.br\/novabetania87\/2026\/04\/26\/grave-acidente-na-pe-340-mata-morador-de-sitio-dos-nunes-e-deixa-feridos\/","title":{"rendered":"Grave acidente na PE-340 mata morador de S\u00edtio dos Nunes e deixa feridos"},"content":{"rendered":"<div>\n<div>Um grave acidente automobil\u00edstico foi registrado neste domingo (26) na rodovia PE-340, que liga o distrito de S\u00e3o Caetano ao munic\u00edpio de Bet\u00e2nia, no interior de Pernambuco. Segundo as primeiras informa\u00e7\u00f5es, o motorista de uma caminhonete perdeu o controle do ve\u00edculo, que capotou v\u00e1rias vezes \u00e0s margens da pista.<\/div>\n<div><\/div>\n<div><strong>V\u00edtima de S\u00edtio dos Nunes<\/strong><\/div>\n<div><\/div>\n<div>A v\u00edtima fatal foi identificada como Celso do Couro, figura bastante conhecida na regi\u00e3o. Celso era morador do distrito de S\u00edtio dos Nunes, no munic\u00edpio de Flores. Ele n\u00e3o resistiu aos ferimentos e faleceu ainda no local do acidente.<\/div>\n<div><\/div>\n<div><strong>Feridos e Atendimento<\/strong><\/div>\n<div><\/div>\n<div>Outras pessoas tamb\u00e9m ocupavam a caminhonete no momento do capotamento, incluindo moradores de S\u00edtio dos Nunes e da localidade de Pitombeira. Duas pessoas foram socorridas em estado grave e levadas para atendimento m\u00e9dico em unidades de sa\u00fade da regi\u00e3o.<\/div>\n<div><\/div>\n<div>As causas do acidente ainda ser\u00e3o apuradas pelas autoridades competentes. A rodovia PE-340 \u00e9 o principal acesso para quem se desloca da BR-232 em dire\u00e7\u00e3o a Bet\u00e2nia.<\/div>\n<div><\/div>\n<div><i>Informa\u00e7\u00f5es Junior Campos.<\/i><\/div>\n<\/div>\n<div><\/div>\n\n<div style=\"font-size: 0px; height: 0px; line-height: 0px; margin: 0; padding: 0; clear: both;\"><\/div>","protected":false},"excerpt":{"rendered":"<p>Um grave acidente automobil\u00edstico foi registrado neste domingo (26) na rodovia PE-340, que liga o distrito de S\u00e3o Caetano ao munic\u00edpio de Bet\u00e2nia, no interior de Pernambuco. Segundo as primeiras informa\u00e7\u00f5es, o motorista de uma&#8230;<\/p>\n","protected":false},"author":4,"featured_media":9918,"comment_status":"open","ping_status":"open","sticky":false,"template":"","format":"standard","meta":{"footnotes":""},"categories":[2],"tags":[],"class_list":["post-9917","post","type-post","status-publish","format-standard","has-post-thumbnail","hentry","category-noticias"],"yoast_head":"<!-- This site is optimized with the Yoast SEO plugin v24.5 - https:\/\/yoast.com\/wordpress\/plugins\/seo\/ -->\n<title>Grave acidente na PE-340 mata morador de S\u00edtio dos Nunes e deixa feridos - Nova Bet\u00e2nia FM 87,9<\/title>\n<meta name=\"robots\" content=\"index, follow, max-snippet:-1, max-image-preview:large, max-video-preview:-1\" \/>\n<link rel=\"canonical\" href=\"https:\/\/novabetaniafm.com.br\/novabetania87\/2026\/04\/26\/grave-acidente-na-pe-340-mata-morador-de-sitio-dos-nunes-e-deixa-feridos\/\" \/>\n<meta property=\"og:locale\" content=\"pt_BR\" \/>\n<meta property=\"og:type\" content=\"article\" \/>\n<meta property=\"og:title\" content=\"Grave acidente na PE-340 mata morador de S\u00edtio dos Nunes e deixa feridos - Nova Bet\u00e2nia FM 87,9\" \/>\n<meta property=\"og:description\" content=\"Um grave acidente automobil\u00edstico foi registrado neste domingo (26) na rodovia PE-340, que liga o distrito de S\u00e3o Caetano ao munic\u00edpio de Bet\u00e2nia, no interior de Pernambuco. Segundo as primeiras informa\u00e7\u00f5es, o motorista de uma...\" \/>\n<meta property=\"og:url\" content=\"https:\/\/novabetaniafm.com.br\/novabetania87\/2026\/04\/26\/grave-acidente-na-pe-340-mata-morador-de-sitio-dos-nunes-e-deixa-feridos\/\" \/>\n<meta property=\"og:site_name\" content=\"Nova Bet\u00e2nia FM 87,9\" \/>\n<meta property=\"article:published_time\" content=\"2026-04-26T20:59:26+00:00\" \/>\n<meta property=\"article:modified_time\" content=\"2026-04-27T14:02:10+00:00\" \/>\n<meta property=\"og:image\" content=\"http:\/\/novabetaniafm.com.br\/novabetania87\/wp-content\/uploads\/2026\/04\/MORTE.jpg\" \/>\n\t<meta property=\"og:image:width\" content=\"400\" \/>\n\t<meta property=\"og:image:height\" content=\"266\" \/>\n\t<meta property=\"og:image:type\" content=\"image\/jpeg\" \/>\n<meta name=\"author\" content=\"Nova Bet\u00e2nia FM\" \/>\n<meta name=\"twitter:card\" content=\"summary_large_image\" \/>\n<meta name=\"twitter:label1\" content=\"Escrito por\" \/>\n\t<meta name=\"twitter:data1\" content=\"Nova Bet\u00e2nia FM\" \/>\n\t<meta name=\"twitter:label2\" content=\"Est. tempo de leitura\" \/>\n\t<meta name=\"twitter:data2\" content=\"2 minutos\" \/>\n<script type=\"application\/ld+json\" class=\"yoast-schema-graph\">{\"@context\":\"https:\/\/schema.org\",\"@graph\":[{\"@type\":\"Article\",\"@id\":\"https:\/\/novabetaniafm.com.br\/novabetania87\/2026\/04\/26\/grave-acidente-na-pe-340-mata-morador-de-sitio-dos-nunes-e-deixa-feridos\/#article\",\"isPartOf\":{\"@id\":\"https:\/\/novabetaniafm.com.br\/novabetania87\/2026\/04\/26\/grave-acidente-na-pe-340-mata-morador-de-sitio-dos-nunes-e-deixa-feridos\/\"},\"author\":{\"name\":\"Nova Bet\u00e2nia FM\",\"@id\":\"https:\/\/novabetaniafm.com.br\/novabetania87\/#\/schema\/person\/73fd05cbd77cd30a7bab1141b8ab8555\"},\"headline\":\"Grave acidente na PE-340 mata morador de S\u00edtio dos Nunes e deixa feridos\",\"datePublished\":\"2026-04-26T20:59:26+00:00\",\"dateModified\":\"2026-04-27T14:02:10+00:00\",\"mainEntityOfPage\":{\"@id\":\"https:\/\/novabetaniafm.com.br\/novabetania87\/2026\/04\/26\/grave-acidente-na-pe-340-mata-morador-de-sitio-dos-nunes-e-deixa-feridos\/\"},\"wordCount\":200,\"commentCount\":0,\"publisher\":{\"@id\":\"https:\/\/novabetaniafm.com.br\/novabetania87\/#organization\"},\"image\":{\"@id\":\"https:\/\/novabetaniafm.com.br\/novabetania87\/2026\/04\/26\/grave-acidente-na-pe-340-mata-morador-de-sitio-dos-nunes-e-deixa-feridos\/#primaryimage\"},\"thumbnailUrl\":\"https:\/\/novabetaniafm.com.br\/novabetania87\/wp-content\/uploads\/2026\/04\/MORTE.jpg\",\"articleSection\":[\"Not\u00edcias\"],\"inLanguage\":\"pt-BR\",\"potentialAction\":[{\"@type\":\"CommentAction\",\"name\":\"Comment\",\"target\":[\"https:\/\/novabetaniafm.com.br\/novabetania87\/2026\/04\/26\/grave-acidente-na-pe-340-mata-morador-de-sitio-dos-nunes-e-deixa-feridos\/#respond\"]}]},{\"@type\":\"WebPage\",\"@id\":\"https:\/\/novabetaniafm.com.br\/novabetania87\/2026\/04\/26\/grave-acidente-na-pe-340-mata-morador-de-sitio-dos-nunes-e-deixa-feridos\/\",\"url\":\"https:\/\/novabetaniafm.com.br\/novabetania87\/2026\/04\/26\/grave-acidente-na-pe-340-mata-morador-de-sitio-dos-nunes-e-deixa-feridos\/\",\"name\":\"Grave acidente na PE-340 mata morador de S\u00edtio dos Nunes e deixa feridos - Nova Bet\u00e2nia FM 87,9\",\"isPartOf\":{\"@id\":\"https:\/\/novabetaniafm.com.br\/novabetania87\/#website\"},\"primaryImageOfPage\":{\"@id\":\"https:\/\/novabetaniafm.com.br\/novabetania87\/2026\/04\/26\/grave-acidente-na-pe-340-mata-morador-de-sitio-dos-nunes-e-deixa-feridos\/#primaryimage\"},\"image\":{\"@id\":\"https:\/\/novabetaniafm.com.br\/novabetania87\/2026\/04\/26\/grave-acidente-na-pe-340-mata-morador-de-sitio-dos-nunes-e-deixa-feridos\/#primaryimage\"},\"thumbnailUrl\":\"https:\/\/novabetaniafm.com.br\/novabetania87\/wp-content\/uploads\/2026\/04\/MORTE.jpg\",\"datePublished\":\"2026-04-26T20:59:26+00:00\",\"dateModified\":\"2026-04-27T14:02:10+00:00\",\"breadcrumb\":{\"@id\":\"https:\/\/novabetaniafm.com.br\/novabetania87\/2026\/04\/26\/grave-acidente-na-pe-340-mata-morador-de-sitio-dos-nunes-e-deixa-feridos\/#breadcrumb\"},\"inLanguage\":\"pt-BR\",\"potentialAction\":[{\"@type\":\"ReadAction\",\"target\":[\"https:\/\/novabetaniafm.com.br\/novabetania87\/2026\/04\/26\/grave-acidente-na-pe-340-mata-morador-de-sitio-dos-nunes-e-deixa-feridos\/\"]}]},{\"@type\":\"ImageObject\",\"inLanguage\":\"pt-BR\",\"@id\":\"https:\/\/novabetaniafm.com.br\/novabetania87\/2026\/04\/26\/grave-acidente-na-pe-340-mata-morador-de-sitio-dos-nunes-e-deixa-feridos\/#primaryimage\",\"url\":\"https:\/\/novabetaniafm.com.br\/novabetania87\/wp-content\/uploads\/2026\/04\/MORTE.jpg\",\"contentUrl\":\"https:\/\/novabetaniafm.com.br\/novabetania87\/wp-content\/uploads\/2026\/04\/MORTE.jpg\",\"width\":400,\"height\":266},{\"@type\":\"BreadcrumbList\",\"@id\":\"https:\/\/novabetaniafm.com.br\/novabetania87\/2026\/04\/26\/grave-acidente-na-pe-340-mata-morador-de-sitio-dos-nunes-e-deixa-feridos\/#breadcrumb\",\"itemListElement\":[{\"@type\":\"ListItem\",\"position\":1,\"name\":\"In\u00edcio\",\"item\":\"https:\/\/novabetaniafm.com.br\/novabetania87\/\"},{\"@type\":\"ListItem\",\"position\":2,\"name\":\"Grave acidente na PE-340 mata morador de S\u00edtio dos Nunes e deixa feridos\"}]},{\"@type\":\"WebSite\",\"@id\":\"https:\/\/novabetaniafm.com.br\/novabetania87\/#website\",\"url\":\"https:\/\/novabetaniafm.com.br\/novabetania87\/\",\"name\":\"Nova Bet\u00e2nia FM 87,9\",\"description\":\"Ligada em voc\u00ea!\",\"publisher\":{\"@id\":\"https:\/\/novabetaniafm.com.br\/novabetania87\/#organization\"},\"potentialAction\":[{\"@type\":\"SearchAction\",\"target\":{\"@type\":\"EntryPoint\",\"urlTemplate\":\"https:\/\/novabetaniafm.com.br\/novabetania87\/?s={search_term_string}\"},\"query-input\":{\"@type\":\"PropertyValueSpecification\",\"valueRequired\":true,\"valueName\":\"search_term_string\"}}],\"inLanguage\":\"pt-BR\"},{\"@type\":\"Organization\",\"@id\":\"https:\/\/novabetaniafm.com.br\/novabetania87\/#organization\",\"name\":\"Nova Bet\u00e2nia FM 87,9\",\"url\":\"https:\/\/novabetaniafm.com.br\/novabetania87\/\",\"logo\":{\"@type\":\"ImageObject\",\"inLanguage\":\"pt-BR\",\"@id\":\"https:\/\/novabetaniafm.com.br\/novabetania87\/#\/schema\/logo\/image\/\",\"url\":\"https:\/\/novabetaniafm.com.br\/novabetania87\/wp-content\/uploads\/2024\/05\/logo.png\",\"contentUrl\":\"https:\/\/novabetaniafm.com.br\/novabetania87\/wp-content\/uploads\/2024\/05\/logo.png\",\"width\":211,\"height\":144,\"caption\":\"Nova Bet\u00e2nia FM 87,9\"},\"image\":{\"@id\":\"https:\/\/novabetaniafm.com.br\/novabetania87\/#\/schema\/logo\/image\/\"}},{\"@type\":\"Person\",\"@id\":\"https:\/\/novabetaniafm.com.br\/novabetania87\/#\/schema\/person\/73fd05cbd77cd30a7bab1141b8ab8555\",\"name\":\"Nova Bet\u00e2nia FM\",\"image\":{\"@type\":\"ImageObject\",\"inLanguage\":\"pt-BR\",\"@id\":\"https:\/\/novabetaniafm.com.br\/novabetania87\/#\/schema\/person\/image\/\",\"url\":\"https:\/\/secure.gravatar.com\/avatar\/e0359add7ed5dc3560906d861b52c6a8cf5c1e199d3a7dd85070998f49bd4701?s=96&d=mm&r=g\",\"contentUrl\":\"https:\/\/secure.gravatar.com\/avatar\/e0359add7ed5dc3560906d861b52c6a8cf5c1e199d3a7dd85070998f49bd4701?s=96&d=mm&r=g\",\"caption\":\"Nova Bet\u00e2nia FM\"},\"url\":\"https:\/\/novabetaniafm.com.br\/novabetania87\/author\/novabetaniafm879\/\"}]}<\/script>\n<!-- \/ Yoast SEO plugin. -->","yoast_head_json":{"title":"Grave acidente na PE-340 mata morador de S\u00edtio dos Nunes e deixa feridos - Nova Bet\u00e2nia FM 87,9","robots":{"index":"index","follow":"follow","max-snippet":"max-snippet:-1","max-image-preview":"max-image-preview:large","max-video-preview":"max-video-preview:-1"},"canonical":"https:\/\/novabetaniafm.com.br\/novabetania87\/2026\/04\/26\/grave-acidente-na-pe-340-mata-morador-de-sitio-dos-nunes-e-deixa-feridos\/","og_locale":"pt_BR","og_type":"article","og_title":"Grave acidente na PE-340 mata morador de S\u00edtio dos Nunes e deixa feridos - Nova Bet\u00e2nia FM 87,9","og_description":"Um grave acidente automobil\u00edstico foi registrado neste domingo (26) na rodovia PE-340, que liga o distrito de S\u00e3o Caetano ao munic\u00edpio de Bet\u00e2nia, no interior de Pernambuco. Segundo as primeiras informa\u00e7\u00f5es, o motorista de uma...","og_url":"https:\/\/novabetaniafm.com.br\/novabetania87\/2026\/04\/26\/grave-acidente-na-pe-340-mata-morador-de-sitio-dos-nunes-e-deixa-feridos\/","og_site_name":"Nova Bet\u00e2nia FM 87,9","article_published_time":"2026-04-26T20:59:26+00:00","article_modified_time":"2026-04-27T14:02:10+00:00","og_image":[{"width":400,"height":266,"url":"http:\/\/novabetaniafm.com.br\/novabetania87\/wp-content\/uploads\/2026\/04\/MORTE.jpg","type":"image\/jpeg"}],"author":"Nova Bet\u00e2nia FM","twitter_card":"summary_large_image","twitter_misc":{"Escrito por":"Nova Bet\u00e2nia FM","Est. tempo de leitura":"2 minutos"},"schema":{"@context":"https:\/\/schema.org","@graph":[{"@type":"Article","@id":"https:\/\/novabetaniafm.com.br\/novabetania87\/2026\/04\/26\/grave-acidente-na-pe-340-mata-morador-de-sitio-dos-nunes-e-deixa-feridos\/#article","isPartOf":{"@id":"https:\/\/novabetaniafm.com.br\/novabetania87\/2026\/04\/26\/grave-acidente-na-pe-340-mata-morador-de-sitio-dos-nunes-e-deixa-feridos\/"},"author":{"name":"Nova Bet\u00e2nia FM","@id":"https:\/\/novabetaniafm.com.br\/novabetania87\/#\/schema\/person\/73fd05cbd77cd30a7bab1141b8ab8555"},"headline":"Grave acidente na PE-340 mata morador de S\u00edtio dos Nunes e deixa feridos","datePublished":"2026-04-26T20:59:26+00:00","dateModified":"2026-04-27T14:02:10+00:00","mainEntityOfPage":{"@id":"https:\/\/novabetaniafm.com.br\/novabetania87\/2026\/04\/26\/grave-acidente-na-pe-340-mata-morador-de-sitio-dos-nunes-e-deixa-feridos\/"},"wordCount":200,"commentCount":0,"publisher":{"@id":"https:\/\/novabetaniafm.com.br\/novabetania87\/#organization"},"image":{"@id":"https:\/\/novabetaniafm.com.br\/novabetania87\/2026\/04\/26\/grave-acidente-na-pe-340-mata-morador-de-sitio-dos-nunes-e-deixa-feridos\/#primaryimage"},"thumbnailUrl":"https:\/\/novabetaniafm.com.br\/novabetania87\/wp-content\/uploads\/2026\/04\/MORTE.jpg","articleSection":["Not\u00edcias"],"inLanguage":"pt-BR","potentialAction":[{"@type":"CommentAction","name":"Comment","target":["https:\/\/novabetaniafm.com.br\/novabetania87\/2026\/04\/26\/grave-acidente-na-pe-340-mata-morador-de-sitio-dos-nunes-e-deixa-feridos\/#respond"]}]},{"@type":"WebPage","@id":"https:\/\/novabetaniafm.com.br\/novabetania87\/2026\/04\/26\/grave-acidente-na-pe-340-mata-morador-de-sitio-dos-nunes-e-deixa-feridos\/","url":"https:\/\/novabetaniafm.com.br\/novabetania87\/2026\/04\/26\/grave-acidente-na-pe-340-mata-morador-de-sitio-dos-nunes-e-deixa-feridos\/","name":"Grave acidente na PE-340 mata morador de S\u00edtio dos Nunes e deixa feridos - Nova Bet\u00e2nia FM 87,9","isPartOf":{"@id":"https:\/\/novabetaniafm.com.br\/novabetania87\/#website"},"primaryImageOfPage":{"@id":"https:\/\/novabetaniafm.com.br\/novabetania87\/2026\/04\/26\/grave-acidente-na-pe-340-mata-morador-de-sitio-dos-nunes-e-deixa-feridos\/#primaryimage"},"image":{"@id":"https:\/\/novabetaniafm.com.br\/novabetania87\/2026\/04\/26\/grave-acidente-na-pe-340-mata-morador-de-sitio-dos-nunes-e-deixa-feridos\/#primaryimage"},"thumbnailUrl":"https:\/\/novabetaniafm.com.br\/novabetania87\/wp-content\/uploads\/2026\/04\/MORTE.jpg","datePublished":"2026-04-26T20:59:26+00:00","dateModified":"2026-04-27T14:02:10+00:00","breadcrumb":{"@id":"https:\/\/novabetaniafm.com.br\/novabetania87\/2026\/04\/26\/grave-acidente-na-pe-340-mata-morador-de-sitio-dos-nunes-e-deixa-feridos\/#breadcrumb"},"inLanguage":"pt-BR","potentialAction":[{"@type":"ReadAction","target":["https:\/\/novabetaniafm.com.br\/novabetania87\/2026\/04\/26\/grave-acidente-na-pe-340-mata-morador-de-sitio-dos-nunes-e-deixa-feridos\/"]}]},{"@type":"ImageObject","inLanguage":"pt-BR","@id":"https:\/\/novabetaniafm.com.br\/novabetania87\/2026\/04\/26\/grave-acidente-na-pe-340-mata-morador-de-sitio-dos-nunes-e-deixa-feridos\/#primaryimage","url":"https:\/\/novabetaniafm.com.br\/novabetania87\/wp-content\/uploads\/2026\/04\/MORTE.jpg","contentUrl":"https:\/\/novabetaniafm.com.br\/novabetania87\/wp-content\/uploads\/2026\/04\/MORTE.jpg","width":400,"height":266},{"@type":"BreadcrumbList","@id":"https:\/\/novabetaniafm.com.br\/novabetania87\/2026\/04\/26\/grave-acidente-na-pe-340-mata-morador-de-sitio-dos-nunes-e-deixa-feridos\/#breadcrumb","itemListElement":[{"@type":"ListItem","position":1,"name":"In\u00edcio","item":"https:\/\/novabetaniafm.com.br\/novabetania87\/"},{"@type":"ListItem","position":2,"name":"Grave acidente na PE-340 mata morador de S\u00edtio dos Nunes e deixa feridos"}]},{"@type":"WebSite","@id":"https:\/\/novabetaniafm.com.br\/novabetania87\/#website","url":"https:\/\/novabetaniafm.com.br\/novabetania87\/","name":"Nova Bet\u00e2nia FM 87,9","description":"Ligada em voc\u00ea!","publisher":{"@id":"https:\/\/novabetaniafm.com.br\/novabetania87\/#organization"},"potentialAction":[{"@type":"SearchAction","target":{"@type":"EntryPoint","urlTemplate":"https:\/\/novabetaniafm.com.br\/novabetania87\/?s={search_term_string}"},"query-input":{"@type":"PropertyValueSpecification","valueRequired":true,"valueName":"search_term_string"}}],"inLanguage":"pt-BR"},{"@type":"Organization","@id":"https:\/\/novabetaniafm.com.br\/novabetania87\/#organization","name":"Nova Bet\u00e2nia FM 87,9","url":"https:\/\/novabetaniafm.com.br\/novabetania87\/","logo":{"@type":"ImageObject","inLanguage":"pt-BR","@id":"https:\/\/novabetaniafm.com.br\/novabetania87\/#\/schema\/logo\/image\/","url":"https:\/\/novabetaniafm.com.br\/novabetania87\/wp-content\/uploads\/2024\/05\/logo.png","contentUrl":"https:\/\/novabetaniafm.com.br\/novabetania87\/wp-content\/uploads\/2024\/05\/logo.png","width":211,"height":144,"caption":"Nova Bet\u00e2nia FM 87,9"},"image":{"@id":"https:\/\/novabetaniafm.com.br\/novabetania87\/#\/schema\/logo\/image\/"}},{"@type":"Person","@id":"https:\/\/novabetaniafm.com.br\/novabetania87\/#\/schema\/person\/73fd05cbd77cd30a7bab1141b8ab8555","name":"Nova Bet\u00e2nia FM","image":{"@type":"ImageObject","inLanguage":"pt-BR","@id":"https:\/\/novabetaniafm.com.br\/novabetania87\/#\/schema\/person\/image\/","url":"https:\/\/secure.gravatar.com\/avatar\/e0359add7ed5dc3560906d861b52c6a8cf5c1e199d3a7dd85070998f49bd4701?s=96&d=mm&r=g","contentUrl":"https:\/\/secure.gravatar.com\/avatar\/e0359add7ed5dc3560906d861b52c6a8cf5c1e199d3a7dd85070998f49bd4701?s=96&d=mm&r=g","caption":"Nova Bet\u00e2nia FM"},"url":"https:\/\/novabetaniafm.com.br\/novabetania87\/author\/novabetaniafm879\/"}]}},"jetpack_featured_media_url":"https:\/\/novabetaniafm.com.br\/novabetania87\/wp-content\/uploads\/2026\/04\/MORTE.jpg","_links":{"self":[{"href":"https:\/\/novabetaniafm.com.br\/novabetania87\/wp-json\/wp\/v2\/posts\/9917","targetHints":{"allow":["GET"]}}],"collection":[{"href":"https:\/\/novabetaniafm.com.br\/novabetania87\/wp-json\/wp\/v2\/posts"}],"about":[{"href":"https:\/\/novabetaniafm.com.br\/novabetania87\/wp-json\/wp\/v2\/types\/post"}],"author":[{"embeddable":true,"href":"https:\/\/novabetaniafm.com.br\/novabetania87\/wp-json\/wp\/v2\/users\/4"}],"replies":[{"embeddable":true,"href":"https:\/\/novabetaniafm.com.br\/novabetania87\/wp-json\/wp\/v2\/comments?post=9917"}],"version-history":[{"count":1,"href":"https:\/\/novabetaniafm.com.br\/novabetania87\/wp-json\/wp\/v2\/posts\/9917\/revisions"}],"predecessor-version":[{"id":9919,"href":"https:\/\/novabetaniafm.com.br\/novabetania87\/wp-json\/wp\/v2\/posts\/9917\/revisions\/9919"}],"wp:featuredmedia":[{"embeddable":true,"href":"https:\/\/novabetaniafm.com.br\/novabetania87\/wp-json\/wp\/v2\/media\/9918"}],"wp:attachment":[{"href":"https:\/\/novabetaniafm.com.br\/novabetania87\/wp-json\/wp\/v2\/media?parent=9917"}],"wp:term":[{"taxonomy":"category","embeddable":true,"href":"https:\/\/novabetaniafm.com.br\/novabetania87\/wp-json\/wp\/v2\/categories?post=9917"},{"taxonomy":"post_tag","embeddable":true,"href":"https:\/\/novabetaniafm.com.br\/novabetania87\/wp-json\/wp\/v2\/tags?post=9917"}],"curies":[{"name":"wp","href":"https:\/\/api.w.org\/{rel}","templated":true}]}}