{"id":9307,"date":"2026-03-11T11:10:30","date_gmt":"2026-03-11T14:10:30","guid":{"rendered":"https:\/\/novabetaniafm.com.br\/novabetania87\/?p=9307"},"modified":"2026-03-11T11:10:30","modified_gmt":"2026-03-11T14:10:30","slug":"no-pajeu-agenda-oficial-de-raquel-lyra-inclui-sete-cidades-com-entregas-e-acoes-sociais","status":"publish","type":"post","link":"https:\/\/novabetaniafm.com.br\/novabetania87\/2026\/03\/11\/no-pajeu-agenda-oficial-de-raquel-lyra-inclui-sete-cidades-com-entregas-e-acoes-sociais\/","title":{"rendered":"No Paje\u00fa: Agenda oficial de Raquel Lyra inclui sete cidades com entregas e a\u00e7\u00f5es sociais"},"content":{"rendered":"<p>Moreil\u00e2ndia,\u00a0 Itapetim,\u00a0 S\u00e3o Jos\u00e9 do Egito,\u00a0 Tabira, Afogados da Ingazeira,\u00a0 Solid\u00e3o e Garanhuns na programa\u00e7\u00e3o oficial.<\/p>\n<p>A Governadora Raquel Lyra estar\u00e1 dias 12 e 13 de mar\u00e7o nas Regi\u00f5es do Sert\u00e3o do Paje\u00fa e Sert\u00e3o do Araripe. A agenda oficial foi confirmada por M\u00e1rio Viana Filho,\u00a0 da comunica\u00e7\u00e3o do Estado.<\/p>\n<p>A agenda come\u00e7a por Moreil\u00e2ndia, \u00e0s 11 horas, com a\u00a0Cerim\u00f4nia de Entrega da PE-540 (Moreil\u00e2ndia- Caririmirim), com 12,44 quil\u00f4metros de extens\u00e3o, obra que integra o conjunto de interven\u00e7\u00f5es destinadas a melhorar a acessibilidade no 6\u00ba Distrito Rodovi\u00e1rio.<\/p>\n<p>Ser\u00e1 na Rua Jos\u00e9 Ernesto Lima, 560, no Centro, Moreil\u00e2ndia.<\/p>\n<p>Ao meio dia, inaugura\u00e7\u00e3o da Cozinha Comunit\u00e1ria Francisca Oliveira de Morais, na Rua Luiz Gonzaga S\/N, Distrito de Caririmirim.<\/p>\n<p>\u00c0s 3 da tarde,\u00a0 chega a Itapetim,\u00a0 onde entrega a PE-263 (Trecho S\u00e3o Vicente- Divisa PE\/PB), com 11,70 quil\u00f4metros de extens\u00e3o, obra que proporcionar\u00e1 um aumento do volume de tr\u00e1fego e melhoria na trafegabilidade da regi\u00e3o.<\/p>\n<p>Ser\u00e1 nas imedia\u00e7\u00f5es da Escola Municipal Argemiro C\u00e2ndido.<\/p>\n\n<div style=\"font-size: 0px; height: 0px; line-height: 0px; margin: 0; padding: 0; clear: both;\"><\/div>","protected":false},"excerpt":{"rendered":"<p>Moreil\u00e2ndia,\u00a0 Itapetim,\u00a0 S\u00e3o Jos\u00e9 do Egito,\u00a0 Tabira, Afogados da Ingazeira,\u00a0 Solid\u00e3o e Garanhuns na programa\u00e7\u00e3o oficial. A Governadora Raquel Lyra estar\u00e1 dias 12 e 13 de mar\u00e7o nas Regi\u00f5es do Sert\u00e3o do Paje\u00fa e Sert\u00e3o&#8230;<\/p>\n","protected":false},"author":4,"featured_media":9308,"comment_status":"open","ping_status":"open","sticky":false,"template":"","format":"standard","meta":{"footnotes":""},"categories":[2],"tags":[],"class_list":["post-9307","post","type-post","status-publish","format-standard","has-post-thumbnail","hentry","category-noticias"],"yoast_head":"<!-- This site is optimized with the Yoast SEO plugin v24.5 - https:\/\/yoast.com\/wordpress\/plugins\/seo\/ -->\n<title>No Paje\u00fa: Agenda oficial de Raquel Lyra inclui sete cidades com entregas e a\u00e7\u00f5es sociais - Nova Bet\u00e2nia FM 87,9<\/title>\n<meta name=\"robots\" content=\"index, follow, max-snippet:-1, max-image-preview:large, max-video-preview:-1\" \/>\n<link rel=\"canonical\" href=\"https:\/\/novabetaniafm.com.br\/novabetania87\/2026\/03\/11\/no-pajeu-agenda-oficial-de-raquel-lyra-inclui-sete-cidades-com-entregas-e-acoes-sociais\/\" \/>\n<meta property=\"og:locale\" content=\"pt_BR\" \/>\n<meta property=\"og:type\" content=\"article\" \/>\n<meta property=\"og:title\" content=\"No Paje\u00fa: Agenda oficial de Raquel Lyra inclui sete cidades com entregas e a\u00e7\u00f5es sociais - Nova Bet\u00e2nia FM 87,9\" \/>\n<meta property=\"og:description\" content=\"Moreil\u00e2ndia,\u00a0 Itapetim,\u00a0 S\u00e3o Jos\u00e9 do Egito,\u00a0 Tabira, Afogados da Ingazeira,\u00a0 Solid\u00e3o e Garanhuns na programa\u00e7\u00e3o oficial. A Governadora Raquel Lyra estar\u00e1 dias 12 e 13 de mar\u00e7o nas Regi\u00f5es do Sert\u00e3o do Paje\u00fa e Sert\u00e3o...\" \/>\n<meta property=\"og:url\" content=\"https:\/\/novabetaniafm.com.br\/novabetania87\/2026\/03\/11\/no-pajeu-agenda-oficial-de-raquel-lyra-inclui-sete-cidades-com-entregas-e-acoes-sociais\/\" \/>\n<meta property=\"og:site_name\" content=\"Nova Bet\u00e2nia FM 87,9\" \/>\n<meta property=\"article:published_time\" content=\"2026-03-11T14:10:30+00:00\" \/>\n<meta property=\"og:image\" content=\"http:\/\/novabetaniafm.com.br\/novabetania87\/wp-content\/uploads\/2026\/03\/raquel.png\" \/>\n\t<meta property=\"og:image:width\" content=\"594\" \/>\n\t<meta property=\"og:image:height\" content=\"343\" \/>\n\t<meta property=\"og:image:type\" content=\"image\/png\" \/>\n<meta name=\"author\" content=\"Nova Bet\u00e2nia FM\" \/>\n<meta name=\"twitter:card\" content=\"summary_large_image\" \/>\n<meta name=\"twitter:label1\" content=\"Escrito por\" \/>\n\t<meta name=\"twitter:data1\" content=\"Nova Bet\u00e2nia FM\" \/>\n\t<meta name=\"twitter:label2\" content=\"Est. tempo de leitura\" \/>\n\t<meta name=\"twitter:data2\" content=\"1 minuto\" \/>\n<script type=\"application\/ld+json\" class=\"yoast-schema-graph\">{\"@context\":\"https:\/\/schema.org\",\"@graph\":[{\"@type\":\"Article\",\"@id\":\"https:\/\/novabetaniafm.com.br\/novabetania87\/2026\/03\/11\/no-pajeu-agenda-oficial-de-raquel-lyra-inclui-sete-cidades-com-entregas-e-acoes-sociais\/#article\",\"isPartOf\":{\"@id\":\"https:\/\/novabetaniafm.com.br\/novabetania87\/2026\/03\/11\/no-pajeu-agenda-oficial-de-raquel-lyra-inclui-sete-cidades-com-entregas-e-acoes-sociais\/\"},\"author\":{\"name\":\"Nova Bet\u00e2nia FM\",\"@id\":\"https:\/\/novabetaniafm.com.br\/novabetania87\/#\/schema\/person\/73fd05cbd77cd30a7bab1141b8ab8555\"},\"headline\":\"No Paje\u00fa: Agenda oficial de Raquel Lyra inclui sete cidades com entregas e a\u00e7\u00f5es sociais\",\"datePublished\":\"2026-03-11T14:10:30+00:00\",\"mainEntityOfPage\":{\"@id\":\"https:\/\/novabetaniafm.com.br\/novabetania87\/2026\/03\/11\/no-pajeu-agenda-oficial-de-raquel-lyra-inclui-sete-cidades-com-entregas-e-acoes-sociais\/\"},\"wordCount\":199,\"commentCount\":0,\"publisher\":{\"@id\":\"https:\/\/novabetaniafm.com.br\/novabetania87\/#organization\"},\"image\":{\"@id\":\"https:\/\/novabetaniafm.com.br\/novabetania87\/2026\/03\/11\/no-pajeu-agenda-oficial-de-raquel-lyra-inclui-sete-cidades-com-entregas-e-acoes-sociais\/#primaryimage\"},\"thumbnailUrl\":\"https:\/\/novabetaniafm.com.br\/novabetania87\/wp-content\/uploads\/2026\/03\/raquel.png\",\"articleSection\":[\"Not\u00edcias\"],\"inLanguage\":\"pt-BR\",\"potentialAction\":[{\"@type\":\"CommentAction\",\"name\":\"Comment\",\"target\":[\"https:\/\/novabetaniafm.com.br\/novabetania87\/2026\/03\/11\/no-pajeu-agenda-oficial-de-raquel-lyra-inclui-sete-cidades-com-entregas-e-acoes-sociais\/#respond\"]}]},{\"@type\":\"WebPage\",\"@id\":\"https:\/\/novabetaniafm.com.br\/novabetania87\/2026\/03\/11\/no-pajeu-agenda-oficial-de-raquel-lyra-inclui-sete-cidades-com-entregas-e-acoes-sociais\/\",\"url\":\"https:\/\/novabetaniafm.com.br\/novabetania87\/2026\/03\/11\/no-pajeu-agenda-oficial-de-raquel-lyra-inclui-sete-cidades-com-entregas-e-acoes-sociais\/\",\"name\":\"No Paje\u00fa: Agenda oficial de Raquel Lyra inclui sete cidades com entregas e a\u00e7\u00f5es sociais - Nova Bet\u00e2nia FM 87,9\",\"isPartOf\":{\"@id\":\"https:\/\/novabetaniafm.com.br\/novabetania87\/#website\"},\"primaryImageOfPage\":{\"@id\":\"https:\/\/novabetaniafm.com.br\/novabetania87\/2026\/03\/11\/no-pajeu-agenda-oficial-de-raquel-lyra-inclui-sete-cidades-com-entregas-e-acoes-sociais\/#primaryimage\"},\"image\":{\"@id\":\"https:\/\/novabetaniafm.com.br\/novabetania87\/2026\/03\/11\/no-pajeu-agenda-oficial-de-raquel-lyra-inclui-sete-cidades-com-entregas-e-acoes-sociais\/#primaryimage\"},\"thumbnailUrl\":\"https:\/\/novabetaniafm.com.br\/novabetania87\/wp-content\/uploads\/2026\/03\/raquel.png\",\"datePublished\":\"2026-03-11T14:10:30+00:00\",\"breadcrumb\":{\"@id\":\"https:\/\/novabetaniafm.com.br\/novabetania87\/2026\/03\/11\/no-pajeu-agenda-oficial-de-raquel-lyra-inclui-sete-cidades-com-entregas-e-acoes-sociais\/#breadcrumb\"},\"inLanguage\":\"pt-BR\",\"potentialAction\":[{\"@type\":\"ReadAction\",\"target\":[\"https:\/\/novabetaniafm.com.br\/novabetania87\/2026\/03\/11\/no-pajeu-agenda-oficial-de-raquel-lyra-inclui-sete-cidades-com-entregas-e-acoes-sociais\/\"]}]},{\"@type\":\"ImageObject\",\"inLanguage\":\"pt-BR\",\"@id\":\"https:\/\/novabetaniafm.com.br\/novabetania87\/2026\/03\/11\/no-pajeu-agenda-oficial-de-raquel-lyra-inclui-sete-cidades-com-entregas-e-acoes-sociais\/#primaryimage\",\"url\":\"https:\/\/novabetaniafm.com.br\/novabetania87\/wp-content\/uploads\/2026\/03\/raquel.png\",\"contentUrl\":\"https:\/\/novabetaniafm.com.br\/novabetania87\/wp-content\/uploads\/2026\/03\/raquel.png\",\"width\":594,\"height\":343},{\"@type\":\"BreadcrumbList\",\"@id\":\"https:\/\/novabetaniafm.com.br\/novabetania87\/2026\/03\/11\/no-pajeu-agenda-oficial-de-raquel-lyra-inclui-sete-cidades-com-entregas-e-acoes-sociais\/#breadcrumb\",\"itemListElement\":[{\"@type\":\"ListItem\",\"position\":1,\"name\":\"In\u00edcio\",\"item\":\"https:\/\/novabetaniafm.com.br\/novabetania87\/\"},{\"@type\":\"ListItem\",\"position\":2,\"name\":\"No Paje\u00fa: Agenda oficial de Raquel Lyra inclui sete cidades com entregas e a\u00e7\u00f5es sociais\"}]},{\"@type\":\"WebSite\",\"@id\":\"https:\/\/novabetaniafm.com.br\/novabetania87\/#website\",\"url\":\"https:\/\/novabetaniafm.com.br\/novabetania87\/\",\"name\":\"Nova Bet\u00e2nia FM 87,9\",\"description\":\"Ligada em voc\u00ea!\",\"publisher\":{\"@id\":\"https:\/\/novabetaniafm.com.br\/novabetania87\/#organization\"},\"potentialAction\":[{\"@type\":\"SearchAction\",\"target\":{\"@type\":\"EntryPoint\",\"urlTemplate\":\"https:\/\/novabetaniafm.com.br\/novabetania87\/?s={search_term_string}\"},\"query-input\":{\"@type\":\"PropertyValueSpecification\",\"valueRequired\":true,\"valueName\":\"search_term_string\"}}],\"inLanguage\":\"pt-BR\"},{\"@type\":\"Organization\",\"@id\":\"https:\/\/novabetaniafm.com.br\/novabetania87\/#organization\",\"name\":\"Nova Bet\u00e2nia FM 87,9\",\"url\":\"https:\/\/novabetaniafm.com.br\/novabetania87\/\",\"logo\":{\"@type\":\"ImageObject\",\"inLanguage\":\"pt-BR\",\"@id\":\"https:\/\/novabetaniafm.com.br\/novabetania87\/#\/schema\/logo\/image\/\",\"url\":\"https:\/\/novabetaniafm.com.br\/novabetania87\/wp-content\/uploads\/2024\/05\/logo.png\",\"contentUrl\":\"https:\/\/novabetaniafm.com.br\/novabetania87\/wp-content\/uploads\/2024\/05\/logo.png\",\"width\":211,\"height\":144,\"caption\":\"Nova Bet\u00e2nia FM 87,9\"},\"image\":{\"@id\":\"https:\/\/novabetaniafm.com.br\/novabetania87\/#\/schema\/logo\/image\/\"}},{\"@type\":\"Person\",\"@id\":\"https:\/\/novabetaniafm.com.br\/novabetania87\/#\/schema\/person\/73fd05cbd77cd30a7bab1141b8ab8555\",\"name\":\"Nova Bet\u00e2nia FM\",\"image\":{\"@type\":\"ImageObject\",\"inLanguage\":\"pt-BR\",\"@id\":\"https:\/\/novabetaniafm.com.br\/novabetania87\/#\/schema\/person\/image\/\",\"url\":\"https:\/\/secure.gravatar.com\/avatar\/e0359add7ed5dc3560906d861b52c6a8cf5c1e199d3a7dd85070998f49bd4701?s=96&d=mm&r=g\",\"contentUrl\":\"https:\/\/secure.gravatar.com\/avatar\/e0359add7ed5dc3560906d861b52c6a8cf5c1e199d3a7dd85070998f49bd4701?s=96&d=mm&r=g\",\"caption\":\"Nova Bet\u00e2nia FM\"},\"url\":\"https:\/\/novabetaniafm.com.br\/novabetania87\/author\/novabetaniafm879\/\"}]}<\/script>\n<!-- \/ Yoast SEO plugin. -->","yoast_head_json":{"title":"No Paje\u00fa: Agenda oficial de Raquel Lyra inclui sete cidades com entregas e a\u00e7\u00f5es sociais - Nova Bet\u00e2nia FM 87,9","robots":{"index":"index","follow":"follow","max-snippet":"max-snippet:-1","max-image-preview":"max-image-preview:large","max-video-preview":"max-video-preview:-1"},"canonical":"https:\/\/novabetaniafm.com.br\/novabetania87\/2026\/03\/11\/no-pajeu-agenda-oficial-de-raquel-lyra-inclui-sete-cidades-com-entregas-e-acoes-sociais\/","og_locale":"pt_BR","og_type":"article","og_title":"No Paje\u00fa: Agenda oficial de Raquel Lyra inclui sete cidades com entregas e a\u00e7\u00f5es sociais - Nova Bet\u00e2nia FM 87,9","og_description":"Moreil\u00e2ndia,\u00a0 Itapetim,\u00a0 S\u00e3o Jos\u00e9 do Egito,\u00a0 Tabira, Afogados da Ingazeira,\u00a0 Solid\u00e3o e Garanhuns na programa\u00e7\u00e3o oficial. A Governadora Raquel Lyra estar\u00e1 dias 12 e 13 de mar\u00e7o nas Regi\u00f5es do Sert\u00e3o do Paje\u00fa e Sert\u00e3o...","og_url":"https:\/\/novabetaniafm.com.br\/novabetania87\/2026\/03\/11\/no-pajeu-agenda-oficial-de-raquel-lyra-inclui-sete-cidades-com-entregas-e-acoes-sociais\/","og_site_name":"Nova Bet\u00e2nia FM 87,9","article_published_time":"2026-03-11T14:10:30+00:00","og_image":[{"width":594,"height":343,"url":"http:\/\/novabetaniafm.com.br\/novabetania87\/wp-content\/uploads\/2026\/03\/raquel.png","type":"image\/png"}],"author":"Nova Bet\u00e2nia FM","twitter_card":"summary_large_image","twitter_misc":{"Escrito por":"Nova Bet\u00e2nia FM","Est. tempo de leitura":"1 minuto"},"schema":{"@context":"https:\/\/schema.org","@graph":[{"@type":"Article","@id":"https:\/\/novabetaniafm.com.br\/novabetania87\/2026\/03\/11\/no-pajeu-agenda-oficial-de-raquel-lyra-inclui-sete-cidades-com-entregas-e-acoes-sociais\/#article","isPartOf":{"@id":"https:\/\/novabetaniafm.com.br\/novabetania87\/2026\/03\/11\/no-pajeu-agenda-oficial-de-raquel-lyra-inclui-sete-cidades-com-entregas-e-acoes-sociais\/"},"author":{"name":"Nova Bet\u00e2nia FM","@id":"https:\/\/novabetaniafm.com.br\/novabetania87\/#\/schema\/person\/73fd05cbd77cd30a7bab1141b8ab8555"},"headline":"No Paje\u00fa: Agenda oficial de Raquel Lyra inclui sete cidades com entregas e a\u00e7\u00f5es sociais","datePublished":"2026-03-11T14:10:30+00:00","mainEntityOfPage":{"@id":"https:\/\/novabetaniafm.com.br\/novabetania87\/2026\/03\/11\/no-pajeu-agenda-oficial-de-raquel-lyra-inclui-sete-cidades-com-entregas-e-acoes-sociais\/"},"wordCount":199,"commentCount":0,"publisher":{"@id":"https:\/\/novabetaniafm.com.br\/novabetania87\/#organization"},"image":{"@id":"https:\/\/novabetaniafm.com.br\/novabetania87\/2026\/03\/11\/no-pajeu-agenda-oficial-de-raquel-lyra-inclui-sete-cidades-com-entregas-e-acoes-sociais\/#primaryimage"},"thumbnailUrl":"https:\/\/novabetaniafm.com.br\/novabetania87\/wp-content\/uploads\/2026\/03\/raquel.png","articleSection":["Not\u00edcias"],"inLanguage":"pt-BR","potentialAction":[{"@type":"CommentAction","name":"Comment","target":["https:\/\/novabetaniafm.com.br\/novabetania87\/2026\/03\/11\/no-pajeu-agenda-oficial-de-raquel-lyra-inclui-sete-cidades-com-entregas-e-acoes-sociais\/#respond"]}]},{"@type":"WebPage","@id":"https:\/\/novabetaniafm.com.br\/novabetania87\/2026\/03\/11\/no-pajeu-agenda-oficial-de-raquel-lyra-inclui-sete-cidades-com-entregas-e-acoes-sociais\/","url":"https:\/\/novabetaniafm.com.br\/novabetania87\/2026\/03\/11\/no-pajeu-agenda-oficial-de-raquel-lyra-inclui-sete-cidades-com-entregas-e-acoes-sociais\/","name":"No Paje\u00fa: Agenda oficial de Raquel Lyra inclui sete cidades com entregas e a\u00e7\u00f5es sociais - Nova Bet\u00e2nia FM 87,9","isPartOf":{"@id":"https:\/\/novabetaniafm.com.br\/novabetania87\/#website"},"primaryImageOfPage":{"@id":"https:\/\/novabetaniafm.com.br\/novabetania87\/2026\/03\/11\/no-pajeu-agenda-oficial-de-raquel-lyra-inclui-sete-cidades-com-entregas-e-acoes-sociais\/#primaryimage"},"image":{"@id":"https:\/\/novabetaniafm.com.br\/novabetania87\/2026\/03\/11\/no-pajeu-agenda-oficial-de-raquel-lyra-inclui-sete-cidades-com-entregas-e-acoes-sociais\/#primaryimage"},"thumbnailUrl":"https:\/\/novabetaniafm.com.br\/novabetania87\/wp-content\/uploads\/2026\/03\/raquel.png","datePublished":"2026-03-11T14:10:30+00:00","breadcrumb":{"@id":"https:\/\/novabetaniafm.com.br\/novabetania87\/2026\/03\/11\/no-pajeu-agenda-oficial-de-raquel-lyra-inclui-sete-cidades-com-entregas-e-acoes-sociais\/#breadcrumb"},"inLanguage":"pt-BR","potentialAction":[{"@type":"ReadAction","target":["https:\/\/novabetaniafm.com.br\/novabetania87\/2026\/03\/11\/no-pajeu-agenda-oficial-de-raquel-lyra-inclui-sete-cidades-com-entregas-e-acoes-sociais\/"]}]},{"@type":"ImageObject","inLanguage":"pt-BR","@id":"https:\/\/novabetaniafm.com.br\/novabetania87\/2026\/03\/11\/no-pajeu-agenda-oficial-de-raquel-lyra-inclui-sete-cidades-com-entregas-e-acoes-sociais\/#primaryimage","url":"https:\/\/novabetaniafm.com.br\/novabetania87\/wp-content\/uploads\/2026\/03\/raquel.png","contentUrl":"https:\/\/novabetaniafm.com.br\/novabetania87\/wp-content\/uploads\/2026\/03\/raquel.png","width":594,"height":343},{"@type":"BreadcrumbList","@id":"https:\/\/novabetaniafm.com.br\/novabetania87\/2026\/03\/11\/no-pajeu-agenda-oficial-de-raquel-lyra-inclui-sete-cidades-com-entregas-e-acoes-sociais\/#breadcrumb","itemListElement":[{"@type":"ListItem","position":1,"name":"In\u00edcio","item":"https:\/\/novabetaniafm.com.br\/novabetania87\/"},{"@type":"ListItem","position":2,"name":"No Paje\u00fa: Agenda oficial de Raquel Lyra inclui sete cidades com entregas e a\u00e7\u00f5es sociais"}]},{"@type":"WebSite","@id":"https:\/\/novabetaniafm.com.br\/novabetania87\/#website","url":"https:\/\/novabetaniafm.com.br\/novabetania87\/","name":"Nova Bet\u00e2nia FM 87,9","description":"Ligada em voc\u00ea!","publisher":{"@id":"https:\/\/novabetaniafm.com.br\/novabetania87\/#organization"},"potentialAction":[{"@type":"SearchAction","target":{"@type":"EntryPoint","urlTemplate":"https:\/\/novabetaniafm.com.br\/novabetania87\/?s={search_term_string}"},"query-input":{"@type":"PropertyValueSpecification","valueRequired":true,"valueName":"search_term_string"}}],"inLanguage":"pt-BR"},{"@type":"Organization","@id":"https:\/\/novabetaniafm.com.br\/novabetania87\/#organization","name":"Nova Bet\u00e2nia FM 87,9","url":"https:\/\/novabetaniafm.com.br\/novabetania87\/","logo":{"@type":"ImageObject","inLanguage":"pt-BR","@id":"https:\/\/novabetaniafm.com.br\/novabetania87\/#\/schema\/logo\/image\/","url":"https:\/\/novabetaniafm.com.br\/novabetania87\/wp-content\/uploads\/2024\/05\/logo.png","contentUrl":"https:\/\/novabetaniafm.com.br\/novabetania87\/wp-content\/uploads\/2024\/05\/logo.png","width":211,"height":144,"caption":"Nova Bet\u00e2nia FM 87,9"},"image":{"@id":"https:\/\/novabetaniafm.com.br\/novabetania87\/#\/schema\/logo\/image\/"}},{"@type":"Person","@id":"https:\/\/novabetaniafm.com.br\/novabetania87\/#\/schema\/person\/73fd05cbd77cd30a7bab1141b8ab8555","name":"Nova Bet\u00e2nia FM","image":{"@type":"ImageObject","inLanguage":"pt-BR","@id":"https:\/\/novabetaniafm.com.br\/novabetania87\/#\/schema\/person\/image\/","url":"https:\/\/secure.gravatar.com\/avatar\/e0359add7ed5dc3560906d861b52c6a8cf5c1e199d3a7dd85070998f49bd4701?s=96&d=mm&r=g","contentUrl":"https:\/\/secure.gravatar.com\/avatar\/e0359add7ed5dc3560906d861b52c6a8cf5c1e199d3a7dd85070998f49bd4701?s=96&d=mm&r=g","caption":"Nova Bet\u00e2nia FM"},"url":"https:\/\/novabetaniafm.com.br\/novabetania87\/author\/novabetaniafm879\/"}]}},"jetpack_featured_media_url":"https:\/\/novabetaniafm.com.br\/novabetania87\/wp-content\/uploads\/2026\/03\/raquel.png","_links":{"self":[{"href":"https:\/\/novabetaniafm.com.br\/novabetania87\/wp-json\/wp\/v2\/posts\/9307","targetHints":{"allow":["GET"]}}],"collection":[{"href":"https:\/\/novabetaniafm.com.br\/novabetania87\/wp-json\/wp\/v2\/posts"}],"about":[{"href":"https:\/\/novabetaniafm.com.br\/novabetania87\/wp-json\/wp\/v2\/types\/post"}],"author":[{"embeddable":true,"href":"https:\/\/novabetaniafm.com.br\/novabetania87\/wp-json\/wp\/v2\/users\/4"}],"replies":[{"embeddable":true,"href":"https:\/\/novabetaniafm.com.br\/novabetania87\/wp-json\/wp\/v2\/comments?post=9307"}],"version-history":[{"count":1,"href":"https:\/\/novabetaniafm.com.br\/novabetania87\/wp-json\/wp\/v2\/posts\/9307\/revisions"}],"predecessor-version":[{"id":9309,"href":"https:\/\/novabetaniafm.com.br\/novabetania87\/wp-json\/wp\/v2\/posts\/9307\/revisions\/9309"}],"wp:featuredmedia":[{"embeddable":true,"href":"https:\/\/novabetaniafm.com.br\/novabetania87\/wp-json\/wp\/v2\/media\/9308"}],"wp:attachment":[{"href":"https:\/\/novabetaniafm.com.br\/novabetania87\/wp-json\/wp\/v2\/media?parent=9307"}],"wp:term":[{"taxonomy":"category","embeddable":true,"href":"https:\/\/novabetaniafm.com.br\/novabetania87\/wp-json\/wp\/v2\/categories?post=9307"},{"taxonomy":"post_tag","embeddable":true,"href":"https:\/\/novabetaniafm.com.br\/novabetania87\/wp-json\/wp\/v2\/tags?post=9307"}],"curies":[{"name":"wp","href":"https:\/\/api.w.org\/{rel}","templated":true}]}}