{"id":9291,"date":"2026-03-10T14:47:44","date_gmt":"2026-03-10T17:47:44","guid":{"rendered":"https:\/\/novabetaniafm.com.br\/novabetania87\/?p=9291"},"modified":"2026-03-10T14:47:44","modified_gmt":"2026-03-10T17:47:44","slug":"raquel-lyra-destaca-parceria-com-o-pp-de-eduardo-da-fonte-e-defende-base-unida-em-pernambuco","status":"publish","type":"post","link":"https:\/\/novabetaniafm.com.br\/novabetania87\/2026\/03\/10\/raquel-lyra-destaca-parceria-com-o-pp-de-eduardo-da-fonte-e-defende-base-unida-em-pernambuco\/","title":{"rendered":"Raquel Lyra destaca parceria com o PP de Eduardo da Fonte e defende base unida em Pernambuco"},"content":{"rendered":"<p data-start=\"116\" data-end=\"521\">A governadora de Pernambuco,\u00a0<span class=\"hover:entity-accent entity-underline inline cursor-pointer align-baseline\"><span class=\"whitespace-normal\">Raquel Lyra<\/span><\/span>, fez um gesto p\u00fablico de aproxima\u00e7\u00e3o com o\u00a0<span class=\"hover:entity-accent entity-underline inline cursor-pointer align-baseline\"><span class=\"whitespace-normal\">Partido Progressistas<\/span><\/span>\u00a0(PP), liderado no estado pelo deputado federal\u00a0<span class=\"hover:entity-accent entity-underline inline cursor-pointer align-baseline\"><span class=\"whitespace-normal\">Eduardo da Fonte<\/span><\/span>. A declara\u00e7\u00e3o foi dada nesta segunda-feira (09\/03) durante agenda no bairro do Bode, no\u00a0<span class=\"hover:entity-accent entity-underline inline cursor-pointer align-baseline\"><span class=\"whitespace-normal\">Pina<\/span><\/span>, na Zona Sul do\u00a0<span class=\"hover:entity-accent entity-underline inline cursor-pointer align-baseline\"><span class=\"whitespace-normal\">Recife<\/span><\/span>.<\/p>\n<p data-start=\"523\" data-end=\"690\">Ao comentar a rela\u00e7\u00e3o pol\u00edtica com o partido, a governadora ressaltou a import\u00e2ncia do apoio do PP para a condu\u00e7\u00e3o do governo e para a constru\u00e7\u00e3o de a\u00e7\u00f5es em parceria.<\/p>\n<p data-start=\"692\" data-end=\"920\">\u201cO PP tem nos ajudado e os seus deputados, prefeitos, na condu\u00e7\u00e3o do nosso mandato. Temos feito parcerias muito s\u00f3lidas, n\u00e3o s\u00f3 no apoio na Assembleia Legislativa, mas sobretudo no desenvolvimento de a\u00e7\u00f5es em conjunto\u201d, afirmou.<\/p>\n<p data-start=\"922\" data-end=\"1097\">Na mesma fala, Raquel tamb\u00e9m destacou que a uni\u00e3o entre as for\u00e7as pol\u00edticas da base \u00e9 fundamental para garantir governabilidade e a continuidade das a\u00e7\u00f5es do governo estadual.<\/p>\n<p data-start=\"1099\" data-end=\"1316\">\u201cA gente n\u00e3o consegue entregar resultado sem ter uni\u00e3o. Ent\u00e3o, vamos continuar trabalhando no sentido de garantir que a base esteja unida e a gente possa continuar um servi\u00e7o com governabilidade\u201d, disse a governadora.<\/p>\n<p data-start=\"1318\" data-end=\"1690\">A declara\u00e7\u00e3o acontece em meio \u00e0s movimenta\u00e7\u00f5es pol\u00edticas que j\u00e1 come\u00e7am a desenhar o cen\u00e1rio eleitoral de 2026 em Pernambuco. Com uma bancada relevante e presen\u00e7a em diversas prefeituras, o PP passou a ocupar posi\u00e7\u00e3o estrat\u00e9gica nas articula\u00e7\u00f5es pol\u00edticas do estado, sendo considerado um aliado importante para projetos eleitorais que estar\u00e3o em disputa nos pr\u00f3ximos anos.<\/p>\n<p data-start=\"1318\" data-end=\"1690\">Nos bastidores, a rela\u00e7\u00e3o entre o governo estadual e o grupo pol\u00edtico liderado por Eduardo da Fonte \u00e9 vista como pe\u00e7a-chave na forma\u00e7\u00e3o de alian\u00e7as e na consolida\u00e7\u00e3o da base pol\u00edtica da governadora nos pr\u00f3ximos embates eleitorais.<\/p>\n\n<div style=\"font-size: 0px; height: 0px; line-height: 0px; margin: 0; padding: 0; clear: both;\"><\/div>","protected":false},"excerpt":{"rendered":"<p>A governadora de Pernambuco,\u00a0Raquel Lyra, fez um gesto p\u00fablico de aproxima\u00e7\u00e3o com o\u00a0Partido Progressistas\u00a0(PP), liderado no estado pelo deputado federal\u00a0Eduardo da Fonte. A declara\u00e7\u00e3o foi dada nesta segunda-feira (09\/03) durante agenda no bairro do Bode,&#8230;<\/p>\n","protected":false},"author":4,"featured_media":9292,"comment_status":"open","ping_status":"open","sticky":false,"template":"","format":"standard","meta":{"footnotes":""},"categories":[2],"tags":[],"class_list":["post-9291","post","type-post","status-publish","format-standard","has-post-thumbnail","hentry","category-noticias"],"yoast_head":"<!-- This site is optimized with the Yoast SEO plugin v24.5 - https:\/\/yoast.com\/wordpress\/plugins\/seo\/ -->\n<title>Raquel Lyra destaca parceria com o PP de Eduardo da Fonte e defende base unida em Pernambuco - Nova Bet\u00e2nia FM 87,9<\/title>\n<meta name=\"robots\" content=\"index, follow, max-snippet:-1, max-image-preview:large, max-video-preview:-1\" \/>\n<link rel=\"canonical\" href=\"https:\/\/novabetaniafm.com.br\/novabetania87\/2026\/03\/10\/raquel-lyra-destaca-parceria-com-o-pp-de-eduardo-da-fonte-e-defende-base-unida-em-pernambuco\/\" \/>\n<meta property=\"og:locale\" content=\"pt_BR\" \/>\n<meta property=\"og:type\" content=\"article\" \/>\n<meta property=\"og:title\" content=\"Raquel Lyra destaca parceria com o PP de Eduardo da Fonte e defende base unida em Pernambuco - Nova Bet\u00e2nia FM 87,9\" \/>\n<meta property=\"og:description\" content=\"A governadora de Pernambuco,\u00a0Raquel Lyra, fez um gesto p\u00fablico de aproxima\u00e7\u00e3o com o\u00a0Partido Progressistas\u00a0(PP), liderado no estado pelo deputado federal\u00a0Eduardo da Fonte. A declara\u00e7\u00e3o foi dada nesta segunda-feira (09\/03) durante agenda no bairro do Bode,...\" \/>\n<meta property=\"og:url\" content=\"https:\/\/novabetaniafm.com.br\/novabetania87\/2026\/03\/10\/raquel-lyra-destaca-parceria-com-o-pp-de-eduardo-da-fonte-e-defende-base-unida-em-pernambuco\/\" \/>\n<meta property=\"og:site_name\" content=\"Nova Bet\u00e2nia FM 87,9\" \/>\n<meta property=\"article:published_time\" content=\"2026-03-10T17:47:44+00:00\" \/>\n<meta property=\"og:image\" content=\"http:\/\/novabetaniafm.com.br\/novabetania87\/wp-content\/uploads\/2026\/03\/raquel-e-eduardo-da-fonte.jpg\" \/>\n\t<meta property=\"og:image:width\" content=\"1920\" \/>\n\t<meta property=\"og:image:height\" content=\"1080\" \/>\n\t<meta property=\"og:image:type\" content=\"image\/jpeg\" \/>\n<meta name=\"author\" content=\"Nova Bet\u00e2nia FM\" \/>\n<meta name=\"twitter:card\" content=\"summary_large_image\" \/>\n<meta name=\"twitter:label1\" content=\"Escrito por\" \/>\n\t<meta name=\"twitter:data1\" content=\"Nova Bet\u00e2nia FM\" \/>\n\t<meta name=\"twitter:label2\" content=\"Est. tempo de leitura\" \/>\n\t<meta name=\"twitter:data2\" content=\"2 minutos\" \/>\n<script type=\"application\/ld+json\" class=\"yoast-schema-graph\">{\"@context\":\"https:\/\/schema.org\",\"@graph\":[{\"@type\":\"Article\",\"@id\":\"https:\/\/novabetaniafm.com.br\/novabetania87\/2026\/03\/10\/raquel-lyra-destaca-parceria-com-o-pp-de-eduardo-da-fonte-e-defende-base-unida-em-pernambuco\/#article\",\"isPartOf\":{\"@id\":\"https:\/\/novabetaniafm.com.br\/novabetania87\/2026\/03\/10\/raquel-lyra-destaca-parceria-com-o-pp-de-eduardo-da-fonte-e-defende-base-unida-em-pernambuco\/\"},\"author\":{\"name\":\"Nova Bet\u00e2nia FM\",\"@id\":\"https:\/\/novabetaniafm.com.br\/novabetania87\/#\/schema\/person\/73fd05cbd77cd30a7bab1141b8ab8555\"},\"headline\":\"Raquel Lyra destaca parceria com o PP de Eduardo da Fonte e defende base unida em Pernambuco\",\"datePublished\":\"2026-03-10T17:47:44+00:00\",\"mainEntityOfPage\":{\"@id\":\"https:\/\/novabetaniafm.com.br\/novabetania87\/2026\/03\/10\/raquel-lyra-destaca-parceria-com-o-pp-de-eduardo-da-fonte-e-defende-base-unida-em-pernambuco\/\"},\"wordCount\":322,\"commentCount\":0,\"publisher\":{\"@id\":\"https:\/\/novabetaniafm.com.br\/novabetania87\/#organization\"},\"image\":{\"@id\":\"https:\/\/novabetaniafm.com.br\/novabetania87\/2026\/03\/10\/raquel-lyra-destaca-parceria-com-o-pp-de-eduardo-da-fonte-e-defende-base-unida-em-pernambuco\/#primaryimage\"},\"thumbnailUrl\":\"https:\/\/novabetaniafm.com.br\/novabetania87\/wp-content\/uploads\/2026\/03\/raquel-e-eduardo-da-fonte.jpg\",\"articleSection\":[\"Not\u00edcias\"],\"inLanguage\":\"pt-BR\",\"potentialAction\":[{\"@type\":\"CommentAction\",\"name\":\"Comment\",\"target\":[\"https:\/\/novabetaniafm.com.br\/novabetania87\/2026\/03\/10\/raquel-lyra-destaca-parceria-com-o-pp-de-eduardo-da-fonte-e-defende-base-unida-em-pernambuco\/#respond\"]}]},{\"@type\":\"WebPage\",\"@id\":\"https:\/\/novabetaniafm.com.br\/novabetania87\/2026\/03\/10\/raquel-lyra-destaca-parceria-com-o-pp-de-eduardo-da-fonte-e-defende-base-unida-em-pernambuco\/\",\"url\":\"https:\/\/novabetaniafm.com.br\/novabetania87\/2026\/03\/10\/raquel-lyra-destaca-parceria-com-o-pp-de-eduardo-da-fonte-e-defende-base-unida-em-pernambuco\/\",\"name\":\"Raquel Lyra destaca parceria com o PP de Eduardo da Fonte e defende base unida em Pernambuco - Nova Bet\u00e2nia FM 87,9\",\"isPartOf\":{\"@id\":\"https:\/\/novabetaniafm.com.br\/novabetania87\/#website\"},\"primaryImageOfPage\":{\"@id\":\"https:\/\/novabetaniafm.com.br\/novabetania87\/2026\/03\/10\/raquel-lyra-destaca-parceria-com-o-pp-de-eduardo-da-fonte-e-defende-base-unida-em-pernambuco\/#primaryimage\"},\"image\":{\"@id\":\"https:\/\/novabetaniafm.com.br\/novabetania87\/2026\/03\/10\/raquel-lyra-destaca-parceria-com-o-pp-de-eduardo-da-fonte-e-defende-base-unida-em-pernambuco\/#primaryimage\"},\"thumbnailUrl\":\"https:\/\/novabetaniafm.com.br\/novabetania87\/wp-content\/uploads\/2026\/03\/raquel-e-eduardo-da-fonte.jpg\",\"datePublished\":\"2026-03-10T17:47:44+00:00\",\"breadcrumb\":{\"@id\":\"https:\/\/novabetaniafm.com.br\/novabetania87\/2026\/03\/10\/raquel-lyra-destaca-parceria-com-o-pp-de-eduardo-da-fonte-e-defende-base-unida-em-pernambuco\/#breadcrumb\"},\"inLanguage\":\"pt-BR\",\"potentialAction\":[{\"@type\":\"ReadAction\",\"target\":[\"https:\/\/novabetaniafm.com.br\/novabetania87\/2026\/03\/10\/raquel-lyra-destaca-parceria-com-o-pp-de-eduardo-da-fonte-e-defende-base-unida-em-pernambuco\/\"]}]},{\"@type\":\"ImageObject\",\"inLanguage\":\"pt-BR\",\"@id\":\"https:\/\/novabetaniafm.com.br\/novabetania87\/2026\/03\/10\/raquel-lyra-destaca-parceria-com-o-pp-de-eduardo-da-fonte-e-defende-base-unida-em-pernambuco\/#primaryimage\",\"url\":\"https:\/\/novabetaniafm.com.br\/novabetania87\/wp-content\/uploads\/2026\/03\/raquel-e-eduardo-da-fonte.jpg\",\"contentUrl\":\"https:\/\/novabetaniafm.com.br\/novabetania87\/wp-content\/uploads\/2026\/03\/raquel-e-eduardo-da-fonte.jpg\",\"width\":1920,\"height\":1080},{\"@type\":\"BreadcrumbList\",\"@id\":\"https:\/\/novabetaniafm.com.br\/novabetania87\/2026\/03\/10\/raquel-lyra-destaca-parceria-com-o-pp-de-eduardo-da-fonte-e-defende-base-unida-em-pernambuco\/#breadcrumb\",\"itemListElement\":[{\"@type\":\"ListItem\",\"position\":1,\"name\":\"In\u00edcio\",\"item\":\"https:\/\/novabetaniafm.com.br\/novabetania87\/\"},{\"@type\":\"ListItem\",\"position\":2,\"name\":\"Raquel Lyra destaca parceria com o PP de Eduardo da Fonte e defende base unida em Pernambuco\"}]},{\"@type\":\"WebSite\",\"@id\":\"https:\/\/novabetaniafm.com.br\/novabetania87\/#website\",\"url\":\"https:\/\/novabetaniafm.com.br\/novabetania87\/\",\"name\":\"Nova Bet\u00e2nia FM 87,9\",\"description\":\"Ligada em voc\u00ea!\",\"publisher\":{\"@id\":\"https:\/\/novabetaniafm.com.br\/novabetania87\/#organization\"},\"potentialAction\":[{\"@type\":\"SearchAction\",\"target\":{\"@type\":\"EntryPoint\",\"urlTemplate\":\"https:\/\/novabetaniafm.com.br\/novabetania87\/?s={search_term_string}\"},\"query-input\":{\"@type\":\"PropertyValueSpecification\",\"valueRequired\":true,\"valueName\":\"search_term_string\"}}],\"inLanguage\":\"pt-BR\"},{\"@type\":\"Organization\",\"@id\":\"https:\/\/novabetaniafm.com.br\/novabetania87\/#organization\",\"name\":\"Nova Bet\u00e2nia FM 87,9\",\"url\":\"https:\/\/novabetaniafm.com.br\/novabetania87\/\",\"logo\":{\"@type\":\"ImageObject\",\"inLanguage\":\"pt-BR\",\"@id\":\"https:\/\/novabetaniafm.com.br\/novabetania87\/#\/schema\/logo\/image\/\",\"url\":\"https:\/\/novabetaniafm.com.br\/novabetania87\/wp-content\/uploads\/2024\/05\/logo.png\",\"contentUrl\":\"https:\/\/novabetaniafm.com.br\/novabetania87\/wp-content\/uploads\/2024\/05\/logo.png\",\"width\":211,\"height\":144,\"caption\":\"Nova Bet\u00e2nia FM 87,9\"},\"image\":{\"@id\":\"https:\/\/novabetaniafm.com.br\/novabetania87\/#\/schema\/logo\/image\/\"}},{\"@type\":\"Person\",\"@id\":\"https:\/\/novabetaniafm.com.br\/novabetania87\/#\/schema\/person\/73fd05cbd77cd30a7bab1141b8ab8555\",\"name\":\"Nova Bet\u00e2nia FM\",\"image\":{\"@type\":\"ImageObject\",\"inLanguage\":\"pt-BR\",\"@id\":\"https:\/\/novabetaniafm.com.br\/novabetania87\/#\/schema\/person\/image\/\",\"url\":\"https:\/\/secure.gravatar.com\/avatar\/e0359add7ed5dc3560906d861b52c6a8cf5c1e199d3a7dd85070998f49bd4701?s=96&d=mm&r=g\",\"contentUrl\":\"https:\/\/secure.gravatar.com\/avatar\/e0359add7ed5dc3560906d861b52c6a8cf5c1e199d3a7dd85070998f49bd4701?s=96&d=mm&r=g\",\"caption\":\"Nova Bet\u00e2nia FM\"},\"url\":\"https:\/\/novabetaniafm.com.br\/novabetania87\/author\/novabetaniafm879\/\"}]}<\/script>\n<!-- \/ Yoast SEO plugin. -->","yoast_head_json":{"title":"Raquel Lyra destaca parceria com o PP de Eduardo da Fonte e defende base unida em Pernambuco - Nova Bet\u00e2nia FM 87,9","robots":{"index":"index","follow":"follow","max-snippet":"max-snippet:-1","max-image-preview":"max-image-preview:large","max-video-preview":"max-video-preview:-1"},"canonical":"https:\/\/novabetaniafm.com.br\/novabetania87\/2026\/03\/10\/raquel-lyra-destaca-parceria-com-o-pp-de-eduardo-da-fonte-e-defende-base-unida-em-pernambuco\/","og_locale":"pt_BR","og_type":"article","og_title":"Raquel Lyra destaca parceria com o PP de Eduardo da Fonte e defende base unida em Pernambuco - Nova Bet\u00e2nia FM 87,9","og_description":"A governadora de Pernambuco,\u00a0Raquel Lyra, fez um gesto p\u00fablico de aproxima\u00e7\u00e3o com o\u00a0Partido Progressistas\u00a0(PP), liderado no estado pelo deputado federal\u00a0Eduardo da Fonte. A declara\u00e7\u00e3o foi dada nesta segunda-feira (09\/03) durante agenda no bairro do Bode,...","og_url":"https:\/\/novabetaniafm.com.br\/novabetania87\/2026\/03\/10\/raquel-lyra-destaca-parceria-com-o-pp-de-eduardo-da-fonte-e-defende-base-unida-em-pernambuco\/","og_site_name":"Nova Bet\u00e2nia FM 87,9","article_published_time":"2026-03-10T17:47:44+00:00","og_image":[{"width":1920,"height":1080,"url":"http:\/\/novabetaniafm.com.br\/novabetania87\/wp-content\/uploads\/2026\/03\/raquel-e-eduardo-da-fonte.jpg","type":"image\/jpeg"}],"author":"Nova Bet\u00e2nia FM","twitter_card":"summary_large_image","twitter_misc":{"Escrito por":"Nova Bet\u00e2nia FM","Est. tempo de leitura":"2 minutos"},"schema":{"@context":"https:\/\/schema.org","@graph":[{"@type":"Article","@id":"https:\/\/novabetaniafm.com.br\/novabetania87\/2026\/03\/10\/raquel-lyra-destaca-parceria-com-o-pp-de-eduardo-da-fonte-e-defende-base-unida-em-pernambuco\/#article","isPartOf":{"@id":"https:\/\/novabetaniafm.com.br\/novabetania87\/2026\/03\/10\/raquel-lyra-destaca-parceria-com-o-pp-de-eduardo-da-fonte-e-defende-base-unida-em-pernambuco\/"},"author":{"name":"Nova Bet\u00e2nia FM","@id":"https:\/\/novabetaniafm.com.br\/novabetania87\/#\/schema\/person\/73fd05cbd77cd30a7bab1141b8ab8555"},"headline":"Raquel Lyra destaca parceria com o PP de Eduardo da Fonte e defende base unida em Pernambuco","datePublished":"2026-03-10T17:47:44+00:00","mainEntityOfPage":{"@id":"https:\/\/novabetaniafm.com.br\/novabetania87\/2026\/03\/10\/raquel-lyra-destaca-parceria-com-o-pp-de-eduardo-da-fonte-e-defende-base-unida-em-pernambuco\/"},"wordCount":322,"commentCount":0,"publisher":{"@id":"https:\/\/novabetaniafm.com.br\/novabetania87\/#organization"},"image":{"@id":"https:\/\/novabetaniafm.com.br\/novabetania87\/2026\/03\/10\/raquel-lyra-destaca-parceria-com-o-pp-de-eduardo-da-fonte-e-defende-base-unida-em-pernambuco\/#primaryimage"},"thumbnailUrl":"https:\/\/novabetaniafm.com.br\/novabetania87\/wp-content\/uploads\/2026\/03\/raquel-e-eduardo-da-fonte.jpg","articleSection":["Not\u00edcias"],"inLanguage":"pt-BR","potentialAction":[{"@type":"CommentAction","name":"Comment","target":["https:\/\/novabetaniafm.com.br\/novabetania87\/2026\/03\/10\/raquel-lyra-destaca-parceria-com-o-pp-de-eduardo-da-fonte-e-defende-base-unida-em-pernambuco\/#respond"]}]},{"@type":"WebPage","@id":"https:\/\/novabetaniafm.com.br\/novabetania87\/2026\/03\/10\/raquel-lyra-destaca-parceria-com-o-pp-de-eduardo-da-fonte-e-defende-base-unida-em-pernambuco\/","url":"https:\/\/novabetaniafm.com.br\/novabetania87\/2026\/03\/10\/raquel-lyra-destaca-parceria-com-o-pp-de-eduardo-da-fonte-e-defende-base-unida-em-pernambuco\/","name":"Raquel Lyra destaca parceria com o PP de Eduardo da Fonte e defende base unida em Pernambuco - Nova Bet\u00e2nia FM 87,9","isPartOf":{"@id":"https:\/\/novabetaniafm.com.br\/novabetania87\/#website"},"primaryImageOfPage":{"@id":"https:\/\/novabetaniafm.com.br\/novabetania87\/2026\/03\/10\/raquel-lyra-destaca-parceria-com-o-pp-de-eduardo-da-fonte-e-defende-base-unida-em-pernambuco\/#primaryimage"},"image":{"@id":"https:\/\/novabetaniafm.com.br\/novabetania87\/2026\/03\/10\/raquel-lyra-destaca-parceria-com-o-pp-de-eduardo-da-fonte-e-defende-base-unida-em-pernambuco\/#primaryimage"},"thumbnailUrl":"https:\/\/novabetaniafm.com.br\/novabetania87\/wp-content\/uploads\/2026\/03\/raquel-e-eduardo-da-fonte.jpg","datePublished":"2026-03-10T17:47:44+00:00","breadcrumb":{"@id":"https:\/\/novabetaniafm.com.br\/novabetania87\/2026\/03\/10\/raquel-lyra-destaca-parceria-com-o-pp-de-eduardo-da-fonte-e-defende-base-unida-em-pernambuco\/#breadcrumb"},"inLanguage":"pt-BR","potentialAction":[{"@type":"ReadAction","target":["https:\/\/novabetaniafm.com.br\/novabetania87\/2026\/03\/10\/raquel-lyra-destaca-parceria-com-o-pp-de-eduardo-da-fonte-e-defende-base-unida-em-pernambuco\/"]}]},{"@type":"ImageObject","inLanguage":"pt-BR","@id":"https:\/\/novabetaniafm.com.br\/novabetania87\/2026\/03\/10\/raquel-lyra-destaca-parceria-com-o-pp-de-eduardo-da-fonte-e-defende-base-unida-em-pernambuco\/#primaryimage","url":"https:\/\/novabetaniafm.com.br\/novabetania87\/wp-content\/uploads\/2026\/03\/raquel-e-eduardo-da-fonte.jpg","contentUrl":"https:\/\/novabetaniafm.com.br\/novabetania87\/wp-content\/uploads\/2026\/03\/raquel-e-eduardo-da-fonte.jpg","width":1920,"height":1080},{"@type":"BreadcrumbList","@id":"https:\/\/novabetaniafm.com.br\/novabetania87\/2026\/03\/10\/raquel-lyra-destaca-parceria-com-o-pp-de-eduardo-da-fonte-e-defende-base-unida-em-pernambuco\/#breadcrumb","itemListElement":[{"@type":"ListItem","position":1,"name":"In\u00edcio","item":"https:\/\/novabetaniafm.com.br\/novabetania87\/"},{"@type":"ListItem","position":2,"name":"Raquel Lyra destaca parceria com o PP de Eduardo da Fonte e defende base unida em Pernambuco"}]},{"@type":"WebSite","@id":"https:\/\/novabetaniafm.com.br\/novabetania87\/#website","url":"https:\/\/novabetaniafm.com.br\/novabetania87\/","name":"Nova Bet\u00e2nia FM 87,9","description":"Ligada em voc\u00ea!","publisher":{"@id":"https:\/\/novabetaniafm.com.br\/novabetania87\/#organization"},"potentialAction":[{"@type":"SearchAction","target":{"@type":"EntryPoint","urlTemplate":"https:\/\/novabetaniafm.com.br\/novabetania87\/?s={search_term_string}"},"query-input":{"@type":"PropertyValueSpecification","valueRequired":true,"valueName":"search_term_string"}}],"inLanguage":"pt-BR"},{"@type":"Organization","@id":"https:\/\/novabetaniafm.com.br\/novabetania87\/#organization","name":"Nova Bet\u00e2nia FM 87,9","url":"https:\/\/novabetaniafm.com.br\/novabetania87\/","logo":{"@type":"ImageObject","inLanguage":"pt-BR","@id":"https:\/\/novabetaniafm.com.br\/novabetania87\/#\/schema\/logo\/image\/","url":"https:\/\/novabetaniafm.com.br\/novabetania87\/wp-content\/uploads\/2024\/05\/logo.png","contentUrl":"https:\/\/novabetaniafm.com.br\/novabetania87\/wp-content\/uploads\/2024\/05\/logo.png","width":211,"height":144,"caption":"Nova Bet\u00e2nia FM 87,9"},"image":{"@id":"https:\/\/novabetaniafm.com.br\/novabetania87\/#\/schema\/logo\/image\/"}},{"@type":"Person","@id":"https:\/\/novabetaniafm.com.br\/novabetania87\/#\/schema\/person\/73fd05cbd77cd30a7bab1141b8ab8555","name":"Nova Bet\u00e2nia FM","image":{"@type":"ImageObject","inLanguage":"pt-BR","@id":"https:\/\/novabetaniafm.com.br\/novabetania87\/#\/schema\/person\/image\/","url":"https:\/\/secure.gravatar.com\/avatar\/e0359add7ed5dc3560906d861b52c6a8cf5c1e199d3a7dd85070998f49bd4701?s=96&d=mm&r=g","contentUrl":"https:\/\/secure.gravatar.com\/avatar\/e0359add7ed5dc3560906d861b52c6a8cf5c1e199d3a7dd85070998f49bd4701?s=96&d=mm&r=g","caption":"Nova Bet\u00e2nia FM"},"url":"https:\/\/novabetaniafm.com.br\/novabetania87\/author\/novabetaniafm879\/"}]}},"jetpack_featured_media_url":"https:\/\/novabetaniafm.com.br\/novabetania87\/wp-content\/uploads\/2026\/03\/raquel-e-eduardo-da-fonte.jpg","_links":{"self":[{"href":"https:\/\/novabetaniafm.com.br\/novabetania87\/wp-json\/wp\/v2\/posts\/9291","targetHints":{"allow":["GET"]}}],"collection":[{"href":"https:\/\/novabetaniafm.com.br\/novabetania87\/wp-json\/wp\/v2\/posts"}],"about":[{"href":"https:\/\/novabetaniafm.com.br\/novabetania87\/wp-json\/wp\/v2\/types\/post"}],"author":[{"embeddable":true,"href":"https:\/\/novabetaniafm.com.br\/novabetania87\/wp-json\/wp\/v2\/users\/4"}],"replies":[{"embeddable":true,"href":"https:\/\/novabetaniafm.com.br\/novabetania87\/wp-json\/wp\/v2\/comments?post=9291"}],"version-history":[{"count":1,"href":"https:\/\/novabetaniafm.com.br\/novabetania87\/wp-json\/wp\/v2\/posts\/9291\/revisions"}],"predecessor-version":[{"id":9293,"href":"https:\/\/novabetaniafm.com.br\/novabetania87\/wp-json\/wp\/v2\/posts\/9291\/revisions\/9293"}],"wp:featuredmedia":[{"embeddable":true,"href":"https:\/\/novabetaniafm.com.br\/novabetania87\/wp-json\/wp\/v2\/media\/9292"}],"wp:attachment":[{"href":"https:\/\/novabetaniafm.com.br\/novabetania87\/wp-json\/wp\/v2\/media?parent=9291"}],"wp:term":[{"taxonomy":"category","embeddable":true,"href":"https:\/\/novabetaniafm.com.br\/novabetania87\/wp-json\/wp\/v2\/categories?post=9291"},{"taxonomy":"post_tag","embeddable":true,"href":"https:\/\/novabetaniafm.com.br\/novabetania87\/wp-json\/wp\/v2\/tags?post=9291"}],"curies":[{"name":"wp","href":"https:\/\/api.w.org\/{rel}","templated":true}]}}