{"id":9278,"date":"2026-03-09T13:17:07","date_gmt":"2026-03-09T16:17:07","guid":{"rendered":"https:\/\/novabetaniafm.com.br\/novabetania87\/?p=9278"},"modified":"2026-03-09T13:19:49","modified_gmt":"2026-03-09T16:19:49","slug":"onibus-que-seguia-para-pernambuco-tomba-em-minas-gerais-e-deixa-dois-mortos","status":"publish","type":"post","link":"https:\/\/novabetaniafm.com.br\/novabetania87\/2026\/03\/09\/onibus-que-seguia-para-pernambuco-tomba-em-minas-gerais-e-deixa-dois-mortos\/","title":{"rendered":"\u00d4nibus que seguia para Pernambuco tomba em Minas Gerais e deixa dois mortos"},"content":{"rendered":"<p>Um \u00f4nibus interestadual que tinha como destino Pernambuco se envolveu em um grave acidente na manh\u00e3 deste domingo (8), na BR-251, no munic\u00edpio de Gr\u00e3o Mogol, no Norte de Minas Gerais. O ve\u00edculo, que havia partido de S\u00e3o Paulo, tombou \u00e0s margens da rodovia e provocou a morte de duas pessoas, al\u00e9m de deixar outras dez feridas.<\/p>\n<p>De acordo com o Corpo de Bombeiros e o Servi\u00e7o de Atendimento M\u00f3vel de Urg\u00eancia (SAMU), o coletivo transportava cerca de 50 pessoas. Entre os ocupantes estavam dois motoristas, um ajudante e 47 passageiros.<\/p>\n<p>Quando as equipes de resgate chegaram ao local, encontraram o \u00f4nibus fora da pista e tombado. Os bombeiros realizaram a sinaliza\u00e7\u00e3o da rodovia e adotaram medidas de seguran\u00e7a para evitar poss\u00edveis riscos de inc\u00eandio ou explos\u00e3o.<\/p>\n<p>Para a ocorr\u00eancia foram mobilizadas tr\u00eas viaturas do Corpo de Bombeiros de Minas Gerais, um helic\u00f3ptero, tr\u00eas viaturas da PRF e cinco ambul\u00e2ncias do Samu. As equipes do Samu foram enviadas das cidades de Francisco S\u00e1, Fruta de Leite, Crist\u00e1lia, Riacho dos Machados e Montes Claros.<\/p>\n<p><b>Feridos<\/b><\/p>\n<p>Entre os feridos, o caso considerado mais grave \u00e9 o de um idoso de 79 anos. Ele apresentava trauma na coluna, les\u00f5es no t\u00f3rax e uma fratura exposta no bra\u00e7o esquerdo. A v\u00edtima foi levada de helic\u00f3ptero para a Santa Casa de Montes Claros, tamb\u00e9m em Minas.<\/p>\n<p>Outro passageiro, de 52 anos, sofreu suspeita de fratura no t\u00f3rax e m\u00faltiplas escoria\u00e7\u00f5es pelo corpo. Ele foi encaminhado para o Hospital M\u00e1rio Ribeiro, tamb\u00e9m em Montes Claros.<\/p>\n<p>As demais v\u00edtimas feridas, incluindo tr\u00eas idosos e uma crian\u00e7a, foram socorridas e levadas para uma unidade de sa\u00fade no munic\u00edpio de Francisco S\u00e1. As circunst\u00e2ncias que provocaram o tombamento do \u00f4nibus ainda ser\u00e3o investigadas. As informa\u00e7\u00f5es s\u00e3o do\u00a0<strong>Di\u00e1rio de Pernambuco.<\/strong><\/p>\n\n<div style=\"font-size: 0px; height: 0px; line-height: 0px; margin: 0; padding: 0; clear: both;\"><\/div>","protected":false},"excerpt":{"rendered":"<p>Um \u00f4nibus interestadual que tinha como destino Pernambuco se envolveu em um grave acidente na manh\u00e3 deste domingo (8), na BR-251, no munic\u00edpio de Gr\u00e3o Mogol, no Norte de Minas Gerais. O ve\u00edculo, que havia&#8230;<\/p>\n","protected":false},"author":4,"featured_media":9279,"comment_status":"open","ping_status":"open","sticky":false,"template":"","format":"standard","meta":{"footnotes":""},"categories":[2],"tags":[],"class_list":["post-9278","post","type-post","status-publish","format-standard","has-post-thumbnail","hentry","category-noticias"],"yoast_head":"<!-- This site is optimized with the Yoast SEO plugin v24.5 - https:\/\/yoast.com\/wordpress\/plugins\/seo\/ -->\n<title>\u00d4nibus que seguia para Pernambuco tomba em Minas Gerais e deixa dois mortos - Nova Bet\u00e2nia FM 87,9<\/title>\n<meta name=\"robots\" content=\"index, follow, max-snippet:-1, max-image-preview:large, max-video-preview:-1\" \/>\n<link rel=\"canonical\" href=\"https:\/\/novabetaniafm.com.br\/novabetania87\/2026\/03\/09\/onibus-que-seguia-para-pernambuco-tomba-em-minas-gerais-e-deixa-dois-mortos\/\" \/>\n<meta property=\"og:locale\" content=\"pt_BR\" \/>\n<meta property=\"og:type\" content=\"article\" \/>\n<meta property=\"og:title\" content=\"\u00d4nibus que seguia para Pernambuco tomba em Minas Gerais e deixa dois mortos - Nova Bet\u00e2nia FM 87,9\" \/>\n<meta property=\"og:description\" content=\"Um \u00f4nibus interestadual que tinha como destino Pernambuco se envolveu em um grave acidente na manh\u00e3 deste domingo (8), na BR-251, no munic\u00edpio de Gr\u00e3o Mogol, no Norte de Minas Gerais. O ve\u00edculo, que havia...\" \/>\n<meta property=\"og:url\" content=\"https:\/\/novabetaniafm.com.br\/novabetania87\/2026\/03\/09\/onibus-que-seguia-para-pernambuco-tomba-em-minas-gerais-e-deixa-dois-mortos\/\" \/>\n<meta property=\"og:site_name\" content=\"Nova Bet\u00e2nia FM 87,9\" \/>\n<meta property=\"article:published_time\" content=\"2026-03-09T16:17:07+00:00\" \/>\n<meta property=\"article:modified_time\" content=\"2026-03-09T16:19:49+00:00\" \/>\n<meta property=\"og:image\" content=\"http:\/\/novabetaniafm.com.br\/novabetania87\/wp-content\/uploads\/2026\/03\/onibus.webp\" \/>\n\t<meta property=\"og:image:width\" content=\"534\" \/>\n\t<meta property=\"og:image:height\" content=\"400\" \/>\n\t<meta property=\"og:image:type\" content=\"image\/webp\" \/>\n<meta name=\"author\" content=\"Nova Bet\u00e2nia FM\" \/>\n<meta name=\"twitter:card\" content=\"summary_large_image\" \/>\n<meta name=\"twitter:label1\" content=\"Escrito por\" \/>\n\t<meta name=\"twitter:data1\" content=\"Nova Bet\u00e2nia FM\" \/>\n\t<meta name=\"twitter:label2\" content=\"Est. tempo de leitura\" \/>\n\t<meta name=\"twitter:data2\" content=\"2 minutos\" \/>\n<script type=\"application\/ld+json\" class=\"yoast-schema-graph\">{\"@context\":\"https:\/\/schema.org\",\"@graph\":[{\"@type\":\"Article\",\"@id\":\"https:\/\/novabetaniafm.com.br\/novabetania87\/2026\/03\/09\/onibus-que-seguia-para-pernambuco-tomba-em-minas-gerais-e-deixa-dois-mortos\/#article\",\"isPartOf\":{\"@id\":\"https:\/\/novabetaniafm.com.br\/novabetania87\/2026\/03\/09\/onibus-que-seguia-para-pernambuco-tomba-em-minas-gerais-e-deixa-dois-mortos\/\"},\"author\":{\"name\":\"Nova Bet\u00e2nia FM\",\"@id\":\"https:\/\/novabetaniafm.com.br\/novabetania87\/#\/schema\/person\/73fd05cbd77cd30a7bab1141b8ab8555\"},\"headline\":\"\u00d4nibus que seguia para Pernambuco tomba em Minas Gerais e deixa dois mortos\",\"datePublished\":\"2026-03-09T16:17:07+00:00\",\"dateModified\":\"2026-03-09T16:19:49+00:00\",\"mainEntityOfPage\":{\"@id\":\"https:\/\/novabetaniafm.com.br\/novabetania87\/2026\/03\/09\/onibus-que-seguia-para-pernambuco-tomba-em-minas-gerais-e-deixa-dois-mortos\/\"},\"wordCount\":338,\"commentCount\":0,\"publisher\":{\"@id\":\"https:\/\/novabetaniafm.com.br\/novabetania87\/#organization\"},\"image\":{\"@id\":\"https:\/\/novabetaniafm.com.br\/novabetania87\/2026\/03\/09\/onibus-que-seguia-para-pernambuco-tomba-em-minas-gerais-e-deixa-dois-mortos\/#primaryimage\"},\"thumbnailUrl\":\"https:\/\/novabetaniafm.com.br\/novabetania87\/wp-content\/uploads\/2026\/03\/onibus.webp\",\"articleSection\":[\"Not\u00edcias\"],\"inLanguage\":\"pt-BR\",\"potentialAction\":[{\"@type\":\"CommentAction\",\"name\":\"Comment\",\"target\":[\"https:\/\/novabetaniafm.com.br\/novabetania87\/2026\/03\/09\/onibus-que-seguia-para-pernambuco-tomba-em-minas-gerais-e-deixa-dois-mortos\/#respond\"]}]},{\"@type\":\"WebPage\",\"@id\":\"https:\/\/novabetaniafm.com.br\/novabetania87\/2026\/03\/09\/onibus-que-seguia-para-pernambuco-tomba-em-minas-gerais-e-deixa-dois-mortos\/\",\"url\":\"https:\/\/novabetaniafm.com.br\/novabetania87\/2026\/03\/09\/onibus-que-seguia-para-pernambuco-tomba-em-minas-gerais-e-deixa-dois-mortos\/\",\"name\":\"\u00d4nibus que seguia para Pernambuco tomba em Minas Gerais e deixa dois mortos - Nova Bet\u00e2nia FM 87,9\",\"isPartOf\":{\"@id\":\"https:\/\/novabetaniafm.com.br\/novabetania87\/#website\"},\"primaryImageOfPage\":{\"@id\":\"https:\/\/novabetaniafm.com.br\/novabetania87\/2026\/03\/09\/onibus-que-seguia-para-pernambuco-tomba-em-minas-gerais-e-deixa-dois-mortos\/#primaryimage\"},\"image\":{\"@id\":\"https:\/\/novabetaniafm.com.br\/novabetania87\/2026\/03\/09\/onibus-que-seguia-para-pernambuco-tomba-em-minas-gerais-e-deixa-dois-mortos\/#primaryimage\"},\"thumbnailUrl\":\"https:\/\/novabetaniafm.com.br\/novabetania87\/wp-content\/uploads\/2026\/03\/onibus.webp\",\"datePublished\":\"2026-03-09T16:17:07+00:00\",\"dateModified\":\"2026-03-09T16:19:49+00:00\",\"breadcrumb\":{\"@id\":\"https:\/\/novabetaniafm.com.br\/novabetania87\/2026\/03\/09\/onibus-que-seguia-para-pernambuco-tomba-em-minas-gerais-e-deixa-dois-mortos\/#breadcrumb\"},\"inLanguage\":\"pt-BR\",\"potentialAction\":[{\"@type\":\"ReadAction\",\"target\":[\"https:\/\/novabetaniafm.com.br\/novabetania87\/2026\/03\/09\/onibus-que-seguia-para-pernambuco-tomba-em-minas-gerais-e-deixa-dois-mortos\/\"]}]},{\"@type\":\"ImageObject\",\"inLanguage\":\"pt-BR\",\"@id\":\"https:\/\/novabetaniafm.com.br\/novabetania87\/2026\/03\/09\/onibus-que-seguia-para-pernambuco-tomba-em-minas-gerais-e-deixa-dois-mortos\/#primaryimage\",\"url\":\"https:\/\/novabetaniafm.com.br\/novabetania87\/wp-content\/uploads\/2026\/03\/onibus.webp\",\"contentUrl\":\"https:\/\/novabetaniafm.com.br\/novabetania87\/wp-content\/uploads\/2026\/03\/onibus.webp\",\"width\":534,\"height\":400},{\"@type\":\"BreadcrumbList\",\"@id\":\"https:\/\/novabetaniafm.com.br\/novabetania87\/2026\/03\/09\/onibus-que-seguia-para-pernambuco-tomba-em-minas-gerais-e-deixa-dois-mortos\/#breadcrumb\",\"itemListElement\":[{\"@type\":\"ListItem\",\"position\":1,\"name\":\"In\u00edcio\",\"item\":\"https:\/\/novabetaniafm.com.br\/novabetania87\/\"},{\"@type\":\"ListItem\",\"position\":2,\"name\":\"\u00d4nibus que seguia para Pernambuco tomba em Minas Gerais e deixa dois mortos\"}]},{\"@type\":\"WebSite\",\"@id\":\"https:\/\/novabetaniafm.com.br\/novabetania87\/#website\",\"url\":\"https:\/\/novabetaniafm.com.br\/novabetania87\/\",\"name\":\"Nova Bet\u00e2nia FM 87,9\",\"description\":\"Ligada em voc\u00ea!\",\"publisher\":{\"@id\":\"https:\/\/novabetaniafm.com.br\/novabetania87\/#organization\"},\"potentialAction\":[{\"@type\":\"SearchAction\",\"target\":{\"@type\":\"EntryPoint\",\"urlTemplate\":\"https:\/\/novabetaniafm.com.br\/novabetania87\/?s={search_term_string}\"},\"query-input\":{\"@type\":\"PropertyValueSpecification\",\"valueRequired\":true,\"valueName\":\"search_term_string\"}}],\"inLanguage\":\"pt-BR\"},{\"@type\":\"Organization\",\"@id\":\"https:\/\/novabetaniafm.com.br\/novabetania87\/#organization\",\"name\":\"Nova Bet\u00e2nia FM 87,9\",\"url\":\"https:\/\/novabetaniafm.com.br\/novabetania87\/\",\"logo\":{\"@type\":\"ImageObject\",\"inLanguage\":\"pt-BR\",\"@id\":\"https:\/\/novabetaniafm.com.br\/novabetania87\/#\/schema\/logo\/image\/\",\"url\":\"https:\/\/novabetaniafm.com.br\/novabetania87\/wp-content\/uploads\/2024\/05\/logo.png\",\"contentUrl\":\"https:\/\/novabetaniafm.com.br\/novabetania87\/wp-content\/uploads\/2024\/05\/logo.png\",\"width\":211,\"height\":144,\"caption\":\"Nova Bet\u00e2nia FM 87,9\"},\"image\":{\"@id\":\"https:\/\/novabetaniafm.com.br\/novabetania87\/#\/schema\/logo\/image\/\"}},{\"@type\":\"Person\",\"@id\":\"https:\/\/novabetaniafm.com.br\/novabetania87\/#\/schema\/person\/73fd05cbd77cd30a7bab1141b8ab8555\",\"name\":\"Nova Bet\u00e2nia FM\",\"image\":{\"@type\":\"ImageObject\",\"inLanguage\":\"pt-BR\",\"@id\":\"https:\/\/novabetaniafm.com.br\/novabetania87\/#\/schema\/person\/image\/\",\"url\":\"https:\/\/secure.gravatar.com\/avatar\/e0359add7ed5dc3560906d861b52c6a8cf5c1e199d3a7dd85070998f49bd4701?s=96&d=mm&r=g\",\"contentUrl\":\"https:\/\/secure.gravatar.com\/avatar\/e0359add7ed5dc3560906d861b52c6a8cf5c1e199d3a7dd85070998f49bd4701?s=96&d=mm&r=g\",\"caption\":\"Nova Bet\u00e2nia FM\"},\"url\":\"https:\/\/novabetaniafm.com.br\/novabetania87\/author\/novabetaniafm879\/\"}]}<\/script>\n<!-- \/ Yoast SEO plugin. -->","yoast_head_json":{"title":"\u00d4nibus que seguia para Pernambuco tomba em Minas Gerais e deixa dois mortos - Nova Bet\u00e2nia FM 87,9","robots":{"index":"index","follow":"follow","max-snippet":"max-snippet:-1","max-image-preview":"max-image-preview:large","max-video-preview":"max-video-preview:-1"},"canonical":"https:\/\/novabetaniafm.com.br\/novabetania87\/2026\/03\/09\/onibus-que-seguia-para-pernambuco-tomba-em-minas-gerais-e-deixa-dois-mortos\/","og_locale":"pt_BR","og_type":"article","og_title":"\u00d4nibus que seguia para Pernambuco tomba em Minas Gerais e deixa dois mortos - Nova Bet\u00e2nia FM 87,9","og_description":"Um \u00f4nibus interestadual que tinha como destino Pernambuco se envolveu em um grave acidente na manh\u00e3 deste domingo (8), na BR-251, no munic\u00edpio de Gr\u00e3o Mogol, no Norte de Minas Gerais. O ve\u00edculo, que havia...","og_url":"https:\/\/novabetaniafm.com.br\/novabetania87\/2026\/03\/09\/onibus-que-seguia-para-pernambuco-tomba-em-minas-gerais-e-deixa-dois-mortos\/","og_site_name":"Nova Bet\u00e2nia FM 87,9","article_published_time":"2026-03-09T16:17:07+00:00","article_modified_time":"2026-03-09T16:19:49+00:00","og_image":[{"width":534,"height":400,"url":"http:\/\/novabetaniafm.com.br\/novabetania87\/wp-content\/uploads\/2026\/03\/onibus.webp","type":"image\/webp"}],"author":"Nova Bet\u00e2nia FM","twitter_card":"summary_large_image","twitter_misc":{"Escrito por":"Nova Bet\u00e2nia FM","Est. tempo de leitura":"2 minutos"},"schema":{"@context":"https:\/\/schema.org","@graph":[{"@type":"Article","@id":"https:\/\/novabetaniafm.com.br\/novabetania87\/2026\/03\/09\/onibus-que-seguia-para-pernambuco-tomba-em-minas-gerais-e-deixa-dois-mortos\/#article","isPartOf":{"@id":"https:\/\/novabetaniafm.com.br\/novabetania87\/2026\/03\/09\/onibus-que-seguia-para-pernambuco-tomba-em-minas-gerais-e-deixa-dois-mortos\/"},"author":{"name":"Nova Bet\u00e2nia FM","@id":"https:\/\/novabetaniafm.com.br\/novabetania87\/#\/schema\/person\/73fd05cbd77cd30a7bab1141b8ab8555"},"headline":"\u00d4nibus que seguia para Pernambuco tomba em Minas Gerais e deixa dois mortos","datePublished":"2026-03-09T16:17:07+00:00","dateModified":"2026-03-09T16:19:49+00:00","mainEntityOfPage":{"@id":"https:\/\/novabetaniafm.com.br\/novabetania87\/2026\/03\/09\/onibus-que-seguia-para-pernambuco-tomba-em-minas-gerais-e-deixa-dois-mortos\/"},"wordCount":338,"commentCount":0,"publisher":{"@id":"https:\/\/novabetaniafm.com.br\/novabetania87\/#organization"},"image":{"@id":"https:\/\/novabetaniafm.com.br\/novabetania87\/2026\/03\/09\/onibus-que-seguia-para-pernambuco-tomba-em-minas-gerais-e-deixa-dois-mortos\/#primaryimage"},"thumbnailUrl":"https:\/\/novabetaniafm.com.br\/novabetania87\/wp-content\/uploads\/2026\/03\/onibus.webp","articleSection":["Not\u00edcias"],"inLanguage":"pt-BR","potentialAction":[{"@type":"CommentAction","name":"Comment","target":["https:\/\/novabetaniafm.com.br\/novabetania87\/2026\/03\/09\/onibus-que-seguia-para-pernambuco-tomba-em-minas-gerais-e-deixa-dois-mortos\/#respond"]}]},{"@type":"WebPage","@id":"https:\/\/novabetaniafm.com.br\/novabetania87\/2026\/03\/09\/onibus-que-seguia-para-pernambuco-tomba-em-minas-gerais-e-deixa-dois-mortos\/","url":"https:\/\/novabetaniafm.com.br\/novabetania87\/2026\/03\/09\/onibus-que-seguia-para-pernambuco-tomba-em-minas-gerais-e-deixa-dois-mortos\/","name":"\u00d4nibus que seguia para Pernambuco tomba em Minas Gerais e deixa dois mortos - Nova Bet\u00e2nia FM 87,9","isPartOf":{"@id":"https:\/\/novabetaniafm.com.br\/novabetania87\/#website"},"primaryImageOfPage":{"@id":"https:\/\/novabetaniafm.com.br\/novabetania87\/2026\/03\/09\/onibus-que-seguia-para-pernambuco-tomba-em-minas-gerais-e-deixa-dois-mortos\/#primaryimage"},"image":{"@id":"https:\/\/novabetaniafm.com.br\/novabetania87\/2026\/03\/09\/onibus-que-seguia-para-pernambuco-tomba-em-minas-gerais-e-deixa-dois-mortos\/#primaryimage"},"thumbnailUrl":"https:\/\/novabetaniafm.com.br\/novabetania87\/wp-content\/uploads\/2026\/03\/onibus.webp","datePublished":"2026-03-09T16:17:07+00:00","dateModified":"2026-03-09T16:19:49+00:00","breadcrumb":{"@id":"https:\/\/novabetaniafm.com.br\/novabetania87\/2026\/03\/09\/onibus-que-seguia-para-pernambuco-tomba-em-minas-gerais-e-deixa-dois-mortos\/#breadcrumb"},"inLanguage":"pt-BR","potentialAction":[{"@type":"ReadAction","target":["https:\/\/novabetaniafm.com.br\/novabetania87\/2026\/03\/09\/onibus-que-seguia-para-pernambuco-tomba-em-minas-gerais-e-deixa-dois-mortos\/"]}]},{"@type":"ImageObject","inLanguage":"pt-BR","@id":"https:\/\/novabetaniafm.com.br\/novabetania87\/2026\/03\/09\/onibus-que-seguia-para-pernambuco-tomba-em-minas-gerais-e-deixa-dois-mortos\/#primaryimage","url":"https:\/\/novabetaniafm.com.br\/novabetania87\/wp-content\/uploads\/2026\/03\/onibus.webp","contentUrl":"https:\/\/novabetaniafm.com.br\/novabetania87\/wp-content\/uploads\/2026\/03\/onibus.webp","width":534,"height":400},{"@type":"BreadcrumbList","@id":"https:\/\/novabetaniafm.com.br\/novabetania87\/2026\/03\/09\/onibus-que-seguia-para-pernambuco-tomba-em-minas-gerais-e-deixa-dois-mortos\/#breadcrumb","itemListElement":[{"@type":"ListItem","position":1,"name":"In\u00edcio","item":"https:\/\/novabetaniafm.com.br\/novabetania87\/"},{"@type":"ListItem","position":2,"name":"\u00d4nibus que seguia para Pernambuco tomba em Minas Gerais e deixa dois mortos"}]},{"@type":"WebSite","@id":"https:\/\/novabetaniafm.com.br\/novabetania87\/#website","url":"https:\/\/novabetaniafm.com.br\/novabetania87\/","name":"Nova Bet\u00e2nia FM 87,9","description":"Ligada em voc\u00ea!","publisher":{"@id":"https:\/\/novabetaniafm.com.br\/novabetania87\/#organization"},"potentialAction":[{"@type":"SearchAction","target":{"@type":"EntryPoint","urlTemplate":"https:\/\/novabetaniafm.com.br\/novabetania87\/?s={search_term_string}"},"query-input":{"@type":"PropertyValueSpecification","valueRequired":true,"valueName":"search_term_string"}}],"inLanguage":"pt-BR"},{"@type":"Organization","@id":"https:\/\/novabetaniafm.com.br\/novabetania87\/#organization","name":"Nova Bet\u00e2nia FM 87,9","url":"https:\/\/novabetaniafm.com.br\/novabetania87\/","logo":{"@type":"ImageObject","inLanguage":"pt-BR","@id":"https:\/\/novabetaniafm.com.br\/novabetania87\/#\/schema\/logo\/image\/","url":"https:\/\/novabetaniafm.com.br\/novabetania87\/wp-content\/uploads\/2024\/05\/logo.png","contentUrl":"https:\/\/novabetaniafm.com.br\/novabetania87\/wp-content\/uploads\/2024\/05\/logo.png","width":211,"height":144,"caption":"Nova Bet\u00e2nia FM 87,9"},"image":{"@id":"https:\/\/novabetaniafm.com.br\/novabetania87\/#\/schema\/logo\/image\/"}},{"@type":"Person","@id":"https:\/\/novabetaniafm.com.br\/novabetania87\/#\/schema\/person\/73fd05cbd77cd30a7bab1141b8ab8555","name":"Nova Bet\u00e2nia FM","image":{"@type":"ImageObject","inLanguage":"pt-BR","@id":"https:\/\/novabetaniafm.com.br\/novabetania87\/#\/schema\/person\/image\/","url":"https:\/\/secure.gravatar.com\/avatar\/e0359add7ed5dc3560906d861b52c6a8cf5c1e199d3a7dd85070998f49bd4701?s=96&d=mm&r=g","contentUrl":"https:\/\/secure.gravatar.com\/avatar\/e0359add7ed5dc3560906d861b52c6a8cf5c1e199d3a7dd85070998f49bd4701?s=96&d=mm&r=g","caption":"Nova Bet\u00e2nia FM"},"url":"https:\/\/novabetaniafm.com.br\/novabetania87\/author\/novabetaniafm879\/"}]}},"jetpack_featured_media_url":"https:\/\/novabetaniafm.com.br\/novabetania87\/wp-content\/uploads\/2026\/03\/onibus.webp","_links":{"self":[{"href":"https:\/\/novabetaniafm.com.br\/novabetania87\/wp-json\/wp\/v2\/posts\/9278","targetHints":{"allow":["GET"]}}],"collection":[{"href":"https:\/\/novabetaniafm.com.br\/novabetania87\/wp-json\/wp\/v2\/posts"}],"about":[{"href":"https:\/\/novabetaniafm.com.br\/novabetania87\/wp-json\/wp\/v2\/types\/post"}],"author":[{"embeddable":true,"href":"https:\/\/novabetaniafm.com.br\/novabetania87\/wp-json\/wp\/v2\/users\/4"}],"replies":[{"embeddable":true,"href":"https:\/\/novabetaniafm.com.br\/novabetania87\/wp-json\/wp\/v2\/comments?post=9278"}],"version-history":[{"count":1,"href":"https:\/\/novabetaniafm.com.br\/novabetania87\/wp-json\/wp\/v2\/posts\/9278\/revisions"}],"predecessor-version":[{"id":9280,"href":"https:\/\/novabetaniafm.com.br\/novabetania87\/wp-json\/wp\/v2\/posts\/9278\/revisions\/9280"}],"wp:featuredmedia":[{"embeddable":true,"href":"https:\/\/novabetaniafm.com.br\/novabetania87\/wp-json\/wp\/v2\/media\/9279"}],"wp:attachment":[{"href":"https:\/\/novabetaniafm.com.br\/novabetania87\/wp-json\/wp\/v2\/media?parent=9278"}],"wp:term":[{"taxonomy":"category","embeddable":true,"href":"https:\/\/novabetaniafm.com.br\/novabetania87\/wp-json\/wp\/v2\/categories?post=9278"},{"taxonomy":"post_tag","embeddable":true,"href":"https:\/\/novabetaniafm.com.br\/novabetania87\/wp-json\/wp\/v2\/tags?post=9278"}],"curies":[{"name":"wp","href":"https:\/\/api.w.org\/{rel}","templated":true}]}}