{"id":9275,"date":"2026-03-09T13:19:44","date_gmt":"2026-03-09T16:19:44","guid":{"rendered":"https:\/\/novabetaniafm.com.br\/novabetania87\/?p=9275"},"modified":"2026-03-09T13:20:31","modified_gmt":"2026-03-09T16:20:31","slug":"10o-dia-de-guerra-e-marcado-por-ataques-a-base-militar-dos-eua-no-iraque-e-refinaria-no-bahrein","status":"publish","type":"post","link":"https:\/\/novabetaniafm.com.br\/novabetania87\/2026\/03\/09\/10o-dia-de-guerra-e-marcado-por-ataques-a-base-militar-dos-eua-no-iraque-e-refinaria-no-bahrein\/","title":{"rendered":"10\u00ba dia de guerra \u00e9 marcado por ataques a base militar dos EUA no Iraque e refinaria no Bahrein"},"content":{"rendered":"<p class=\"texto\">O conflito entre Estados Unidos, Israel e Ir\u00e3 entrou no d\u00e9cimo dia nesta segunda-feira, 9, marcado por ataques a alvos estrat\u00e9gicos.<\/p>\n<p class=\"texto\">O Ir\u00e3 anunciou o lan\u00e7amento de suas primeiras ofensivas desde que Mojtaba Khamenei foi nomeado como novo l\u00edder supremo. No Bahrein, um ataque contra o complexo petrol\u00edfero de Al Ma&#8217;ameer provocou um inc\u00eandio, danos materiais e deixou 32 civis feridos, incluindo quatro em estado grave e crian\u00e7as.<\/p>\n<p class=\"texto\">No Iraque, foguetes e drones atingiram uma instala\u00e7\u00e3o diplom\u00e1tica dos Estados Unidos pr\u00f3xima ao Aeroporto Internacional de Bagd\u00e1, mas foram interceptados pelos sistemas de defesa a\u00e9rea do local.<\/p>\n<p class=\"texto\">Durante a madrugada, militares israelenses afirmaram ter atingido alvos ligados ao Hezbollah no sul de Beirute.<\/p>\n<p class=\"texto\">Com a escalada da guerra pa\u00edses do G7 podem recorrer \u00e0s reservas estrat\u00e9gicas de petr\u00f3leo para conter a alta dos pre\u00e7os de energia.<\/p>\n<p class=\"texto\"><strong>Ir\u00e3 dispara contra instala\u00e7\u00e3o diplom\u00e1tica dos EUA<\/strong><\/p>\n<p class=\"texto\">Os sistemas de defesa a\u00e9rea do Aeroporto Internacional de Bagd\u00e1 foram acionados por um ataque iraniano com foguetes e drones, afirmaram fontes policiais citadas pela ag\u00eancia Reuters.<\/p>\n<p class=\"texto\">O ataque teve como alvo uma instala\u00e7\u00e3o diplom\u00e1tica dos EUA pr\u00f3xima ao aeroporto e foi interceptado com sucesso pelo sistema de defesa C-RAM do aeroporto, acrescentaram as fontes.<\/p>\n<p class=\"texto\"><strong>Ataque iraniano provoca inc\u00eandio em complexo petrol\u00edfero no Bahrein<\/strong><\/p>\n<p class=\"texto\">Um ataque contra o complexo petrol\u00edfero de Al Ma&#8217;ameer, no Bahrein, deixou feridos, provocou um inc\u00eandio e danos na instala\u00e7\u00e3o, informou a imprensa estatal nesta segunda-feira.<\/p>\n<p class=\"texto\">&#8220;Houve um inc\u00eandio em decorr\u00eancia da agress\u00e3o iraniana que teve como alvo uma instala\u00e7\u00e3o em Al Ma&#8217;ameer, com registro de danos materiais&#8221;, informou a ag\u00eancia estatal Bahrain News Agency em publica\u00e7\u00e3o na rede X.<\/p>\n<p class=\"texto\">O ataque deixou 32 civis feridos, todos cidad\u00e3os do Bahrein. Entre as v\u00edtimas quatro casos s\u00e3o considerados graves, incluindo crian\u00e7as, afirmou o minist\u00e9rio em comunicado divulgado pela ag\u00eancia estatal de not\u00edcias do pa\u00eds.<\/p>\n<p class=\"texto\"><strong>Israel diz ter atingido alvos do Hezbollah em Beirute<\/strong><\/p>\n<p class=\"texto\">O Ex\u00e9rcito de Israel afirmou ter realizado, na madrugada desta segunda-feira, um ataque na regi\u00e3o de Beirute contra alvos do grupo militante Hezbollah, apoiado pelo Ir\u00e3.<\/p>\n<p class=\"texto\">As for\u00e7as israelenses &#8220;atingiram infraestruturas pertencentes \u00e0 organiza\u00e7\u00e3o terrorista Hezbollah em Beirute&#8221;, informou o Ex\u00e9rcito em um breve comunicado. Um correspondente da AFP relatou ter ouvido uma forte explos\u00e3o nos sub\u00farbios do sul da capital libanesa, \u00e1rea considerada reduto do Hezbollah.<\/p>\n<p class=\"texto\"><strong>Ir\u00e3 acusa pa\u00edses europeus<\/strong><\/p>\n<p class=\"texto\">O Ir\u00e3 acusou, nesta segunda-feira, pa\u00edses europeus, incluindo a Fran\u00e7a, de contribu\u00edrem para a cria\u00e7\u00e3o de condi\u00e7\u00f5es favor\u00e1veis aos ataques dos Estados Unidos e de Israel que desencadearam uma guerra com a Rep\u00fablica Isl\u00e2mica.<\/p>\n<p class=\"texto\">&#8220;Infelizmente, os pa\u00edses europeus contribu\u00edram para a cria\u00e7\u00e3o dessas condi\u00e7\u00f5es&#8221;, afirmou o porta-voz do Minist\u00e9rio das Rela\u00e7\u00f5es Exteriores do Ir\u00e3, Esmail Baghai, em entrevista coletiva.<\/p>\n<p class=\"texto\">&#8220;Em vez de insistirem no Estado de Direito, em vez de se oporem \u00e0 intimida\u00e7\u00e3o e aos excessos dos EUA, manifestaram-se e concordaram com eles perante o Conselho de Seguran\u00e7a da Organiza\u00e7\u00e3o das Na\u00e7\u00f5es Unidas durante o debate sobre a reinstala\u00e7\u00e3o das san\u00e7\u00f5es, e tudo isso, em conjunto, encorajou os EUA e os pa\u00edses sionistas a continuarem cometendo seus crimes&#8221;, acrescentou.<\/p>\n<p class=\"texto\"><strong>China se op\u00f5e a ataques contra novo l\u00edder supremo do Ir\u00e3<\/strong><\/p>\n<p class=\"texto\">O governo chin\u00eas afirmou que as autoridades &#8220;tomaram conhecimento&#8221; de que o Ir\u00e3 nomeou Mojtaba Khamenei como novo l\u00edder supremo e pediu a todas as partes que retornem \u00e0s negocia\u00e7\u00f5es para evitar uma escalada ainda maior do conflito.<\/p>\n<p class=\"texto\">&#8220;Esta \u00e9 uma decis\u00e3o tomada pelo lado iraniano em conformidade com a Constitui\u00e7\u00e3o do pa\u00eds&#8221;, disse o porta-voz do Minist\u00e9rio das Rela\u00e7\u00f5es Exteriores, Guo Jiakun, nesta segunda-feira.<\/p>\n<p class=\"texto\">Ele acrescentou que &#8220;a China se op\u00f5e \u00e0 interfer\u00eancia nos assuntos internos de outros pa\u00edses sob qualquer pretexto&#8221; e afirmou que a soberania e a integridade territorial do Ir\u00e3 &#8220;devem ser respeitadas&#8221;.<\/p>\n<p class=\"texto\"><strong>Putin oferece &#8216;apoio inabal\u00e1vel&#8217; ao novo l\u00edder supremo do Ir\u00e3<\/strong><\/p>\n<p class=\"texto\">O presidente da R\u00fassia, Vladimir Putin, ofereceu nesta segunda-feira, 9, seu &#8220;apoio inabal\u00e1vel&#8221; ao novo l\u00edder supremo do Ir\u00e3, Mojtaba Khamenei, nomeado uma semana ap\u00f3s a morte de seu pai, no in\u00edcio da ofensiva israelense-americana.<\/p>\n<p class=\"texto\">&#8220;Gostaria de reafirmar nosso apoio inabal\u00e1vel a Teer\u00e3 e nossa solidariedade aos nossos amigos iranianos&#8221;, disse Putin em mensagem a Mojtaba, acrescentando que &#8220;a R\u00fassia tem sido e continuar\u00e1 sendo uma parceira confi\u00e1vel&#8221; da Rep\u00fablica Isl\u00e2mica.<\/p>\n<p class=\"texto\">&#8220;Em um momento em que o Ir\u00e3 enfrenta uma agress\u00e3o armada, seu desempenho em uma posi\u00e7\u00e3o t\u00e3o elevada exigir\u00e1, sem d\u00favida, grande coragem e dedica\u00e7\u00e3o&#8221;, acrescentou Putin.<\/p>\n<p class=\"texto\"><strong>Ir\u00e3 afirma que nomea\u00e7\u00e3o de novo l\u00edder supremo causou &#8216;desespero&#8217; nos EUA e em Israel<\/strong><\/p>\n<p class=\"texto\">O chefe do Conselho Supremo de Seguran\u00e7a Nacional do Ir\u00e3, Ari Larijani, afirmou que a nomea\u00e7\u00e3o de Mojtaba Khamenei para suceder seu pai como l\u00edder supremo causou &#8220;desespero&#8221; nos Estados Unidos e em Israel.<\/p>\n<p class=\"texto\">&#8220;A escolha de Vossa Emin\u00eancia pelo Conselho de Peritos como l\u00edder do sistema da Rep\u00fablica Isl\u00e2mica levou os inimigos hostis e belicistas da na\u00e7\u00e3o iraniana ao desespero e encheu de esperan\u00e7a o povo crente, digno e consciente do Ir\u00e3&#8221;, escreveu Larijani em declara\u00e7\u00e3o publicada no X.<\/p>\n<p class=\"texto\"><strong>G7 discutir\u00e1 a libera\u00e7\u00e3o de reservas estrat\u00e9gicas de petr\u00f3leo<\/strong><\/p>\n<p class=\"texto\">O presidente da Fran\u00e7a, Emmanuel Macron, afirmou que os pa\u00edses do G7 podem recorrer \u00e0s suas reservas de petr\u00f3leo de emerg\u00eancia em resposta \u00e0 alta dos pre\u00e7os da energia em meio \u00e0 guerra.<\/p>\n<p class=\"texto\">Em declara\u00e7\u00f5es \u00e0 imprensa a caminho de uma visita ao Chipre, Macron afirmou que &#8220;a utiliza\u00e7\u00e3o das reservas estrat\u00e9gicas \u00e9 uma op\u00e7\u00e3o prevista&#8221;.<\/p>\n\n<div style=\"font-size: 0px; height: 0px; line-height: 0px; margin: 0; padding: 0; clear: both;\"><\/div>","protected":false},"excerpt":{"rendered":"<p>O conflito entre Estados Unidos, Israel e Ir\u00e3 entrou no d\u00e9cimo dia nesta segunda-feira, 9, marcado por ataques a alvos estrat\u00e9gicos. O Ir\u00e3 anunciou o lan\u00e7amento de suas primeiras ofensivas desde que Mojtaba Khamenei foi&#8230;<\/p>\n","protected":false},"author":4,"featured_media":9276,"comment_status":"open","ping_status":"open","sticky":false,"template":"","format":"standard","meta":{"footnotes":""},"categories":[2],"tags":[],"class_list":["post-9275","post","type-post","status-publish","format-standard","has-post-thumbnail","hentry","category-noticias"],"yoast_head":"<!-- This site is optimized with the Yoast SEO plugin v24.5 - https:\/\/yoast.com\/wordpress\/plugins\/seo\/ -->\n<title>10\u00ba dia de guerra \u00e9 marcado por ataques a base militar dos EUA no Iraque e refinaria no Bahrein - Nova Bet\u00e2nia FM 87,9<\/title>\n<meta name=\"robots\" content=\"index, follow, max-snippet:-1, max-image-preview:large, max-video-preview:-1\" \/>\n<link rel=\"canonical\" href=\"https:\/\/novabetaniafm.com.br\/novabetania87\/2026\/03\/09\/10o-dia-de-guerra-e-marcado-por-ataques-a-base-militar-dos-eua-no-iraque-e-refinaria-no-bahrein\/\" \/>\n<meta property=\"og:locale\" content=\"pt_BR\" \/>\n<meta property=\"og:type\" content=\"article\" \/>\n<meta property=\"og:title\" content=\"10\u00ba dia de guerra \u00e9 marcado por ataques a base militar dos EUA no Iraque e refinaria no Bahrein - Nova Bet\u00e2nia FM 87,9\" \/>\n<meta property=\"og:description\" content=\"O conflito entre Estados Unidos, Israel e Ir\u00e3 entrou no d\u00e9cimo dia nesta segunda-feira, 9, marcado por ataques a alvos estrat\u00e9gicos. O Ir\u00e3 anunciou o lan\u00e7amento de suas primeiras ofensivas desde que Mojtaba Khamenei foi...\" \/>\n<meta property=\"og:url\" content=\"https:\/\/novabetaniafm.com.br\/novabetania87\/2026\/03\/09\/10o-dia-de-guerra-e-marcado-por-ataques-a-base-militar-dos-eua-no-iraque-e-refinaria-no-bahrein\/\" \/>\n<meta property=\"og:site_name\" content=\"Nova Bet\u00e2nia FM 87,9\" \/>\n<meta property=\"article:published_time\" content=\"2026-03-09T16:19:44+00:00\" \/>\n<meta property=\"article:modified_time\" content=\"2026-03-09T16:20:31+00:00\" \/>\n<meta property=\"og:image\" content=\"http:\/\/novabetaniafm.com.br\/novabetania87\/wp-content\/uploads\/2026\/03\/guerra.jpg\" \/>\n\t<meta property=\"og:image:width\" content=\"1200\" \/>\n\t<meta property=\"og:image:height\" content=\"800\" \/>\n\t<meta property=\"og:image:type\" content=\"image\/jpeg\" \/>\n<meta name=\"author\" content=\"Nova Bet\u00e2nia FM\" \/>\n<meta name=\"twitter:card\" content=\"summary_large_image\" \/>\n<meta name=\"twitter:label1\" content=\"Escrito por\" \/>\n\t<meta name=\"twitter:data1\" content=\"Nova Bet\u00e2nia FM\" \/>\n\t<meta name=\"twitter:label2\" content=\"Est. tempo de leitura\" \/>\n\t<meta name=\"twitter:data2\" content=\"6 minutos\" \/>\n<script type=\"application\/ld+json\" class=\"yoast-schema-graph\">{\"@context\":\"https:\/\/schema.org\",\"@graph\":[{\"@type\":\"Article\",\"@id\":\"https:\/\/novabetaniafm.com.br\/novabetania87\/2026\/03\/09\/10o-dia-de-guerra-e-marcado-por-ataques-a-base-militar-dos-eua-no-iraque-e-refinaria-no-bahrein\/#article\",\"isPartOf\":{\"@id\":\"https:\/\/novabetaniafm.com.br\/novabetania87\/2026\/03\/09\/10o-dia-de-guerra-e-marcado-por-ataques-a-base-militar-dos-eua-no-iraque-e-refinaria-no-bahrein\/\"},\"author\":{\"name\":\"Nova Bet\u00e2nia FM\",\"@id\":\"https:\/\/novabetaniafm.com.br\/novabetania87\/#\/schema\/person\/73fd05cbd77cd30a7bab1141b8ab8555\"},\"headline\":\"10\u00ba dia de guerra \u00e9 marcado por ataques a base militar dos EUA no Iraque e refinaria no Bahrein\",\"datePublished\":\"2026-03-09T16:19:44+00:00\",\"dateModified\":\"2026-03-09T16:20:31+00:00\",\"mainEntityOfPage\":{\"@id\":\"https:\/\/novabetaniafm.com.br\/novabetania87\/2026\/03\/09\/10o-dia-de-guerra-e-marcado-por-ataques-a-base-militar-dos-eua-no-iraque-e-refinaria-no-bahrein\/\"},\"wordCount\":1007,\"commentCount\":0,\"publisher\":{\"@id\":\"https:\/\/novabetaniafm.com.br\/novabetania87\/#organization\"},\"image\":{\"@id\":\"https:\/\/novabetaniafm.com.br\/novabetania87\/2026\/03\/09\/10o-dia-de-guerra-e-marcado-por-ataques-a-base-militar-dos-eua-no-iraque-e-refinaria-no-bahrein\/#primaryimage\"},\"thumbnailUrl\":\"https:\/\/novabetaniafm.com.br\/novabetania87\/wp-content\/uploads\/2026\/03\/guerra.jpg\",\"articleSection\":[\"Not\u00edcias\"],\"inLanguage\":\"pt-BR\",\"potentialAction\":[{\"@type\":\"CommentAction\",\"name\":\"Comment\",\"target\":[\"https:\/\/novabetaniafm.com.br\/novabetania87\/2026\/03\/09\/10o-dia-de-guerra-e-marcado-por-ataques-a-base-militar-dos-eua-no-iraque-e-refinaria-no-bahrein\/#respond\"]}]},{\"@type\":\"WebPage\",\"@id\":\"https:\/\/novabetaniafm.com.br\/novabetania87\/2026\/03\/09\/10o-dia-de-guerra-e-marcado-por-ataques-a-base-militar-dos-eua-no-iraque-e-refinaria-no-bahrein\/\",\"url\":\"https:\/\/novabetaniafm.com.br\/novabetania87\/2026\/03\/09\/10o-dia-de-guerra-e-marcado-por-ataques-a-base-militar-dos-eua-no-iraque-e-refinaria-no-bahrein\/\",\"name\":\"10\u00ba dia de guerra \u00e9 marcado por ataques a base militar dos EUA no Iraque e refinaria no Bahrein - Nova Bet\u00e2nia FM 87,9\",\"isPartOf\":{\"@id\":\"https:\/\/novabetaniafm.com.br\/novabetania87\/#website\"},\"primaryImageOfPage\":{\"@id\":\"https:\/\/novabetaniafm.com.br\/novabetania87\/2026\/03\/09\/10o-dia-de-guerra-e-marcado-por-ataques-a-base-militar-dos-eua-no-iraque-e-refinaria-no-bahrein\/#primaryimage\"},\"image\":{\"@id\":\"https:\/\/novabetaniafm.com.br\/novabetania87\/2026\/03\/09\/10o-dia-de-guerra-e-marcado-por-ataques-a-base-militar-dos-eua-no-iraque-e-refinaria-no-bahrein\/#primaryimage\"},\"thumbnailUrl\":\"https:\/\/novabetaniafm.com.br\/novabetania87\/wp-content\/uploads\/2026\/03\/guerra.jpg\",\"datePublished\":\"2026-03-09T16:19:44+00:00\",\"dateModified\":\"2026-03-09T16:20:31+00:00\",\"breadcrumb\":{\"@id\":\"https:\/\/novabetaniafm.com.br\/novabetania87\/2026\/03\/09\/10o-dia-de-guerra-e-marcado-por-ataques-a-base-militar-dos-eua-no-iraque-e-refinaria-no-bahrein\/#breadcrumb\"},\"inLanguage\":\"pt-BR\",\"potentialAction\":[{\"@type\":\"ReadAction\",\"target\":[\"https:\/\/novabetaniafm.com.br\/novabetania87\/2026\/03\/09\/10o-dia-de-guerra-e-marcado-por-ataques-a-base-militar-dos-eua-no-iraque-e-refinaria-no-bahrein\/\"]}]},{\"@type\":\"ImageObject\",\"inLanguage\":\"pt-BR\",\"@id\":\"https:\/\/novabetaniafm.com.br\/novabetania87\/2026\/03\/09\/10o-dia-de-guerra-e-marcado-por-ataques-a-base-militar-dos-eua-no-iraque-e-refinaria-no-bahrein\/#primaryimage\",\"url\":\"https:\/\/novabetaniafm.com.br\/novabetania87\/wp-content\/uploads\/2026\/03\/guerra.jpg\",\"contentUrl\":\"https:\/\/novabetaniafm.com.br\/novabetania87\/wp-content\/uploads\/2026\/03\/guerra.jpg\",\"width\":1200,\"height\":800},{\"@type\":\"BreadcrumbList\",\"@id\":\"https:\/\/novabetaniafm.com.br\/novabetania87\/2026\/03\/09\/10o-dia-de-guerra-e-marcado-por-ataques-a-base-militar-dos-eua-no-iraque-e-refinaria-no-bahrein\/#breadcrumb\",\"itemListElement\":[{\"@type\":\"ListItem\",\"position\":1,\"name\":\"In\u00edcio\",\"item\":\"https:\/\/novabetaniafm.com.br\/novabetania87\/\"},{\"@type\":\"ListItem\",\"position\":2,\"name\":\"10\u00ba dia de guerra \u00e9 marcado por ataques a base militar dos EUA no Iraque e refinaria no Bahrein\"}]},{\"@type\":\"WebSite\",\"@id\":\"https:\/\/novabetaniafm.com.br\/novabetania87\/#website\",\"url\":\"https:\/\/novabetaniafm.com.br\/novabetania87\/\",\"name\":\"Nova Bet\u00e2nia FM 87,9\",\"description\":\"Ligada em voc\u00ea!\",\"publisher\":{\"@id\":\"https:\/\/novabetaniafm.com.br\/novabetania87\/#organization\"},\"potentialAction\":[{\"@type\":\"SearchAction\",\"target\":{\"@type\":\"EntryPoint\",\"urlTemplate\":\"https:\/\/novabetaniafm.com.br\/novabetania87\/?s={search_term_string}\"},\"query-input\":{\"@type\":\"PropertyValueSpecification\",\"valueRequired\":true,\"valueName\":\"search_term_string\"}}],\"inLanguage\":\"pt-BR\"},{\"@type\":\"Organization\",\"@id\":\"https:\/\/novabetaniafm.com.br\/novabetania87\/#organization\",\"name\":\"Nova Bet\u00e2nia FM 87,9\",\"url\":\"https:\/\/novabetaniafm.com.br\/novabetania87\/\",\"logo\":{\"@type\":\"ImageObject\",\"inLanguage\":\"pt-BR\",\"@id\":\"https:\/\/novabetaniafm.com.br\/novabetania87\/#\/schema\/logo\/image\/\",\"url\":\"https:\/\/novabetaniafm.com.br\/novabetania87\/wp-content\/uploads\/2024\/05\/logo.png\",\"contentUrl\":\"https:\/\/novabetaniafm.com.br\/novabetania87\/wp-content\/uploads\/2024\/05\/logo.png\",\"width\":211,\"height\":144,\"caption\":\"Nova Bet\u00e2nia FM 87,9\"},\"image\":{\"@id\":\"https:\/\/novabetaniafm.com.br\/novabetania87\/#\/schema\/logo\/image\/\"}},{\"@type\":\"Person\",\"@id\":\"https:\/\/novabetaniafm.com.br\/novabetania87\/#\/schema\/person\/73fd05cbd77cd30a7bab1141b8ab8555\",\"name\":\"Nova Bet\u00e2nia FM\",\"image\":{\"@type\":\"ImageObject\",\"inLanguage\":\"pt-BR\",\"@id\":\"https:\/\/novabetaniafm.com.br\/novabetania87\/#\/schema\/person\/image\/\",\"url\":\"https:\/\/secure.gravatar.com\/avatar\/e0359add7ed5dc3560906d861b52c6a8cf5c1e199d3a7dd85070998f49bd4701?s=96&d=mm&r=g\",\"contentUrl\":\"https:\/\/secure.gravatar.com\/avatar\/e0359add7ed5dc3560906d861b52c6a8cf5c1e199d3a7dd85070998f49bd4701?s=96&d=mm&r=g\",\"caption\":\"Nova Bet\u00e2nia FM\"},\"url\":\"https:\/\/novabetaniafm.com.br\/novabetania87\/author\/novabetaniafm879\/\"}]}<\/script>\n<!-- \/ Yoast SEO plugin. -->","yoast_head_json":{"title":"10\u00ba dia de guerra \u00e9 marcado por ataques a base militar dos EUA no Iraque e refinaria no Bahrein - Nova Bet\u00e2nia FM 87,9","robots":{"index":"index","follow":"follow","max-snippet":"max-snippet:-1","max-image-preview":"max-image-preview:large","max-video-preview":"max-video-preview:-1"},"canonical":"https:\/\/novabetaniafm.com.br\/novabetania87\/2026\/03\/09\/10o-dia-de-guerra-e-marcado-por-ataques-a-base-militar-dos-eua-no-iraque-e-refinaria-no-bahrein\/","og_locale":"pt_BR","og_type":"article","og_title":"10\u00ba dia de guerra \u00e9 marcado por ataques a base militar dos EUA no Iraque e refinaria no Bahrein - Nova Bet\u00e2nia FM 87,9","og_description":"O conflito entre Estados Unidos, Israel e Ir\u00e3 entrou no d\u00e9cimo dia nesta segunda-feira, 9, marcado por ataques a alvos estrat\u00e9gicos. O Ir\u00e3 anunciou o lan\u00e7amento de suas primeiras ofensivas desde que Mojtaba Khamenei foi...","og_url":"https:\/\/novabetaniafm.com.br\/novabetania87\/2026\/03\/09\/10o-dia-de-guerra-e-marcado-por-ataques-a-base-militar-dos-eua-no-iraque-e-refinaria-no-bahrein\/","og_site_name":"Nova Bet\u00e2nia FM 87,9","article_published_time":"2026-03-09T16:19:44+00:00","article_modified_time":"2026-03-09T16:20:31+00:00","og_image":[{"width":1200,"height":800,"url":"http:\/\/novabetaniafm.com.br\/novabetania87\/wp-content\/uploads\/2026\/03\/guerra.jpg","type":"image\/jpeg"}],"author":"Nova Bet\u00e2nia FM","twitter_card":"summary_large_image","twitter_misc":{"Escrito por":"Nova Bet\u00e2nia FM","Est. tempo de leitura":"6 minutos"},"schema":{"@context":"https:\/\/schema.org","@graph":[{"@type":"Article","@id":"https:\/\/novabetaniafm.com.br\/novabetania87\/2026\/03\/09\/10o-dia-de-guerra-e-marcado-por-ataques-a-base-militar-dos-eua-no-iraque-e-refinaria-no-bahrein\/#article","isPartOf":{"@id":"https:\/\/novabetaniafm.com.br\/novabetania87\/2026\/03\/09\/10o-dia-de-guerra-e-marcado-por-ataques-a-base-militar-dos-eua-no-iraque-e-refinaria-no-bahrein\/"},"author":{"name":"Nova Bet\u00e2nia FM","@id":"https:\/\/novabetaniafm.com.br\/novabetania87\/#\/schema\/person\/73fd05cbd77cd30a7bab1141b8ab8555"},"headline":"10\u00ba dia de guerra \u00e9 marcado por ataques a base militar dos EUA no Iraque e refinaria no Bahrein","datePublished":"2026-03-09T16:19:44+00:00","dateModified":"2026-03-09T16:20:31+00:00","mainEntityOfPage":{"@id":"https:\/\/novabetaniafm.com.br\/novabetania87\/2026\/03\/09\/10o-dia-de-guerra-e-marcado-por-ataques-a-base-militar-dos-eua-no-iraque-e-refinaria-no-bahrein\/"},"wordCount":1007,"commentCount":0,"publisher":{"@id":"https:\/\/novabetaniafm.com.br\/novabetania87\/#organization"},"image":{"@id":"https:\/\/novabetaniafm.com.br\/novabetania87\/2026\/03\/09\/10o-dia-de-guerra-e-marcado-por-ataques-a-base-militar-dos-eua-no-iraque-e-refinaria-no-bahrein\/#primaryimage"},"thumbnailUrl":"https:\/\/novabetaniafm.com.br\/novabetania87\/wp-content\/uploads\/2026\/03\/guerra.jpg","articleSection":["Not\u00edcias"],"inLanguage":"pt-BR","potentialAction":[{"@type":"CommentAction","name":"Comment","target":["https:\/\/novabetaniafm.com.br\/novabetania87\/2026\/03\/09\/10o-dia-de-guerra-e-marcado-por-ataques-a-base-militar-dos-eua-no-iraque-e-refinaria-no-bahrein\/#respond"]}]},{"@type":"WebPage","@id":"https:\/\/novabetaniafm.com.br\/novabetania87\/2026\/03\/09\/10o-dia-de-guerra-e-marcado-por-ataques-a-base-militar-dos-eua-no-iraque-e-refinaria-no-bahrein\/","url":"https:\/\/novabetaniafm.com.br\/novabetania87\/2026\/03\/09\/10o-dia-de-guerra-e-marcado-por-ataques-a-base-militar-dos-eua-no-iraque-e-refinaria-no-bahrein\/","name":"10\u00ba dia de guerra \u00e9 marcado por ataques a base militar dos EUA no Iraque e refinaria no Bahrein - Nova Bet\u00e2nia FM 87,9","isPartOf":{"@id":"https:\/\/novabetaniafm.com.br\/novabetania87\/#website"},"primaryImageOfPage":{"@id":"https:\/\/novabetaniafm.com.br\/novabetania87\/2026\/03\/09\/10o-dia-de-guerra-e-marcado-por-ataques-a-base-militar-dos-eua-no-iraque-e-refinaria-no-bahrein\/#primaryimage"},"image":{"@id":"https:\/\/novabetaniafm.com.br\/novabetania87\/2026\/03\/09\/10o-dia-de-guerra-e-marcado-por-ataques-a-base-militar-dos-eua-no-iraque-e-refinaria-no-bahrein\/#primaryimage"},"thumbnailUrl":"https:\/\/novabetaniafm.com.br\/novabetania87\/wp-content\/uploads\/2026\/03\/guerra.jpg","datePublished":"2026-03-09T16:19:44+00:00","dateModified":"2026-03-09T16:20:31+00:00","breadcrumb":{"@id":"https:\/\/novabetaniafm.com.br\/novabetania87\/2026\/03\/09\/10o-dia-de-guerra-e-marcado-por-ataques-a-base-militar-dos-eua-no-iraque-e-refinaria-no-bahrein\/#breadcrumb"},"inLanguage":"pt-BR","potentialAction":[{"@type":"ReadAction","target":["https:\/\/novabetaniafm.com.br\/novabetania87\/2026\/03\/09\/10o-dia-de-guerra-e-marcado-por-ataques-a-base-militar-dos-eua-no-iraque-e-refinaria-no-bahrein\/"]}]},{"@type":"ImageObject","inLanguage":"pt-BR","@id":"https:\/\/novabetaniafm.com.br\/novabetania87\/2026\/03\/09\/10o-dia-de-guerra-e-marcado-por-ataques-a-base-militar-dos-eua-no-iraque-e-refinaria-no-bahrein\/#primaryimage","url":"https:\/\/novabetaniafm.com.br\/novabetania87\/wp-content\/uploads\/2026\/03\/guerra.jpg","contentUrl":"https:\/\/novabetaniafm.com.br\/novabetania87\/wp-content\/uploads\/2026\/03\/guerra.jpg","width":1200,"height":800},{"@type":"BreadcrumbList","@id":"https:\/\/novabetaniafm.com.br\/novabetania87\/2026\/03\/09\/10o-dia-de-guerra-e-marcado-por-ataques-a-base-militar-dos-eua-no-iraque-e-refinaria-no-bahrein\/#breadcrumb","itemListElement":[{"@type":"ListItem","position":1,"name":"In\u00edcio","item":"https:\/\/novabetaniafm.com.br\/novabetania87\/"},{"@type":"ListItem","position":2,"name":"10\u00ba dia de guerra \u00e9 marcado por ataques a base militar dos EUA no Iraque e refinaria no Bahrein"}]},{"@type":"WebSite","@id":"https:\/\/novabetaniafm.com.br\/novabetania87\/#website","url":"https:\/\/novabetaniafm.com.br\/novabetania87\/","name":"Nova Bet\u00e2nia FM 87,9","description":"Ligada em voc\u00ea!","publisher":{"@id":"https:\/\/novabetaniafm.com.br\/novabetania87\/#organization"},"potentialAction":[{"@type":"SearchAction","target":{"@type":"EntryPoint","urlTemplate":"https:\/\/novabetaniafm.com.br\/novabetania87\/?s={search_term_string}"},"query-input":{"@type":"PropertyValueSpecification","valueRequired":true,"valueName":"search_term_string"}}],"inLanguage":"pt-BR"},{"@type":"Organization","@id":"https:\/\/novabetaniafm.com.br\/novabetania87\/#organization","name":"Nova Bet\u00e2nia FM 87,9","url":"https:\/\/novabetaniafm.com.br\/novabetania87\/","logo":{"@type":"ImageObject","inLanguage":"pt-BR","@id":"https:\/\/novabetaniafm.com.br\/novabetania87\/#\/schema\/logo\/image\/","url":"https:\/\/novabetaniafm.com.br\/novabetania87\/wp-content\/uploads\/2024\/05\/logo.png","contentUrl":"https:\/\/novabetaniafm.com.br\/novabetania87\/wp-content\/uploads\/2024\/05\/logo.png","width":211,"height":144,"caption":"Nova Bet\u00e2nia FM 87,9"},"image":{"@id":"https:\/\/novabetaniafm.com.br\/novabetania87\/#\/schema\/logo\/image\/"}},{"@type":"Person","@id":"https:\/\/novabetaniafm.com.br\/novabetania87\/#\/schema\/person\/73fd05cbd77cd30a7bab1141b8ab8555","name":"Nova Bet\u00e2nia FM","image":{"@type":"ImageObject","inLanguage":"pt-BR","@id":"https:\/\/novabetaniafm.com.br\/novabetania87\/#\/schema\/person\/image\/","url":"https:\/\/secure.gravatar.com\/avatar\/e0359add7ed5dc3560906d861b52c6a8cf5c1e199d3a7dd85070998f49bd4701?s=96&d=mm&r=g","contentUrl":"https:\/\/secure.gravatar.com\/avatar\/e0359add7ed5dc3560906d861b52c6a8cf5c1e199d3a7dd85070998f49bd4701?s=96&d=mm&r=g","caption":"Nova Bet\u00e2nia FM"},"url":"https:\/\/novabetaniafm.com.br\/novabetania87\/author\/novabetaniafm879\/"}]}},"jetpack_featured_media_url":"https:\/\/novabetaniafm.com.br\/novabetania87\/wp-content\/uploads\/2026\/03\/guerra.jpg","_links":{"self":[{"href":"https:\/\/novabetaniafm.com.br\/novabetania87\/wp-json\/wp\/v2\/posts\/9275","targetHints":{"allow":["GET"]}}],"collection":[{"href":"https:\/\/novabetaniafm.com.br\/novabetania87\/wp-json\/wp\/v2\/posts"}],"about":[{"href":"https:\/\/novabetaniafm.com.br\/novabetania87\/wp-json\/wp\/v2\/types\/post"}],"author":[{"embeddable":true,"href":"https:\/\/novabetaniafm.com.br\/novabetania87\/wp-json\/wp\/v2\/users\/4"}],"replies":[{"embeddable":true,"href":"https:\/\/novabetaniafm.com.br\/novabetania87\/wp-json\/wp\/v2\/comments?post=9275"}],"version-history":[{"count":1,"href":"https:\/\/novabetaniafm.com.br\/novabetania87\/wp-json\/wp\/v2\/posts\/9275\/revisions"}],"predecessor-version":[{"id":9277,"href":"https:\/\/novabetaniafm.com.br\/novabetania87\/wp-json\/wp\/v2\/posts\/9275\/revisions\/9277"}],"wp:featuredmedia":[{"embeddable":true,"href":"https:\/\/novabetaniafm.com.br\/novabetania87\/wp-json\/wp\/v2\/media\/9276"}],"wp:attachment":[{"href":"https:\/\/novabetaniafm.com.br\/novabetania87\/wp-json\/wp\/v2\/media?parent=9275"}],"wp:term":[{"taxonomy":"category","embeddable":true,"href":"https:\/\/novabetaniafm.com.br\/novabetania87\/wp-json\/wp\/v2\/categories?post=9275"},{"taxonomy":"post_tag","embeddable":true,"href":"https:\/\/novabetaniafm.com.br\/novabetania87\/wp-json\/wp\/v2\/tags?post=9275"}],"curies":[{"name":"wp","href":"https:\/\/api.w.org\/{rel}","templated":true}]}}