{"id":9258,"date":"2026-03-08T16:55:48","date_gmt":"2026-03-08T19:55:48","guid":{"rendered":"https:\/\/novabetaniafm.com.br\/novabetania87\/?p=9258"},"modified":"2026-03-08T16:55:48","modified_gmt":"2026-03-08T19:55:48","slug":"eduardo-da-fonte-vira-peca-chave-na-disputa-entre-raquel-lyra-e-joao-campos","status":"publish","type":"post","link":"https:\/\/novabetaniafm.com.br\/novabetania87\/2026\/03\/08\/eduardo-da-fonte-vira-peca-chave-na-disputa-entre-raquel-lyra-e-joao-campos\/","title":{"rendered":"Eduardo da Fonte vira pe\u00e7a-chave na disputa entre Raquel Lyra e Jo\u00e3o Campos"},"content":{"rendered":"<p class=\"p1\">O tabuleiro pol\u00edtico de Pernambuco come\u00e7ou a se mover com mais intensidade nas \u00faltimas semanas, e no centro dessa movimenta\u00e7\u00e3o est\u00e1 o deputado federal Eduardo da Fonte. Presidente estadual do Progressistas (PP), ele se transformou em uma das pe\u00e7as mais disputadas na corrida eleitoral de 2026.<\/p>\n<p class=\"p1\">Oficialmente, o PP integra a base da governadora\u00a0<a href=\"chatgpt:\/\/generic-entity?number=1\">Raquel Lyra<\/a>, e a tend\u00eancia defendida pelo Pal\u00e1cio do Campo das Princesas \u00e9 que Eduardo da Fonte seja o nome do partido para disputar o Senado em sua chapa. O gesto de aproxima\u00e7\u00e3o j\u00e1 ocorreu em reuni\u00f5es pol\u00edticas recentes entre a governadora e o parlamentar, sinalizando a possibilidade de composi\u00e7\u00e3o majorit\u00e1ria.<\/p>\n<p class=\"p1\">Nos bastidores, por\u00e9m, o cen\u00e1rio est\u00e1 longe de estar resolvido. A press\u00e3o para que Eduardo da Fonte confirme logo sua posi\u00e7\u00e3o tem provocado desgaste na rela\u00e7\u00e3o pol\u00edtica com o governo estadual. A governadora deseja uma defini\u00e7\u00e3o r\u00e1pida, enquanto o deputado prefere aguardar o momento pol\u00edtico mais favor\u00e1vel antes de bater o martelo sobre o palanque de 2026.<\/p>\n<p class=\"p1\">Ao mesmo tempo, a disputa ganhou novos ingredientes ap\u00f3s a opera\u00e7\u00e3o da Pol\u00edcia Federal que atingiu integrantes da fam\u00edlia do ex-senador\u00a0<a href=\"chatgpt:\/\/generic-entity?number=2\">Fernando Bezerra Coelho<\/a>\u00a0e seu filho, o ex-prefeito de Petrolina\u00a0<a href=\"chatgpt:\/\/generic-entity?number=3\">Miguel Coelho<\/a>. Miguel era apontado como um dos nomes cotados para disputar o Senado na chapa liderada pelo prefeito do Recife,\u00a0<a href=\"chatgpt:\/\/generic-entity?number=4\">Jo\u00e3o Campos<\/a>.<\/p>\n<p class=\"p1\">O epis\u00f3dio abriu uma fissura no campo pol\u00edtico de Jo\u00e3o Campos, onde j\u00e1 havia uma disputa interna por espa\u00e7o na chapa majorit\u00e1ria. Al\u00e9m de Miguel Coelho, outros nomes tamb\u00e9m circulam como poss\u00edveis candidatos ao Senado no grupo socialista, ampliando a disputa por vagas.<\/p>\n<p class=\"p1\">Nesse cen\u00e1rio de incertezas, o PP comandado por Eduardo da Fonte ganha ainda mais peso. O partido controla uma estrutura pol\u00edtica relevante no estado, com deputados, prefeitos e tempo de televis\u00e3o, o que o transforma em um aliado estrat\u00e9gico tanto para Raquel Lyra quanto para Jo\u00e3o Campos.<\/p>\n<p class=\"p1\">Por enquanto, o Progressistas permanece formalmente no campo da governadora. Mas a demora de Eduardo da Fonte em anunciar sua decis\u00e3o definitiva mant\u00e9m o jogo aberto e alimenta especula\u00e7\u00f5es nos bastidores da pol\u00edtica pernambucana.<\/p>\n<p>Em um cen\u00e1rio onde duas vagas ao Senado estar\u00e3o em disputa em 2026, a posi\u00e7\u00e3o final do PP pode ser decisiva para definir o equil\u00edbrio de for\u00e7as entre governo e oposi\u00e7\u00e3o.<\/p>\n\n<div style=\"font-size: 0px; height: 0px; line-height: 0px; margin: 0; padding: 0; clear: both;\"><\/div>","protected":false},"excerpt":{"rendered":"<p>O tabuleiro pol\u00edtico de Pernambuco come\u00e7ou a se mover com mais intensidade nas \u00faltimas semanas, e no centro dessa movimenta\u00e7\u00e3o est\u00e1 o deputado federal Eduardo da Fonte. Presidente estadual do Progressistas (PP), ele se transformou&#8230;<\/p>\n","protected":false},"author":4,"featured_media":9259,"comment_status":"open","ping_status":"open","sticky":false,"template":"","format":"standard","meta":{"footnotes":""},"categories":[2],"tags":[],"class_list":["post-9258","post","type-post","status-publish","format-standard","has-post-thumbnail","hentry","category-noticias"],"yoast_head":"<!-- This site is optimized with the Yoast SEO plugin v24.5 - https:\/\/yoast.com\/wordpress\/plugins\/seo\/ -->\n<title>Eduardo da Fonte vira pe\u00e7a-chave na disputa entre Raquel Lyra e Jo\u00e3o Campos - Nova Bet\u00e2nia FM 87,9<\/title>\n<meta name=\"robots\" content=\"index, follow, max-snippet:-1, max-image-preview:large, max-video-preview:-1\" \/>\n<link rel=\"canonical\" href=\"https:\/\/novabetaniafm.com.br\/novabetania87\/2026\/03\/08\/eduardo-da-fonte-vira-peca-chave-na-disputa-entre-raquel-lyra-e-joao-campos\/\" \/>\n<meta property=\"og:locale\" content=\"pt_BR\" \/>\n<meta property=\"og:type\" content=\"article\" \/>\n<meta property=\"og:title\" content=\"Eduardo da Fonte vira pe\u00e7a-chave na disputa entre Raquel Lyra e Jo\u00e3o Campos - Nova Bet\u00e2nia FM 87,9\" \/>\n<meta property=\"og:description\" content=\"O tabuleiro pol\u00edtico de Pernambuco come\u00e7ou a se mover com mais intensidade nas \u00faltimas semanas, e no centro dessa movimenta\u00e7\u00e3o est\u00e1 o deputado federal Eduardo da Fonte. Presidente estadual do Progressistas (PP), ele se transformou...\" \/>\n<meta property=\"og:url\" content=\"https:\/\/novabetaniafm.com.br\/novabetania87\/2026\/03\/08\/eduardo-da-fonte-vira-peca-chave-na-disputa-entre-raquel-lyra-e-joao-campos\/\" \/>\n<meta property=\"og:site_name\" content=\"Nova Bet\u00e2nia FM 87,9\" \/>\n<meta property=\"article:published_time\" content=\"2026-03-08T19:55:48+00:00\" \/>\n<meta property=\"og:image\" content=\"http:\/\/novabetaniafm.com.br\/novabetania87\/wp-content\/uploads\/2026\/03\/Da-Fonte.jpg\" \/>\n\t<meta property=\"og:image:width\" content=\"1600\" \/>\n\t<meta property=\"og:image:height\" content=\"960\" \/>\n\t<meta property=\"og:image:type\" content=\"image\/jpeg\" \/>\n<meta name=\"author\" content=\"Nova Bet\u00e2nia FM\" \/>\n<meta name=\"twitter:card\" content=\"summary_large_image\" \/>\n<meta name=\"twitter:label1\" content=\"Escrito por\" \/>\n\t<meta name=\"twitter:data1\" content=\"Nova Bet\u00e2nia FM\" \/>\n\t<meta name=\"twitter:label2\" content=\"Est. tempo de leitura\" \/>\n\t<meta name=\"twitter:data2\" content=\"3 minutos\" \/>\n<script type=\"application\/ld+json\" class=\"yoast-schema-graph\">{\"@context\":\"https:\/\/schema.org\",\"@graph\":[{\"@type\":\"Article\",\"@id\":\"https:\/\/novabetaniafm.com.br\/novabetania87\/2026\/03\/08\/eduardo-da-fonte-vira-peca-chave-na-disputa-entre-raquel-lyra-e-joao-campos\/#article\",\"isPartOf\":{\"@id\":\"https:\/\/novabetaniafm.com.br\/novabetania87\/2026\/03\/08\/eduardo-da-fonte-vira-peca-chave-na-disputa-entre-raquel-lyra-e-joao-campos\/\"},\"author\":{\"name\":\"Nova Bet\u00e2nia FM\",\"@id\":\"https:\/\/novabetaniafm.com.br\/novabetania87\/#\/schema\/person\/73fd05cbd77cd30a7bab1141b8ab8555\"},\"headline\":\"Eduardo da Fonte vira pe\u00e7a-chave na disputa entre Raquel Lyra e Jo\u00e3o Campos\",\"datePublished\":\"2026-03-08T19:55:48+00:00\",\"mainEntityOfPage\":{\"@id\":\"https:\/\/novabetaniafm.com.br\/novabetania87\/2026\/03\/08\/eduardo-da-fonte-vira-peca-chave-na-disputa-entre-raquel-lyra-e-joao-campos\/\"},\"wordCount\":431,\"commentCount\":0,\"publisher\":{\"@id\":\"https:\/\/novabetaniafm.com.br\/novabetania87\/#organization\"},\"image\":{\"@id\":\"https:\/\/novabetaniafm.com.br\/novabetania87\/2026\/03\/08\/eduardo-da-fonte-vira-peca-chave-na-disputa-entre-raquel-lyra-e-joao-campos\/#primaryimage\"},\"thumbnailUrl\":\"https:\/\/novabetaniafm.com.br\/novabetania87\/wp-content\/uploads\/2026\/03\/Da-Fonte.jpg\",\"articleSection\":[\"Not\u00edcias\"],\"inLanguage\":\"pt-BR\",\"potentialAction\":[{\"@type\":\"CommentAction\",\"name\":\"Comment\",\"target\":[\"https:\/\/novabetaniafm.com.br\/novabetania87\/2026\/03\/08\/eduardo-da-fonte-vira-peca-chave-na-disputa-entre-raquel-lyra-e-joao-campos\/#respond\"]}]},{\"@type\":\"WebPage\",\"@id\":\"https:\/\/novabetaniafm.com.br\/novabetania87\/2026\/03\/08\/eduardo-da-fonte-vira-peca-chave-na-disputa-entre-raquel-lyra-e-joao-campos\/\",\"url\":\"https:\/\/novabetaniafm.com.br\/novabetania87\/2026\/03\/08\/eduardo-da-fonte-vira-peca-chave-na-disputa-entre-raquel-lyra-e-joao-campos\/\",\"name\":\"Eduardo da Fonte vira pe\u00e7a-chave na disputa entre Raquel Lyra e Jo\u00e3o Campos - Nova Bet\u00e2nia FM 87,9\",\"isPartOf\":{\"@id\":\"https:\/\/novabetaniafm.com.br\/novabetania87\/#website\"},\"primaryImageOfPage\":{\"@id\":\"https:\/\/novabetaniafm.com.br\/novabetania87\/2026\/03\/08\/eduardo-da-fonte-vira-peca-chave-na-disputa-entre-raquel-lyra-e-joao-campos\/#primaryimage\"},\"image\":{\"@id\":\"https:\/\/novabetaniafm.com.br\/novabetania87\/2026\/03\/08\/eduardo-da-fonte-vira-peca-chave-na-disputa-entre-raquel-lyra-e-joao-campos\/#primaryimage\"},\"thumbnailUrl\":\"https:\/\/novabetaniafm.com.br\/novabetania87\/wp-content\/uploads\/2026\/03\/Da-Fonte.jpg\",\"datePublished\":\"2026-03-08T19:55:48+00:00\",\"breadcrumb\":{\"@id\":\"https:\/\/novabetaniafm.com.br\/novabetania87\/2026\/03\/08\/eduardo-da-fonte-vira-peca-chave-na-disputa-entre-raquel-lyra-e-joao-campos\/#breadcrumb\"},\"inLanguage\":\"pt-BR\",\"potentialAction\":[{\"@type\":\"ReadAction\",\"target\":[\"https:\/\/novabetaniafm.com.br\/novabetania87\/2026\/03\/08\/eduardo-da-fonte-vira-peca-chave-na-disputa-entre-raquel-lyra-e-joao-campos\/\"]}]},{\"@type\":\"ImageObject\",\"inLanguage\":\"pt-BR\",\"@id\":\"https:\/\/novabetaniafm.com.br\/novabetania87\/2026\/03\/08\/eduardo-da-fonte-vira-peca-chave-na-disputa-entre-raquel-lyra-e-joao-campos\/#primaryimage\",\"url\":\"https:\/\/novabetaniafm.com.br\/novabetania87\/wp-content\/uploads\/2026\/03\/Da-Fonte.jpg\",\"contentUrl\":\"https:\/\/novabetaniafm.com.br\/novabetania87\/wp-content\/uploads\/2026\/03\/Da-Fonte.jpg\",\"width\":1600,\"height\":960},{\"@type\":\"BreadcrumbList\",\"@id\":\"https:\/\/novabetaniafm.com.br\/novabetania87\/2026\/03\/08\/eduardo-da-fonte-vira-peca-chave-na-disputa-entre-raquel-lyra-e-joao-campos\/#breadcrumb\",\"itemListElement\":[{\"@type\":\"ListItem\",\"position\":1,\"name\":\"In\u00edcio\",\"item\":\"https:\/\/novabetaniafm.com.br\/novabetania87\/\"},{\"@type\":\"ListItem\",\"position\":2,\"name\":\"Eduardo da Fonte vira pe\u00e7a-chave na disputa entre Raquel Lyra e Jo\u00e3o Campos\"}]},{\"@type\":\"WebSite\",\"@id\":\"https:\/\/novabetaniafm.com.br\/novabetania87\/#website\",\"url\":\"https:\/\/novabetaniafm.com.br\/novabetania87\/\",\"name\":\"Nova Bet\u00e2nia FM 87,9\",\"description\":\"Ligada em voc\u00ea!\",\"publisher\":{\"@id\":\"https:\/\/novabetaniafm.com.br\/novabetania87\/#organization\"},\"potentialAction\":[{\"@type\":\"SearchAction\",\"target\":{\"@type\":\"EntryPoint\",\"urlTemplate\":\"https:\/\/novabetaniafm.com.br\/novabetania87\/?s={search_term_string}\"},\"query-input\":{\"@type\":\"PropertyValueSpecification\",\"valueRequired\":true,\"valueName\":\"search_term_string\"}}],\"inLanguage\":\"pt-BR\"},{\"@type\":\"Organization\",\"@id\":\"https:\/\/novabetaniafm.com.br\/novabetania87\/#organization\",\"name\":\"Nova Bet\u00e2nia FM 87,9\",\"url\":\"https:\/\/novabetaniafm.com.br\/novabetania87\/\",\"logo\":{\"@type\":\"ImageObject\",\"inLanguage\":\"pt-BR\",\"@id\":\"https:\/\/novabetaniafm.com.br\/novabetania87\/#\/schema\/logo\/image\/\",\"url\":\"https:\/\/novabetaniafm.com.br\/novabetania87\/wp-content\/uploads\/2024\/05\/logo.png\",\"contentUrl\":\"https:\/\/novabetaniafm.com.br\/novabetania87\/wp-content\/uploads\/2024\/05\/logo.png\",\"width\":211,\"height\":144,\"caption\":\"Nova Bet\u00e2nia FM 87,9\"},\"image\":{\"@id\":\"https:\/\/novabetaniafm.com.br\/novabetania87\/#\/schema\/logo\/image\/\"}},{\"@type\":\"Person\",\"@id\":\"https:\/\/novabetaniafm.com.br\/novabetania87\/#\/schema\/person\/73fd05cbd77cd30a7bab1141b8ab8555\",\"name\":\"Nova Bet\u00e2nia FM\",\"image\":{\"@type\":\"ImageObject\",\"inLanguage\":\"pt-BR\",\"@id\":\"https:\/\/novabetaniafm.com.br\/novabetania87\/#\/schema\/person\/image\/\",\"url\":\"https:\/\/secure.gravatar.com\/avatar\/e0359add7ed5dc3560906d861b52c6a8cf5c1e199d3a7dd85070998f49bd4701?s=96&d=mm&r=g\",\"contentUrl\":\"https:\/\/secure.gravatar.com\/avatar\/e0359add7ed5dc3560906d861b52c6a8cf5c1e199d3a7dd85070998f49bd4701?s=96&d=mm&r=g\",\"caption\":\"Nova Bet\u00e2nia FM\"},\"url\":\"https:\/\/novabetaniafm.com.br\/novabetania87\/author\/novabetaniafm879\/\"}]}<\/script>\n<!-- \/ Yoast SEO plugin. -->","yoast_head_json":{"title":"Eduardo da Fonte vira pe\u00e7a-chave na disputa entre Raquel Lyra e Jo\u00e3o Campos - Nova Bet\u00e2nia FM 87,9","robots":{"index":"index","follow":"follow","max-snippet":"max-snippet:-1","max-image-preview":"max-image-preview:large","max-video-preview":"max-video-preview:-1"},"canonical":"https:\/\/novabetaniafm.com.br\/novabetania87\/2026\/03\/08\/eduardo-da-fonte-vira-peca-chave-na-disputa-entre-raquel-lyra-e-joao-campos\/","og_locale":"pt_BR","og_type":"article","og_title":"Eduardo da Fonte vira pe\u00e7a-chave na disputa entre Raquel Lyra e Jo\u00e3o Campos - Nova Bet\u00e2nia FM 87,9","og_description":"O tabuleiro pol\u00edtico de Pernambuco come\u00e7ou a se mover com mais intensidade nas \u00faltimas semanas, e no centro dessa movimenta\u00e7\u00e3o est\u00e1 o deputado federal Eduardo da Fonte. Presidente estadual do Progressistas (PP), ele se transformou...","og_url":"https:\/\/novabetaniafm.com.br\/novabetania87\/2026\/03\/08\/eduardo-da-fonte-vira-peca-chave-na-disputa-entre-raquel-lyra-e-joao-campos\/","og_site_name":"Nova Bet\u00e2nia FM 87,9","article_published_time":"2026-03-08T19:55:48+00:00","og_image":[{"width":1600,"height":960,"url":"http:\/\/novabetaniafm.com.br\/novabetania87\/wp-content\/uploads\/2026\/03\/Da-Fonte.jpg","type":"image\/jpeg"}],"author":"Nova Bet\u00e2nia FM","twitter_card":"summary_large_image","twitter_misc":{"Escrito por":"Nova Bet\u00e2nia FM","Est. tempo de leitura":"3 minutos"},"schema":{"@context":"https:\/\/schema.org","@graph":[{"@type":"Article","@id":"https:\/\/novabetaniafm.com.br\/novabetania87\/2026\/03\/08\/eduardo-da-fonte-vira-peca-chave-na-disputa-entre-raquel-lyra-e-joao-campos\/#article","isPartOf":{"@id":"https:\/\/novabetaniafm.com.br\/novabetania87\/2026\/03\/08\/eduardo-da-fonte-vira-peca-chave-na-disputa-entre-raquel-lyra-e-joao-campos\/"},"author":{"name":"Nova Bet\u00e2nia FM","@id":"https:\/\/novabetaniafm.com.br\/novabetania87\/#\/schema\/person\/73fd05cbd77cd30a7bab1141b8ab8555"},"headline":"Eduardo da Fonte vira pe\u00e7a-chave na disputa entre Raquel Lyra e Jo\u00e3o Campos","datePublished":"2026-03-08T19:55:48+00:00","mainEntityOfPage":{"@id":"https:\/\/novabetaniafm.com.br\/novabetania87\/2026\/03\/08\/eduardo-da-fonte-vira-peca-chave-na-disputa-entre-raquel-lyra-e-joao-campos\/"},"wordCount":431,"commentCount":0,"publisher":{"@id":"https:\/\/novabetaniafm.com.br\/novabetania87\/#organization"},"image":{"@id":"https:\/\/novabetaniafm.com.br\/novabetania87\/2026\/03\/08\/eduardo-da-fonte-vira-peca-chave-na-disputa-entre-raquel-lyra-e-joao-campos\/#primaryimage"},"thumbnailUrl":"https:\/\/novabetaniafm.com.br\/novabetania87\/wp-content\/uploads\/2026\/03\/Da-Fonte.jpg","articleSection":["Not\u00edcias"],"inLanguage":"pt-BR","potentialAction":[{"@type":"CommentAction","name":"Comment","target":["https:\/\/novabetaniafm.com.br\/novabetania87\/2026\/03\/08\/eduardo-da-fonte-vira-peca-chave-na-disputa-entre-raquel-lyra-e-joao-campos\/#respond"]}]},{"@type":"WebPage","@id":"https:\/\/novabetaniafm.com.br\/novabetania87\/2026\/03\/08\/eduardo-da-fonte-vira-peca-chave-na-disputa-entre-raquel-lyra-e-joao-campos\/","url":"https:\/\/novabetaniafm.com.br\/novabetania87\/2026\/03\/08\/eduardo-da-fonte-vira-peca-chave-na-disputa-entre-raquel-lyra-e-joao-campos\/","name":"Eduardo da Fonte vira pe\u00e7a-chave na disputa entre Raquel Lyra e Jo\u00e3o Campos - Nova Bet\u00e2nia FM 87,9","isPartOf":{"@id":"https:\/\/novabetaniafm.com.br\/novabetania87\/#website"},"primaryImageOfPage":{"@id":"https:\/\/novabetaniafm.com.br\/novabetania87\/2026\/03\/08\/eduardo-da-fonte-vira-peca-chave-na-disputa-entre-raquel-lyra-e-joao-campos\/#primaryimage"},"image":{"@id":"https:\/\/novabetaniafm.com.br\/novabetania87\/2026\/03\/08\/eduardo-da-fonte-vira-peca-chave-na-disputa-entre-raquel-lyra-e-joao-campos\/#primaryimage"},"thumbnailUrl":"https:\/\/novabetaniafm.com.br\/novabetania87\/wp-content\/uploads\/2026\/03\/Da-Fonte.jpg","datePublished":"2026-03-08T19:55:48+00:00","breadcrumb":{"@id":"https:\/\/novabetaniafm.com.br\/novabetania87\/2026\/03\/08\/eduardo-da-fonte-vira-peca-chave-na-disputa-entre-raquel-lyra-e-joao-campos\/#breadcrumb"},"inLanguage":"pt-BR","potentialAction":[{"@type":"ReadAction","target":["https:\/\/novabetaniafm.com.br\/novabetania87\/2026\/03\/08\/eduardo-da-fonte-vira-peca-chave-na-disputa-entre-raquel-lyra-e-joao-campos\/"]}]},{"@type":"ImageObject","inLanguage":"pt-BR","@id":"https:\/\/novabetaniafm.com.br\/novabetania87\/2026\/03\/08\/eduardo-da-fonte-vira-peca-chave-na-disputa-entre-raquel-lyra-e-joao-campos\/#primaryimage","url":"https:\/\/novabetaniafm.com.br\/novabetania87\/wp-content\/uploads\/2026\/03\/Da-Fonte.jpg","contentUrl":"https:\/\/novabetaniafm.com.br\/novabetania87\/wp-content\/uploads\/2026\/03\/Da-Fonte.jpg","width":1600,"height":960},{"@type":"BreadcrumbList","@id":"https:\/\/novabetaniafm.com.br\/novabetania87\/2026\/03\/08\/eduardo-da-fonte-vira-peca-chave-na-disputa-entre-raquel-lyra-e-joao-campos\/#breadcrumb","itemListElement":[{"@type":"ListItem","position":1,"name":"In\u00edcio","item":"https:\/\/novabetaniafm.com.br\/novabetania87\/"},{"@type":"ListItem","position":2,"name":"Eduardo da Fonte vira pe\u00e7a-chave na disputa entre Raquel Lyra e Jo\u00e3o Campos"}]},{"@type":"WebSite","@id":"https:\/\/novabetaniafm.com.br\/novabetania87\/#website","url":"https:\/\/novabetaniafm.com.br\/novabetania87\/","name":"Nova Bet\u00e2nia FM 87,9","description":"Ligada em voc\u00ea!","publisher":{"@id":"https:\/\/novabetaniafm.com.br\/novabetania87\/#organization"},"potentialAction":[{"@type":"SearchAction","target":{"@type":"EntryPoint","urlTemplate":"https:\/\/novabetaniafm.com.br\/novabetania87\/?s={search_term_string}"},"query-input":{"@type":"PropertyValueSpecification","valueRequired":true,"valueName":"search_term_string"}}],"inLanguage":"pt-BR"},{"@type":"Organization","@id":"https:\/\/novabetaniafm.com.br\/novabetania87\/#organization","name":"Nova Bet\u00e2nia FM 87,9","url":"https:\/\/novabetaniafm.com.br\/novabetania87\/","logo":{"@type":"ImageObject","inLanguage":"pt-BR","@id":"https:\/\/novabetaniafm.com.br\/novabetania87\/#\/schema\/logo\/image\/","url":"https:\/\/novabetaniafm.com.br\/novabetania87\/wp-content\/uploads\/2024\/05\/logo.png","contentUrl":"https:\/\/novabetaniafm.com.br\/novabetania87\/wp-content\/uploads\/2024\/05\/logo.png","width":211,"height":144,"caption":"Nova Bet\u00e2nia FM 87,9"},"image":{"@id":"https:\/\/novabetaniafm.com.br\/novabetania87\/#\/schema\/logo\/image\/"}},{"@type":"Person","@id":"https:\/\/novabetaniafm.com.br\/novabetania87\/#\/schema\/person\/73fd05cbd77cd30a7bab1141b8ab8555","name":"Nova Bet\u00e2nia FM","image":{"@type":"ImageObject","inLanguage":"pt-BR","@id":"https:\/\/novabetaniafm.com.br\/novabetania87\/#\/schema\/person\/image\/","url":"https:\/\/secure.gravatar.com\/avatar\/e0359add7ed5dc3560906d861b52c6a8cf5c1e199d3a7dd85070998f49bd4701?s=96&d=mm&r=g","contentUrl":"https:\/\/secure.gravatar.com\/avatar\/e0359add7ed5dc3560906d861b52c6a8cf5c1e199d3a7dd85070998f49bd4701?s=96&d=mm&r=g","caption":"Nova Bet\u00e2nia FM"},"url":"https:\/\/novabetaniafm.com.br\/novabetania87\/author\/novabetaniafm879\/"}]}},"jetpack_featured_media_url":"https:\/\/novabetaniafm.com.br\/novabetania87\/wp-content\/uploads\/2026\/03\/Da-Fonte.jpg","_links":{"self":[{"href":"https:\/\/novabetaniafm.com.br\/novabetania87\/wp-json\/wp\/v2\/posts\/9258","targetHints":{"allow":["GET"]}}],"collection":[{"href":"https:\/\/novabetaniafm.com.br\/novabetania87\/wp-json\/wp\/v2\/posts"}],"about":[{"href":"https:\/\/novabetaniafm.com.br\/novabetania87\/wp-json\/wp\/v2\/types\/post"}],"author":[{"embeddable":true,"href":"https:\/\/novabetaniafm.com.br\/novabetania87\/wp-json\/wp\/v2\/users\/4"}],"replies":[{"embeddable":true,"href":"https:\/\/novabetaniafm.com.br\/novabetania87\/wp-json\/wp\/v2\/comments?post=9258"}],"version-history":[{"count":1,"href":"https:\/\/novabetaniafm.com.br\/novabetania87\/wp-json\/wp\/v2\/posts\/9258\/revisions"}],"predecessor-version":[{"id":9260,"href":"https:\/\/novabetaniafm.com.br\/novabetania87\/wp-json\/wp\/v2\/posts\/9258\/revisions\/9260"}],"wp:featuredmedia":[{"embeddable":true,"href":"https:\/\/novabetaniafm.com.br\/novabetania87\/wp-json\/wp\/v2\/media\/9259"}],"wp:attachment":[{"href":"https:\/\/novabetaniafm.com.br\/novabetania87\/wp-json\/wp\/v2\/media?parent=9258"}],"wp:term":[{"taxonomy":"category","embeddable":true,"href":"https:\/\/novabetaniafm.com.br\/novabetania87\/wp-json\/wp\/v2\/categories?post=9258"},{"taxonomy":"post_tag","embeddable":true,"href":"https:\/\/novabetaniafm.com.br\/novabetania87\/wp-json\/wp\/v2\/tags?post=9258"}],"curies":[{"name":"wp","href":"https:\/\/api.w.org\/{rel}","templated":true}]}}