{"id":9240,"date":"2026-03-06T11:19:49","date_gmt":"2026-03-06T14:19:49","guid":{"rendered":"https:\/\/novabetaniafm.com.br\/novabetania87\/?p=9240"},"modified":"2026-03-06T11:19:49","modified_gmt":"2026-03-06T14:19:49","slug":"pernambuco-celebra-data-magna-com-cerimonia-e-homenagem-aos-herois-da-revolucao-de-1817","status":"publish","type":"post","link":"https:\/\/novabetaniafm.com.br\/novabetania87\/2026\/03\/06\/pernambuco-celebra-data-magna-com-cerimonia-e-homenagem-aos-herois-da-revolucao-de-1817\/","title":{"rendered":"Pernambuco celebra Data Magna com cerim\u00f4nia e homenagem aos her\u00f3is da Revolu\u00e7\u00e3o de 1817"},"content":{"rendered":"<p>O Governo de Pernambuco realizou, na manh\u00e3 desta sexta-feira (6), uma cerim\u00f4nia em comemora\u00e7\u00e3o \u00e0 Data Magna de Pernambuco, data que relembra a Revolu\u00e7\u00e3o Pernambucana de 1817, um dos movimentos mais marcantes da hist\u00f3ria pol\u00edtica do estado e do pa\u00eds.<\/p>\n<p>A solenidade aconteceu no Pal\u00e1cio do Campo das Princesas, sede do governo estadual, no bairro de Santo Ant\u00f4nio, no Centro do Recife, e foi conduzida pela governadora Raquel Lyra. Durante o evento, foi realizado o tradicional hasteamento das bandeiras, simbolizando o reconhecimento da import\u00e2ncia hist\u00f3rica da revolta que marcou a luta por ideais republicanos e de autonomia pol\u00edtica em Pernambuco. Pol\u00edticos e outras autoridades militares acompanharam o momento.<\/p>\n<p>Durante a cerim\u00f4nia, a governadora destacou o significado hist\u00f3rico da data e a perman\u00eancia dos valores defendidos pelos revolucion\u00e1rios. \u201cEm 1817, Pernambuco se fez p\u00e1tria e gritou pelos valores de independ\u00eancia, liberdade, democracia e justi\u00e7a. Isso faz muito parte do cora\u00e7\u00e3o e do sentimento de pernambucanidade do nosso povo\u201d, afirmou.<\/p>\n<p>Raquel Lyra tamb\u00e9m ressaltou que, mais de dois s\u00e9culos depois, o legado do movimento segue atual, mesmo 209 anos depois. \u201cEstamos aqui celebrando aqueles que vieram antes de n\u00f3s, lutando por mais democracia, por mais justi\u00e7a e por um governo que chegue verdadeiramente \u00e0 vida daqueles que mais precisam. Que possamos honrar o legado e as tradi\u00e7\u00f5es daqueles que colocaram a sua vida em favor do povo pernambucano\u201d, disse.<\/p>\n<p>A programa\u00e7\u00e3o tamb\u00e9m incluiu uma homenagem aos her\u00f3is da revolu\u00e7\u00e3o na Pra\u00e7a da Rep\u00fablica, em frente ao pal\u00e1cio. No local, autoridades e participantes prestaram rever\u00eancia ao monumento que lembra os m\u00e1rtires do movimento de 1817, reconhecidos como s\u00edmbolos da resist\u00eancia e da defesa de princ\u00edpios de liberdade e soberania.<\/p>\n<p>Para o general do Comando Militar do Nordeste, Francisco Carlos Machado Silva, a celebra\u00e7\u00e3o representa um momento de valoriza\u00e7\u00e3o da mem\u00f3ria hist\u00f3rica do estado. Segundo ele, relembrar a revolu\u00e7\u00e3o significa tamb\u00e9m refor\u00e7ar os valores que moldam a identidade pernambucana. \u201c\u00c9 um momento de culto aos valores e de resgate da hist\u00f3ria de Pernambuco. O povo pernambucano tem muito orgulho de suas ra\u00edzes e de sua cultura\u201d, afirmou.<\/p>\n<p>O gr\u00e3o-mestre do Grande Oriente de Pernambuco, Geraldo Luciano de Lira Costa, destacou a participa\u00e7\u00e3o da ma\u00e7onaria no movimento de 1817 e a relev\u00e2ncia simb\u00f3lica da data. \u201cFoi um momento libert\u00e1rio em que diversos l\u00edderes, entre eles religiosos e ma\u00e7ons como Frei Caneca, Frei Miguelinho e Padre Roma, se insurgiram contra a Coroa. Pernambuco chegou a ter uma constitui\u00e7\u00e3o e se tornou independente por cerca de 74 dias\u201d, explicou. Para ele, a data representa valores fundamentais defendidos pelo movimento, como liberdade, igualdade e fraternidade.<\/p>\n<p><strong>A data<\/strong><br \/>\nCelebrada anualmente em 6 de mar\u00e7o, a Data Magna refor\u00e7a a mem\u00f3ria de um epis\u00f3dio hist\u00f3rico em que Pernambuco se destacou na defesa de ideais republicanos. A revolu\u00e7\u00e3o chegou a instaurar um governo provis\u00f3rio e uma rep\u00fablica independente por cerca de 75 dias, antes de ser reprimida pelo governo portugu\u00eas. \u201cDurante esse per\u00edodo, a ent\u00e3o capitania de Pernambuco foi um pa\u00eds livre e independente, com governo pr\u00f3prio, uma lei org\u00e2nica e representantes de diversos segmentos da sociedade\u201d, destacou o professor e historiador Jos\u00e9 Ricardo de Souza.<\/p>\n<p>Ainda de acordo com o historiador, os desdobramentos da revolu\u00e7\u00e3o influenciaram outros movimentos pol\u00edticos importantes no pa\u00eds, como a Junta Governativa de Goiana, em 1821, e a Confedera\u00e7\u00e3o do Equador, em 1824. \u201cPernambuco sempre mostrou esse lado libert\u00e1rio, servindo de refer\u00eancia para outras prov\u00edncias sobre como reagir ao poder central\u201d, afirmou.<\/p>\n<p>&nbsp;<\/p>\n\n<div style=\"font-size: 0px; height: 0px; line-height: 0px; margin: 0; padding: 0; clear: both;\"><\/div>","protected":false},"excerpt":{"rendered":"<p>O Governo de Pernambuco realizou, na manh\u00e3 desta sexta-feira (6), uma cerim\u00f4nia em comemora\u00e7\u00e3o \u00e0 Data Magna de Pernambuco, data que relembra a Revolu\u00e7\u00e3o Pernambucana de 1817, um dos movimentos mais marcantes da hist\u00f3ria pol\u00edtica&#8230;<\/p>\n","protected":false},"author":4,"featured_media":9241,"comment_status":"open","ping_status":"open","sticky":false,"template":"","format":"standard","meta":{"footnotes":""},"categories":[2],"tags":[],"class_list":["post-9240","post","type-post","status-publish","format-standard","has-post-thumbnail","hentry","category-noticias"],"yoast_head":"<!-- This site is optimized with the Yoast SEO plugin v24.5 - https:\/\/yoast.com\/wordpress\/plugins\/seo\/ -->\n<title>Pernambuco celebra Data Magna com cerim\u00f4nia e homenagem aos her\u00f3is da Revolu\u00e7\u00e3o de 1817 - Nova Bet\u00e2nia FM 87,9<\/title>\n<meta name=\"robots\" content=\"index, follow, max-snippet:-1, max-image-preview:large, max-video-preview:-1\" \/>\n<link rel=\"canonical\" href=\"https:\/\/novabetaniafm.com.br\/novabetania87\/2026\/03\/06\/pernambuco-celebra-data-magna-com-cerimonia-e-homenagem-aos-herois-da-revolucao-de-1817\/\" \/>\n<meta property=\"og:locale\" content=\"pt_BR\" \/>\n<meta property=\"og:type\" content=\"article\" \/>\n<meta property=\"og:title\" content=\"Pernambuco celebra Data Magna com cerim\u00f4nia e homenagem aos her\u00f3is da Revolu\u00e7\u00e3o de 1817 - Nova Bet\u00e2nia FM 87,9\" \/>\n<meta property=\"og:description\" content=\"O Governo de Pernambuco realizou, na manh\u00e3 desta sexta-feira (6), uma cerim\u00f4nia em comemora\u00e7\u00e3o \u00e0 Data Magna de Pernambuco, data que relembra a Revolu\u00e7\u00e3o Pernambucana de 1817, um dos movimentos mais marcantes da hist\u00f3ria pol\u00edtica...\" \/>\n<meta property=\"og:url\" content=\"https:\/\/novabetaniafm.com.br\/novabetania87\/2026\/03\/06\/pernambuco-celebra-data-magna-com-cerimonia-e-homenagem-aos-herois-da-revolucao-de-1817\/\" \/>\n<meta property=\"og:site_name\" content=\"Nova Bet\u00e2nia FM 87,9\" \/>\n<meta property=\"article:published_time\" content=\"2026-03-06T14:19:49+00:00\" \/>\n<meta property=\"og:image\" content=\"http:\/\/novabetaniafm.com.br\/novabetania87\/wp-content\/uploads\/2026\/03\/magna.jpeg\" \/>\n\t<meta property=\"og:image:width\" content=\"1100\" \/>\n\t<meta property=\"og:image:height\" content=\"734\" \/>\n\t<meta property=\"og:image:type\" content=\"image\/jpeg\" \/>\n<meta name=\"author\" content=\"Nova Bet\u00e2nia FM\" \/>\n<meta name=\"twitter:card\" content=\"summary_large_image\" \/>\n<meta name=\"twitter:label1\" content=\"Escrito por\" \/>\n\t<meta name=\"twitter:data1\" content=\"Nova Bet\u00e2nia FM\" \/>\n\t<meta name=\"twitter:label2\" content=\"Est. tempo de leitura\" \/>\n\t<meta name=\"twitter:data2\" content=\"4 minutos\" \/>\n<script type=\"application\/ld+json\" class=\"yoast-schema-graph\">{\"@context\":\"https:\/\/schema.org\",\"@graph\":[{\"@type\":\"Article\",\"@id\":\"https:\/\/novabetaniafm.com.br\/novabetania87\/2026\/03\/06\/pernambuco-celebra-data-magna-com-cerimonia-e-homenagem-aos-herois-da-revolucao-de-1817\/#article\",\"isPartOf\":{\"@id\":\"https:\/\/novabetaniafm.com.br\/novabetania87\/2026\/03\/06\/pernambuco-celebra-data-magna-com-cerimonia-e-homenagem-aos-herois-da-revolucao-de-1817\/\"},\"author\":{\"name\":\"Nova Bet\u00e2nia FM\",\"@id\":\"https:\/\/novabetaniafm.com.br\/novabetania87\/#\/schema\/person\/73fd05cbd77cd30a7bab1141b8ab8555\"},\"headline\":\"Pernambuco celebra Data Magna com cerim\u00f4nia e homenagem aos her\u00f3is da Revolu\u00e7\u00e3o de 1817\",\"datePublished\":\"2026-03-06T14:19:49+00:00\",\"mainEntityOfPage\":{\"@id\":\"https:\/\/novabetaniafm.com.br\/novabetania87\/2026\/03\/06\/pernambuco-celebra-data-magna-com-cerimonia-e-homenagem-aos-herois-da-revolucao-de-1817\/\"},\"wordCount\":645,\"commentCount\":0,\"publisher\":{\"@id\":\"https:\/\/novabetaniafm.com.br\/novabetania87\/#organization\"},\"image\":{\"@id\":\"https:\/\/novabetaniafm.com.br\/novabetania87\/2026\/03\/06\/pernambuco-celebra-data-magna-com-cerimonia-e-homenagem-aos-herois-da-revolucao-de-1817\/#primaryimage\"},\"thumbnailUrl\":\"https:\/\/novabetaniafm.com.br\/novabetania87\/wp-content\/uploads\/2026\/03\/magna.jpeg\",\"articleSection\":[\"Not\u00edcias\"],\"inLanguage\":\"pt-BR\",\"potentialAction\":[{\"@type\":\"CommentAction\",\"name\":\"Comment\",\"target\":[\"https:\/\/novabetaniafm.com.br\/novabetania87\/2026\/03\/06\/pernambuco-celebra-data-magna-com-cerimonia-e-homenagem-aos-herois-da-revolucao-de-1817\/#respond\"]}]},{\"@type\":\"WebPage\",\"@id\":\"https:\/\/novabetaniafm.com.br\/novabetania87\/2026\/03\/06\/pernambuco-celebra-data-magna-com-cerimonia-e-homenagem-aos-herois-da-revolucao-de-1817\/\",\"url\":\"https:\/\/novabetaniafm.com.br\/novabetania87\/2026\/03\/06\/pernambuco-celebra-data-magna-com-cerimonia-e-homenagem-aos-herois-da-revolucao-de-1817\/\",\"name\":\"Pernambuco celebra Data Magna com cerim\u00f4nia e homenagem aos her\u00f3is da Revolu\u00e7\u00e3o de 1817 - Nova Bet\u00e2nia FM 87,9\",\"isPartOf\":{\"@id\":\"https:\/\/novabetaniafm.com.br\/novabetania87\/#website\"},\"primaryImageOfPage\":{\"@id\":\"https:\/\/novabetaniafm.com.br\/novabetania87\/2026\/03\/06\/pernambuco-celebra-data-magna-com-cerimonia-e-homenagem-aos-herois-da-revolucao-de-1817\/#primaryimage\"},\"image\":{\"@id\":\"https:\/\/novabetaniafm.com.br\/novabetania87\/2026\/03\/06\/pernambuco-celebra-data-magna-com-cerimonia-e-homenagem-aos-herois-da-revolucao-de-1817\/#primaryimage\"},\"thumbnailUrl\":\"https:\/\/novabetaniafm.com.br\/novabetania87\/wp-content\/uploads\/2026\/03\/magna.jpeg\",\"datePublished\":\"2026-03-06T14:19:49+00:00\",\"breadcrumb\":{\"@id\":\"https:\/\/novabetaniafm.com.br\/novabetania87\/2026\/03\/06\/pernambuco-celebra-data-magna-com-cerimonia-e-homenagem-aos-herois-da-revolucao-de-1817\/#breadcrumb\"},\"inLanguage\":\"pt-BR\",\"potentialAction\":[{\"@type\":\"ReadAction\",\"target\":[\"https:\/\/novabetaniafm.com.br\/novabetania87\/2026\/03\/06\/pernambuco-celebra-data-magna-com-cerimonia-e-homenagem-aos-herois-da-revolucao-de-1817\/\"]}]},{\"@type\":\"ImageObject\",\"inLanguage\":\"pt-BR\",\"@id\":\"https:\/\/novabetaniafm.com.br\/novabetania87\/2026\/03\/06\/pernambuco-celebra-data-magna-com-cerimonia-e-homenagem-aos-herois-da-revolucao-de-1817\/#primaryimage\",\"url\":\"https:\/\/novabetaniafm.com.br\/novabetania87\/wp-content\/uploads\/2026\/03\/magna.jpeg\",\"contentUrl\":\"https:\/\/novabetaniafm.com.br\/novabetania87\/wp-content\/uploads\/2026\/03\/magna.jpeg\",\"width\":1100,\"height\":734},{\"@type\":\"BreadcrumbList\",\"@id\":\"https:\/\/novabetaniafm.com.br\/novabetania87\/2026\/03\/06\/pernambuco-celebra-data-magna-com-cerimonia-e-homenagem-aos-herois-da-revolucao-de-1817\/#breadcrumb\",\"itemListElement\":[{\"@type\":\"ListItem\",\"position\":1,\"name\":\"In\u00edcio\",\"item\":\"https:\/\/novabetaniafm.com.br\/novabetania87\/\"},{\"@type\":\"ListItem\",\"position\":2,\"name\":\"Pernambuco celebra Data Magna com cerim\u00f4nia e homenagem aos her\u00f3is da Revolu\u00e7\u00e3o de 1817\"}]},{\"@type\":\"WebSite\",\"@id\":\"https:\/\/novabetaniafm.com.br\/novabetania87\/#website\",\"url\":\"https:\/\/novabetaniafm.com.br\/novabetania87\/\",\"name\":\"Nova Bet\u00e2nia FM 87,9\",\"description\":\"Ligada em voc\u00ea!\",\"publisher\":{\"@id\":\"https:\/\/novabetaniafm.com.br\/novabetania87\/#organization\"},\"potentialAction\":[{\"@type\":\"SearchAction\",\"target\":{\"@type\":\"EntryPoint\",\"urlTemplate\":\"https:\/\/novabetaniafm.com.br\/novabetania87\/?s={search_term_string}\"},\"query-input\":{\"@type\":\"PropertyValueSpecification\",\"valueRequired\":true,\"valueName\":\"search_term_string\"}}],\"inLanguage\":\"pt-BR\"},{\"@type\":\"Organization\",\"@id\":\"https:\/\/novabetaniafm.com.br\/novabetania87\/#organization\",\"name\":\"Nova Bet\u00e2nia FM 87,9\",\"url\":\"https:\/\/novabetaniafm.com.br\/novabetania87\/\",\"logo\":{\"@type\":\"ImageObject\",\"inLanguage\":\"pt-BR\",\"@id\":\"https:\/\/novabetaniafm.com.br\/novabetania87\/#\/schema\/logo\/image\/\",\"url\":\"https:\/\/novabetaniafm.com.br\/novabetania87\/wp-content\/uploads\/2024\/05\/logo.png\",\"contentUrl\":\"https:\/\/novabetaniafm.com.br\/novabetania87\/wp-content\/uploads\/2024\/05\/logo.png\",\"width\":211,\"height\":144,\"caption\":\"Nova Bet\u00e2nia FM 87,9\"},\"image\":{\"@id\":\"https:\/\/novabetaniafm.com.br\/novabetania87\/#\/schema\/logo\/image\/\"}},{\"@type\":\"Person\",\"@id\":\"https:\/\/novabetaniafm.com.br\/novabetania87\/#\/schema\/person\/73fd05cbd77cd30a7bab1141b8ab8555\",\"name\":\"Nova Bet\u00e2nia FM\",\"image\":{\"@type\":\"ImageObject\",\"inLanguage\":\"pt-BR\",\"@id\":\"https:\/\/novabetaniafm.com.br\/novabetania87\/#\/schema\/person\/image\/\",\"url\":\"https:\/\/secure.gravatar.com\/avatar\/e0359add7ed5dc3560906d861b52c6a8cf5c1e199d3a7dd85070998f49bd4701?s=96&d=mm&r=g\",\"contentUrl\":\"https:\/\/secure.gravatar.com\/avatar\/e0359add7ed5dc3560906d861b52c6a8cf5c1e199d3a7dd85070998f49bd4701?s=96&d=mm&r=g\",\"caption\":\"Nova Bet\u00e2nia FM\"},\"url\":\"https:\/\/novabetaniafm.com.br\/novabetania87\/author\/novabetaniafm879\/\"}]}<\/script>\n<!-- \/ Yoast SEO plugin. -->","yoast_head_json":{"title":"Pernambuco celebra Data Magna com cerim\u00f4nia e homenagem aos her\u00f3is da Revolu\u00e7\u00e3o de 1817 - Nova Bet\u00e2nia FM 87,9","robots":{"index":"index","follow":"follow","max-snippet":"max-snippet:-1","max-image-preview":"max-image-preview:large","max-video-preview":"max-video-preview:-1"},"canonical":"https:\/\/novabetaniafm.com.br\/novabetania87\/2026\/03\/06\/pernambuco-celebra-data-magna-com-cerimonia-e-homenagem-aos-herois-da-revolucao-de-1817\/","og_locale":"pt_BR","og_type":"article","og_title":"Pernambuco celebra Data Magna com cerim\u00f4nia e homenagem aos her\u00f3is da Revolu\u00e7\u00e3o de 1817 - Nova Bet\u00e2nia FM 87,9","og_description":"O Governo de Pernambuco realizou, na manh\u00e3 desta sexta-feira (6), uma cerim\u00f4nia em comemora\u00e7\u00e3o \u00e0 Data Magna de Pernambuco, data que relembra a Revolu\u00e7\u00e3o Pernambucana de 1817, um dos movimentos mais marcantes da hist\u00f3ria pol\u00edtica...","og_url":"https:\/\/novabetaniafm.com.br\/novabetania87\/2026\/03\/06\/pernambuco-celebra-data-magna-com-cerimonia-e-homenagem-aos-herois-da-revolucao-de-1817\/","og_site_name":"Nova Bet\u00e2nia FM 87,9","article_published_time":"2026-03-06T14:19:49+00:00","og_image":[{"width":1100,"height":734,"url":"http:\/\/novabetaniafm.com.br\/novabetania87\/wp-content\/uploads\/2026\/03\/magna.jpeg","type":"image\/jpeg"}],"author":"Nova Bet\u00e2nia FM","twitter_card":"summary_large_image","twitter_misc":{"Escrito por":"Nova Bet\u00e2nia FM","Est. tempo de leitura":"4 minutos"},"schema":{"@context":"https:\/\/schema.org","@graph":[{"@type":"Article","@id":"https:\/\/novabetaniafm.com.br\/novabetania87\/2026\/03\/06\/pernambuco-celebra-data-magna-com-cerimonia-e-homenagem-aos-herois-da-revolucao-de-1817\/#article","isPartOf":{"@id":"https:\/\/novabetaniafm.com.br\/novabetania87\/2026\/03\/06\/pernambuco-celebra-data-magna-com-cerimonia-e-homenagem-aos-herois-da-revolucao-de-1817\/"},"author":{"name":"Nova Bet\u00e2nia FM","@id":"https:\/\/novabetaniafm.com.br\/novabetania87\/#\/schema\/person\/73fd05cbd77cd30a7bab1141b8ab8555"},"headline":"Pernambuco celebra Data Magna com cerim\u00f4nia e homenagem aos her\u00f3is da Revolu\u00e7\u00e3o de 1817","datePublished":"2026-03-06T14:19:49+00:00","mainEntityOfPage":{"@id":"https:\/\/novabetaniafm.com.br\/novabetania87\/2026\/03\/06\/pernambuco-celebra-data-magna-com-cerimonia-e-homenagem-aos-herois-da-revolucao-de-1817\/"},"wordCount":645,"commentCount":0,"publisher":{"@id":"https:\/\/novabetaniafm.com.br\/novabetania87\/#organization"},"image":{"@id":"https:\/\/novabetaniafm.com.br\/novabetania87\/2026\/03\/06\/pernambuco-celebra-data-magna-com-cerimonia-e-homenagem-aos-herois-da-revolucao-de-1817\/#primaryimage"},"thumbnailUrl":"https:\/\/novabetaniafm.com.br\/novabetania87\/wp-content\/uploads\/2026\/03\/magna.jpeg","articleSection":["Not\u00edcias"],"inLanguage":"pt-BR","potentialAction":[{"@type":"CommentAction","name":"Comment","target":["https:\/\/novabetaniafm.com.br\/novabetania87\/2026\/03\/06\/pernambuco-celebra-data-magna-com-cerimonia-e-homenagem-aos-herois-da-revolucao-de-1817\/#respond"]}]},{"@type":"WebPage","@id":"https:\/\/novabetaniafm.com.br\/novabetania87\/2026\/03\/06\/pernambuco-celebra-data-magna-com-cerimonia-e-homenagem-aos-herois-da-revolucao-de-1817\/","url":"https:\/\/novabetaniafm.com.br\/novabetania87\/2026\/03\/06\/pernambuco-celebra-data-magna-com-cerimonia-e-homenagem-aos-herois-da-revolucao-de-1817\/","name":"Pernambuco celebra Data Magna com cerim\u00f4nia e homenagem aos her\u00f3is da Revolu\u00e7\u00e3o de 1817 - Nova Bet\u00e2nia FM 87,9","isPartOf":{"@id":"https:\/\/novabetaniafm.com.br\/novabetania87\/#website"},"primaryImageOfPage":{"@id":"https:\/\/novabetaniafm.com.br\/novabetania87\/2026\/03\/06\/pernambuco-celebra-data-magna-com-cerimonia-e-homenagem-aos-herois-da-revolucao-de-1817\/#primaryimage"},"image":{"@id":"https:\/\/novabetaniafm.com.br\/novabetania87\/2026\/03\/06\/pernambuco-celebra-data-magna-com-cerimonia-e-homenagem-aos-herois-da-revolucao-de-1817\/#primaryimage"},"thumbnailUrl":"https:\/\/novabetaniafm.com.br\/novabetania87\/wp-content\/uploads\/2026\/03\/magna.jpeg","datePublished":"2026-03-06T14:19:49+00:00","breadcrumb":{"@id":"https:\/\/novabetaniafm.com.br\/novabetania87\/2026\/03\/06\/pernambuco-celebra-data-magna-com-cerimonia-e-homenagem-aos-herois-da-revolucao-de-1817\/#breadcrumb"},"inLanguage":"pt-BR","potentialAction":[{"@type":"ReadAction","target":["https:\/\/novabetaniafm.com.br\/novabetania87\/2026\/03\/06\/pernambuco-celebra-data-magna-com-cerimonia-e-homenagem-aos-herois-da-revolucao-de-1817\/"]}]},{"@type":"ImageObject","inLanguage":"pt-BR","@id":"https:\/\/novabetaniafm.com.br\/novabetania87\/2026\/03\/06\/pernambuco-celebra-data-magna-com-cerimonia-e-homenagem-aos-herois-da-revolucao-de-1817\/#primaryimage","url":"https:\/\/novabetaniafm.com.br\/novabetania87\/wp-content\/uploads\/2026\/03\/magna.jpeg","contentUrl":"https:\/\/novabetaniafm.com.br\/novabetania87\/wp-content\/uploads\/2026\/03\/magna.jpeg","width":1100,"height":734},{"@type":"BreadcrumbList","@id":"https:\/\/novabetaniafm.com.br\/novabetania87\/2026\/03\/06\/pernambuco-celebra-data-magna-com-cerimonia-e-homenagem-aos-herois-da-revolucao-de-1817\/#breadcrumb","itemListElement":[{"@type":"ListItem","position":1,"name":"In\u00edcio","item":"https:\/\/novabetaniafm.com.br\/novabetania87\/"},{"@type":"ListItem","position":2,"name":"Pernambuco celebra Data Magna com cerim\u00f4nia e homenagem aos her\u00f3is da Revolu\u00e7\u00e3o de 1817"}]},{"@type":"WebSite","@id":"https:\/\/novabetaniafm.com.br\/novabetania87\/#website","url":"https:\/\/novabetaniafm.com.br\/novabetania87\/","name":"Nova Bet\u00e2nia FM 87,9","description":"Ligada em voc\u00ea!","publisher":{"@id":"https:\/\/novabetaniafm.com.br\/novabetania87\/#organization"},"potentialAction":[{"@type":"SearchAction","target":{"@type":"EntryPoint","urlTemplate":"https:\/\/novabetaniafm.com.br\/novabetania87\/?s={search_term_string}"},"query-input":{"@type":"PropertyValueSpecification","valueRequired":true,"valueName":"search_term_string"}}],"inLanguage":"pt-BR"},{"@type":"Organization","@id":"https:\/\/novabetaniafm.com.br\/novabetania87\/#organization","name":"Nova Bet\u00e2nia FM 87,9","url":"https:\/\/novabetaniafm.com.br\/novabetania87\/","logo":{"@type":"ImageObject","inLanguage":"pt-BR","@id":"https:\/\/novabetaniafm.com.br\/novabetania87\/#\/schema\/logo\/image\/","url":"https:\/\/novabetaniafm.com.br\/novabetania87\/wp-content\/uploads\/2024\/05\/logo.png","contentUrl":"https:\/\/novabetaniafm.com.br\/novabetania87\/wp-content\/uploads\/2024\/05\/logo.png","width":211,"height":144,"caption":"Nova Bet\u00e2nia FM 87,9"},"image":{"@id":"https:\/\/novabetaniafm.com.br\/novabetania87\/#\/schema\/logo\/image\/"}},{"@type":"Person","@id":"https:\/\/novabetaniafm.com.br\/novabetania87\/#\/schema\/person\/73fd05cbd77cd30a7bab1141b8ab8555","name":"Nova Bet\u00e2nia FM","image":{"@type":"ImageObject","inLanguage":"pt-BR","@id":"https:\/\/novabetaniafm.com.br\/novabetania87\/#\/schema\/person\/image\/","url":"https:\/\/secure.gravatar.com\/avatar\/e0359add7ed5dc3560906d861b52c6a8cf5c1e199d3a7dd85070998f49bd4701?s=96&d=mm&r=g","contentUrl":"https:\/\/secure.gravatar.com\/avatar\/e0359add7ed5dc3560906d861b52c6a8cf5c1e199d3a7dd85070998f49bd4701?s=96&d=mm&r=g","caption":"Nova Bet\u00e2nia FM"},"url":"https:\/\/novabetaniafm.com.br\/novabetania87\/author\/novabetaniafm879\/"}]}},"jetpack_featured_media_url":"https:\/\/novabetaniafm.com.br\/novabetania87\/wp-content\/uploads\/2026\/03\/magna.jpeg","_links":{"self":[{"href":"https:\/\/novabetaniafm.com.br\/novabetania87\/wp-json\/wp\/v2\/posts\/9240","targetHints":{"allow":["GET"]}}],"collection":[{"href":"https:\/\/novabetaniafm.com.br\/novabetania87\/wp-json\/wp\/v2\/posts"}],"about":[{"href":"https:\/\/novabetaniafm.com.br\/novabetania87\/wp-json\/wp\/v2\/types\/post"}],"author":[{"embeddable":true,"href":"https:\/\/novabetaniafm.com.br\/novabetania87\/wp-json\/wp\/v2\/users\/4"}],"replies":[{"embeddable":true,"href":"https:\/\/novabetaniafm.com.br\/novabetania87\/wp-json\/wp\/v2\/comments?post=9240"}],"version-history":[{"count":1,"href":"https:\/\/novabetaniafm.com.br\/novabetania87\/wp-json\/wp\/v2\/posts\/9240\/revisions"}],"predecessor-version":[{"id":9242,"href":"https:\/\/novabetaniafm.com.br\/novabetania87\/wp-json\/wp\/v2\/posts\/9240\/revisions\/9242"}],"wp:featuredmedia":[{"embeddable":true,"href":"https:\/\/novabetaniafm.com.br\/novabetania87\/wp-json\/wp\/v2\/media\/9241"}],"wp:attachment":[{"href":"https:\/\/novabetaniafm.com.br\/novabetania87\/wp-json\/wp\/v2\/media?parent=9240"}],"wp:term":[{"taxonomy":"category","embeddable":true,"href":"https:\/\/novabetaniafm.com.br\/novabetania87\/wp-json\/wp\/v2\/categories?post=9240"},{"taxonomy":"post_tag","embeddable":true,"href":"https:\/\/novabetaniafm.com.br\/novabetania87\/wp-json\/wp\/v2\/tags?post=9240"}],"curies":[{"name":"wp","href":"https:\/\/api.w.org\/{rel}","templated":true}]}}