{"id":9223,"date":"2026-03-05T08:11:35","date_gmt":"2026-03-05T11:11:35","guid":{"rendered":"https:\/\/novabetaniafm.com.br\/novabetania87\/?p=9223"},"modified":"2026-03-05T11:13:57","modified_gmt":"2026-03-05T14:13:57","slug":"sicario-de-vorcaro-morre-em-bh-pf-diz-que-ele-se-suicidou-na-prisao","status":"publish","type":"post","link":"https:\/\/novabetaniafm.com.br\/novabetania87\/2026\/03\/05\/sicario-de-vorcaro-morre-em-bh-pf-diz-que-ele-se-suicidou-na-prisao\/","title":{"rendered":"\u2018Sic\u00e1rio\u2019 de Vorcaro morre em BH; PF diz que ele se suicidou na pris\u00e3o"},"content":{"rendered":"<p class=\" content-text__container \">Luiz Phillipi Machado de Moraes Mour\u00e3o, o \u201cSic\u00e1rio\u201d de Vorcaro, morreu nesta quarta-feira (4). Ele estava internado no Hospital Jo\u00e3o XXIII, em Minas Gerais, para onde foi levado depois de\u00a0<a class=\"\" href=\"https:\/\/g1.globo.com\/mg\/minas-gerais\/noticia\/2026\/03\/04\/sicario-prisao-superintendencia-da-policia-federal-em-mg.ghtml\">ser encontrado desacordado na cela em que estava<\/a>\u00a0na Superintend\u00eancia da Pol\u00edcia Federal em Minas Gerais. Segundo a PF, ele se suicidou na pris\u00e3o e a morte encef\u00e1lica foi constatada no hospital.<\/p>\n<p class=\" content-text__container \">\u201cSic\u00e1rio\u201d foi preso na Opera\u00e7\u00e3o Compliance Zero, que\u00a0<a class=\"\" href=\"https:\/\/g1.globo.com\/sp\/sao-paulo\/noticia\/2026\/03\/04\/vorcaro-e-preso-em-nova-operacao-da-pf.ghtml\">investiga um esquema bilion\u00e1rio de fraudes financeiras relacionadas ao Banco Master<\/a>. Tamb\u00e9m foi preso na mesma opera\u00e7\u00e3o Daniel Vorcaro,<a class=\"\" href=\"https:\/\/g1.globo.com\/sp\/sao-paulo\/noticia\/2026\/03\/04\/vorcaro-e-preso-em-nova-operacao-da-pf.ghtml\">\u00a0<\/a>banqueiro apontado como chefe da\u00a0<a class=\"\" href=\"https:\/\/g1.globo.com\/politica\/noticia\/2026\/03\/04\/a-turma-quem-e-quem-no-grupo-investigado-por-ameacas-que-levou-a-nova-prisao-de-vorcaro.ghtml\">organiza\u00e7\u00e3o criminosa estruturada em diferentes n\u00facleos.<\/a><\/p>\n<p class=\" content-text__container \">Uma investiga\u00e7\u00e3o interna ser\u00e1 aberta pela Pol\u00edcia Federal para apurar o caso e v\u00eddeos que mostram a din\u00e2mica do que aconteceu ser\u00e3o entregues ao gabinete do ministro Andr\u00e9 Mendon\u00e7a, relator do processo no Supremo Tribunal Federal (STF).<\/p>\n<p class=\" content-text__container \">A PF disse que policiais iniciaram procedimento de reanima\u00e7\u00e3o e acionaram o Servi\u00e7o de Atendimento M\u00f3vel de Urg\u00eancia (Samu), que encaminhou \u201cSic\u00e1rio\u201d para o hospital.<\/p>\n<p class=\" content-text__container \"><em>(Alerta: esta reportagem trata de temas como suic\u00eddio e sa\u00fade mental. Se voc\u00ea est\u00e1 passando por problemas, veja ao fim do texto onde buscar ajuda.)<\/em><\/p>\n<p>Fonte: G1<\/p>\n\n<div style=\"font-size: 0px; height: 0px; line-height: 0px; margin: 0; padding: 0; clear: both;\"><\/div>","protected":false},"excerpt":{"rendered":"<p>Luiz Phillipi Machado de Moraes Mour\u00e3o, o \u201cSic\u00e1rio\u201d de Vorcaro, morreu nesta quarta-feira (4). Ele estava internado no Hospital Jo\u00e3o XXIII, em Minas Gerais, para onde foi levado depois de\u00a0ser encontrado desacordado na cela em&#8230;<\/p>\n","protected":false},"author":4,"featured_media":9224,"comment_status":"open","ping_status":"open","sticky":false,"template":"","format":"standard","meta":{"footnotes":""},"categories":[2],"tags":[],"class_list":["post-9223","post","type-post","status-publish","format-standard","has-post-thumbnail","hentry","category-noticias"],"yoast_head":"<!-- This site is optimized with the Yoast SEO plugin v24.5 - https:\/\/yoast.com\/wordpress\/plugins\/seo\/ -->\n<title>\u2018Sic\u00e1rio\u2019 de Vorcaro morre em BH; PF diz que ele se suicidou na pris\u00e3o - Nova Bet\u00e2nia FM 87,9<\/title>\n<meta name=\"robots\" content=\"index, follow, max-snippet:-1, max-image-preview:large, max-video-preview:-1\" \/>\n<link rel=\"canonical\" href=\"https:\/\/novabetaniafm.com.br\/novabetania87\/2026\/03\/05\/sicario-de-vorcaro-morre-em-bh-pf-diz-que-ele-se-suicidou-na-prisao\/\" \/>\n<meta property=\"og:locale\" content=\"pt_BR\" \/>\n<meta property=\"og:type\" content=\"article\" \/>\n<meta property=\"og:title\" content=\"\u2018Sic\u00e1rio\u2019 de Vorcaro morre em BH; PF diz que ele se suicidou na pris\u00e3o - Nova Bet\u00e2nia FM 87,9\" \/>\n<meta property=\"og:description\" content=\"Luiz Phillipi Machado de Moraes Mour\u00e3o, o \u201cSic\u00e1rio\u201d de Vorcaro, morreu nesta quarta-feira (4). Ele estava internado no Hospital Jo\u00e3o XXIII, em Minas Gerais, para onde foi levado depois de\u00a0ser encontrado desacordado na cela em...\" \/>\n<meta property=\"og:url\" content=\"https:\/\/novabetaniafm.com.br\/novabetania87\/2026\/03\/05\/sicario-de-vorcaro-morre-em-bh-pf-diz-que-ele-se-suicidou-na-prisao\/\" \/>\n<meta property=\"og:site_name\" content=\"Nova Bet\u00e2nia FM 87,9\" \/>\n<meta property=\"article:published_time\" content=\"2026-03-05T11:11:35+00:00\" \/>\n<meta property=\"article:modified_time\" content=\"2026-03-05T14:13:57+00:00\" \/>\n<meta property=\"og:image\" content=\"http:\/\/novabetaniafm.com.br\/novabetania87\/wp-content\/uploads\/2026\/03\/cicario-2.jpg\" \/>\n\t<meta property=\"og:image:width\" content=\"1000\" \/>\n\t<meta property=\"og:image:height\" content=\"644\" \/>\n\t<meta property=\"og:image:type\" content=\"image\/jpeg\" \/>\n<meta name=\"author\" content=\"Nova Bet\u00e2nia FM\" \/>\n<meta name=\"twitter:card\" content=\"summary_large_image\" \/>\n<meta name=\"twitter:label1\" content=\"Escrito por\" \/>\n\t<meta name=\"twitter:data1\" content=\"Nova Bet\u00e2nia FM\" \/>\n\t<meta name=\"twitter:label2\" content=\"Est. tempo de leitura\" \/>\n\t<meta name=\"twitter:data2\" content=\"2 minutos\" \/>\n<script type=\"application\/ld+json\" class=\"yoast-schema-graph\">{\"@context\":\"https:\/\/schema.org\",\"@graph\":[{\"@type\":\"Article\",\"@id\":\"https:\/\/novabetaniafm.com.br\/novabetania87\/2026\/03\/05\/sicario-de-vorcaro-morre-em-bh-pf-diz-que-ele-se-suicidou-na-prisao\/#article\",\"isPartOf\":{\"@id\":\"https:\/\/novabetaniafm.com.br\/novabetania87\/2026\/03\/05\/sicario-de-vorcaro-morre-em-bh-pf-diz-que-ele-se-suicidou-na-prisao\/\"},\"author\":{\"name\":\"Nova Bet\u00e2nia FM\",\"@id\":\"https:\/\/novabetaniafm.com.br\/novabetania87\/#\/schema\/person\/73fd05cbd77cd30a7bab1141b8ab8555\"},\"headline\":\"\u2018Sic\u00e1rio\u2019 de Vorcaro morre em BH; PF diz que ele se suicidou na pris\u00e3o\",\"datePublished\":\"2026-03-05T11:11:35+00:00\",\"dateModified\":\"2026-03-05T14:13:57+00:00\",\"mainEntityOfPage\":{\"@id\":\"https:\/\/novabetaniafm.com.br\/novabetania87\/2026\/03\/05\/sicario-de-vorcaro-morre-em-bh-pf-diz-que-ele-se-suicidou-na-prisao\/\"},\"wordCount\":231,\"commentCount\":0,\"publisher\":{\"@id\":\"https:\/\/novabetaniafm.com.br\/novabetania87\/#organization\"},\"image\":{\"@id\":\"https:\/\/novabetaniafm.com.br\/novabetania87\/2026\/03\/05\/sicario-de-vorcaro-morre-em-bh-pf-diz-que-ele-se-suicidou-na-prisao\/#primaryimage\"},\"thumbnailUrl\":\"https:\/\/novabetaniafm.com.br\/novabetania87\/wp-content\/uploads\/2026\/03\/cicario-2.jpg\",\"articleSection\":[\"Not\u00edcias\"],\"inLanguage\":\"pt-BR\",\"potentialAction\":[{\"@type\":\"CommentAction\",\"name\":\"Comment\",\"target\":[\"https:\/\/novabetaniafm.com.br\/novabetania87\/2026\/03\/05\/sicario-de-vorcaro-morre-em-bh-pf-diz-que-ele-se-suicidou-na-prisao\/#respond\"]}]},{\"@type\":\"WebPage\",\"@id\":\"https:\/\/novabetaniafm.com.br\/novabetania87\/2026\/03\/05\/sicario-de-vorcaro-morre-em-bh-pf-diz-que-ele-se-suicidou-na-prisao\/\",\"url\":\"https:\/\/novabetaniafm.com.br\/novabetania87\/2026\/03\/05\/sicario-de-vorcaro-morre-em-bh-pf-diz-que-ele-se-suicidou-na-prisao\/\",\"name\":\"\u2018Sic\u00e1rio\u2019 de Vorcaro morre em BH; PF diz que ele se suicidou na pris\u00e3o - Nova Bet\u00e2nia FM 87,9\",\"isPartOf\":{\"@id\":\"https:\/\/novabetaniafm.com.br\/novabetania87\/#website\"},\"primaryImageOfPage\":{\"@id\":\"https:\/\/novabetaniafm.com.br\/novabetania87\/2026\/03\/05\/sicario-de-vorcaro-morre-em-bh-pf-diz-que-ele-se-suicidou-na-prisao\/#primaryimage\"},\"image\":{\"@id\":\"https:\/\/novabetaniafm.com.br\/novabetania87\/2026\/03\/05\/sicario-de-vorcaro-morre-em-bh-pf-diz-que-ele-se-suicidou-na-prisao\/#primaryimage\"},\"thumbnailUrl\":\"https:\/\/novabetaniafm.com.br\/novabetania87\/wp-content\/uploads\/2026\/03\/cicario-2.jpg\",\"datePublished\":\"2026-03-05T11:11:35+00:00\",\"dateModified\":\"2026-03-05T14:13:57+00:00\",\"breadcrumb\":{\"@id\":\"https:\/\/novabetaniafm.com.br\/novabetania87\/2026\/03\/05\/sicario-de-vorcaro-morre-em-bh-pf-diz-que-ele-se-suicidou-na-prisao\/#breadcrumb\"},\"inLanguage\":\"pt-BR\",\"potentialAction\":[{\"@type\":\"ReadAction\",\"target\":[\"https:\/\/novabetaniafm.com.br\/novabetania87\/2026\/03\/05\/sicario-de-vorcaro-morre-em-bh-pf-diz-que-ele-se-suicidou-na-prisao\/\"]}]},{\"@type\":\"ImageObject\",\"inLanguage\":\"pt-BR\",\"@id\":\"https:\/\/novabetaniafm.com.br\/novabetania87\/2026\/03\/05\/sicario-de-vorcaro-morre-em-bh-pf-diz-que-ele-se-suicidou-na-prisao\/#primaryimage\",\"url\":\"https:\/\/novabetaniafm.com.br\/novabetania87\/wp-content\/uploads\/2026\/03\/cicario-2.jpg\",\"contentUrl\":\"https:\/\/novabetaniafm.com.br\/novabetania87\/wp-content\/uploads\/2026\/03\/cicario-2.jpg\",\"width\":1000,\"height\":644},{\"@type\":\"BreadcrumbList\",\"@id\":\"https:\/\/novabetaniafm.com.br\/novabetania87\/2026\/03\/05\/sicario-de-vorcaro-morre-em-bh-pf-diz-que-ele-se-suicidou-na-prisao\/#breadcrumb\",\"itemListElement\":[{\"@type\":\"ListItem\",\"position\":1,\"name\":\"In\u00edcio\",\"item\":\"https:\/\/novabetaniafm.com.br\/novabetania87\/\"},{\"@type\":\"ListItem\",\"position\":2,\"name\":\"\u2018Sic\u00e1rio\u2019 de Vorcaro morre em BH; PF diz que ele se suicidou na pris\u00e3o\"}]},{\"@type\":\"WebSite\",\"@id\":\"https:\/\/novabetaniafm.com.br\/novabetania87\/#website\",\"url\":\"https:\/\/novabetaniafm.com.br\/novabetania87\/\",\"name\":\"Nova Bet\u00e2nia FM 87,9\",\"description\":\"Ligada em voc\u00ea!\",\"publisher\":{\"@id\":\"https:\/\/novabetaniafm.com.br\/novabetania87\/#organization\"},\"potentialAction\":[{\"@type\":\"SearchAction\",\"target\":{\"@type\":\"EntryPoint\",\"urlTemplate\":\"https:\/\/novabetaniafm.com.br\/novabetania87\/?s={search_term_string}\"},\"query-input\":{\"@type\":\"PropertyValueSpecification\",\"valueRequired\":true,\"valueName\":\"search_term_string\"}}],\"inLanguage\":\"pt-BR\"},{\"@type\":\"Organization\",\"@id\":\"https:\/\/novabetaniafm.com.br\/novabetania87\/#organization\",\"name\":\"Nova Bet\u00e2nia FM 87,9\",\"url\":\"https:\/\/novabetaniafm.com.br\/novabetania87\/\",\"logo\":{\"@type\":\"ImageObject\",\"inLanguage\":\"pt-BR\",\"@id\":\"https:\/\/novabetaniafm.com.br\/novabetania87\/#\/schema\/logo\/image\/\",\"url\":\"https:\/\/novabetaniafm.com.br\/novabetania87\/wp-content\/uploads\/2024\/05\/logo.png\",\"contentUrl\":\"https:\/\/novabetaniafm.com.br\/novabetania87\/wp-content\/uploads\/2024\/05\/logo.png\",\"width\":211,\"height\":144,\"caption\":\"Nova Bet\u00e2nia FM 87,9\"},\"image\":{\"@id\":\"https:\/\/novabetaniafm.com.br\/novabetania87\/#\/schema\/logo\/image\/\"}},{\"@type\":\"Person\",\"@id\":\"https:\/\/novabetaniafm.com.br\/novabetania87\/#\/schema\/person\/73fd05cbd77cd30a7bab1141b8ab8555\",\"name\":\"Nova Bet\u00e2nia FM\",\"image\":{\"@type\":\"ImageObject\",\"inLanguage\":\"pt-BR\",\"@id\":\"https:\/\/novabetaniafm.com.br\/novabetania87\/#\/schema\/person\/image\/\",\"url\":\"https:\/\/secure.gravatar.com\/avatar\/e0359add7ed5dc3560906d861b52c6a8cf5c1e199d3a7dd85070998f49bd4701?s=96&d=mm&r=g\",\"contentUrl\":\"https:\/\/secure.gravatar.com\/avatar\/e0359add7ed5dc3560906d861b52c6a8cf5c1e199d3a7dd85070998f49bd4701?s=96&d=mm&r=g\",\"caption\":\"Nova Bet\u00e2nia FM\"},\"url\":\"https:\/\/novabetaniafm.com.br\/novabetania87\/author\/novabetaniafm879\/\"}]}<\/script>\n<!-- \/ Yoast SEO plugin. -->","yoast_head_json":{"title":"\u2018Sic\u00e1rio\u2019 de Vorcaro morre em BH; PF diz que ele se suicidou na pris\u00e3o - Nova Bet\u00e2nia FM 87,9","robots":{"index":"index","follow":"follow","max-snippet":"max-snippet:-1","max-image-preview":"max-image-preview:large","max-video-preview":"max-video-preview:-1"},"canonical":"https:\/\/novabetaniafm.com.br\/novabetania87\/2026\/03\/05\/sicario-de-vorcaro-morre-em-bh-pf-diz-que-ele-se-suicidou-na-prisao\/","og_locale":"pt_BR","og_type":"article","og_title":"\u2018Sic\u00e1rio\u2019 de Vorcaro morre em BH; PF diz que ele se suicidou na pris\u00e3o - Nova Bet\u00e2nia FM 87,9","og_description":"Luiz Phillipi Machado de Moraes Mour\u00e3o, o \u201cSic\u00e1rio\u201d de Vorcaro, morreu nesta quarta-feira (4). Ele estava internado no Hospital Jo\u00e3o XXIII, em Minas Gerais, para onde foi levado depois de\u00a0ser encontrado desacordado na cela em...","og_url":"https:\/\/novabetaniafm.com.br\/novabetania87\/2026\/03\/05\/sicario-de-vorcaro-morre-em-bh-pf-diz-que-ele-se-suicidou-na-prisao\/","og_site_name":"Nova Bet\u00e2nia FM 87,9","article_published_time":"2026-03-05T11:11:35+00:00","article_modified_time":"2026-03-05T14:13:57+00:00","og_image":[{"width":1000,"height":644,"url":"http:\/\/novabetaniafm.com.br\/novabetania87\/wp-content\/uploads\/2026\/03\/cicario-2.jpg","type":"image\/jpeg"}],"author":"Nova Bet\u00e2nia FM","twitter_card":"summary_large_image","twitter_misc":{"Escrito por":"Nova Bet\u00e2nia FM","Est. tempo de leitura":"2 minutos"},"schema":{"@context":"https:\/\/schema.org","@graph":[{"@type":"Article","@id":"https:\/\/novabetaniafm.com.br\/novabetania87\/2026\/03\/05\/sicario-de-vorcaro-morre-em-bh-pf-diz-que-ele-se-suicidou-na-prisao\/#article","isPartOf":{"@id":"https:\/\/novabetaniafm.com.br\/novabetania87\/2026\/03\/05\/sicario-de-vorcaro-morre-em-bh-pf-diz-que-ele-se-suicidou-na-prisao\/"},"author":{"name":"Nova Bet\u00e2nia FM","@id":"https:\/\/novabetaniafm.com.br\/novabetania87\/#\/schema\/person\/73fd05cbd77cd30a7bab1141b8ab8555"},"headline":"\u2018Sic\u00e1rio\u2019 de Vorcaro morre em BH; PF diz que ele se suicidou na pris\u00e3o","datePublished":"2026-03-05T11:11:35+00:00","dateModified":"2026-03-05T14:13:57+00:00","mainEntityOfPage":{"@id":"https:\/\/novabetaniafm.com.br\/novabetania87\/2026\/03\/05\/sicario-de-vorcaro-morre-em-bh-pf-diz-que-ele-se-suicidou-na-prisao\/"},"wordCount":231,"commentCount":0,"publisher":{"@id":"https:\/\/novabetaniafm.com.br\/novabetania87\/#organization"},"image":{"@id":"https:\/\/novabetaniafm.com.br\/novabetania87\/2026\/03\/05\/sicario-de-vorcaro-morre-em-bh-pf-diz-que-ele-se-suicidou-na-prisao\/#primaryimage"},"thumbnailUrl":"https:\/\/novabetaniafm.com.br\/novabetania87\/wp-content\/uploads\/2026\/03\/cicario-2.jpg","articleSection":["Not\u00edcias"],"inLanguage":"pt-BR","potentialAction":[{"@type":"CommentAction","name":"Comment","target":["https:\/\/novabetaniafm.com.br\/novabetania87\/2026\/03\/05\/sicario-de-vorcaro-morre-em-bh-pf-diz-que-ele-se-suicidou-na-prisao\/#respond"]}]},{"@type":"WebPage","@id":"https:\/\/novabetaniafm.com.br\/novabetania87\/2026\/03\/05\/sicario-de-vorcaro-morre-em-bh-pf-diz-que-ele-se-suicidou-na-prisao\/","url":"https:\/\/novabetaniafm.com.br\/novabetania87\/2026\/03\/05\/sicario-de-vorcaro-morre-em-bh-pf-diz-que-ele-se-suicidou-na-prisao\/","name":"\u2018Sic\u00e1rio\u2019 de Vorcaro morre em BH; PF diz que ele se suicidou na pris\u00e3o - Nova Bet\u00e2nia FM 87,9","isPartOf":{"@id":"https:\/\/novabetaniafm.com.br\/novabetania87\/#website"},"primaryImageOfPage":{"@id":"https:\/\/novabetaniafm.com.br\/novabetania87\/2026\/03\/05\/sicario-de-vorcaro-morre-em-bh-pf-diz-que-ele-se-suicidou-na-prisao\/#primaryimage"},"image":{"@id":"https:\/\/novabetaniafm.com.br\/novabetania87\/2026\/03\/05\/sicario-de-vorcaro-morre-em-bh-pf-diz-que-ele-se-suicidou-na-prisao\/#primaryimage"},"thumbnailUrl":"https:\/\/novabetaniafm.com.br\/novabetania87\/wp-content\/uploads\/2026\/03\/cicario-2.jpg","datePublished":"2026-03-05T11:11:35+00:00","dateModified":"2026-03-05T14:13:57+00:00","breadcrumb":{"@id":"https:\/\/novabetaniafm.com.br\/novabetania87\/2026\/03\/05\/sicario-de-vorcaro-morre-em-bh-pf-diz-que-ele-se-suicidou-na-prisao\/#breadcrumb"},"inLanguage":"pt-BR","potentialAction":[{"@type":"ReadAction","target":["https:\/\/novabetaniafm.com.br\/novabetania87\/2026\/03\/05\/sicario-de-vorcaro-morre-em-bh-pf-diz-que-ele-se-suicidou-na-prisao\/"]}]},{"@type":"ImageObject","inLanguage":"pt-BR","@id":"https:\/\/novabetaniafm.com.br\/novabetania87\/2026\/03\/05\/sicario-de-vorcaro-morre-em-bh-pf-diz-que-ele-se-suicidou-na-prisao\/#primaryimage","url":"https:\/\/novabetaniafm.com.br\/novabetania87\/wp-content\/uploads\/2026\/03\/cicario-2.jpg","contentUrl":"https:\/\/novabetaniafm.com.br\/novabetania87\/wp-content\/uploads\/2026\/03\/cicario-2.jpg","width":1000,"height":644},{"@type":"BreadcrumbList","@id":"https:\/\/novabetaniafm.com.br\/novabetania87\/2026\/03\/05\/sicario-de-vorcaro-morre-em-bh-pf-diz-que-ele-se-suicidou-na-prisao\/#breadcrumb","itemListElement":[{"@type":"ListItem","position":1,"name":"In\u00edcio","item":"https:\/\/novabetaniafm.com.br\/novabetania87\/"},{"@type":"ListItem","position":2,"name":"\u2018Sic\u00e1rio\u2019 de Vorcaro morre em BH; PF diz que ele se suicidou na pris\u00e3o"}]},{"@type":"WebSite","@id":"https:\/\/novabetaniafm.com.br\/novabetania87\/#website","url":"https:\/\/novabetaniafm.com.br\/novabetania87\/","name":"Nova Bet\u00e2nia FM 87,9","description":"Ligada em voc\u00ea!","publisher":{"@id":"https:\/\/novabetaniafm.com.br\/novabetania87\/#organization"},"potentialAction":[{"@type":"SearchAction","target":{"@type":"EntryPoint","urlTemplate":"https:\/\/novabetaniafm.com.br\/novabetania87\/?s={search_term_string}"},"query-input":{"@type":"PropertyValueSpecification","valueRequired":true,"valueName":"search_term_string"}}],"inLanguage":"pt-BR"},{"@type":"Organization","@id":"https:\/\/novabetaniafm.com.br\/novabetania87\/#organization","name":"Nova Bet\u00e2nia FM 87,9","url":"https:\/\/novabetaniafm.com.br\/novabetania87\/","logo":{"@type":"ImageObject","inLanguage":"pt-BR","@id":"https:\/\/novabetaniafm.com.br\/novabetania87\/#\/schema\/logo\/image\/","url":"https:\/\/novabetaniafm.com.br\/novabetania87\/wp-content\/uploads\/2024\/05\/logo.png","contentUrl":"https:\/\/novabetaniafm.com.br\/novabetania87\/wp-content\/uploads\/2024\/05\/logo.png","width":211,"height":144,"caption":"Nova Bet\u00e2nia FM 87,9"},"image":{"@id":"https:\/\/novabetaniafm.com.br\/novabetania87\/#\/schema\/logo\/image\/"}},{"@type":"Person","@id":"https:\/\/novabetaniafm.com.br\/novabetania87\/#\/schema\/person\/73fd05cbd77cd30a7bab1141b8ab8555","name":"Nova Bet\u00e2nia FM","image":{"@type":"ImageObject","inLanguage":"pt-BR","@id":"https:\/\/novabetaniafm.com.br\/novabetania87\/#\/schema\/person\/image\/","url":"https:\/\/secure.gravatar.com\/avatar\/e0359add7ed5dc3560906d861b52c6a8cf5c1e199d3a7dd85070998f49bd4701?s=96&d=mm&r=g","contentUrl":"https:\/\/secure.gravatar.com\/avatar\/e0359add7ed5dc3560906d861b52c6a8cf5c1e199d3a7dd85070998f49bd4701?s=96&d=mm&r=g","caption":"Nova Bet\u00e2nia FM"},"url":"https:\/\/novabetaniafm.com.br\/novabetania87\/author\/novabetaniafm879\/"}]}},"jetpack_featured_media_url":"https:\/\/novabetaniafm.com.br\/novabetania87\/wp-content\/uploads\/2026\/03\/cicario-2.jpg","_links":{"self":[{"href":"https:\/\/novabetaniafm.com.br\/novabetania87\/wp-json\/wp\/v2\/posts\/9223","targetHints":{"allow":["GET"]}}],"collection":[{"href":"https:\/\/novabetaniafm.com.br\/novabetania87\/wp-json\/wp\/v2\/posts"}],"about":[{"href":"https:\/\/novabetaniafm.com.br\/novabetania87\/wp-json\/wp\/v2\/types\/post"}],"author":[{"embeddable":true,"href":"https:\/\/novabetaniafm.com.br\/novabetania87\/wp-json\/wp\/v2\/users\/4"}],"replies":[{"embeddable":true,"href":"https:\/\/novabetaniafm.com.br\/novabetania87\/wp-json\/wp\/v2\/comments?post=9223"}],"version-history":[{"count":1,"href":"https:\/\/novabetaniafm.com.br\/novabetania87\/wp-json\/wp\/v2\/posts\/9223\/revisions"}],"predecessor-version":[{"id":9225,"href":"https:\/\/novabetaniafm.com.br\/novabetania87\/wp-json\/wp\/v2\/posts\/9223\/revisions\/9225"}],"wp:featuredmedia":[{"embeddable":true,"href":"https:\/\/novabetaniafm.com.br\/novabetania87\/wp-json\/wp\/v2\/media\/9224"}],"wp:attachment":[{"href":"https:\/\/novabetaniafm.com.br\/novabetania87\/wp-json\/wp\/v2\/media?parent=9223"}],"wp:term":[{"taxonomy":"category","embeddable":true,"href":"https:\/\/novabetaniafm.com.br\/novabetania87\/wp-json\/wp\/v2\/categories?post=9223"},{"taxonomy":"post_tag","embeddable":true,"href":"https:\/\/novabetaniafm.com.br\/novabetania87\/wp-json\/wp\/v2\/tags?post=9223"}],"curies":[{"name":"wp","href":"https:\/\/api.w.org\/{rel}","templated":true}]}}