{"id":8636,"date":"2026-01-24T07:31:14","date_gmt":"2026-01-24T10:31:14","guid":{"rendered":"https:\/\/novabetaniafm.com.br\/novabetania87\/?p=8636"},"modified":"2026-01-23T07:31:48","modified_gmt":"2026-01-23T10:31:48","slug":"mesmo-paralisado-acordo-mercosul-ue-sera-analisado-pelo-congresso","status":"publish","type":"post","link":"https:\/\/novabetaniafm.com.br\/novabetania87\/2026\/01\/24\/mesmo-paralisado-acordo-mercosul-ue-sera-analisado-pelo-congresso\/","title":{"rendered":"Mesmo paralisado, acordo Mercosul-UE ser\u00e1 analisado pelo Congresso"},"content":{"rendered":"<p>O presidente da Comiss\u00e3o de Rela\u00e7\u00f5es Exteriores do Senado, senador<strong>\u00a0Nelsinho Trad<\/strong>, do PSD de Mato Grosso do Sul, afirmou, nesta quinta-feira (22), que a recente\u00a0<strong>decis\u00e3o do Parlamento Europeu de encaminhar os termos do acordo firmado com o Mercosul para avalia\u00e7\u00e3o do Tribunal de Justi\u00e7a da Uni\u00e3o Europeia<\/strong>\u00a0n\u00e3o vai impedir que o Congresso Nacional inicie a an\u00e1lise e a vota\u00e7\u00e3o do texto. A declara\u00e7\u00e3o foi dada a jornalistas ap\u00f3s Trad se reunir com a embaixadora da Delega\u00e7\u00e3o da Uni\u00e3o Europeia no Brasil, Marian Schuegraf.<img decoding=\"async\" src=\"https:\/\/agenciabrasil.ebc.com.br\/ebc.png?id=1675773&amp;o=node\" \/><img decoding=\"async\" src=\"https:\/\/agenciabrasil.ebc.com.br\/ebc.gif?id=1675773&amp;o=node\" \/><\/p>\n<p>Segundo o parlamentar, o questionamento judicial do acordo na Europa n\u00e3o deve afetar o tr\u00e2mite nos pa\u00edses do Mercosul. Ele adiantou que j\u00e1 conversou com os presidentes da C\u00e2mara, Hugo Motta, e do Senado, Davi Alcolumbre, para que a tramita\u00e7\u00e3o e a aprova\u00e7\u00e3o do acordo de livre com\u00e9rcio no Parlamento brasileiro possam ocorrer j\u00e1 nas pr\u00f3ximas semanas.<\/p>\n<blockquote><p>\u201cEsses contratempos, logicamente, v\u00e3o precisar ser equacionados. Por\u00e9m, n\u00e3o impede de cada um que est\u00e1 envolvido nesse processo e que n\u00e3o tenha essa diverg\u00eancia que possa fazer a sua tramita\u00e7\u00e3o da forma mais c\u00e9lere poss\u00edvel, que \u00e9 o que n\u00f3s vamos buscar\u201d, destacou o parlamentar.<\/p><\/blockquote>\n<p>Segundo Nelsinho Trad, depois que a mat\u00e9ria for encaminhada pelo Poder Executivo para o Congresso Nacional, caber\u00e1 \u00e0 delega\u00e7\u00e3o brasileira do Parlamento do Mercosul fazer uma primeira an\u00e1lise da mat\u00e9ria. Depois disso, o\u00a0<strong>acordo ser\u00e1 discutido e votado pela C\u00e2mara dos Deputados e pelo Senado<\/strong>, separadamente, sendo ent\u00e3o encaminhado para ratifica\u00e7\u00e3o.<\/p>\n<p>A embaixadora Marian Schuegraf elogiou o avan\u00e7o das negocia\u00e7\u00f5es entre os dois blocos e destacou a determina\u00e7\u00e3o do lado brasileiro de seguir com an\u00e1lise do tratado. A diplomata admitiu que a judicializa\u00e7\u00e3o do acordo com o Mercosul pode atrasar a implementa\u00e7\u00e3o da tratativa:<\/p>\n<blockquote><p>\u201cCom esse voto do Parlamento Europeu, o procedimento pode ser adiado. N\u00e3o sabemos quanto tempo, mas o papel dos parlamentos \u00e9 chave. Em uma democracia, \u00e9 chave. Com grande prazer, escutei hoje que o Parlamento brasileiro quer acelerar esse processo. Espero que v\u00e1 incentivar os procedimentos do lado europeu\u201d.<\/p><\/blockquote>\n<h3>\u201cBrasil n\u00e3o vai parar\u201d<\/h3>\n<p>Mais cedo, o vice-presidente da Rep\u00fablica e ministro do Desenvolvimento, Ind\u00fastria, Com\u00e9rcio e Servi\u00e7os, Geraldo Alckmin, se reuniu com o senador Nelsinho Trad e defendeu que o governo brasileiro d\u00ea andamento ao processo interno de aprova\u00e7\u00e3o do acordo, para garantir a aplica\u00e7\u00e3o provis\u00f3ria da parceria entre os blocos.<\/p>\n<blockquote><p>\u201cO Brasil n\u00e3o vai parar. O Brasil vai continuar com o processo, encaminhando o pedido ao Congresso Nacional para a internaliza\u00e7\u00e3o do acordo. \u00c9 um percal\u00e7o que vai ser superado. Ent\u00e3o, vamos contribuir para dar condi\u00e7\u00f5es para que a Comiss\u00e3o Europeia possa agir de maneira mais r\u00e1pida\u201d, explicou Alckmin.<\/p><\/blockquote>\n<p>Quando entrar em vigor, o acordo entre o Mercosul e a Uni\u00e3o Europeia vai criar a maior \u00e1rea de livre com\u00e9rcio do mundo e pode gerar um aumento de US$ 7 bilh\u00f5es nas exporta\u00e7\u00f5es brasileiras, de acordo com a Apex, Ag\u00eancia Brasileira de Promo\u00e7\u00e3o de Exporta\u00e7\u00f5es e Investimentos.<\/p>\n\n<div style=\"font-size: 0px; height: 0px; line-height: 0px; margin: 0; padding: 0; clear: both;\"><\/div>","protected":false},"excerpt":{"rendered":"<p>O presidente da Comiss\u00e3o de Rela\u00e7\u00f5es Exteriores do Senado, senador\u00a0Nelsinho Trad, do PSD de Mato Grosso do Sul, afirmou, nesta quinta-feira (22), que a recente\u00a0decis\u00e3o do Parlamento Europeu de encaminhar os termos do acordo firmado&#8230;<\/p>\n","protected":false},"author":4,"featured_media":8637,"comment_status":"open","ping_status":"open","sticky":false,"template":"","format":"standard","meta":{"footnotes":""},"categories":[2],"tags":[],"class_list":["post-8636","post","type-post","status-publish","format-standard","has-post-thumbnail","hentry","category-noticias"],"yoast_head":"<!-- This site is optimized with the Yoast SEO plugin v24.5 - https:\/\/yoast.com\/wordpress\/plugins\/seo\/ -->\n<title>Mesmo paralisado, acordo Mercosul-UE ser\u00e1 analisado pelo Congresso - Nova Bet\u00e2nia FM 87,9<\/title>\n<meta name=\"robots\" content=\"index, follow, max-snippet:-1, max-image-preview:large, max-video-preview:-1\" \/>\n<link rel=\"canonical\" href=\"https:\/\/novabetaniafm.com.br\/novabetania87\/2026\/01\/24\/mesmo-paralisado-acordo-mercosul-ue-sera-analisado-pelo-congresso\/\" \/>\n<meta property=\"og:locale\" content=\"pt_BR\" \/>\n<meta property=\"og:type\" content=\"article\" \/>\n<meta property=\"og:title\" content=\"Mesmo paralisado, acordo Mercosul-UE ser\u00e1 analisado pelo Congresso - Nova Bet\u00e2nia FM 87,9\" \/>\n<meta property=\"og:description\" content=\"O presidente da Comiss\u00e3o de Rela\u00e7\u00f5es Exteriores do Senado, senador\u00a0Nelsinho Trad, do PSD de Mato Grosso do Sul, afirmou, nesta quinta-feira (22), que a recente\u00a0decis\u00e3o do Parlamento Europeu de encaminhar os termos do acordo firmado...\" \/>\n<meta property=\"og:url\" content=\"https:\/\/novabetaniafm.com.br\/novabetania87\/2026\/01\/24\/mesmo-paralisado-acordo-mercosul-ue-sera-analisado-pelo-congresso\/\" \/>\n<meta property=\"og:site_name\" content=\"Nova Bet\u00e2nia FM 87,9\" \/>\n<meta property=\"article:published_time\" content=\"2026-01-24T10:31:14+00:00\" \/>\n<meta property=\"og:image\" content=\"https:\/\/novabetaniafm.com.br\/novabetania87\/wp-content\/uploads\/2026\/01\/55055405165_f2dc7ed1af_o.webp\" \/>\n\t<meta property=\"og:image:width\" content=\"1170\" \/>\n\t<meta property=\"og:image:height\" content=\"700\" \/>\n\t<meta property=\"og:image:type\" content=\"image\/webp\" \/>\n<meta name=\"author\" content=\"Nova Bet\u00e2nia FM\" \/>\n<meta name=\"twitter:card\" content=\"summary_large_image\" \/>\n<meta name=\"twitter:label1\" content=\"Escrito por\" \/>\n\t<meta name=\"twitter:data1\" content=\"Nova Bet\u00e2nia FM\" \/>\n\t<meta name=\"twitter:label2\" content=\"Est. tempo de leitura\" \/>\n\t<meta name=\"twitter:data2\" content=\"3 minutos\" \/>\n<script type=\"application\/ld+json\" class=\"yoast-schema-graph\">{\"@context\":\"https:\/\/schema.org\",\"@graph\":[{\"@type\":\"Article\",\"@id\":\"https:\/\/novabetaniafm.com.br\/novabetania87\/2026\/01\/24\/mesmo-paralisado-acordo-mercosul-ue-sera-analisado-pelo-congresso\/#article\",\"isPartOf\":{\"@id\":\"https:\/\/novabetaniafm.com.br\/novabetania87\/2026\/01\/24\/mesmo-paralisado-acordo-mercosul-ue-sera-analisado-pelo-congresso\/\"},\"author\":{\"name\":\"Nova Bet\u00e2nia FM\",\"@id\":\"https:\/\/novabetaniafm.com.br\/novabetania87\/#\/schema\/person\/73fd05cbd77cd30a7bab1141b8ab8555\"},\"headline\":\"Mesmo paralisado, acordo Mercosul-UE ser\u00e1 analisado pelo Congresso\",\"datePublished\":\"2026-01-24T10:31:14+00:00\",\"mainEntityOfPage\":{\"@id\":\"https:\/\/novabetaniafm.com.br\/novabetania87\/2026\/01\/24\/mesmo-paralisado-acordo-mercosul-ue-sera-analisado-pelo-congresso\/\"},\"wordCount\":547,\"commentCount\":0,\"publisher\":{\"@id\":\"https:\/\/novabetaniafm.com.br\/novabetania87\/#organization\"},\"image\":{\"@id\":\"https:\/\/novabetaniafm.com.br\/novabetania87\/2026\/01\/24\/mesmo-paralisado-acordo-mercosul-ue-sera-analisado-pelo-congresso\/#primaryimage\"},\"thumbnailUrl\":\"https:\/\/novabetaniafm.com.br\/novabetania87\/wp-content\/uploads\/2026\/01\/55055405165_f2dc7ed1af_o.webp\",\"articleSection\":[\"Not\u00edcias\"],\"inLanguage\":\"pt-BR\",\"potentialAction\":[{\"@type\":\"CommentAction\",\"name\":\"Comment\",\"target\":[\"https:\/\/novabetaniafm.com.br\/novabetania87\/2026\/01\/24\/mesmo-paralisado-acordo-mercosul-ue-sera-analisado-pelo-congresso\/#respond\"]}]},{\"@type\":\"WebPage\",\"@id\":\"https:\/\/novabetaniafm.com.br\/novabetania87\/2026\/01\/24\/mesmo-paralisado-acordo-mercosul-ue-sera-analisado-pelo-congresso\/\",\"url\":\"https:\/\/novabetaniafm.com.br\/novabetania87\/2026\/01\/24\/mesmo-paralisado-acordo-mercosul-ue-sera-analisado-pelo-congresso\/\",\"name\":\"Mesmo paralisado, acordo Mercosul-UE ser\u00e1 analisado pelo Congresso - Nova Bet\u00e2nia FM 87,9\",\"isPartOf\":{\"@id\":\"https:\/\/novabetaniafm.com.br\/novabetania87\/#website\"},\"primaryImageOfPage\":{\"@id\":\"https:\/\/novabetaniafm.com.br\/novabetania87\/2026\/01\/24\/mesmo-paralisado-acordo-mercosul-ue-sera-analisado-pelo-congresso\/#primaryimage\"},\"image\":{\"@id\":\"https:\/\/novabetaniafm.com.br\/novabetania87\/2026\/01\/24\/mesmo-paralisado-acordo-mercosul-ue-sera-analisado-pelo-congresso\/#primaryimage\"},\"thumbnailUrl\":\"https:\/\/novabetaniafm.com.br\/novabetania87\/wp-content\/uploads\/2026\/01\/55055405165_f2dc7ed1af_o.webp\",\"datePublished\":\"2026-01-24T10:31:14+00:00\",\"breadcrumb\":{\"@id\":\"https:\/\/novabetaniafm.com.br\/novabetania87\/2026\/01\/24\/mesmo-paralisado-acordo-mercosul-ue-sera-analisado-pelo-congresso\/#breadcrumb\"},\"inLanguage\":\"pt-BR\",\"potentialAction\":[{\"@type\":\"ReadAction\",\"target\":[\"https:\/\/novabetaniafm.com.br\/novabetania87\/2026\/01\/24\/mesmo-paralisado-acordo-mercosul-ue-sera-analisado-pelo-congresso\/\"]}]},{\"@type\":\"ImageObject\",\"inLanguage\":\"pt-BR\",\"@id\":\"https:\/\/novabetaniafm.com.br\/novabetania87\/2026\/01\/24\/mesmo-paralisado-acordo-mercosul-ue-sera-analisado-pelo-congresso\/#primaryimage\",\"url\":\"https:\/\/novabetaniafm.com.br\/novabetania87\/wp-content\/uploads\/2026\/01\/55055405165_f2dc7ed1af_o.webp\",\"contentUrl\":\"https:\/\/novabetaniafm.com.br\/novabetania87\/wp-content\/uploads\/2026\/01\/55055405165_f2dc7ed1af_o.webp\",\"width\":1170,\"height\":700},{\"@type\":\"BreadcrumbList\",\"@id\":\"https:\/\/novabetaniafm.com.br\/novabetania87\/2026\/01\/24\/mesmo-paralisado-acordo-mercosul-ue-sera-analisado-pelo-congresso\/#breadcrumb\",\"itemListElement\":[{\"@type\":\"ListItem\",\"position\":1,\"name\":\"In\u00edcio\",\"item\":\"https:\/\/novabetaniafm.com.br\/novabetania87\/\"},{\"@type\":\"ListItem\",\"position\":2,\"name\":\"Mesmo paralisado, acordo Mercosul-UE ser\u00e1 analisado pelo Congresso\"}]},{\"@type\":\"WebSite\",\"@id\":\"https:\/\/novabetaniafm.com.br\/novabetania87\/#website\",\"url\":\"https:\/\/novabetaniafm.com.br\/novabetania87\/\",\"name\":\"Nova Bet\u00e2nia FM 87,9\",\"description\":\"Ligada em voc\u00ea!\",\"publisher\":{\"@id\":\"https:\/\/novabetaniafm.com.br\/novabetania87\/#organization\"},\"potentialAction\":[{\"@type\":\"SearchAction\",\"target\":{\"@type\":\"EntryPoint\",\"urlTemplate\":\"https:\/\/novabetaniafm.com.br\/novabetania87\/?s={search_term_string}\"},\"query-input\":{\"@type\":\"PropertyValueSpecification\",\"valueRequired\":true,\"valueName\":\"search_term_string\"}}],\"inLanguage\":\"pt-BR\"},{\"@type\":\"Organization\",\"@id\":\"https:\/\/novabetaniafm.com.br\/novabetania87\/#organization\",\"name\":\"Nova Bet\u00e2nia FM 87,9\",\"url\":\"https:\/\/novabetaniafm.com.br\/novabetania87\/\",\"logo\":{\"@type\":\"ImageObject\",\"inLanguage\":\"pt-BR\",\"@id\":\"https:\/\/novabetaniafm.com.br\/novabetania87\/#\/schema\/logo\/image\/\",\"url\":\"https:\/\/novabetaniafm.com.br\/novabetania87\/wp-content\/uploads\/2024\/05\/logo.png\",\"contentUrl\":\"https:\/\/novabetaniafm.com.br\/novabetania87\/wp-content\/uploads\/2024\/05\/logo.png\",\"width\":211,\"height\":144,\"caption\":\"Nova Bet\u00e2nia FM 87,9\"},\"image\":{\"@id\":\"https:\/\/novabetaniafm.com.br\/novabetania87\/#\/schema\/logo\/image\/\"}},{\"@type\":\"Person\",\"@id\":\"https:\/\/novabetaniafm.com.br\/novabetania87\/#\/schema\/person\/73fd05cbd77cd30a7bab1141b8ab8555\",\"name\":\"Nova Bet\u00e2nia FM\",\"image\":{\"@type\":\"ImageObject\",\"inLanguage\":\"pt-BR\",\"@id\":\"https:\/\/novabetaniafm.com.br\/novabetania87\/#\/schema\/person\/image\/\",\"url\":\"https:\/\/secure.gravatar.com\/avatar\/e0359add7ed5dc3560906d861b52c6a8cf5c1e199d3a7dd85070998f49bd4701?s=96&d=mm&r=g\",\"contentUrl\":\"https:\/\/secure.gravatar.com\/avatar\/e0359add7ed5dc3560906d861b52c6a8cf5c1e199d3a7dd85070998f49bd4701?s=96&d=mm&r=g\",\"caption\":\"Nova Bet\u00e2nia FM\"},\"url\":\"https:\/\/novabetaniafm.com.br\/novabetania87\/author\/novabetaniafm879\/\"}]}<\/script>\n<!-- \/ Yoast SEO plugin. -->","yoast_head_json":{"title":"Mesmo paralisado, acordo Mercosul-UE ser\u00e1 analisado pelo Congresso - Nova Bet\u00e2nia FM 87,9","robots":{"index":"index","follow":"follow","max-snippet":"max-snippet:-1","max-image-preview":"max-image-preview:large","max-video-preview":"max-video-preview:-1"},"canonical":"https:\/\/novabetaniafm.com.br\/novabetania87\/2026\/01\/24\/mesmo-paralisado-acordo-mercosul-ue-sera-analisado-pelo-congresso\/","og_locale":"pt_BR","og_type":"article","og_title":"Mesmo paralisado, acordo Mercosul-UE ser\u00e1 analisado pelo Congresso - Nova Bet\u00e2nia FM 87,9","og_description":"O presidente da Comiss\u00e3o de Rela\u00e7\u00f5es Exteriores do Senado, senador\u00a0Nelsinho Trad, do PSD de Mato Grosso do Sul, afirmou, nesta quinta-feira (22), que a recente\u00a0decis\u00e3o do Parlamento Europeu de encaminhar os termos do acordo firmado...","og_url":"https:\/\/novabetaniafm.com.br\/novabetania87\/2026\/01\/24\/mesmo-paralisado-acordo-mercosul-ue-sera-analisado-pelo-congresso\/","og_site_name":"Nova Bet\u00e2nia FM 87,9","article_published_time":"2026-01-24T10:31:14+00:00","og_image":[{"width":1170,"height":700,"url":"https:\/\/novabetaniafm.com.br\/novabetania87\/wp-content\/uploads\/2026\/01\/55055405165_f2dc7ed1af_o.webp","type":"image\/webp"}],"author":"Nova Bet\u00e2nia FM","twitter_card":"summary_large_image","twitter_misc":{"Escrito por":"Nova Bet\u00e2nia FM","Est. tempo de leitura":"3 minutos"},"schema":{"@context":"https:\/\/schema.org","@graph":[{"@type":"Article","@id":"https:\/\/novabetaniafm.com.br\/novabetania87\/2026\/01\/24\/mesmo-paralisado-acordo-mercosul-ue-sera-analisado-pelo-congresso\/#article","isPartOf":{"@id":"https:\/\/novabetaniafm.com.br\/novabetania87\/2026\/01\/24\/mesmo-paralisado-acordo-mercosul-ue-sera-analisado-pelo-congresso\/"},"author":{"name":"Nova Bet\u00e2nia FM","@id":"https:\/\/novabetaniafm.com.br\/novabetania87\/#\/schema\/person\/73fd05cbd77cd30a7bab1141b8ab8555"},"headline":"Mesmo paralisado, acordo Mercosul-UE ser\u00e1 analisado pelo Congresso","datePublished":"2026-01-24T10:31:14+00:00","mainEntityOfPage":{"@id":"https:\/\/novabetaniafm.com.br\/novabetania87\/2026\/01\/24\/mesmo-paralisado-acordo-mercosul-ue-sera-analisado-pelo-congresso\/"},"wordCount":547,"commentCount":0,"publisher":{"@id":"https:\/\/novabetaniafm.com.br\/novabetania87\/#organization"},"image":{"@id":"https:\/\/novabetaniafm.com.br\/novabetania87\/2026\/01\/24\/mesmo-paralisado-acordo-mercosul-ue-sera-analisado-pelo-congresso\/#primaryimage"},"thumbnailUrl":"https:\/\/novabetaniafm.com.br\/novabetania87\/wp-content\/uploads\/2026\/01\/55055405165_f2dc7ed1af_o.webp","articleSection":["Not\u00edcias"],"inLanguage":"pt-BR","potentialAction":[{"@type":"CommentAction","name":"Comment","target":["https:\/\/novabetaniafm.com.br\/novabetania87\/2026\/01\/24\/mesmo-paralisado-acordo-mercosul-ue-sera-analisado-pelo-congresso\/#respond"]}]},{"@type":"WebPage","@id":"https:\/\/novabetaniafm.com.br\/novabetania87\/2026\/01\/24\/mesmo-paralisado-acordo-mercosul-ue-sera-analisado-pelo-congresso\/","url":"https:\/\/novabetaniafm.com.br\/novabetania87\/2026\/01\/24\/mesmo-paralisado-acordo-mercosul-ue-sera-analisado-pelo-congresso\/","name":"Mesmo paralisado, acordo Mercosul-UE ser\u00e1 analisado pelo Congresso - Nova Bet\u00e2nia FM 87,9","isPartOf":{"@id":"https:\/\/novabetaniafm.com.br\/novabetania87\/#website"},"primaryImageOfPage":{"@id":"https:\/\/novabetaniafm.com.br\/novabetania87\/2026\/01\/24\/mesmo-paralisado-acordo-mercosul-ue-sera-analisado-pelo-congresso\/#primaryimage"},"image":{"@id":"https:\/\/novabetaniafm.com.br\/novabetania87\/2026\/01\/24\/mesmo-paralisado-acordo-mercosul-ue-sera-analisado-pelo-congresso\/#primaryimage"},"thumbnailUrl":"https:\/\/novabetaniafm.com.br\/novabetania87\/wp-content\/uploads\/2026\/01\/55055405165_f2dc7ed1af_o.webp","datePublished":"2026-01-24T10:31:14+00:00","breadcrumb":{"@id":"https:\/\/novabetaniafm.com.br\/novabetania87\/2026\/01\/24\/mesmo-paralisado-acordo-mercosul-ue-sera-analisado-pelo-congresso\/#breadcrumb"},"inLanguage":"pt-BR","potentialAction":[{"@type":"ReadAction","target":["https:\/\/novabetaniafm.com.br\/novabetania87\/2026\/01\/24\/mesmo-paralisado-acordo-mercosul-ue-sera-analisado-pelo-congresso\/"]}]},{"@type":"ImageObject","inLanguage":"pt-BR","@id":"https:\/\/novabetaniafm.com.br\/novabetania87\/2026\/01\/24\/mesmo-paralisado-acordo-mercosul-ue-sera-analisado-pelo-congresso\/#primaryimage","url":"https:\/\/novabetaniafm.com.br\/novabetania87\/wp-content\/uploads\/2026\/01\/55055405165_f2dc7ed1af_o.webp","contentUrl":"https:\/\/novabetaniafm.com.br\/novabetania87\/wp-content\/uploads\/2026\/01\/55055405165_f2dc7ed1af_o.webp","width":1170,"height":700},{"@type":"BreadcrumbList","@id":"https:\/\/novabetaniafm.com.br\/novabetania87\/2026\/01\/24\/mesmo-paralisado-acordo-mercosul-ue-sera-analisado-pelo-congresso\/#breadcrumb","itemListElement":[{"@type":"ListItem","position":1,"name":"In\u00edcio","item":"https:\/\/novabetaniafm.com.br\/novabetania87\/"},{"@type":"ListItem","position":2,"name":"Mesmo paralisado, acordo Mercosul-UE ser\u00e1 analisado pelo Congresso"}]},{"@type":"WebSite","@id":"https:\/\/novabetaniafm.com.br\/novabetania87\/#website","url":"https:\/\/novabetaniafm.com.br\/novabetania87\/","name":"Nova Bet\u00e2nia FM 87,9","description":"Ligada em voc\u00ea!","publisher":{"@id":"https:\/\/novabetaniafm.com.br\/novabetania87\/#organization"},"potentialAction":[{"@type":"SearchAction","target":{"@type":"EntryPoint","urlTemplate":"https:\/\/novabetaniafm.com.br\/novabetania87\/?s={search_term_string}"},"query-input":{"@type":"PropertyValueSpecification","valueRequired":true,"valueName":"search_term_string"}}],"inLanguage":"pt-BR"},{"@type":"Organization","@id":"https:\/\/novabetaniafm.com.br\/novabetania87\/#organization","name":"Nova Bet\u00e2nia FM 87,9","url":"https:\/\/novabetaniafm.com.br\/novabetania87\/","logo":{"@type":"ImageObject","inLanguage":"pt-BR","@id":"https:\/\/novabetaniafm.com.br\/novabetania87\/#\/schema\/logo\/image\/","url":"https:\/\/novabetaniafm.com.br\/novabetania87\/wp-content\/uploads\/2024\/05\/logo.png","contentUrl":"https:\/\/novabetaniafm.com.br\/novabetania87\/wp-content\/uploads\/2024\/05\/logo.png","width":211,"height":144,"caption":"Nova Bet\u00e2nia FM 87,9"},"image":{"@id":"https:\/\/novabetaniafm.com.br\/novabetania87\/#\/schema\/logo\/image\/"}},{"@type":"Person","@id":"https:\/\/novabetaniafm.com.br\/novabetania87\/#\/schema\/person\/73fd05cbd77cd30a7bab1141b8ab8555","name":"Nova Bet\u00e2nia FM","image":{"@type":"ImageObject","inLanguage":"pt-BR","@id":"https:\/\/novabetaniafm.com.br\/novabetania87\/#\/schema\/person\/image\/","url":"https:\/\/secure.gravatar.com\/avatar\/e0359add7ed5dc3560906d861b52c6a8cf5c1e199d3a7dd85070998f49bd4701?s=96&d=mm&r=g","contentUrl":"https:\/\/secure.gravatar.com\/avatar\/e0359add7ed5dc3560906d861b52c6a8cf5c1e199d3a7dd85070998f49bd4701?s=96&d=mm&r=g","caption":"Nova Bet\u00e2nia FM"},"url":"https:\/\/novabetaniafm.com.br\/novabetania87\/author\/novabetaniafm879\/"}]}},"jetpack_featured_media_url":"https:\/\/novabetaniafm.com.br\/novabetania87\/wp-content\/uploads\/2026\/01\/55055405165_f2dc7ed1af_o.webp","_links":{"self":[{"href":"https:\/\/novabetaniafm.com.br\/novabetania87\/wp-json\/wp\/v2\/posts\/8636","targetHints":{"allow":["GET"]}}],"collection":[{"href":"https:\/\/novabetaniafm.com.br\/novabetania87\/wp-json\/wp\/v2\/posts"}],"about":[{"href":"https:\/\/novabetaniafm.com.br\/novabetania87\/wp-json\/wp\/v2\/types\/post"}],"author":[{"embeddable":true,"href":"https:\/\/novabetaniafm.com.br\/novabetania87\/wp-json\/wp\/v2\/users\/4"}],"replies":[{"embeddable":true,"href":"https:\/\/novabetaniafm.com.br\/novabetania87\/wp-json\/wp\/v2\/comments?post=8636"}],"version-history":[{"count":1,"href":"https:\/\/novabetaniafm.com.br\/novabetania87\/wp-json\/wp\/v2\/posts\/8636\/revisions"}],"predecessor-version":[{"id":8638,"href":"https:\/\/novabetaniafm.com.br\/novabetania87\/wp-json\/wp\/v2\/posts\/8636\/revisions\/8638"}],"wp:featuredmedia":[{"embeddable":true,"href":"https:\/\/novabetaniafm.com.br\/novabetania87\/wp-json\/wp\/v2\/media\/8637"}],"wp:attachment":[{"href":"https:\/\/novabetaniafm.com.br\/novabetania87\/wp-json\/wp\/v2\/media?parent=8636"}],"wp:term":[{"taxonomy":"category","embeddable":true,"href":"https:\/\/novabetaniafm.com.br\/novabetania87\/wp-json\/wp\/v2\/categories?post=8636"},{"taxonomy":"post_tag","embeddable":true,"href":"https:\/\/novabetaniafm.com.br\/novabetania87\/wp-json\/wp\/v2\/tags?post=8636"}],"curies":[{"name":"wp","href":"https:\/\/api.w.org\/{rel}","templated":true}]}}