{"id":7456,"date":"2025-10-03T07:29:19","date_gmt":"2025-10-03T10:29:19","guid":{"rendered":"https:\/\/novabetaniafm.com.br\/novabetania87\/?p=7456"},"modified":"2025-10-03T07:29:19","modified_gmt":"2025-10-03T10:29:19","slug":"fenet-2025-e-aberta-oficialmente-com-grande-publico-e-expectativa-de-movimentar-mais-de-r-6-milhoes-em-negocios","status":"publish","type":"post","link":"https:\/\/novabetaniafm.com.br\/novabetania87\/2025\/10\/03\/fenet-2025-e-aberta-oficialmente-com-grande-publico-e-expectativa-de-movimentar-mais-de-r-6-milhoes-em-negocios\/","title":{"rendered":"FENET 2025 \u00e9 aberta oficialmente com grande p\u00fablico e expectativa de movimentar mais de R$ 6 milh\u00f5es em neg\u00f3cios"},"content":{"rendered":"<p>Teve in\u00edcio nesta quinta-feira (2) a Feira de Neg\u00f3cios de Tabira (FENET 2025), evento que movimenta o setor empresarial do munic\u00edpio e de toda a regi\u00e3o. Realizada no Est\u00e1dio O Cordeir\u00e3o, a feira segue at\u00e9 o s\u00e1bado (4), oferecendo tr\u00eas dias de capacita\u00e7\u00f5es, consultorias, exposi\u00e7\u00f5es e apresenta\u00e7\u00f5es culturais.<\/p>\n<p>&nbsp;<\/p>\n<p>A cerim\u00f4nia de abertura contou com a presen\u00e7a da presidenta da CDL Tabira, Rosana Tun\u00fa, do prefeito Fl\u00e1vio Marques, vereadores, empres\u00e1rios, al\u00e9m de representantes do SEBRAE, Fecom\u00e9rcio e outras entidades parceiras que colaboram com a realiza\u00e7\u00e3o da feira. A FENET \u00e9 promovida pela C\u00e2mara de Dirigentes Lojistas (CDL) com apoio total da Prefeitura de Tabira.<\/p>\n<p>Consolidada como uma vitrine de oportunidades para pequenos e m\u00e9dios neg\u00f3cios, a FENET permite a divulga\u00e7\u00e3o de produtos e servi\u00e7os, estimula o empreendedorismo local e regional e fortalece o com\u00e9rcio. Nesta edi\u00e7\u00e3o, s\u00e3o esperados 50 expositores de diversos segmentos e uma movimenta\u00e7\u00e3o financeira que deve superar os R$ 6 milh\u00f5es registrados no ano anterior, segundo estimativas da CDL.<\/p>\n<div class=\"separator\"><a href=\"https:\/\/blogger.googleusercontent.com\/img\/b\/R29vZ2xl\/AVvXsEiu0cWtEUr0fZfPMp6vGbhXj915ROEtn6QeMZbp78ikdJHCL1uZ1kNSFHSjrBzChKOrLvOxOeayTFipolpE97wQP3vXPZJ8DBypGoB2Q4GlAKnVsNbOJfqtBBxw4Lx8Q5QR5JtCrRD4QQys9NmAft054kUiOJneH-_WzW1OL69zSG_rcQ5ldSDSpAkptW4S\/s1600\/1350c956-9701-4bd2-aeed-212b60747479.jpeg\"><img loading=\"lazy\" decoding=\"async\" src=\"https:\/\/blogger.googleusercontent.com\/img\/b\/R29vZ2xl\/AVvXsEiu0cWtEUr0fZfPMp6vGbhXj915ROEtn6QeMZbp78ikdJHCL1uZ1kNSFHSjrBzChKOrLvOxOeayTFipolpE97wQP3vXPZJ8DBypGoB2Q4GlAKnVsNbOJfqtBBxw4Lx8Q5QR5JtCrRD4QQys9NmAft054kUiOJneH-_WzW1OL69zSG_rcQ5ldSDSpAkptW4S\/w400-h266\/1350c956-9701-4bd2-aeed-212b60747479.jpeg\" width=\"400\" height=\"266\" border=\"0\" data-original-height=\"1066\" data-original-width=\"1600\" \/><\/a><\/div>\n<p>&nbsp;<\/p>\n<div class=\"separator\"><a href=\"https:\/\/blogger.googleusercontent.com\/img\/b\/R29vZ2xl\/AVvXsEjmIuiknHIWVzJkb-woMmTKF38yI43l6j-PMNvI2NqgvMZIvDllRUEBR2itiOVCNbIfkBUFMBtXwidNpUjPVs5NRYuFhS-eSDfic05-kj7NzGWdiIkdp8a2LLrnUbcLyu2xTC83W0qgrhSL8_7VwFfQW9mKVeTzj4Wc-gXXSCULkq-ntY1MlZKr4IqUD9A9\/s1000\/0392a72e-f832-43ac-aedb-d4760b04d0ec.jpeg\"><img loading=\"lazy\" decoding=\"async\" src=\"https:\/\/blogger.googleusercontent.com\/img\/b\/R29vZ2xl\/AVvXsEjmIuiknHIWVzJkb-woMmTKF38yI43l6j-PMNvI2NqgvMZIvDllRUEBR2itiOVCNbIfkBUFMBtXwidNpUjPVs5NRYuFhS-eSDfic05-kj7NzGWdiIkdp8a2LLrnUbcLyu2xTC83W0qgrhSL8_7VwFfQW9mKVeTzj4Wc-gXXSCULkq-ntY1MlZKr4IqUD9A9\/w400-h266\/0392a72e-f832-43ac-aedb-d4760b04d0ec.jpeg\" width=\"400\" height=\"266\" border=\"0\" data-original-height=\"666\" data-original-width=\"1000\" \/><\/a><\/div>\n<p>&nbsp;<\/p>\n<div class=\"separator\"><a href=\"https:\/\/blogger.googleusercontent.com\/img\/b\/R29vZ2xl\/AVvXsEhGbdd8ky9GfhOaxm9n81WQzQDlTXE9ZSEQm1MCJmTHHuSOFtk4z0kOITWNfiZ1w0ZVpMMo0HnOJgSXsZo9n65qmGP6C7hBQKRS5DR__SnZvPmApc01BkRr70Tk8dc3YDsp4S6qg989MO980LUPVe0Ygzf0SiWENC6FwGBpmWLgAFpP8iS99UEE199J-53n\/s1600\/086a8d09-2904-4b3e-bac7-f0459b52094b.jpeg\"><img loading=\"lazy\" decoding=\"async\" src=\"https:\/\/blogger.googleusercontent.com\/img\/b\/R29vZ2xl\/AVvXsEhGbdd8ky9GfhOaxm9n81WQzQDlTXE9ZSEQm1MCJmTHHuSOFtk4z0kOITWNfiZ1w0ZVpMMo0HnOJgSXsZo9n65qmGP6C7hBQKRS5DR__SnZvPmApc01BkRr70Tk8dc3YDsp4S6qg989MO980LUPVe0Ygzf0SiWENC6FwGBpmWLgAFpP8iS99UEE199J-53n\/w400-h266\/086a8d09-2904-4b3e-bac7-f0459b52094b.jpeg\" width=\"400\" height=\"266\" border=\"0\" data-original-height=\"1066\" data-original-width=\"1600\" \/><\/a><\/div>\n<p>\u201cTabira \u00e9 uma cidade que pulsa com a for\u00e7a do seu com\u00e9rcio e da sua ind\u00fastria. A Prefeitura \u00e9 parceira de quem empreende, gera empregos e acredita no desenvolvimento. Apoiar a FENET \u00e9 reafirmar nosso compromisso com o crescimento sustent\u00e1vel e com a valoriza\u00e7\u00e3o da nossa economia\u201d, destacou o prefeito Fl\u00e1vio Marques.<\/p>\n<p>A feira tamb\u00e9m funciona como um verdadeiro shopping a c\u00e9u aberto, com uma ampla variedade de produtos e servi\u00e7os oferecidos em um ambiente democr\u00e1tico, acess\u00edvel e acolhedor. Um dos destaques \u00e9 a Arena Gastron\u00f4mica, que re\u00fane oito empreendimentos do setor de alimentos e bebidas, oferecendo pratos t\u00edpicos do alto sert\u00e3o e lanches tradicionais.<\/p>\n<p>A programa\u00e7\u00e3o cultural tamb\u00e9m tem papel de destaque. Na abertura, o p\u00fablico curtiu o show de Ray Novaes. Nesta sexta-feira (3), sobem ao palco Karol Almeida, Aparecida Galdino e Marcelo Velozo. Encerrando a feira no s\u00e1bado (4), as atra\u00e7\u00f5es s\u00e3o Roberto e Eduarda, Wagner Fernando e Segunda Samba.<\/p>\n<p>A FENET 2025 segue at\u00e9 s\u00e1bado, com entrada gratuita, sendo mais uma oportunidade de fomentar neg\u00f3cios, incentivar a cultura e celebrar o potencial empreendedor de Tabira e regi\u00e3o.<\/p>\n<div class=\"separator\"><a href=\"https:\/\/blogger.googleusercontent.com\/img\/b\/R29vZ2xl\/AVvXsEivVaeQHaRd89jTjivktTDryr6Mbuu5P6eNe3KVHATy2J8p9tASgrSrLt1WmiXxnhQUFb7L4P2xYvEY-p_7TfhLkTjVoZLS2amz__tC1x2ELEyaV_ZZTwM81klMsiZgqBYLWcIHNY55iOoVxo3cCvlFtwUNtzvXPLiZWdgQ68el-sPFAbB3hN65dhgQKQL5\/s1600\/aab162a6-b67f-403b-8af6-6620783c7840.jpeg\"><img loading=\"lazy\" decoding=\"async\" src=\"https:\/\/blogger.googleusercontent.com\/img\/b\/R29vZ2xl\/AVvXsEivVaeQHaRd89jTjivktTDryr6Mbuu5P6eNe3KVHATy2J8p9tASgrSrLt1WmiXxnhQUFb7L4P2xYvEY-p_7TfhLkTjVoZLS2amz__tC1x2ELEyaV_ZZTwM81klMsiZgqBYLWcIHNY55iOoVxo3cCvlFtwUNtzvXPLiZWdgQ68el-sPFAbB3hN65dhgQKQL5\/w400-h266\/aab162a6-b67f-403b-8af6-6620783c7840.jpeg\" width=\"400\" height=\"266\" border=\"0\" data-original-height=\"1066\" data-original-width=\"1600\" \/><\/a><\/div>\n<p>&nbsp;<\/p>\n<div class=\"separator\"><a href=\"https:\/\/blogger.googleusercontent.com\/img\/b\/R29vZ2xl\/AVvXsEhiielhN1m-AKkB0ZQHzHvbLmPP5-U_mUimNR499WEeXvdoLxBoCLVw7Ghyphenhyphen1TUZvc9TTmCIy7yUbByBX9iAhlhHetuczq7Jpr3C8XkwwkfOp2nk1JmUUp1NTUQoXWKwWfdWE0ZWwaXp362fgi7tDmspTvLd7aeGskCwYYHWbn-3yFQszETLizjc5URBoZ4v\/s1600\/8aceafa9-9eb2-4c6f-882b-8624b453ea7a.jpeg\"><img loading=\"lazy\" decoding=\"async\" src=\"https:\/\/blogger.googleusercontent.com\/img\/b\/R29vZ2xl\/AVvXsEhiielhN1m-AKkB0ZQHzHvbLmPP5-U_mUimNR499WEeXvdoLxBoCLVw7Ghyphenhyphen1TUZvc9TTmCIy7yUbByBX9iAhlhHetuczq7Jpr3C8XkwwkfOp2nk1JmUUp1NTUQoXWKwWfdWE0ZWwaXp362fgi7tDmspTvLd7aeGskCwYYHWbn-3yFQszETLizjc5URBoZ4v\/w400-h266\/8aceafa9-9eb2-4c6f-882b-8624b453ea7a.jpeg\" width=\"400\" height=\"266\" border=\"0\" data-original-height=\"1066\" data-original-width=\"1600\" \/><\/a><\/div>\n\n<div style=\"font-size: 0px; height: 0px; line-height: 0px; margin: 0; padding: 0; clear: both;\"><\/div>","protected":false},"excerpt":{"rendered":"<p>Teve in\u00edcio nesta quinta-feira (2) a Feira de Neg\u00f3cios de Tabira (FENET 2025), evento que movimenta o setor empresarial do munic\u00edpio e de toda a regi\u00e3o. Realizada no Est\u00e1dio O Cordeir\u00e3o, a feira segue at\u00e9&#8230;<\/p>\n","protected":false},"author":4,"featured_media":7457,"comment_status":"open","ping_status":"open","sticky":false,"template":"","format":"standard","meta":{"footnotes":""},"categories":[17],"tags":[],"class_list":["post-7456","post","type-post","status-publish","format-standard","has-post-thumbnail","hentry","category-sertao"],"yoast_head":"<!-- This site is optimized with the Yoast SEO plugin v24.5 - https:\/\/yoast.com\/wordpress\/plugins\/seo\/ -->\n<title>FENET 2025 \u00e9 aberta oficialmente com grande p\u00fablico e expectativa de movimentar mais de R$ 6 milh\u00f5es em neg\u00f3cios - Nova Bet\u00e2nia FM 87,9<\/title>\n<meta name=\"robots\" content=\"index, follow, max-snippet:-1, max-image-preview:large, max-video-preview:-1\" \/>\n<link rel=\"canonical\" href=\"https:\/\/novabetaniafm.com.br\/novabetania87\/2025\/10\/03\/fenet-2025-e-aberta-oficialmente-com-grande-publico-e-expectativa-de-movimentar-mais-de-r-6-milhoes-em-negocios\/\" \/>\n<meta property=\"og:locale\" content=\"pt_BR\" \/>\n<meta property=\"og:type\" content=\"article\" \/>\n<meta property=\"og:title\" content=\"FENET 2025 \u00e9 aberta oficialmente com grande p\u00fablico e expectativa de movimentar mais de R$ 6 milh\u00f5es em neg\u00f3cios - Nova Bet\u00e2nia FM 87,9\" \/>\n<meta property=\"og:description\" content=\"Teve in\u00edcio nesta quinta-feira (2) a Feira de Neg\u00f3cios de Tabira (FENET 2025), evento que movimenta o setor empresarial do munic\u00edpio e de toda a regi\u00e3o. Realizada no Est\u00e1dio O Cordeir\u00e3o, a feira segue at\u00e9...\" \/>\n<meta property=\"og:url\" content=\"https:\/\/novabetaniafm.com.br\/novabetania87\/2025\/10\/03\/fenet-2025-e-aberta-oficialmente-com-grande-publico-e-expectativa-de-movimentar-mais-de-r-6-milhoes-em-negocios\/\" \/>\n<meta property=\"og:site_name\" content=\"Nova Bet\u00e2nia FM 87,9\" \/>\n<meta property=\"article:published_time\" content=\"2025-10-03T10:29:19+00:00\" \/>\n<meta property=\"og:image\" content=\"http:\/\/novabetaniafm.com.br\/novabetania87\/wp-content\/uploads\/2025\/10\/5022c141-eaa1-4c6e-8f75-6c43846d83ab.jpeg\" \/>\n\t<meta property=\"og:image:width\" content=\"400\" \/>\n\t<meta property=\"og:image:height\" content=\"266\" \/>\n\t<meta property=\"og:image:type\" content=\"image\/jpeg\" \/>\n<meta name=\"author\" content=\"Nova Bet\u00e2nia FM\" \/>\n<meta name=\"twitter:card\" content=\"summary_large_image\" \/>\n<meta name=\"twitter:label1\" content=\"Escrito por\" \/>\n\t<meta name=\"twitter:data1\" content=\"Nova Bet\u00e2nia FM\" \/>\n\t<meta name=\"twitter:label2\" content=\"Est. tempo de leitura\" \/>\n\t<meta name=\"twitter:data2\" content=\"4 minutos\" \/>\n<script type=\"application\/ld+json\" class=\"yoast-schema-graph\">{\"@context\":\"https:\/\/schema.org\",\"@graph\":[{\"@type\":\"Article\",\"@id\":\"https:\/\/novabetaniafm.com.br\/novabetania87\/2025\/10\/03\/fenet-2025-e-aberta-oficialmente-com-grande-publico-e-expectativa-de-movimentar-mais-de-r-6-milhoes-em-negocios\/#article\",\"isPartOf\":{\"@id\":\"https:\/\/novabetaniafm.com.br\/novabetania87\/2025\/10\/03\/fenet-2025-e-aberta-oficialmente-com-grande-publico-e-expectativa-de-movimentar-mais-de-r-6-milhoes-em-negocios\/\"},\"author\":{\"name\":\"Nova Bet\u00e2nia FM\",\"@id\":\"https:\/\/novabetaniafm.com.br\/novabetania87\/#\/schema\/person\/73fd05cbd77cd30a7bab1141b8ab8555\"},\"headline\":\"FENET 2025 \u00e9 aberta oficialmente com grande p\u00fablico e expectativa de movimentar mais de R$ 6 milh\u00f5es em neg\u00f3cios\",\"datePublished\":\"2025-10-03T10:29:19+00:00\",\"mainEntityOfPage\":{\"@id\":\"https:\/\/novabetaniafm.com.br\/novabetania87\/2025\/10\/03\/fenet-2025-e-aberta-oficialmente-com-grande-publico-e-expectativa-de-movimentar-mais-de-r-6-milhoes-em-negocios\/\"},\"wordCount\":404,\"commentCount\":0,\"publisher\":{\"@id\":\"https:\/\/novabetaniafm.com.br\/novabetania87\/#organization\"},\"image\":{\"@id\":\"https:\/\/novabetaniafm.com.br\/novabetania87\/2025\/10\/03\/fenet-2025-e-aberta-oficialmente-com-grande-publico-e-expectativa-de-movimentar-mais-de-r-6-milhoes-em-negocios\/#primaryimage\"},\"thumbnailUrl\":\"https:\/\/novabetaniafm.com.br\/novabetania87\/wp-content\/uploads\/2025\/10\/5022c141-eaa1-4c6e-8f75-6c43846d83ab.jpeg\",\"articleSection\":[\"Sert\u00e3o\"],\"inLanguage\":\"pt-BR\",\"potentialAction\":[{\"@type\":\"CommentAction\",\"name\":\"Comment\",\"target\":[\"https:\/\/novabetaniafm.com.br\/novabetania87\/2025\/10\/03\/fenet-2025-e-aberta-oficialmente-com-grande-publico-e-expectativa-de-movimentar-mais-de-r-6-milhoes-em-negocios\/#respond\"]}]},{\"@type\":\"WebPage\",\"@id\":\"https:\/\/novabetaniafm.com.br\/novabetania87\/2025\/10\/03\/fenet-2025-e-aberta-oficialmente-com-grande-publico-e-expectativa-de-movimentar-mais-de-r-6-milhoes-em-negocios\/\",\"url\":\"https:\/\/novabetaniafm.com.br\/novabetania87\/2025\/10\/03\/fenet-2025-e-aberta-oficialmente-com-grande-publico-e-expectativa-de-movimentar-mais-de-r-6-milhoes-em-negocios\/\",\"name\":\"FENET 2025 \u00e9 aberta oficialmente com grande p\u00fablico e expectativa de movimentar mais de R$ 6 milh\u00f5es em neg\u00f3cios - Nova Bet\u00e2nia FM 87,9\",\"isPartOf\":{\"@id\":\"https:\/\/novabetaniafm.com.br\/novabetania87\/#website\"},\"primaryImageOfPage\":{\"@id\":\"https:\/\/novabetaniafm.com.br\/novabetania87\/2025\/10\/03\/fenet-2025-e-aberta-oficialmente-com-grande-publico-e-expectativa-de-movimentar-mais-de-r-6-milhoes-em-negocios\/#primaryimage\"},\"image\":{\"@id\":\"https:\/\/novabetaniafm.com.br\/novabetania87\/2025\/10\/03\/fenet-2025-e-aberta-oficialmente-com-grande-publico-e-expectativa-de-movimentar-mais-de-r-6-milhoes-em-negocios\/#primaryimage\"},\"thumbnailUrl\":\"https:\/\/novabetaniafm.com.br\/novabetania87\/wp-content\/uploads\/2025\/10\/5022c141-eaa1-4c6e-8f75-6c43846d83ab.jpeg\",\"datePublished\":\"2025-10-03T10:29:19+00:00\",\"breadcrumb\":{\"@id\":\"https:\/\/novabetaniafm.com.br\/novabetania87\/2025\/10\/03\/fenet-2025-e-aberta-oficialmente-com-grande-publico-e-expectativa-de-movimentar-mais-de-r-6-milhoes-em-negocios\/#breadcrumb\"},\"inLanguage\":\"pt-BR\",\"potentialAction\":[{\"@type\":\"ReadAction\",\"target\":[\"https:\/\/novabetaniafm.com.br\/novabetania87\/2025\/10\/03\/fenet-2025-e-aberta-oficialmente-com-grande-publico-e-expectativa-de-movimentar-mais-de-r-6-milhoes-em-negocios\/\"]}]},{\"@type\":\"ImageObject\",\"inLanguage\":\"pt-BR\",\"@id\":\"https:\/\/novabetaniafm.com.br\/novabetania87\/2025\/10\/03\/fenet-2025-e-aberta-oficialmente-com-grande-publico-e-expectativa-de-movimentar-mais-de-r-6-milhoes-em-negocios\/#primaryimage\",\"url\":\"https:\/\/novabetaniafm.com.br\/novabetania87\/wp-content\/uploads\/2025\/10\/5022c141-eaa1-4c6e-8f75-6c43846d83ab.jpeg\",\"contentUrl\":\"https:\/\/novabetaniafm.com.br\/novabetania87\/wp-content\/uploads\/2025\/10\/5022c141-eaa1-4c6e-8f75-6c43846d83ab.jpeg\",\"width\":400,\"height\":266},{\"@type\":\"BreadcrumbList\",\"@id\":\"https:\/\/novabetaniafm.com.br\/novabetania87\/2025\/10\/03\/fenet-2025-e-aberta-oficialmente-com-grande-publico-e-expectativa-de-movimentar-mais-de-r-6-milhoes-em-negocios\/#breadcrumb\",\"itemListElement\":[{\"@type\":\"ListItem\",\"position\":1,\"name\":\"In\u00edcio\",\"item\":\"https:\/\/novabetaniafm.com.br\/novabetania87\/\"},{\"@type\":\"ListItem\",\"position\":2,\"name\":\"FENET 2025 \u00e9 aberta oficialmente com grande p\u00fablico e expectativa de movimentar mais de R$ 6 milh\u00f5es em neg\u00f3cios\"}]},{\"@type\":\"WebSite\",\"@id\":\"https:\/\/novabetaniafm.com.br\/novabetania87\/#website\",\"url\":\"https:\/\/novabetaniafm.com.br\/novabetania87\/\",\"name\":\"Nova Bet\u00e2nia FM 87,9\",\"description\":\"Ligada em voc\u00ea!\",\"publisher\":{\"@id\":\"https:\/\/novabetaniafm.com.br\/novabetania87\/#organization\"},\"potentialAction\":[{\"@type\":\"SearchAction\",\"target\":{\"@type\":\"EntryPoint\",\"urlTemplate\":\"https:\/\/novabetaniafm.com.br\/novabetania87\/?s={search_term_string}\"},\"query-input\":{\"@type\":\"PropertyValueSpecification\",\"valueRequired\":true,\"valueName\":\"search_term_string\"}}],\"inLanguage\":\"pt-BR\"},{\"@type\":\"Organization\",\"@id\":\"https:\/\/novabetaniafm.com.br\/novabetania87\/#organization\",\"name\":\"Nova Bet\u00e2nia FM 87,9\",\"url\":\"https:\/\/novabetaniafm.com.br\/novabetania87\/\",\"logo\":{\"@type\":\"ImageObject\",\"inLanguage\":\"pt-BR\",\"@id\":\"https:\/\/novabetaniafm.com.br\/novabetania87\/#\/schema\/logo\/image\/\",\"url\":\"https:\/\/novabetaniafm.com.br\/novabetania87\/wp-content\/uploads\/2024\/05\/logo.png\",\"contentUrl\":\"https:\/\/novabetaniafm.com.br\/novabetania87\/wp-content\/uploads\/2024\/05\/logo.png\",\"width\":211,\"height\":144,\"caption\":\"Nova Bet\u00e2nia FM 87,9\"},\"image\":{\"@id\":\"https:\/\/novabetaniafm.com.br\/novabetania87\/#\/schema\/logo\/image\/\"}},{\"@type\":\"Person\",\"@id\":\"https:\/\/novabetaniafm.com.br\/novabetania87\/#\/schema\/person\/73fd05cbd77cd30a7bab1141b8ab8555\",\"name\":\"Nova Bet\u00e2nia FM\",\"image\":{\"@type\":\"ImageObject\",\"inLanguage\":\"pt-BR\",\"@id\":\"https:\/\/novabetaniafm.com.br\/novabetania87\/#\/schema\/person\/image\/\",\"url\":\"https:\/\/secure.gravatar.com\/avatar\/e0359add7ed5dc3560906d861b52c6a8cf5c1e199d3a7dd85070998f49bd4701?s=96&d=mm&r=g\",\"contentUrl\":\"https:\/\/secure.gravatar.com\/avatar\/e0359add7ed5dc3560906d861b52c6a8cf5c1e199d3a7dd85070998f49bd4701?s=96&d=mm&r=g\",\"caption\":\"Nova Bet\u00e2nia FM\"},\"url\":\"https:\/\/novabetaniafm.com.br\/novabetania87\/author\/novabetaniafm879\/\"}]}<\/script>\n<!-- \/ Yoast SEO plugin. -->","yoast_head_json":{"title":"FENET 2025 \u00e9 aberta oficialmente com grande p\u00fablico e expectativa de movimentar mais de R$ 6 milh\u00f5es em neg\u00f3cios - Nova Bet\u00e2nia FM 87,9","robots":{"index":"index","follow":"follow","max-snippet":"max-snippet:-1","max-image-preview":"max-image-preview:large","max-video-preview":"max-video-preview:-1"},"canonical":"https:\/\/novabetaniafm.com.br\/novabetania87\/2025\/10\/03\/fenet-2025-e-aberta-oficialmente-com-grande-publico-e-expectativa-de-movimentar-mais-de-r-6-milhoes-em-negocios\/","og_locale":"pt_BR","og_type":"article","og_title":"FENET 2025 \u00e9 aberta oficialmente com grande p\u00fablico e expectativa de movimentar mais de R$ 6 milh\u00f5es em neg\u00f3cios - Nova Bet\u00e2nia FM 87,9","og_description":"Teve in\u00edcio nesta quinta-feira (2) a Feira de Neg\u00f3cios de Tabira (FENET 2025), evento que movimenta o setor empresarial do munic\u00edpio e de toda a regi\u00e3o. Realizada no Est\u00e1dio O Cordeir\u00e3o, a feira segue at\u00e9...","og_url":"https:\/\/novabetaniafm.com.br\/novabetania87\/2025\/10\/03\/fenet-2025-e-aberta-oficialmente-com-grande-publico-e-expectativa-de-movimentar-mais-de-r-6-milhoes-em-negocios\/","og_site_name":"Nova Bet\u00e2nia FM 87,9","article_published_time":"2025-10-03T10:29:19+00:00","og_image":[{"width":400,"height":266,"url":"http:\/\/novabetaniafm.com.br\/novabetania87\/wp-content\/uploads\/2025\/10\/5022c141-eaa1-4c6e-8f75-6c43846d83ab.jpeg","type":"image\/jpeg"}],"author":"Nova Bet\u00e2nia FM","twitter_card":"summary_large_image","twitter_misc":{"Escrito por":"Nova Bet\u00e2nia FM","Est. tempo de leitura":"4 minutos"},"schema":{"@context":"https:\/\/schema.org","@graph":[{"@type":"Article","@id":"https:\/\/novabetaniafm.com.br\/novabetania87\/2025\/10\/03\/fenet-2025-e-aberta-oficialmente-com-grande-publico-e-expectativa-de-movimentar-mais-de-r-6-milhoes-em-negocios\/#article","isPartOf":{"@id":"https:\/\/novabetaniafm.com.br\/novabetania87\/2025\/10\/03\/fenet-2025-e-aberta-oficialmente-com-grande-publico-e-expectativa-de-movimentar-mais-de-r-6-milhoes-em-negocios\/"},"author":{"name":"Nova Bet\u00e2nia FM","@id":"https:\/\/novabetaniafm.com.br\/novabetania87\/#\/schema\/person\/73fd05cbd77cd30a7bab1141b8ab8555"},"headline":"FENET 2025 \u00e9 aberta oficialmente com grande p\u00fablico e expectativa de movimentar mais de R$ 6 milh\u00f5es em neg\u00f3cios","datePublished":"2025-10-03T10:29:19+00:00","mainEntityOfPage":{"@id":"https:\/\/novabetaniafm.com.br\/novabetania87\/2025\/10\/03\/fenet-2025-e-aberta-oficialmente-com-grande-publico-e-expectativa-de-movimentar-mais-de-r-6-milhoes-em-negocios\/"},"wordCount":404,"commentCount":0,"publisher":{"@id":"https:\/\/novabetaniafm.com.br\/novabetania87\/#organization"},"image":{"@id":"https:\/\/novabetaniafm.com.br\/novabetania87\/2025\/10\/03\/fenet-2025-e-aberta-oficialmente-com-grande-publico-e-expectativa-de-movimentar-mais-de-r-6-milhoes-em-negocios\/#primaryimage"},"thumbnailUrl":"https:\/\/novabetaniafm.com.br\/novabetania87\/wp-content\/uploads\/2025\/10\/5022c141-eaa1-4c6e-8f75-6c43846d83ab.jpeg","articleSection":["Sert\u00e3o"],"inLanguage":"pt-BR","potentialAction":[{"@type":"CommentAction","name":"Comment","target":["https:\/\/novabetaniafm.com.br\/novabetania87\/2025\/10\/03\/fenet-2025-e-aberta-oficialmente-com-grande-publico-e-expectativa-de-movimentar-mais-de-r-6-milhoes-em-negocios\/#respond"]}]},{"@type":"WebPage","@id":"https:\/\/novabetaniafm.com.br\/novabetania87\/2025\/10\/03\/fenet-2025-e-aberta-oficialmente-com-grande-publico-e-expectativa-de-movimentar-mais-de-r-6-milhoes-em-negocios\/","url":"https:\/\/novabetaniafm.com.br\/novabetania87\/2025\/10\/03\/fenet-2025-e-aberta-oficialmente-com-grande-publico-e-expectativa-de-movimentar-mais-de-r-6-milhoes-em-negocios\/","name":"FENET 2025 \u00e9 aberta oficialmente com grande p\u00fablico e expectativa de movimentar mais de R$ 6 milh\u00f5es em neg\u00f3cios - Nova Bet\u00e2nia FM 87,9","isPartOf":{"@id":"https:\/\/novabetaniafm.com.br\/novabetania87\/#website"},"primaryImageOfPage":{"@id":"https:\/\/novabetaniafm.com.br\/novabetania87\/2025\/10\/03\/fenet-2025-e-aberta-oficialmente-com-grande-publico-e-expectativa-de-movimentar-mais-de-r-6-milhoes-em-negocios\/#primaryimage"},"image":{"@id":"https:\/\/novabetaniafm.com.br\/novabetania87\/2025\/10\/03\/fenet-2025-e-aberta-oficialmente-com-grande-publico-e-expectativa-de-movimentar-mais-de-r-6-milhoes-em-negocios\/#primaryimage"},"thumbnailUrl":"https:\/\/novabetaniafm.com.br\/novabetania87\/wp-content\/uploads\/2025\/10\/5022c141-eaa1-4c6e-8f75-6c43846d83ab.jpeg","datePublished":"2025-10-03T10:29:19+00:00","breadcrumb":{"@id":"https:\/\/novabetaniafm.com.br\/novabetania87\/2025\/10\/03\/fenet-2025-e-aberta-oficialmente-com-grande-publico-e-expectativa-de-movimentar-mais-de-r-6-milhoes-em-negocios\/#breadcrumb"},"inLanguage":"pt-BR","potentialAction":[{"@type":"ReadAction","target":["https:\/\/novabetaniafm.com.br\/novabetania87\/2025\/10\/03\/fenet-2025-e-aberta-oficialmente-com-grande-publico-e-expectativa-de-movimentar-mais-de-r-6-milhoes-em-negocios\/"]}]},{"@type":"ImageObject","inLanguage":"pt-BR","@id":"https:\/\/novabetaniafm.com.br\/novabetania87\/2025\/10\/03\/fenet-2025-e-aberta-oficialmente-com-grande-publico-e-expectativa-de-movimentar-mais-de-r-6-milhoes-em-negocios\/#primaryimage","url":"https:\/\/novabetaniafm.com.br\/novabetania87\/wp-content\/uploads\/2025\/10\/5022c141-eaa1-4c6e-8f75-6c43846d83ab.jpeg","contentUrl":"https:\/\/novabetaniafm.com.br\/novabetania87\/wp-content\/uploads\/2025\/10\/5022c141-eaa1-4c6e-8f75-6c43846d83ab.jpeg","width":400,"height":266},{"@type":"BreadcrumbList","@id":"https:\/\/novabetaniafm.com.br\/novabetania87\/2025\/10\/03\/fenet-2025-e-aberta-oficialmente-com-grande-publico-e-expectativa-de-movimentar-mais-de-r-6-milhoes-em-negocios\/#breadcrumb","itemListElement":[{"@type":"ListItem","position":1,"name":"In\u00edcio","item":"https:\/\/novabetaniafm.com.br\/novabetania87\/"},{"@type":"ListItem","position":2,"name":"FENET 2025 \u00e9 aberta oficialmente com grande p\u00fablico e expectativa de movimentar mais de R$ 6 milh\u00f5es em neg\u00f3cios"}]},{"@type":"WebSite","@id":"https:\/\/novabetaniafm.com.br\/novabetania87\/#website","url":"https:\/\/novabetaniafm.com.br\/novabetania87\/","name":"Nova Bet\u00e2nia FM 87,9","description":"Ligada em voc\u00ea!","publisher":{"@id":"https:\/\/novabetaniafm.com.br\/novabetania87\/#organization"},"potentialAction":[{"@type":"SearchAction","target":{"@type":"EntryPoint","urlTemplate":"https:\/\/novabetaniafm.com.br\/novabetania87\/?s={search_term_string}"},"query-input":{"@type":"PropertyValueSpecification","valueRequired":true,"valueName":"search_term_string"}}],"inLanguage":"pt-BR"},{"@type":"Organization","@id":"https:\/\/novabetaniafm.com.br\/novabetania87\/#organization","name":"Nova Bet\u00e2nia FM 87,9","url":"https:\/\/novabetaniafm.com.br\/novabetania87\/","logo":{"@type":"ImageObject","inLanguage":"pt-BR","@id":"https:\/\/novabetaniafm.com.br\/novabetania87\/#\/schema\/logo\/image\/","url":"https:\/\/novabetaniafm.com.br\/novabetania87\/wp-content\/uploads\/2024\/05\/logo.png","contentUrl":"https:\/\/novabetaniafm.com.br\/novabetania87\/wp-content\/uploads\/2024\/05\/logo.png","width":211,"height":144,"caption":"Nova Bet\u00e2nia FM 87,9"},"image":{"@id":"https:\/\/novabetaniafm.com.br\/novabetania87\/#\/schema\/logo\/image\/"}},{"@type":"Person","@id":"https:\/\/novabetaniafm.com.br\/novabetania87\/#\/schema\/person\/73fd05cbd77cd30a7bab1141b8ab8555","name":"Nova Bet\u00e2nia FM","image":{"@type":"ImageObject","inLanguage":"pt-BR","@id":"https:\/\/novabetaniafm.com.br\/novabetania87\/#\/schema\/person\/image\/","url":"https:\/\/secure.gravatar.com\/avatar\/e0359add7ed5dc3560906d861b52c6a8cf5c1e199d3a7dd85070998f49bd4701?s=96&d=mm&r=g","contentUrl":"https:\/\/secure.gravatar.com\/avatar\/e0359add7ed5dc3560906d861b52c6a8cf5c1e199d3a7dd85070998f49bd4701?s=96&d=mm&r=g","caption":"Nova Bet\u00e2nia FM"},"url":"https:\/\/novabetaniafm.com.br\/novabetania87\/author\/novabetaniafm879\/"}]}},"jetpack_featured_media_url":"https:\/\/novabetaniafm.com.br\/novabetania87\/wp-content\/uploads\/2025\/10\/5022c141-eaa1-4c6e-8f75-6c43846d83ab.jpeg","_links":{"self":[{"href":"https:\/\/novabetaniafm.com.br\/novabetania87\/wp-json\/wp\/v2\/posts\/7456","targetHints":{"allow":["GET"]}}],"collection":[{"href":"https:\/\/novabetaniafm.com.br\/novabetania87\/wp-json\/wp\/v2\/posts"}],"about":[{"href":"https:\/\/novabetaniafm.com.br\/novabetania87\/wp-json\/wp\/v2\/types\/post"}],"author":[{"embeddable":true,"href":"https:\/\/novabetaniafm.com.br\/novabetania87\/wp-json\/wp\/v2\/users\/4"}],"replies":[{"embeddable":true,"href":"https:\/\/novabetaniafm.com.br\/novabetania87\/wp-json\/wp\/v2\/comments?post=7456"}],"version-history":[{"count":1,"href":"https:\/\/novabetaniafm.com.br\/novabetania87\/wp-json\/wp\/v2\/posts\/7456\/revisions"}],"predecessor-version":[{"id":7458,"href":"https:\/\/novabetaniafm.com.br\/novabetania87\/wp-json\/wp\/v2\/posts\/7456\/revisions\/7458"}],"wp:featuredmedia":[{"embeddable":true,"href":"https:\/\/novabetaniafm.com.br\/novabetania87\/wp-json\/wp\/v2\/media\/7457"}],"wp:attachment":[{"href":"https:\/\/novabetaniafm.com.br\/novabetania87\/wp-json\/wp\/v2\/media?parent=7456"}],"wp:term":[{"taxonomy":"category","embeddable":true,"href":"https:\/\/novabetaniafm.com.br\/novabetania87\/wp-json\/wp\/v2\/categories?post=7456"},{"taxonomy":"post_tag","embeddable":true,"href":"https:\/\/novabetaniafm.com.br\/novabetania87\/wp-json\/wp\/v2\/tags?post=7456"}],"curies":[{"name":"wp","href":"https:\/\/api.w.org\/{rel}","templated":true}]}}