{"id":7413,"date":"2025-09-27T08:17:22","date_gmt":"2025-09-27T11:17:22","guid":{"rendered":"https:\/\/novabetaniafm.com.br\/novabetania87\/?p=7413"},"modified":"2025-09-27T08:17:22","modified_gmt":"2025-09-27T11:17:22","slug":"governo-de-pernambuco-abre-edital-de-selecao-para-o-sassepe","status":"publish","type":"post","link":"https:\/\/novabetaniafm.com.br\/novabetania87\/2025\/09\/27\/governo-de-pernambuco-abre-edital-de-selecao-para-o-sassepe\/","title":{"rendered":"Governo de Pernambuco abre edital de sele\u00e7\u00e3o para o Sassepe"},"content":{"rendered":"<p>O Governo de Pernambuco, por meio da Secretaria de Administra\u00e7\u00e3o (SAD) e do Instituto de Aten\u00e7\u00e3o \u00e0 Sa\u00fade e Bem-Estar dos Servidores do Estado (Iassepe), publicou no Di\u00e1rio Oficial desta sexta-feira (26) edital de sele\u00e7\u00e3o p\u00fablica para o Sistema de Assist\u00eancia \u00e0 Sa\u00fade dos Servidores do Estado de Pernambuco (Sassepe).<\/p>\n<p>As vagas s\u00e3o para a Zona da Mata e Agreste do Estado. O processo seletivo prev\u00ea a forma\u00e7\u00e3o de listas com os tr\u00eas primeiros colocados de cada regional, e a governadora escolher\u00e1 os nomeados. O cargo tem jornada de 40 horas semanais e remunera\u00e7\u00e3o total de R$ 2.755,45.<\/p>\n<p><strong>Vagas<\/strong><\/p>\n<p>O edital oferece seis vagas imediatas para as unidades regionais de Palmares, Goiana, Salgueiro, Ouricuri, Petrolina e Caruaru. Al\u00e9m disso, h\u00e1 cadastro de reserva para as ag\u00eancias de Afogados da Ingazeira, Surubim, Garanhuns, Arcoverde e Serra Talhada.<\/p>\n<p><strong>Requisitos<\/strong><\/p>\n<ul>\n<li>N\u00edvel superior completo em qualquer \u00e1rea;<\/li>\n<li>Experi\u00eancia m\u00ednima de seis meses em cargos de coordena\u00e7\u00e3o ou supervis\u00e3o.<\/li>\n<\/ul>\n<p><strong>Etapas do processo<\/strong><\/p>\n<p><strong>A sele\u00e7\u00e3o ser\u00e1 dividida em duas fases:<\/strong><\/p>\n<ul>\n<li><strong>An\u00e1lise documental ap\u00f3s inscri\u00e7\u00e3o<\/strong>\u00a0\u2013 car\u00e1ter eliminat\u00f3rio;<\/li>\n<li><strong>Entrevista\u00a0<\/strong>\u2013 com pontua\u00e7\u00e3o m\u00e1xima de dez pontos, avaliando crit\u00e9rios como clareza na exposi\u00e7\u00e3o, postura profissional, capacidade de lideran\u00e7a e planejamento.<\/li>\n<\/ul>\n<p>A entrevista poder\u00e1 ocorrer de forma presencial ou por videoconfer\u00eancia, com dura\u00e7\u00e3o de at\u00e9 40 minutos.<\/p>\n<p><strong>Como se inscrever?<\/strong><\/p>\n<p>As inscri\u00e7\u00f5es s\u00e3o online atrav\u00e9s do\u00a0<a href=\"https:\/\/www.iassepe.pe.gov.br\/concursos-e-selecoes\"><strong>site oficial de concursos e sele\u00e7\u00f5es do Iassepe<\/strong>.<\/a><\/p>\n<p><strong>Cronograma<\/strong><\/p>\n<ul>\n<li><strong>Inscri\u00e7\u00f5es:<\/strong>\u00a029\/09 a 10\/10\/2025<\/li>\n<li><strong>Resultado preliminar da 1\u00aa etapa:<\/strong>\u00a015\/10\/2025<\/li>\n<li><strong>Recursos:<\/strong>\u00a016 e 17\/10\/2025<\/li>\n<li><strong>Divulga\u00e7\u00e3o dos classificados e convoca\u00e7\u00e3o para entrevistas:<\/strong>\u00a0at\u00e9 24\/10\/2025<\/li>\n<li><strong>Entrevistas:<\/strong>\u00a029 a 31\/10\/2025<\/li>\n<li><strong>Resultado final:<\/strong>\u00a0at\u00e9 10\/11\/2025, no Di\u00e1rio Oficial e no site do Iassepe<\/li>\n<\/ul>\n<p>Os candidatos com nota m\u00ednima de cinco pontos na entrevista ser\u00e3o considerados aptos. Em cada regional, a SAD enviar\u00e1 \u00e0 governadora uma lista com os tr\u00eas primeiros colocados, cabendo \u00e0 gestora escolher o nomeado.<\/p>\n<p>A posse deve ocorrer em at\u00e9 dez dias ap\u00f3s a nomea\u00e7\u00e3o, e o exerc\u00edcio da fun\u00e7\u00e3o em at\u00e9 cinco dias depois da posse. O prazo de validade da sele\u00e7\u00e3o \u00e9 de dois anos, prorrog\u00e1vel por igual per\u00edodo.<\/p>\n\n<div style=\"font-size: 0px; height: 0px; line-height: 0px; margin: 0; padding: 0; clear: both;\"><\/div>","protected":false},"excerpt":{"rendered":"<p>O Governo de Pernambuco, por meio da Secretaria de Administra\u00e7\u00e3o (SAD) e do Instituto de Aten\u00e7\u00e3o \u00e0 Sa\u00fade e Bem-Estar dos Servidores do Estado (Iassepe), publicou no Di\u00e1rio Oficial desta sexta-feira (26) edital de sele\u00e7\u00e3o&#8230;<\/p>\n","protected":false},"author":4,"featured_media":7414,"comment_status":"open","ping_status":"open","sticky":false,"template":"","format":"standard","meta":{"footnotes":""},"categories":[10],"tags":[],"class_list":["post-7413","post","type-post","status-publish","format-standard","has-post-thumbnail","hentry","category-pernambuco"],"yoast_head":"<!-- This site is optimized with the Yoast SEO plugin v24.5 - https:\/\/yoast.com\/wordpress\/plugins\/seo\/ -->\n<title>Governo de Pernambuco abre edital de sele\u00e7\u00e3o para o Sassepe - Nova Bet\u00e2nia FM 87,9<\/title>\n<meta name=\"robots\" content=\"index, follow, max-snippet:-1, max-image-preview:large, max-video-preview:-1\" \/>\n<link rel=\"canonical\" href=\"https:\/\/novabetaniafm.com.br\/novabetania87\/2025\/09\/27\/governo-de-pernambuco-abre-edital-de-selecao-para-o-sassepe\/\" \/>\n<meta property=\"og:locale\" content=\"pt_BR\" \/>\n<meta property=\"og:type\" content=\"article\" \/>\n<meta property=\"og:title\" content=\"Governo de Pernambuco abre edital de sele\u00e7\u00e3o para o Sassepe - Nova Bet\u00e2nia FM 87,9\" \/>\n<meta property=\"og:description\" content=\"O Governo de Pernambuco, por meio da Secretaria de Administra\u00e7\u00e3o (SAD) e do Instituto de Aten\u00e7\u00e3o \u00e0 Sa\u00fade e Bem-Estar dos Servidores do Estado (Iassepe), publicou no Di\u00e1rio Oficial desta sexta-feira (26) edital de sele\u00e7\u00e3o...\" \/>\n<meta property=\"og:url\" content=\"https:\/\/novabetaniafm.com.br\/novabetania87\/2025\/09\/27\/governo-de-pernambuco-abre-edital-de-selecao-para-o-sassepe\/\" \/>\n<meta property=\"og:site_name\" content=\"Nova Bet\u00e2nia FM 87,9\" \/>\n<meta property=\"article:published_time\" content=\"2025-09-27T11:17:22+00:00\" \/>\n<meta property=\"og:image\" content=\"http:\/\/novabetaniafm.com.br\/novabetania87\/wp-content\/uploads\/2025\/09\/Iassepe-768x327-1.jpg\" \/>\n\t<meta property=\"og:image:width\" content=\"768\" \/>\n\t<meta property=\"og:image:height\" content=\"327\" \/>\n\t<meta property=\"og:image:type\" content=\"image\/jpeg\" \/>\n<meta name=\"author\" content=\"Nova Bet\u00e2nia FM\" \/>\n<meta name=\"twitter:card\" content=\"summary_large_image\" \/>\n<meta name=\"twitter:label1\" content=\"Escrito por\" \/>\n\t<meta name=\"twitter:data1\" content=\"Nova Bet\u00e2nia FM\" \/>\n\t<meta name=\"twitter:label2\" content=\"Est. tempo de leitura\" \/>\n\t<meta name=\"twitter:data2\" content=\"2 minutos\" \/>\n<script type=\"application\/ld+json\" class=\"yoast-schema-graph\">{\"@context\":\"https:\/\/schema.org\",\"@graph\":[{\"@type\":\"Article\",\"@id\":\"https:\/\/novabetaniafm.com.br\/novabetania87\/2025\/09\/27\/governo-de-pernambuco-abre-edital-de-selecao-para-o-sassepe\/#article\",\"isPartOf\":{\"@id\":\"https:\/\/novabetaniafm.com.br\/novabetania87\/2025\/09\/27\/governo-de-pernambuco-abre-edital-de-selecao-para-o-sassepe\/\"},\"author\":{\"name\":\"Nova Bet\u00e2nia FM\",\"@id\":\"https:\/\/novabetaniafm.com.br\/novabetania87\/#\/schema\/person\/73fd05cbd77cd30a7bab1141b8ab8555\"},\"headline\":\"Governo de Pernambuco abre edital de sele\u00e7\u00e3o para o Sassepe\",\"datePublished\":\"2025-09-27T11:17:22+00:00\",\"mainEntityOfPage\":{\"@id\":\"https:\/\/novabetaniafm.com.br\/novabetania87\/2025\/09\/27\/governo-de-pernambuco-abre-edital-de-selecao-para-o-sassepe\/\"},\"wordCount\":376,\"commentCount\":0,\"publisher\":{\"@id\":\"https:\/\/novabetaniafm.com.br\/novabetania87\/#organization\"},\"image\":{\"@id\":\"https:\/\/novabetaniafm.com.br\/novabetania87\/2025\/09\/27\/governo-de-pernambuco-abre-edital-de-selecao-para-o-sassepe\/#primaryimage\"},\"thumbnailUrl\":\"https:\/\/novabetaniafm.com.br\/novabetania87\/wp-content\/uploads\/2025\/09\/Iassepe-768x327-1.jpg\",\"articleSection\":[\"Pernambuco\"],\"inLanguage\":\"pt-BR\",\"potentialAction\":[{\"@type\":\"CommentAction\",\"name\":\"Comment\",\"target\":[\"https:\/\/novabetaniafm.com.br\/novabetania87\/2025\/09\/27\/governo-de-pernambuco-abre-edital-de-selecao-para-o-sassepe\/#respond\"]}]},{\"@type\":\"WebPage\",\"@id\":\"https:\/\/novabetaniafm.com.br\/novabetania87\/2025\/09\/27\/governo-de-pernambuco-abre-edital-de-selecao-para-o-sassepe\/\",\"url\":\"https:\/\/novabetaniafm.com.br\/novabetania87\/2025\/09\/27\/governo-de-pernambuco-abre-edital-de-selecao-para-o-sassepe\/\",\"name\":\"Governo de Pernambuco abre edital de sele\u00e7\u00e3o para o Sassepe - Nova Bet\u00e2nia FM 87,9\",\"isPartOf\":{\"@id\":\"https:\/\/novabetaniafm.com.br\/novabetania87\/#website\"},\"primaryImageOfPage\":{\"@id\":\"https:\/\/novabetaniafm.com.br\/novabetania87\/2025\/09\/27\/governo-de-pernambuco-abre-edital-de-selecao-para-o-sassepe\/#primaryimage\"},\"image\":{\"@id\":\"https:\/\/novabetaniafm.com.br\/novabetania87\/2025\/09\/27\/governo-de-pernambuco-abre-edital-de-selecao-para-o-sassepe\/#primaryimage\"},\"thumbnailUrl\":\"https:\/\/novabetaniafm.com.br\/novabetania87\/wp-content\/uploads\/2025\/09\/Iassepe-768x327-1.jpg\",\"datePublished\":\"2025-09-27T11:17:22+00:00\",\"breadcrumb\":{\"@id\":\"https:\/\/novabetaniafm.com.br\/novabetania87\/2025\/09\/27\/governo-de-pernambuco-abre-edital-de-selecao-para-o-sassepe\/#breadcrumb\"},\"inLanguage\":\"pt-BR\",\"potentialAction\":[{\"@type\":\"ReadAction\",\"target\":[\"https:\/\/novabetaniafm.com.br\/novabetania87\/2025\/09\/27\/governo-de-pernambuco-abre-edital-de-selecao-para-o-sassepe\/\"]}]},{\"@type\":\"ImageObject\",\"inLanguage\":\"pt-BR\",\"@id\":\"https:\/\/novabetaniafm.com.br\/novabetania87\/2025\/09\/27\/governo-de-pernambuco-abre-edital-de-selecao-para-o-sassepe\/#primaryimage\",\"url\":\"https:\/\/novabetaniafm.com.br\/novabetania87\/wp-content\/uploads\/2025\/09\/Iassepe-768x327-1.jpg\",\"contentUrl\":\"https:\/\/novabetaniafm.com.br\/novabetania87\/wp-content\/uploads\/2025\/09\/Iassepe-768x327-1.jpg\",\"width\":768,\"height\":327},{\"@type\":\"BreadcrumbList\",\"@id\":\"https:\/\/novabetaniafm.com.br\/novabetania87\/2025\/09\/27\/governo-de-pernambuco-abre-edital-de-selecao-para-o-sassepe\/#breadcrumb\",\"itemListElement\":[{\"@type\":\"ListItem\",\"position\":1,\"name\":\"In\u00edcio\",\"item\":\"https:\/\/novabetaniafm.com.br\/novabetania87\/\"},{\"@type\":\"ListItem\",\"position\":2,\"name\":\"Governo de Pernambuco abre edital de sele\u00e7\u00e3o para o Sassepe\"}]},{\"@type\":\"WebSite\",\"@id\":\"https:\/\/novabetaniafm.com.br\/novabetania87\/#website\",\"url\":\"https:\/\/novabetaniafm.com.br\/novabetania87\/\",\"name\":\"Nova Bet\u00e2nia FM 87,9\",\"description\":\"Ligada em voc\u00ea!\",\"publisher\":{\"@id\":\"https:\/\/novabetaniafm.com.br\/novabetania87\/#organization\"},\"potentialAction\":[{\"@type\":\"SearchAction\",\"target\":{\"@type\":\"EntryPoint\",\"urlTemplate\":\"https:\/\/novabetaniafm.com.br\/novabetania87\/?s={search_term_string}\"},\"query-input\":{\"@type\":\"PropertyValueSpecification\",\"valueRequired\":true,\"valueName\":\"search_term_string\"}}],\"inLanguage\":\"pt-BR\"},{\"@type\":\"Organization\",\"@id\":\"https:\/\/novabetaniafm.com.br\/novabetania87\/#organization\",\"name\":\"Nova Bet\u00e2nia FM 87,9\",\"url\":\"https:\/\/novabetaniafm.com.br\/novabetania87\/\",\"logo\":{\"@type\":\"ImageObject\",\"inLanguage\":\"pt-BR\",\"@id\":\"https:\/\/novabetaniafm.com.br\/novabetania87\/#\/schema\/logo\/image\/\",\"url\":\"https:\/\/novabetaniafm.com.br\/novabetania87\/wp-content\/uploads\/2024\/05\/logo.png\",\"contentUrl\":\"https:\/\/novabetaniafm.com.br\/novabetania87\/wp-content\/uploads\/2024\/05\/logo.png\",\"width\":211,\"height\":144,\"caption\":\"Nova Bet\u00e2nia FM 87,9\"},\"image\":{\"@id\":\"https:\/\/novabetaniafm.com.br\/novabetania87\/#\/schema\/logo\/image\/\"}},{\"@type\":\"Person\",\"@id\":\"https:\/\/novabetaniafm.com.br\/novabetania87\/#\/schema\/person\/73fd05cbd77cd30a7bab1141b8ab8555\",\"name\":\"Nova Bet\u00e2nia FM\",\"image\":{\"@type\":\"ImageObject\",\"inLanguage\":\"pt-BR\",\"@id\":\"https:\/\/novabetaniafm.com.br\/novabetania87\/#\/schema\/person\/image\/\",\"url\":\"https:\/\/secure.gravatar.com\/avatar\/e0359add7ed5dc3560906d861b52c6a8cf5c1e199d3a7dd85070998f49bd4701?s=96&d=mm&r=g\",\"contentUrl\":\"https:\/\/secure.gravatar.com\/avatar\/e0359add7ed5dc3560906d861b52c6a8cf5c1e199d3a7dd85070998f49bd4701?s=96&d=mm&r=g\",\"caption\":\"Nova Bet\u00e2nia FM\"},\"url\":\"https:\/\/novabetaniafm.com.br\/novabetania87\/author\/novabetaniafm879\/\"}]}<\/script>\n<!-- \/ Yoast SEO plugin. -->","yoast_head_json":{"title":"Governo de Pernambuco abre edital de sele\u00e7\u00e3o para o Sassepe - Nova Bet\u00e2nia FM 87,9","robots":{"index":"index","follow":"follow","max-snippet":"max-snippet:-1","max-image-preview":"max-image-preview:large","max-video-preview":"max-video-preview:-1"},"canonical":"https:\/\/novabetaniafm.com.br\/novabetania87\/2025\/09\/27\/governo-de-pernambuco-abre-edital-de-selecao-para-o-sassepe\/","og_locale":"pt_BR","og_type":"article","og_title":"Governo de Pernambuco abre edital de sele\u00e7\u00e3o para o Sassepe - Nova Bet\u00e2nia FM 87,9","og_description":"O Governo de Pernambuco, por meio da Secretaria de Administra\u00e7\u00e3o (SAD) e do Instituto de Aten\u00e7\u00e3o \u00e0 Sa\u00fade e Bem-Estar dos Servidores do Estado (Iassepe), publicou no Di\u00e1rio Oficial desta sexta-feira (26) edital de sele\u00e7\u00e3o...","og_url":"https:\/\/novabetaniafm.com.br\/novabetania87\/2025\/09\/27\/governo-de-pernambuco-abre-edital-de-selecao-para-o-sassepe\/","og_site_name":"Nova Bet\u00e2nia FM 87,9","article_published_time":"2025-09-27T11:17:22+00:00","og_image":[{"width":768,"height":327,"url":"http:\/\/novabetaniafm.com.br\/novabetania87\/wp-content\/uploads\/2025\/09\/Iassepe-768x327-1.jpg","type":"image\/jpeg"}],"author":"Nova Bet\u00e2nia FM","twitter_card":"summary_large_image","twitter_misc":{"Escrito por":"Nova Bet\u00e2nia FM","Est. tempo de leitura":"2 minutos"},"schema":{"@context":"https:\/\/schema.org","@graph":[{"@type":"Article","@id":"https:\/\/novabetaniafm.com.br\/novabetania87\/2025\/09\/27\/governo-de-pernambuco-abre-edital-de-selecao-para-o-sassepe\/#article","isPartOf":{"@id":"https:\/\/novabetaniafm.com.br\/novabetania87\/2025\/09\/27\/governo-de-pernambuco-abre-edital-de-selecao-para-o-sassepe\/"},"author":{"name":"Nova Bet\u00e2nia FM","@id":"https:\/\/novabetaniafm.com.br\/novabetania87\/#\/schema\/person\/73fd05cbd77cd30a7bab1141b8ab8555"},"headline":"Governo de Pernambuco abre edital de sele\u00e7\u00e3o para o Sassepe","datePublished":"2025-09-27T11:17:22+00:00","mainEntityOfPage":{"@id":"https:\/\/novabetaniafm.com.br\/novabetania87\/2025\/09\/27\/governo-de-pernambuco-abre-edital-de-selecao-para-o-sassepe\/"},"wordCount":376,"commentCount":0,"publisher":{"@id":"https:\/\/novabetaniafm.com.br\/novabetania87\/#organization"},"image":{"@id":"https:\/\/novabetaniafm.com.br\/novabetania87\/2025\/09\/27\/governo-de-pernambuco-abre-edital-de-selecao-para-o-sassepe\/#primaryimage"},"thumbnailUrl":"https:\/\/novabetaniafm.com.br\/novabetania87\/wp-content\/uploads\/2025\/09\/Iassepe-768x327-1.jpg","articleSection":["Pernambuco"],"inLanguage":"pt-BR","potentialAction":[{"@type":"CommentAction","name":"Comment","target":["https:\/\/novabetaniafm.com.br\/novabetania87\/2025\/09\/27\/governo-de-pernambuco-abre-edital-de-selecao-para-o-sassepe\/#respond"]}]},{"@type":"WebPage","@id":"https:\/\/novabetaniafm.com.br\/novabetania87\/2025\/09\/27\/governo-de-pernambuco-abre-edital-de-selecao-para-o-sassepe\/","url":"https:\/\/novabetaniafm.com.br\/novabetania87\/2025\/09\/27\/governo-de-pernambuco-abre-edital-de-selecao-para-o-sassepe\/","name":"Governo de Pernambuco abre edital de sele\u00e7\u00e3o para o Sassepe - Nova Bet\u00e2nia FM 87,9","isPartOf":{"@id":"https:\/\/novabetaniafm.com.br\/novabetania87\/#website"},"primaryImageOfPage":{"@id":"https:\/\/novabetaniafm.com.br\/novabetania87\/2025\/09\/27\/governo-de-pernambuco-abre-edital-de-selecao-para-o-sassepe\/#primaryimage"},"image":{"@id":"https:\/\/novabetaniafm.com.br\/novabetania87\/2025\/09\/27\/governo-de-pernambuco-abre-edital-de-selecao-para-o-sassepe\/#primaryimage"},"thumbnailUrl":"https:\/\/novabetaniafm.com.br\/novabetania87\/wp-content\/uploads\/2025\/09\/Iassepe-768x327-1.jpg","datePublished":"2025-09-27T11:17:22+00:00","breadcrumb":{"@id":"https:\/\/novabetaniafm.com.br\/novabetania87\/2025\/09\/27\/governo-de-pernambuco-abre-edital-de-selecao-para-o-sassepe\/#breadcrumb"},"inLanguage":"pt-BR","potentialAction":[{"@type":"ReadAction","target":["https:\/\/novabetaniafm.com.br\/novabetania87\/2025\/09\/27\/governo-de-pernambuco-abre-edital-de-selecao-para-o-sassepe\/"]}]},{"@type":"ImageObject","inLanguage":"pt-BR","@id":"https:\/\/novabetaniafm.com.br\/novabetania87\/2025\/09\/27\/governo-de-pernambuco-abre-edital-de-selecao-para-o-sassepe\/#primaryimage","url":"https:\/\/novabetaniafm.com.br\/novabetania87\/wp-content\/uploads\/2025\/09\/Iassepe-768x327-1.jpg","contentUrl":"https:\/\/novabetaniafm.com.br\/novabetania87\/wp-content\/uploads\/2025\/09\/Iassepe-768x327-1.jpg","width":768,"height":327},{"@type":"BreadcrumbList","@id":"https:\/\/novabetaniafm.com.br\/novabetania87\/2025\/09\/27\/governo-de-pernambuco-abre-edital-de-selecao-para-o-sassepe\/#breadcrumb","itemListElement":[{"@type":"ListItem","position":1,"name":"In\u00edcio","item":"https:\/\/novabetaniafm.com.br\/novabetania87\/"},{"@type":"ListItem","position":2,"name":"Governo de Pernambuco abre edital de sele\u00e7\u00e3o para o Sassepe"}]},{"@type":"WebSite","@id":"https:\/\/novabetaniafm.com.br\/novabetania87\/#website","url":"https:\/\/novabetaniafm.com.br\/novabetania87\/","name":"Nova Bet\u00e2nia FM 87,9","description":"Ligada em voc\u00ea!","publisher":{"@id":"https:\/\/novabetaniafm.com.br\/novabetania87\/#organization"},"potentialAction":[{"@type":"SearchAction","target":{"@type":"EntryPoint","urlTemplate":"https:\/\/novabetaniafm.com.br\/novabetania87\/?s={search_term_string}"},"query-input":{"@type":"PropertyValueSpecification","valueRequired":true,"valueName":"search_term_string"}}],"inLanguage":"pt-BR"},{"@type":"Organization","@id":"https:\/\/novabetaniafm.com.br\/novabetania87\/#organization","name":"Nova Bet\u00e2nia FM 87,9","url":"https:\/\/novabetaniafm.com.br\/novabetania87\/","logo":{"@type":"ImageObject","inLanguage":"pt-BR","@id":"https:\/\/novabetaniafm.com.br\/novabetania87\/#\/schema\/logo\/image\/","url":"https:\/\/novabetaniafm.com.br\/novabetania87\/wp-content\/uploads\/2024\/05\/logo.png","contentUrl":"https:\/\/novabetaniafm.com.br\/novabetania87\/wp-content\/uploads\/2024\/05\/logo.png","width":211,"height":144,"caption":"Nova Bet\u00e2nia FM 87,9"},"image":{"@id":"https:\/\/novabetaniafm.com.br\/novabetania87\/#\/schema\/logo\/image\/"}},{"@type":"Person","@id":"https:\/\/novabetaniafm.com.br\/novabetania87\/#\/schema\/person\/73fd05cbd77cd30a7bab1141b8ab8555","name":"Nova Bet\u00e2nia FM","image":{"@type":"ImageObject","inLanguage":"pt-BR","@id":"https:\/\/novabetaniafm.com.br\/novabetania87\/#\/schema\/person\/image\/","url":"https:\/\/secure.gravatar.com\/avatar\/e0359add7ed5dc3560906d861b52c6a8cf5c1e199d3a7dd85070998f49bd4701?s=96&d=mm&r=g","contentUrl":"https:\/\/secure.gravatar.com\/avatar\/e0359add7ed5dc3560906d861b52c6a8cf5c1e199d3a7dd85070998f49bd4701?s=96&d=mm&r=g","caption":"Nova Bet\u00e2nia FM"},"url":"https:\/\/novabetaniafm.com.br\/novabetania87\/author\/novabetaniafm879\/"}]}},"jetpack_featured_media_url":"https:\/\/novabetaniafm.com.br\/novabetania87\/wp-content\/uploads\/2025\/09\/Iassepe-768x327-1.jpg","_links":{"self":[{"href":"https:\/\/novabetaniafm.com.br\/novabetania87\/wp-json\/wp\/v2\/posts\/7413","targetHints":{"allow":["GET"]}}],"collection":[{"href":"https:\/\/novabetaniafm.com.br\/novabetania87\/wp-json\/wp\/v2\/posts"}],"about":[{"href":"https:\/\/novabetaniafm.com.br\/novabetania87\/wp-json\/wp\/v2\/types\/post"}],"author":[{"embeddable":true,"href":"https:\/\/novabetaniafm.com.br\/novabetania87\/wp-json\/wp\/v2\/users\/4"}],"replies":[{"embeddable":true,"href":"https:\/\/novabetaniafm.com.br\/novabetania87\/wp-json\/wp\/v2\/comments?post=7413"}],"version-history":[{"count":1,"href":"https:\/\/novabetaniafm.com.br\/novabetania87\/wp-json\/wp\/v2\/posts\/7413\/revisions"}],"predecessor-version":[{"id":7415,"href":"https:\/\/novabetaniafm.com.br\/novabetania87\/wp-json\/wp\/v2\/posts\/7413\/revisions\/7415"}],"wp:featuredmedia":[{"embeddable":true,"href":"https:\/\/novabetaniafm.com.br\/novabetania87\/wp-json\/wp\/v2\/media\/7414"}],"wp:attachment":[{"href":"https:\/\/novabetaniafm.com.br\/novabetania87\/wp-json\/wp\/v2\/media?parent=7413"}],"wp:term":[{"taxonomy":"category","embeddable":true,"href":"https:\/\/novabetaniafm.com.br\/novabetania87\/wp-json\/wp\/v2\/categories?post=7413"},{"taxonomy":"post_tag","embeddable":true,"href":"https:\/\/novabetaniafm.com.br\/novabetania87\/wp-json\/wp\/v2\/tags?post=7413"}],"curies":[{"name":"wp","href":"https:\/\/api.w.org\/{rel}","templated":true}]}}