{"id":7390,"date":"2025-09-25T06:27:49","date_gmt":"2025-09-25T09:27:49","guid":{"rendered":"https:\/\/novabetaniafm.com.br\/novabetania87\/?p=7390"},"modified":"2025-09-26T06:29:05","modified_gmt":"2025-09-26T09:29:05","slug":"quixaba-se-prepara-para-comemorar-emancipacao-politica-em-1o-de-outubro","status":"publish","type":"post","link":"https:\/\/novabetaniafm.com.br\/novabetania87\/2025\/09\/25\/quixaba-se-prepara-para-comemorar-emancipacao-politica-em-1o-de-outubro\/","title":{"rendered":"Quixaba se prepara para comemorar emancipa\u00e7\u00e3o pol\u00edtica em 1\u00ba de outubro"},"content":{"rendered":"<p>Est\u00e1 chegando o dia 1\u00ba de outubro, e o munic\u00edpio de Quixaba, no Sert\u00e3o do Paje\u00fa, se prepara para festejar com muita alegria a marca dos 34 anos de Emancipa\u00e7\u00e3o Pol\u00edtica. A Prefeitura Municipal preparou atra\u00e7\u00f5es especiais para toda a popula\u00e7\u00e3o:<\/p>\n<ul>\n<li><strong>Tarc\u00edsio do Acordeon;<\/strong><\/li>\n<li><strong>Forr\u00f3 Pegado.<\/strong><\/li>\n<\/ul>\n<p>Compare\u00e7a para celebrar este momento hist\u00f3rico, cheio de m\u00fasica, dan\u00e7a e muita energia positiva. Leve sua fam\u00edlia e amigos e fa\u00e7a parte desta festa.<\/p>\n<p>A organiza\u00e7\u00e3o est\u00e1 convidando os barraqueiros e ambulantes que ir\u00e3o atuar nos shows da Emancipa\u00e7\u00e3o Pol\u00edtica para procurar a Secretaria de Cultura para providenciar seus cadastros e receber as normas e orienta\u00e7\u00f5es do evento.<\/p>\n\n<div style=\"font-size: 0px; height: 0px; line-height: 0px; margin: 0; padding: 0; clear: both;\"><\/div>","protected":false},"excerpt":{"rendered":"<p>Est\u00e1 chegando o dia 1\u00ba de outubro, e o munic\u00edpio de Quixaba, no Sert\u00e3o do Paje\u00fa, se prepara para festejar com muita alegria a marca dos 34 anos de Emancipa\u00e7\u00e3o Pol\u00edtica. A Prefeitura Municipal preparou&#8230;<\/p>\n","protected":false},"author":4,"featured_media":7391,"comment_status":"open","ping_status":"open","sticky":false,"template":"","format":"standard","meta":{"footnotes":""},"categories":[17],"tags":[],"class_list":["post-7390","post","type-post","status-publish","format-standard","has-post-thumbnail","hentry","category-sertao"],"yoast_head":"<!-- This site is optimized with the Yoast SEO plugin v24.5 - https:\/\/yoast.com\/wordpress\/plugins\/seo\/ -->\n<title>Quixaba se prepara para comemorar emancipa\u00e7\u00e3o pol\u00edtica em 1\u00ba de outubro - Nova Bet\u00e2nia FM 87,9<\/title>\n<meta name=\"robots\" content=\"index, follow, max-snippet:-1, max-image-preview:large, max-video-preview:-1\" \/>\n<link rel=\"canonical\" href=\"https:\/\/novabetaniafm.com.br\/novabetania87\/2025\/09\/25\/quixaba-se-prepara-para-comemorar-emancipacao-politica-em-1o-de-outubro\/\" \/>\n<meta property=\"og:locale\" content=\"pt_BR\" \/>\n<meta property=\"og:type\" content=\"article\" \/>\n<meta property=\"og:title\" content=\"Quixaba se prepara para comemorar emancipa\u00e7\u00e3o pol\u00edtica em 1\u00ba de outubro - Nova Bet\u00e2nia FM 87,9\" \/>\n<meta property=\"og:description\" content=\"Est\u00e1 chegando o dia 1\u00ba de outubro, e o munic\u00edpio de Quixaba, no Sert\u00e3o do Paje\u00fa, se prepara para festejar com muita alegria a marca dos 34 anos de Emancipa\u00e7\u00e3o Pol\u00edtica. A Prefeitura Municipal preparou...\" \/>\n<meta property=\"og:url\" content=\"https:\/\/novabetaniafm.com.br\/novabetania87\/2025\/09\/25\/quixaba-se-prepara-para-comemorar-emancipacao-politica-em-1o-de-outubro\/\" \/>\n<meta property=\"og:site_name\" content=\"Nova Bet\u00e2nia FM 87,9\" \/>\n<meta property=\"article:published_time\" content=\"2025-09-25T09:27:49+00:00\" \/>\n<meta property=\"article:modified_time\" content=\"2025-09-26T09:29:05+00:00\" \/>\n<meta property=\"og:image\" content=\"http:\/\/novabetaniafm.com.br\/novabetania87\/wp-content\/uploads\/2025\/09\/a-12.png\" \/>\n\t<meta property=\"og:image:width\" content=\"522\" \/>\n\t<meta property=\"og:image:height\" content=\"706\" \/>\n\t<meta property=\"og:image:type\" content=\"image\/png\" \/>\n<meta name=\"author\" content=\"Nova Bet\u00e2nia FM\" \/>\n<meta name=\"twitter:card\" content=\"summary_large_image\" \/>\n<meta name=\"twitter:label1\" content=\"Escrito por\" \/>\n\t<meta name=\"twitter:data1\" content=\"Nova Bet\u00e2nia FM\" \/>\n\t<meta name=\"twitter:label2\" content=\"Est. tempo de leitura\" \/>\n\t<meta name=\"twitter:data2\" content=\"1 minuto\" \/>\n<script type=\"application\/ld+json\" class=\"yoast-schema-graph\">{\"@context\":\"https:\/\/schema.org\",\"@graph\":[{\"@type\":\"Article\",\"@id\":\"https:\/\/novabetaniafm.com.br\/novabetania87\/2025\/09\/25\/quixaba-se-prepara-para-comemorar-emancipacao-politica-em-1o-de-outubro\/#article\",\"isPartOf\":{\"@id\":\"https:\/\/novabetaniafm.com.br\/novabetania87\/2025\/09\/25\/quixaba-se-prepara-para-comemorar-emancipacao-politica-em-1o-de-outubro\/\"},\"author\":{\"name\":\"Nova Bet\u00e2nia FM\",\"@id\":\"https:\/\/novabetaniafm.com.br\/novabetania87\/#\/schema\/person\/73fd05cbd77cd30a7bab1141b8ab8555\"},\"headline\":\"Quixaba se prepara para comemorar emancipa\u00e7\u00e3o pol\u00edtica em 1\u00ba de outubro\",\"datePublished\":\"2025-09-25T09:27:49+00:00\",\"dateModified\":\"2025-09-26T09:29:05+00:00\",\"mainEntityOfPage\":{\"@id\":\"https:\/\/novabetaniafm.com.br\/novabetania87\/2025\/09\/25\/quixaba-se-prepara-para-comemorar-emancipacao-politica-em-1o-de-outubro\/\"},\"wordCount\":132,\"commentCount\":0,\"publisher\":{\"@id\":\"https:\/\/novabetaniafm.com.br\/novabetania87\/#organization\"},\"image\":{\"@id\":\"https:\/\/novabetaniafm.com.br\/novabetania87\/2025\/09\/25\/quixaba-se-prepara-para-comemorar-emancipacao-politica-em-1o-de-outubro\/#primaryimage\"},\"thumbnailUrl\":\"https:\/\/novabetaniafm.com.br\/novabetania87\/wp-content\/uploads\/2025\/09\/a-12.png\",\"articleSection\":[\"Sert\u00e3o\"],\"inLanguage\":\"pt-BR\",\"potentialAction\":[{\"@type\":\"CommentAction\",\"name\":\"Comment\",\"target\":[\"https:\/\/novabetaniafm.com.br\/novabetania87\/2025\/09\/25\/quixaba-se-prepara-para-comemorar-emancipacao-politica-em-1o-de-outubro\/#respond\"]}]},{\"@type\":\"WebPage\",\"@id\":\"https:\/\/novabetaniafm.com.br\/novabetania87\/2025\/09\/25\/quixaba-se-prepara-para-comemorar-emancipacao-politica-em-1o-de-outubro\/\",\"url\":\"https:\/\/novabetaniafm.com.br\/novabetania87\/2025\/09\/25\/quixaba-se-prepara-para-comemorar-emancipacao-politica-em-1o-de-outubro\/\",\"name\":\"Quixaba se prepara para comemorar emancipa\u00e7\u00e3o pol\u00edtica em 1\u00ba de outubro - Nova Bet\u00e2nia FM 87,9\",\"isPartOf\":{\"@id\":\"https:\/\/novabetaniafm.com.br\/novabetania87\/#website\"},\"primaryImageOfPage\":{\"@id\":\"https:\/\/novabetaniafm.com.br\/novabetania87\/2025\/09\/25\/quixaba-se-prepara-para-comemorar-emancipacao-politica-em-1o-de-outubro\/#primaryimage\"},\"image\":{\"@id\":\"https:\/\/novabetaniafm.com.br\/novabetania87\/2025\/09\/25\/quixaba-se-prepara-para-comemorar-emancipacao-politica-em-1o-de-outubro\/#primaryimage\"},\"thumbnailUrl\":\"https:\/\/novabetaniafm.com.br\/novabetania87\/wp-content\/uploads\/2025\/09\/a-12.png\",\"datePublished\":\"2025-09-25T09:27:49+00:00\",\"dateModified\":\"2025-09-26T09:29:05+00:00\",\"breadcrumb\":{\"@id\":\"https:\/\/novabetaniafm.com.br\/novabetania87\/2025\/09\/25\/quixaba-se-prepara-para-comemorar-emancipacao-politica-em-1o-de-outubro\/#breadcrumb\"},\"inLanguage\":\"pt-BR\",\"potentialAction\":[{\"@type\":\"ReadAction\",\"target\":[\"https:\/\/novabetaniafm.com.br\/novabetania87\/2025\/09\/25\/quixaba-se-prepara-para-comemorar-emancipacao-politica-em-1o-de-outubro\/\"]}]},{\"@type\":\"ImageObject\",\"inLanguage\":\"pt-BR\",\"@id\":\"https:\/\/novabetaniafm.com.br\/novabetania87\/2025\/09\/25\/quixaba-se-prepara-para-comemorar-emancipacao-politica-em-1o-de-outubro\/#primaryimage\",\"url\":\"https:\/\/novabetaniafm.com.br\/novabetania87\/wp-content\/uploads\/2025\/09\/a-12.png\",\"contentUrl\":\"https:\/\/novabetaniafm.com.br\/novabetania87\/wp-content\/uploads\/2025\/09\/a-12.png\",\"width\":522,\"height\":706},{\"@type\":\"BreadcrumbList\",\"@id\":\"https:\/\/novabetaniafm.com.br\/novabetania87\/2025\/09\/25\/quixaba-se-prepara-para-comemorar-emancipacao-politica-em-1o-de-outubro\/#breadcrumb\",\"itemListElement\":[{\"@type\":\"ListItem\",\"position\":1,\"name\":\"In\u00edcio\",\"item\":\"https:\/\/novabetaniafm.com.br\/novabetania87\/\"},{\"@type\":\"ListItem\",\"position\":2,\"name\":\"Quixaba se prepara para comemorar emancipa\u00e7\u00e3o pol\u00edtica em 1\u00ba de outubro\"}]},{\"@type\":\"WebSite\",\"@id\":\"https:\/\/novabetaniafm.com.br\/novabetania87\/#website\",\"url\":\"https:\/\/novabetaniafm.com.br\/novabetania87\/\",\"name\":\"Nova Bet\u00e2nia FM 87,9\",\"description\":\"Ligada em voc\u00ea!\",\"publisher\":{\"@id\":\"https:\/\/novabetaniafm.com.br\/novabetania87\/#organization\"},\"potentialAction\":[{\"@type\":\"SearchAction\",\"target\":{\"@type\":\"EntryPoint\",\"urlTemplate\":\"https:\/\/novabetaniafm.com.br\/novabetania87\/?s={search_term_string}\"},\"query-input\":{\"@type\":\"PropertyValueSpecification\",\"valueRequired\":true,\"valueName\":\"search_term_string\"}}],\"inLanguage\":\"pt-BR\"},{\"@type\":\"Organization\",\"@id\":\"https:\/\/novabetaniafm.com.br\/novabetania87\/#organization\",\"name\":\"Nova Bet\u00e2nia FM 87,9\",\"url\":\"https:\/\/novabetaniafm.com.br\/novabetania87\/\",\"logo\":{\"@type\":\"ImageObject\",\"inLanguage\":\"pt-BR\",\"@id\":\"https:\/\/novabetaniafm.com.br\/novabetania87\/#\/schema\/logo\/image\/\",\"url\":\"https:\/\/novabetaniafm.com.br\/novabetania87\/wp-content\/uploads\/2024\/05\/logo.png\",\"contentUrl\":\"https:\/\/novabetaniafm.com.br\/novabetania87\/wp-content\/uploads\/2024\/05\/logo.png\",\"width\":211,\"height\":144,\"caption\":\"Nova Bet\u00e2nia FM 87,9\"},\"image\":{\"@id\":\"https:\/\/novabetaniafm.com.br\/novabetania87\/#\/schema\/logo\/image\/\"}},{\"@type\":\"Person\",\"@id\":\"https:\/\/novabetaniafm.com.br\/novabetania87\/#\/schema\/person\/73fd05cbd77cd30a7bab1141b8ab8555\",\"name\":\"Nova Bet\u00e2nia FM\",\"image\":{\"@type\":\"ImageObject\",\"inLanguage\":\"pt-BR\",\"@id\":\"https:\/\/novabetaniafm.com.br\/novabetania87\/#\/schema\/person\/image\/\",\"url\":\"https:\/\/secure.gravatar.com\/avatar\/e0359add7ed5dc3560906d861b52c6a8cf5c1e199d3a7dd85070998f49bd4701?s=96&d=mm&r=g\",\"contentUrl\":\"https:\/\/secure.gravatar.com\/avatar\/e0359add7ed5dc3560906d861b52c6a8cf5c1e199d3a7dd85070998f49bd4701?s=96&d=mm&r=g\",\"caption\":\"Nova Bet\u00e2nia FM\"},\"url\":\"https:\/\/novabetaniafm.com.br\/novabetania87\/author\/novabetaniafm879\/\"}]}<\/script>\n<!-- \/ Yoast SEO plugin. -->","yoast_head_json":{"title":"Quixaba se prepara para comemorar emancipa\u00e7\u00e3o pol\u00edtica em 1\u00ba de outubro - Nova Bet\u00e2nia FM 87,9","robots":{"index":"index","follow":"follow","max-snippet":"max-snippet:-1","max-image-preview":"max-image-preview:large","max-video-preview":"max-video-preview:-1"},"canonical":"https:\/\/novabetaniafm.com.br\/novabetania87\/2025\/09\/25\/quixaba-se-prepara-para-comemorar-emancipacao-politica-em-1o-de-outubro\/","og_locale":"pt_BR","og_type":"article","og_title":"Quixaba se prepara para comemorar emancipa\u00e7\u00e3o pol\u00edtica em 1\u00ba de outubro - Nova Bet\u00e2nia FM 87,9","og_description":"Est\u00e1 chegando o dia 1\u00ba de outubro, e o munic\u00edpio de Quixaba, no Sert\u00e3o do Paje\u00fa, se prepara para festejar com muita alegria a marca dos 34 anos de Emancipa\u00e7\u00e3o Pol\u00edtica. A Prefeitura Municipal preparou...","og_url":"https:\/\/novabetaniafm.com.br\/novabetania87\/2025\/09\/25\/quixaba-se-prepara-para-comemorar-emancipacao-politica-em-1o-de-outubro\/","og_site_name":"Nova Bet\u00e2nia FM 87,9","article_published_time":"2025-09-25T09:27:49+00:00","article_modified_time":"2025-09-26T09:29:05+00:00","og_image":[{"width":522,"height":706,"url":"http:\/\/novabetaniafm.com.br\/novabetania87\/wp-content\/uploads\/2025\/09\/a-12.png","type":"image\/png"}],"author":"Nova Bet\u00e2nia FM","twitter_card":"summary_large_image","twitter_misc":{"Escrito por":"Nova Bet\u00e2nia FM","Est. tempo de leitura":"1 minuto"},"schema":{"@context":"https:\/\/schema.org","@graph":[{"@type":"Article","@id":"https:\/\/novabetaniafm.com.br\/novabetania87\/2025\/09\/25\/quixaba-se-prepara-para-comemorar-emancipacao-politica-em-1o-de-outubro\/#article","isPartOf":{"@id":"https:\/\/novabetaniafm.com.br\/novabetania87\/2025\/09\/25\/quixaba-se-prepara-para-comemorar-emancipacao-politica-em-1o-de-outubro\/"},"author":{"name":"Nova Bet\u00e2nia FM","@id":"https:\/\/novabetaniafm.com.br\/novabetania87\/#\/schema\/person\/73fd05cbd77cd30a7bab1141b8ab8555"},"headline":"Quixaba se prepara para comemorar emancipa\u00e7\u00e3o pol\u00edtica em 1\u00ba de outubro","datePublished":"2025-09-25T09:27:49+00:00","dateModified":"2025-09-26T09:29:05+00:00","mainEntityOfPage":{"@id":"https:\/\/novabetaniafm.com.br\/novabetania87\/2025\/09\/25\/quixaba-se-prepara-para-comemorar-emancipacao-politica-em-1o-de-outubro\/"},"wordCount":132,"commentCount":0,"publisher":{"@id":"https:\/\/novabetaniafm.com.br\/novabetania87\/#organization"},"image":{"@id":"https:\/\/novabetaniafm.com.br\/novabetania87\/2025\/09\/25\/quixaba-se-prepara-para-comemorar-emancipacao-politica-em-1o-de-outubro\/#primaryimage"},"thumbnailUrl":"https:\/\/novabetaniafm.com.br\/novabetania87\/wp-content\/uploads\/2025\/09\/a-12.png","articleSection":["Sert\u00e3o"],"inLanguage":"pt-BR","potentialAction":[{"@type":"CommentAction","name":"Comment","target":["https:\/\/novabetaniafm.com.br\/novabetania87\/2025\/09\/25\/quixaba-se-prepara-para-comemorar-emancipacao-politica-em-1o-de-outubro\/#respond"]}]},{"@type":"WebPage","@id":"https:\/\/novabetaniafm.com.br\/novabetania87\/2025\/09\/25\/quixaba-se-prepara-para-comemorar-emancipacao-politica-em-1o-de-outubro\/","url":"https:\/\/novabetaniafm.com.br\/novabetania87\/2025\/09\/25\/quixaba-se-prepara-para-comemorar-emancipacao-politica-em-1o-de-outubro\/","name":"Quixaba se prepara para comemorar emancipa\u00e7\u00e3o pol\u00edtica em 1\u00ba de outubro - Nova Bet\u00e2nia FM 87,9","isPartOf":{"@id":"https:\/\/novabetaniafm.com.br\/novabetania87\/#website"},"primaryImageOfPage":{"@id":"https:\/\/novabetaniafm.com.br\/novabetania87\/2025\/09\/25\/quixaba-se-prepara-para-comemorar-emancipacao-politica-em-1o-de-outubro\/#primaryimage"},"image":{"@id":"https:\/\/novabetaniafm.com.br\/novabetania87\/2025\/09\/25\/quixaba-se-prepara-para-comemorar-emancipacao-politica-em-1o-de-outubro\/#primaryimage"},"thumbnailUrl":"https:\/\/novabetaniafm.com.br\/novabetania87\/wp-content\/uploads\/2025\/09\/a-12.png","datePublished":"2025-09-25T09:27:49+00:00","dateModified":"2025-09-26T09:29:05+00:00","breadcrumb":{"@id":"https:\/\/novabetaniafm.com.br\/novabetania87\/2025\/09\/25\/quixaba-se-prepara-para-comemorar-emancipacao-politica-em-1o-de-outubro\/#breadcrumb"},"inLanguage":"pt-BR","potentialAction":[{"@type":"ReadAction","target":["https:\/\/novabetaniafm.com.br\/novabetania87\/2025\/09\/25\/quixaba-se-prepara-para-comemorar-emancipacao-politica-em-1o-de-outubro\/"]}]},{"@type":"ImageObject","inLanguage":"pt-BR","@id":"https:\/\/novabetaniafm.com.br\/novabetania87\/2025\/09\/25\/quixaba-se-prepara-para-comemorar-emancipacao-politica-em-1o-de-outubro\/#primaryimage","url":"https:\/\/novabetaniafm.com.br\/novabetania87\/wp-content\/uploads\/2025\/09\/a-12.png","contentUrl":"https:\/\/novabetaniafm.com.br\/novabetania87\/wp-content\/uploads\/2025\/09\/a-12.png","width":522,"height":706},{"@type":"BreadcrumbList","@id":"https:\/\/novabetaniafm.com.br\/novabetania87\/2025\/09\/25\/quixaba-se-prepara-para-comemorar-emancipacao-politica-em-1o-de-outubro\/#breadcrumb","itemListElement":[{"@type":"ListItem","position":1,"name":"In\u00edcio","item":"https:\/\/novabetaniafm.com.br\/novabetania87\/"},{"@type":"ListItem","position":2,"name":"Quixaba se prepara para comemorar emancipa\u00e7\u00e3o pol\u00edtica em 1\u00ba de outubro"}]},{"@type":"WebSite","@id":"https:\/\/novabetaniafm.com.br\/novabetania87\/#website","url":"https:\/\/novabetaniafm.com.br\/novabetania87\/","name":"Nova Bet\u00e2nia FM 87,9","description":"Ligada em voc\u00ea!","publisher":{"@id":"https:\/\/novabetaniafm.com.br\/novabetania87\/#organization"},"potentialAction":[{"@type":"SearchAction","target":{"@type":"EntryPoint","urlTemplate":"https:\/\/novabetaniafm.com.br\/novabetania87\/?s={search_term_string}"},"query-input":{"@type":"PropertyValueSpecification","valueRequired":true,"valueName":"search_term_string"}}],"inLanguage":"pt-BR"},{"@type":"Organization","@id":"https:\/\/novabetaniafm.com.br\/novabetania87\/#organization","name":"Nova Bet\u00e2nia FM 87,9","url":"https:\/\/novabetaniafm.com.br\/novabetania87\/","logo":{"@type":"ImageObject","inLanguage":"pt-BR","@id":"https:\/\/novabetaniafm.com.br\/novabetania87\/#\/schema\/logo\/image\/","url":"https:\/\/novabetaniafm.com.br\/novabetania87\/wp-content\/uploads\/2024\/05\/logo.png","contentUrl":"https:\/\/novabetaniafm.com.br\/novabetania87\/wp-content\/uploads\/2024\/05\/logo.png","width":211,"height":144,"caption":"Nova Bet\u00e2nia FM 87,9"},"image":{"@id":"https:\/\/novabetaniafm.com.br\/novabetania87\/#\/schema\/logo\/image\/"}},{"@type":"Person","@id":"https:\/\/novabetaniafm.com.br\/novabetania87\/#\/schema\/person\/73fd05cbd77cd30a7bab1141b8ab8555","name":"Nova Bet\u00e2nia FM","image":{"@type":"ImageObject","inLanguage":"pt-BR","@id":"https:\/\/novabetaniafm.com.br\/novabetania87\/#\/schema\/person\/image\/","url":"https:\/\/secure.gravatar.com\/avatar\/e0359add7ed5dc3560906d861b52c6a8cf5c1e199d3a7dd85070998f49bd4701?s=96&d=mm&r=g","contentUrl":"https:\/\/secure.gravatar.com\/avatar\/e0359add7ed5dc3560906d861b52c6a8cf5c1e199d3a7dd85070998f49bd4701?s=96&d=mm&r=g","caption":"Nova Bet\u00e2nia FM"},"url":"https:\/\/novabetaniafm.com.br\/novabetania87\/author\/novabetaniafm879\/"}]}},"jetpack_featured_media_url":"https:\/\/novabetaniafm.com.br\/novabetania87\/wp-content\/uploads\/2025\/09\/a-12.png","_links":{"self":[{"href":"https:\/\/novabetaniafm.com.br\/novabetania87\/wp-json\/wp\/v2\/posts\/7390","targetHints":{"allow":["GET"]}}],"collection":[{"href":"https:\/\/novabetaniafm.com.br\/novabetania87\/wp-json\/wp\/v2\/posts"}],"about":[{"href":"https:\/\/novabetaniafm.com.br\/novabetania87\/wp-json\/wp\/v2\/types\/post"}],"author":[{"embeddable":true,"href":"https:\/\/novabetaniafm.com.br\/novabetania87\/wp-json\/wp\/v2\/users\/4"}],"replies":[{"embeddable":true,"href":"https:\/\/novabetaniafm.com.br\/novabetania87\/wp-json\/wp\/v2\/comments?post=7390"}],"version-history":[{"count":1,"href":"https:\/\/novabetaniafm.com.br\/novabetania87\/wp-json\/wp\/v2\/posts\/7390\/revisions"}],"predecessor-version":[{"id":7392,"href":"https:\/\/novabetaniafm.com.br\/novabetania87\/wp-json\/wp\/v2\/posts\/7390\/revisions\/7392"}],"wp:featuredmedia":[{"embeddable":true,"href":"https:\/\/novabetaniafm.com.br\/novabetania87\/wp-json\/wp\/v2\/media\/7391"}],"wp:attachment":[{"href":"https:\/\/novabetaniafm.com.br\/novabetania87\/wp-json\/wp\/v2\/media?parent=7390"}],"wp:term":[{"taxonomy":"category","embeddable":true,"href":"https:\/\/novabetaniafm.com.br\/novabetania87\/wp-json\/wp\/v2\/categories?post=7390"},{"taxonomy":"post_tag","embeddable":true,"href":"https:\/\/novabetaniafm.com.br\/novabetania87\/wp-json\/wp\/v2\/tags?post=7390"}],"curies":[{"name":"wp","href":"https:\/\/api.w.org\/{rel}","templated":true}]}}