{"id":7003,"date":"2025-08-15T08:51:39","date_gmt":"2025-08-15T11:51:39","guid":{"rendered":"https:\/\/novabetaniafm.com.br\/novabetania87\/?p=7003"},"modified":"2025-08-15T08:51:39","modified_gmt":"2025-08-15T11:51:39","slug":"paroquia-divulga-programacao-religiosa-da-festa-da-penha-2025","status":"publish","type":"post","link":"https:\/\/novabetaniafm.com.br\/novabetania87\/2025\/08\/15\/paroquia-divulga-programacao-religiosa-da-festa-da-penha-2025\/","title":{"rendered":"Par\u00f3quia divulga programa\u00e7\u00e3o religiosa da Festa da Penha 2025"},"content":{"rendered":"<div>De 29 de agosto a 8 de setembro deste ano, acontece a 235\u00ba Festa em honra a Nossa Senhora da Penha, celebrada na Concatedral, que recebe o mesmo nome da padroeira da cidade de Serra Talhada. Todos os anos, o noven\u00e1rio \u00e9 bastante aguardado pelos fi\u00e9is que durante estes dez dias celebram sua f\u00e9 e devo\u00e7\u00e3o.<\/div>\n<div><\/div>\n<div>A abertura in\u00edcia na sexta-feira (29), com o ter\u00e7o e prociss\u00e3o da bandeira, saindo da resid\u00eancia de Jo\u00e3o Miguel e fam\u00edlia guardi\u00e3, localizada na Rua Manoel Pereira Lins, 504-N. e seguindo em dire\u00e7\u00e3o a Concatedral, onde acontece a celebra\u00e7\u00e3o eucar\u00edstica, que ser\u00e1 presidida pelo bispo Dom Eg\u00eddio Bisol, \u00e0s 19h.<\/div>\n<div><\/div>\n<div>CONFIRA A PROGRAMA\u00c7\u00c3O COMPLETA:<\/div>\n<div>S\u00c1BADO \u2013 30\/08<\/div>\n<div>Noite dedicada a Nossa Senhora da Penha pelas fam\u00edlias.<\/div>\n<div><\/div>\n<div>19h00 Novena e Celebra\u00e7\u00e3o Eucar\u00edstica<\/div>\n<div>Presid. Celebra\u00e7\u00e3o: Pe. Wellington Luiz Jacinto.<\/div>\n<div><\/div>\n<div>DOMINGO 31\/08<\/div>\n<div>Noite dedicada a Nossa Senhora da Penha pela juventude.<\/div>\n<div><\/div>\n<div>15h00 Romaria da Juventude<\/div>\n<div>19h00 Novena e Celebra\u00e7\u00e3o Eucar\u00edstica<\/div>\n<div>Presid. Celebra\u00e7\u00e3o: Dom Lu\u00edz da Silva Pepeo.<\/div>\n<div><\/div>\n<div>SEGUNDA-FEIRA 01\/09<\/div>\n<div>Noite dedicada a Nossa Senhora da Penha pelos Servidores P\u00fablicos, Estaduais e Federais.<\/div>\n<div><\/div>\n<div>19h00 Novena e Celebra\u00e7\u00e3o Eucar\u00edstica<\/div>\n<div>Presid. Celebra\u00e7\u00e3o: Pe. Josenildo Nunes de Oliveira.<\/div>\n<div><\/div>\n<div>TER\u00c7A-FEIRA 02\/09<\/div>\n<div>Noite dedicada a Nossa Senhora da Penha pelos Profissionais Liberais.<\/div>\n<div><\/div>\n<div>19h00 Novena e Celebra\u00e7\u00e3o Eucar\u00edstica<\/div>\n<div>Presid. Celebra\u00e7\u00e3o: Pe. Jorge Dias de Siqueira.<\/div>\n<div><\/div>\n<div>QUARTA-FEIRA 03\/09<\/div>\n<div>Noite dedicada a Nossa Senhora da Penha pelas Comunidades Rurais.<\/div>\n<div><\/div>\n<div>19h00 Novena e Celebra\u00e7\u00e3o Eucar\u00edstica<\/div>\n<div>Presid. Celebra\u00e7\u00e3o: Pe. Jos\u00e9 C\u00edcero Alves de Lima.<\/div>\n<div><\/div>\n<div>QUINTA-FEIRA 04\/09<\/div>\n<div>Noite dedicada a Nossa Senhora da Penha pela Educa\u00e7\u00e3o.<\/div>\n<div><\/div>\n<div>19h00 Novena e Celebra\u00e7\u00e3o Eucar\u00edstica<\/div>\n<div>Presid. Celebra\u00e7\u00e3o: Pe. Elton Wilson Ferreira.<\/div>\n<div><\/div>\n<div>SEXTA-FEIRA 05\/09<\/div>\n<div>Noite dedicada a Nossa Senhora da Penha pelo Com\u00e9rcio.<\/div>\n<div><\/div>\n<div>19h00 Novena e Celebra\u00e7\u00e3o Eucar\u00edstica<\/div>\n<div>Presid. Celebra\u00e7\u00e3o: Pe. Miguel Nunes.<\/div>\n<div><\/div>\n<div>S\u00c1BADO 06\/09<\/div>\n<div>Noite dedicada a Nossa Senhora da Penha pelo Ter\u00e7o dos Homens, Ter\u00e7o das Mulheres, Ter\u00e7o das Crian\u00e7as e M\u00e3es que oram pelos filhos.<\/div>\n<div><\/div>\n<div>19h00 Novena e Celebra\u00e7\u00e3o Eucar\u00edstica<\/div>\n<div>Presid. Celebra\u00e7\u00e3o: Pe. Gilvan Bezerra.<\/div>\n\n<div style=\"font-size: 0px; height: 0px; line-height: 0px; margin: 0; padding: 0; clear: both;\"><\/div>","protected":false},"excerpt":{"rendered":"<p>De 29 de agosto a 8 de setembro deste ano, acontece a 235\u00ba Festa em honra a Nossa Senhora da Penha, celebrada na Concatedral, que recebe o mesmo nome da padroeira da cidade de Serra&#8230;<\/p>\n","protected":false},"author":4,"featured_media":7004,"comment_status":"open","ping_status":"open","sticky":false,"template":"","format":"standard","meta":{"footnotes":""},"categories":[17],"tags":[],"class_list":["post-7003","post","type-post","status-publish","format-standard","has-post-thumbnail","hentry","category-sertao"],"yoast_head":"<!-- This site is optimized with the Yoast SEO plugin v24.5 - https:\/\/yoast.com\/wordpress\/plugins\/seo\/ -->\n<title>Par\u00f3quia divulga programa\u00e7\u00e3o religiosa da Festa da Penha 2025 - Nova Bet\u00e2nia FM 87,9<\/title>\n<meta name=\"robots\" content=\"index, follow, max-snippet:-1, max-image-preview:large, max-video-preview:-1\" \/>\n<link rel=\"canonical\" href=\"https:\/\/novabetaniafm.com.br\/novabetania87\/2025\/08\/15\/paroquia-divulga-programacao-religiosa-da-festa-da-penha-2025\/\" \/>\n<meta property=\"og:locale\" content=\"pt_BR\" \/>\n<meta property=\"og:type\" content=\"article\" \/>\n<meta property=\"og:title\" content=\"Par\u00f3quia divulga programa\u00e7\u00e3o religiosa da Festa da Penha 2025 - Nova Bet\u00e2nia FM 87,9\" \/>\n<meta property=\"og:description\" content=\"De 29 de agosto a 8 de setembro deste ano, acontece a 235\u00ba Festa em honra a Nossa Senhora da Penha, celebrada na Concatedral, que recebe o mesmo nome da padroeira da cidade de Serra...\" \/>\n<meta property=\"og:url\" content=\"https:\/\/novabetaniafm.com.br\/novabetania87\/2025\/08\/15\/paroquia-divulga-programacao-religiosa-da-festa-da-penha-2025\/\" \/>\n<meta property=\"og:site_name\" content=\"Nova Bet\u00e2nia FM 87,9\" \/>\n<meta property=\"article:published_time\" content=\"2025-08-15T11:51:39+00:00\" \/>\n<meta property=\"og:image\" content=\"http:\/\/novabetaniafm.com.br\/novabetania87\/wp-content\/uploads\/2025\/08\/Praca_matriz_de_Serra_talhada.jpg\" \/>\n\t<meta property=\"og:image:width\" content=\"400\" \/>\n\t<meta property=\"og:image:height\" content=\"254\" \/>\n\t<meta property=\"og:image:type\" content=\"image\/jpeg\" \/>\n<meta name=\"author\" content=\"Nova Bet\u00e2nia FM\" \/>\n<meta name=\"twitter:card\" content=\"summary_large_image\" \/>\n<meta name=\"twitter:label1\" content=\"Escrito por\" \/>\n\t<meta name=\"twitter:data1\" content=\"Nova Bet\u00e2nia FM\" \/>\n\t<meta name=\"twitter:label2\" content=\"Est. tempo de leitura\" \/>\n\t<meta name=\"twitter:data2\" content=\"2 minutos\" \/>\n<script type=\"application\/ld+json\" class=\"yoast-schema-graph\">{\"@context\":\"https:\/\/schema.org\",\"@graph\":[{\"@type\":\"Article\",\"@id\":\"https:\/\/novabetaniafm.com.br\/novabetania87\/2025\/08\/15\/paroquia-divulga-programacao-religiosa-da-festa-da-penha-2025\/#article\",\"isPartOf\":{\"@id\":\"https:\/\/novabetaniafm.com.br\/novabetania87\/2025\/08\/15\/paroquia-divulga-programacao-religiosa-da-festa-da-penha-2025\/\"},\"author\":{\"name\":\"Nova Bet\u00e2nia FM\",\"@id\":\"https:\/\/novabetaniafm.com.br\/novabetania87\/#\/schema\/person\/73fd05cbd77cd30a7bab1141b8ab8555\"},\"headline\":\"Par\u00f3quia divulga programa\u00e7\u00e3o religiosa da Festa da Penha 2025\",\"datePublished\":\"2025-08-15T11:51:39+00:00\",\"mainEntityOfPage\":{\"@id\":\"https:\/\/novabetaniafm.com.br\/novabetania87\/2025\/08\/15\/paroquia-divulga-programacao-religiosa-da-festa-da-penha-2025\/\"},\"wordCount\":362,\"commentCount\":0,\"publisher\":{\"@id\":\"https:\/\/novabetaniafm.com.br\/novabetania87\/#organization\"},\"image\":{\"@id\":\"https:\/\/novabetaniafm.com.br\/novabetania87\/2025\/08\/15\/paroquia-divulga-programacao-religiosa-da-festa-da-penha-2025\/#primaryimage\"},\"thumbnailUrl\":\"https:\/\/novabetaniafm.com.br\/novabetania87\/wp-content\/uploads\/2025\/08\/Praca_matriz_de_Serra_talhada.jpg\",\"articleSection\":[\"Sert\u00e3o\"],\"inLanguage\":\"pt-BR\",\"potentialAction\":[{\"@type\":\"CommentAction\",\"name\":\"Comment\",\"target\":[\"https:\/\/novabetaniafm.com.br\/novabetania87\/2025\/08\/15\/paroquia-divulga-programacao-religiosa-da-festa-da-penha-2025\/#respond\"]}]},{\"@type\":\"WebPage\",\"@id\":\"https:\/\/novabetaniafm.com.br\/novabetania87\/2025\/08\/15\/paroquia-divulga-programacao-religiosa-da-festa-da-penha-2025\/\",\"url\":\"https:\/\/novabetaniafm.com.br\/novabetania87\/2025\/08\/15\/paroquia-divulga-programacao-religiosa-da-festa-da-penha-2025\/\",\"name\":\"Par\u00f3quia divulga programa\u00e7\u00e3o religiosa da Festa da Penha 2025 - Nova Bet\u00e2nia FM 87,9\",\"isPartOf\":{\"@id\":\"https:\/\/novabetaniafm.com.br\/novabetania87\/#website\"},\"primaryImageOfPage\":{\"@id\":\"https:\/\/novabetaniafm.com.br\/novabetania87\/2025\/08\/15\/paroquia-divulga-programacao-religiosa-da-festa-da-penha-2025\/#primaryimage\"},\"image\":{\"@id\":\"https:\/\/novabetaniafm.com.br\/novabetania87\/2025\/08\/15\/paroquia-divulga-programacao-religiosa-da-festa-da-penha-2025\/#primaryimage\"},\"thumbnailUrl\":\"https:\/\/novabetaniafm.com.br\/novabetania87\/wp-content\/uploads\/2025\/08\/Praca_matriz_de_Serra_talhada.jpg\",\"datePublished\":\"2025-08-15T11:51:39+00:00\",\"breadcrumb\":{\"@id\":\"https:\/\/novabetaniafm.com.br\/novabetania87\/2025\/08\/15\/paroquia-divulga-programacao-religiosa-da-festa-da-penha-2025\/#breadcrumb\"},\"inLanguage\":\"pt-BR\",\"potentialAction\":[{\"@type\":\"ReadAction\",\"target\":[\"https:\/\/novabetaniafm.com.br\/novabetania87\/2025\/08\/15\/paroquia-divulga-programacao-religiosa-da-festa-da-penha-2025\/\"]}]},{\"@type\":\"ImageObject\",\"inLanguage\":\"pt-BR\",\"@id\":\"https:\/\/novabetaniafm.com.br\/novabetania87\/2025\/08\/15\/paroquia-divulga-programacao-religiosa-da-festa-da-penha-2025\/#primaryimage\",\"url\":\"https:\/\/novabetaniafm.com.br\/novabetania87\/wp-content\/uploads\/2025\/08\/Praca_matriz_de_Serra_talhada.jpg\",\"contentUrl\":\"https:\/\/novabetaniafm.com.br\/novabetania87\/wp-content\/uploads\/2025\/08\/Praca_matriz_de_Serra_talhada.jpg\",\"width\":400,\"height\":254},{\"@type\":\"BreadcrumbList\",\"@id\":\"https:\/\/novabetaniafm.com.br\/novabetania87\/2025\/08\/15\/paroquia-divulga-programacao-religiosa-da-festa-da-penha-2025\/#breadcrumb\",\"itemListElement\":[{\"@type\":\"ListItem\",\"position\":1,\"name\":\"In\u00edcio\",\"item\":\"https:\/\/novabetaniafm.com.br\/novabetania87\/\"},{\"@type\":\"ListItem\",\"position\":2,\"name\":\"Par\u00f3quia divulga programa\u00e7\u00e3o religiosa da Festa da Penha 2025\"}]},{\"@type\":\"WebSite\",\"@id\":\"https:\/\/novabetaniafm.com.br\/novabetania87\/#website\",\"url\":\"https:\/\/novabetaniafm.com.br\/novabetania87\/\",\"name\":\"Nova Bet\u00e2nia FM 87,9\",\"description\":\"Ligada em voc\u00ea!\",\"publisher\":{\"@id\":\"https:\/\/novabetaniafm.com.br\/novabetania87\/#organization\"},\"potentialAction\":[{\"@type\":\"SearchAction\",\"target\":{\"@type\":\"EntryPoint\",\"urlTemplate\":\"https:\/\/novabetaniafm.com.br\/novabetania87\/?s={search_term_string}\"},\"query-input\":{\"@type\":\"PropertyValueSpecification\",\"valueRequired\":true,\"valueName\":\"search_term_string\"}}],\"inLanguage\":\"pt-BR\"},{\"@type\":\"Organization\",\"@id\":\"https:\/\/novabetaniafm.com.br\/novabetania87\/#organization\",\"name\":\"Nova Bet\u00e2nia FM 87,9\",\"url\":\"https:\/\/novabetaniafm.com.br\/novabetania87\/\",\"logo\":{\"@type\":\"ImageObject\",\"inLanguage\":\"pt-BR\",\"@id\":\"https:\/\/novabetaniafm.com.br\/novabetania87\/#\/schema\/logo\/image\/\",\"url\":\"https:\/\/novabetaniafm.com.br\/novabetania87\/wp-content\/uploads\/2024\/05\/logo.png\",\"contentUrl\":\"https:\/\/novabetaniafm.com.br\/novabetania87\/wp-content\/uploads\/2024\/05\/logo.png\",\"width\":211,\"height\":144,\"caption\":\"Nova Bet\u00e2nia FM 87,9\"},\"image\":{\"@id\":\"https:\/\/novabetaniafm.com.br\/novabetania87\/#\/schema\/logo\/image\/\"}},{\"@type\":\"Person\",\"@id\":\"https:\/\/novabetaniafm.com.br\/novabetania87\/#\/schema\/person\/73fd05cbd77cd30a7bab1141b8ab8555\",\"name\":\"Nova Bet\u00e2nia FM\",\"image\":{\"@type\":\"ImageObject\",\"inLanguage\":\"pt-BR\",\"@id\":\"https:\/\/novabetaniafm.com.br\/novabetania87\/#\/schema\/person\/image\/\",\"url\":\"https:\/\/secure.gravatar.com\/avatar\/e0359add7ed5dc3560906d861b52c6a8cf5c1e199d3a7dd85070998f49bd4701?s=96&d=mm&r=g\",\"contentUrl\":\"https:\/\/secure.gravatar.com\/avatar\/e0359add7ed5dc3560906d861b52c6a8cf5c1e199d3a7dd85070998f49bd4701?s=96&d=mm&r=g\",\"caption\":\"Nova Bet\u00e2nia FM\"},\"url\":\"https:\/\/novabetaniafm.com.br\/novabetania87\/author\/novabetaniafm879\/\"}]}<\/script>\n<!-- \/ Yoast SEO plugin. -->","yoast_head_json":{"title":"Par\u00f3quia divulga programa\u00e7\u00e3o religiosa da Festa da Penha 2025 - Nova Bet\u00e2nia FM 87,9","robots":{"index":"index","follow":"follow","max-snippet":"max-snippet:-1","max-image-preview":"max-image-preview:large","max-video-preview":"max-video-preview:-1"},"canonical":"https:\/\/novabetaniafm.com.br\/novabetania87\/2025\/08\/15\/paroquia-divulga-programacao-religiosa-da-festa-da-penha-2025\/","og_locale":"pt_BR","og_type":"article","og_title":"Par\u00f3quia divulga programa\u00e7\u00e3o religiosa da Festa da Penha 2025 - Nova Bet\u00e2nia FM 87,9","og_description":"De 29 de agosto a 8 de setembro deste ano, acontece a 235\u00ba Festa em honra a Nossa Senhora da Penha, celebrada na Concatedral, que recebe o mesmo nome da padroeira da cidade de Serra...","og_url":"https:\/\/novabetaniafm.com.br\/novabetania87\/2025\/08\/15\/paroquia-divulga-programacao-religiosa-da-festa-da-penha-2025\/","og_site_name":"Nova Bet\u00e2nia FM 87,9","article_published_time":"2025-08-15T11:51:39+00:00","og_image":[{"width":400,"height":254,"url":"http:\/\/novabetaniafm.com.br\/novabetania87\/wp-content\/uploads\/2025\/08\/Praca_matriz_de_Serra_talhada.jpg","type":"image\/jpeg"}],"author":"Nova Bet\u00e2nia FM","twitter_card":"summary_large_image","twitter_misc":{"Escrito por":"Nova Bet\u00e2nia FM","Est. tempo de leitura":"2 minutos"},"schema":{"@context":"https:\/\/schema.org","@graph":[{"@type":"Article","@id":"https:\/\/novabetaniafm.com.br\/novabetania87\/2025\/08\/15\/paroquia-divulga-programacao-religiosa-da-festa-da-penha-2025\/#article","isPartOf":{"@id":"https:\/\/novabetaniafm.com.br\/novabetania87\/2025\/08\/15\/paroquia-divulga-programacao-religiosa-da-festa-da-penha-2025\/"},"author":{"name":"Nova Bet\u00e2nia FM","@id":"https:\/\/novabetaniafm.com.br\/novabetania87\/#\/schema\/person\/73fd05cbd77cd30a7bab1141b8ab8555"},"headline":"Par\u00f3quia divulga programa\u00e7\u00e3o religiosa da Festa da Penha 2025","datePublished":"2025-08-15T11:51:39+00:00","mainEntityOfPage":{"@id":"https:\/\/novabetaniafm.com.br\/novabetania87\/2025\/08\/15\/paroquia-divulga-programacao-religiosa-da-festa-da-penha-2025\/"},"wordCount":362,"commentCount":0,"publisher":{"@id":"https:\/\/novabetaniafm.com.br\/novabetania87\/#organization"},"image":{"@id":"https:\/\/novabetaniafm.com.br\/novabetania87\/2025\/08\/15\/paroquia-divulga-programacao-religiosa-da-festa-da-penha-2025\/#primaryimage"},"thumbnailUrl":"https:\/\/novabetaniafm.com.br\/novabetania87\/wp-content\/uploads\/2025\/08\/Praca_matriz_de_Serra_talhada.jpg","articleSection":["Sert\u00e3o"],"inLanguage":"pt-BR","potentialAction":[{"@type":"CommentAction","name":"Comment","target":["https:\/\/novabetaniafm.com.br\/novabetania87\/2025\/08\/15\/paroquia-divulga-programacao-religiosa-da-festa-da-penha-2025\/#respond"]}]},{"@type":"WebPage","@id":"https:\/\/novabetaniafm.com.br\/novabetania87\/2025\/08\/15\/paroquia-divulga-programacao-religiosa-da-festa-da-penha-2025\/","url":"https:\/\/novabetaniafm.com.br\/novabetania87\/2025\/08\/15\/paroquia-divulga-programacao-religiosa-da-festa-da-penha-2025\/","name":"Par\u00f3quia divulga programa\u00e7\u00e3o religiosa da Festa da Penha 2025 - Nova Bet\u00e2nia FM 87,9","isPartOf":{"@id":"https:\/\/novabetaniafm.com.br\/novabetania87\/#website"},"primaryImageOfPage":{"@id":"https:\/\/novabetaniafm.com.br\/novabetania87\/2025\/08\/15\/paroquia-divulga-programacao-religiosa-da-festa-da-penha-2025\/#primaryimage"},"image":{"@id":"https:\/\/novabetaniafm.com.br\/novabetania87\/2025\/08\/15\/paroquia-divulga-programacao-religiosa-da-festa-da-penha-2025\/#primaryimage"},"thumbnailUrl":"https:\/\/novabetaniafm.com.br\/novabetania87\/wp-content\/uploads\/2025\/08\/Praca_matriz_de_Serra_talhada.jpg","datePublished":"2025-08-15T11:51:39+00:00","breadcrumb":{"@id":"https:\/\/novabetaniafm.com.br\/novabetania87\/2025\/08\/15\/paroquia-divulga-programacao-religiosa-da-festa-da-penha-2025\/#breadcrumb"},"inLanguage":"pt-BR","potentialAction":[{"@type":"ReadAction","target":["https:\/\/novabetaniafm.com.br\/novabetania87\/2025\/08\/15\/paroquia-divulga-programacao-religiosa-da-festa-da-penha-2025\/"]}]},{"@type":"ImageObject","inLanguage":"pt-BR","@id":"https:\/\/novabetaniafm.com.br\/novabetania87\/2025\/08\/15\/paroquia-divulga-programacao-religiosa-da-festa-da-penha-2025\/#primaryimage","url":"https:\/\/novabetaniafm.com.br\/novabetania87\/wp-content\/uploads\/2025\/08\/Praca_matriz_de_Serra_talhada.jpg","contentUrl":"https:\/\/novabetaniafm.com.br\/novabetania87\/wp-content\/uploads\/2025\/08\/Praca_matriz_de_Serra_talhada.jpg","width":400,"height":254},{"@type":"BreadcrumbList","@id":"https:\/\/novabetaniafm.com.br\/novabetania87\/2025\/08\/15\/paroquia-divulga-programacao-religiosa-da-festa-da-penha-2025\/#breadcrumb","itemListElement":[{"@type":"ListItem","position":1,"name":"In\u00edcio","item":"https:\/\/novabetaniafm.com.br\/novabetania87\/"},{"@type":"ListItem","position":2,"name":"Par\u00f3quia divulga programa\u00e7\u00e3o religiosa da Festa da Penha 2025"}]},{"@type":"WebSite","@id":"https:\/\/novabetaniafm.com.br\/novabetania87\/#website","url":"https:\/\/novabetaniafm.com.br\/novabetania87\/","name":"Nova Bet\u00e2nia FM 87,9","description":"Ligada em voc\u00ea!","publisher":{"@id":"https:\/\/novabetaniafm.com.br\/novabetania87\/#organization"},"potentialAction":[{"@type":"SearchAction","target":{"@type":"EntryPoint","urlTemplate":"https:\/\/novabetaniafm.com.br\/novabetania87\/?s={search_term_string}"},"query-input":{"@type":"PropertyValueSpecification","valueRequired":true,"valueName":"search_term_string"}}],"inLanguage":"pt-BR"},{"@type":"Organization","@id":"https:\/\/novabetaniafm.com.br\/novabetania87\/#organization","name":"Nova Bet\u00e2nia FM 87,9","url":"https:\/\/novabetaniafm.com.br\/novabetania87\/","logo":{"@type":"ImageObject","inLanguage":"pt-BR","@id":"https:\/\/novabetaniafm.com.br\/novabetania87\/#\/schema\/logo\/image\/","url":"https:\/\/novabetaniafm.com.br\/novabetania87\/wp-content\/uploads\/2024\/05\/logo.png","contentUrl":"https:\/\/novabetaniafm.com.br\/novabetania87\/wp-content\/uploads\/2024\/05\/logo.png","width":211,"height":144,"caption":"Nova Bet\u00e2nia FM 87,9"},"image":{"@id":"https:\/\/novabetaniafm.com.br\/novabetania87\/#\/schema\/logo\/image\/"}},{"@type":"Person","@id":"https:\/\/novabetaniafm.com.br\/novabetania87\/#\/schema\/person\/73fd05cbd77cd30a7bab1141b8ab8555","name":"Nova Bet\u00e2nia FM","image":{"@type":"ImageObject","inLanguage":"pt-BR","@id":"https:\/\/novabetaniafm.com.br\/novabetania87\/#\/schema\/person\/image\/","url":"https:\/\/secure.gravatar.com\/avatar\/e0359add7ed5dc3560906d861b52c6a8cf5c1e199d3a7dd85070998f49bd4701?s=96&d=mm&r=g","contentUrl":"https:\/\/secure.gravatar.com\/avatar\/e0359add7ed5dc3560906d861b52c6a8cf5c1e199d3a7dd85070998f49bd4701?s=96&d=mm&r=g","caption":"Nova Bet\u00e2nia FM"},"url":"https:\/\/novabetaniafm.com.br\/novabetania87\/author\/novabetaniafm879\/"}]}},"jetpack_featured_media_url":"https:\/\/novabetaniafm.com.br\/novabetania87\/wp-content\/uploads\/2025\/08\/Praca_matriz_de_Serra_talhada.jpg","_links":{"self":[{"href":"https:\/\/novabetaniafm.com.br\/novabetania87\/wp-json\/wp\/v2\/posts\/7003","targetHints":{"allow":["GET"]}}],"collection":[{"href":"https:\/\/novabetaniafm.com.br\/novabetania87\/wp-json\/wp\/v2\/posts"}],"about":[{"href":"https:\/\/novabetaniafm.com.br\/novabetania87\/wp-json\/wp\/v2\/types\/post"}],"author":[{"embeddable":true,"href":"https:\/\/novabetaniafm.com.br\/novabetania87\/wp-json\/wp\/v2\/users\/4"}],"replies":[{"embeddable":true,"href":"https:\/\/novabetaniafm.com.br\/novabetania87\/wp-json\/wp\/v2\/comments?post=7003"}],"version-history":[{"count":1,"href":"https:\/\/novabetaniafm.com.br\/novabetania87\/wp-json\/wp\/v2\/posts\/7003\/revisions"}],"predecessor-version":[{"id":7005,"href":"https:\/\/novabetaniafm.com.br\/novabetania87\/wp-json\/wp\/v2\/posts\/7003\/revisions\/7005"}],"wp:featuredmedia":[{"embeddable":true,"href":"https:\/\/novabetaniafm.com.br\/novabetania87\/wp-json\/wp\/v2\/media\/7004"}],"wp:attachment":[{"href":"https:\/\/novabetaniafm.com.br\/novabetania87\/wp-json\/wp\/v2\/media?parent=7003"}],"wp:term":[{"taxonomy":"category","embeddable":true,"href":"https:\/\/novabetaniafm.com.br\/novabetania87\/wp-json\/wp\/v2\/categories?post=7003"},{"taxonomy":"post_tag","embeddable":true,"href":"https:\/\/novabetaniafm.com.br\/novabetania87\/wp-json\/wp\/v2\/tags?post=7003"}],"curies":[{"name":"wp","href":"https:\/\/api.w.org\/{rel}","templated":true}]}}