{"id":6998,"date":"2025-08-14T07:33:02","date_gmt":"2025-08-14T10:33:02","guid":{"rendered":"https:\/\/novabetaniafm.com.br\/novabetania87\/?p=6998"},"modified":"2025-08-14T07:33:02","modified_gmt":"2025-08-14T10:33:02","slug":"carreta-desliza-na-serra-do-cigano-em-serra-talhada-samu-foi-acionado","status":"publish","type":"post","link":"https:\/\/novabetaniafm.com.br\/novabetania87\/2025\/08\/14\/carreta-desliza-na-serra-do-cigano-em-serra-talhada-samu-foi-acionado\/","title":{"rendered":"Carreta desliza na Serra do Cigano, em Serra Talhada; Samu foi acionado"},"content":{"rendered":"<div>Nesta quarta-feira (13), um acidente envolvendo uma carreta foi registrado em Serra Talhada, por volta das 9h, na Serra do Cigano.<\/div>\n<div><\/div>\n<div>De acordo com informa\u00e7\u00f5es apuradas pela reportagem do Farol de Not\u00edcias, a carreta teria deslizado em um barranco.<\/div>\n<div><\/div>\n<div>Testemunhas afirmaram que a carreta, carregada de milho, tentou desviar de um ve\u00edculo que fazia uma ultrapassagem indevida, e o caminhoneiro deslizou at\u00e9 o barrando para evitar a colis\u00e3o.<\/div>\n<div><\/div>\n<div>O condutor do ve\u00edculo, um homem, de 49 anos, foi atendido por uma equipe do Servi\u00e7o de Atendimento M\u00f3vel de Urg\u00eancia, SAMU e apresentava queixa de dor na perna.<\/div>\n<div><\/div>\n<div>Ele estava consciente e orientado e foi medicado no local. Ele evitou ir at\u00e9 o hospital temendo saque da carga.<\/div>\n\n<div style=\"font-size: 0px; height: 0px; line-height: 0px; margin: 0; padding: 0; clear: both;\"><\/div>","protected":false},"excerpt":{"rendered":"<p>Nesta quarta-feira (13), um acidente envolvendo uma carreta foi registrado em Serra Talhada, por volta das 9h, na Serra do Cigano. De acordo com informa\u00e7\u00f5es apuradas pela reportagem do Farol de Not\u00edcias, a carreta teria&#8230;<\/p>\n","protected":false},"author":4,"featured_media":6999,"comment_status":"open","ping_status":"open","sticky":false,"template":"","format":"standard","meta":{"footnotes":""},"categories":[17],"tags":[],"class_list":["post-6998","post","type-post","status-publish","format-standard","has-post-thumbnail","hentry","category-sertao"],"yoast_head":"<!-- This site is optimized with the Yoast SEO plugin v24.5 - https:\/\/yoast.com\/wordpress\/plugins\/seo\/ -->\n<title>Carreta desliza na Serra do Cigano, em Serra Talhada; Samu foi acionado - Nova Bet\u00e2nia FM 87,9<\/title>\n<meta name=\"robots\" content=\"index, follow, max-snippet:-1, max-image-preview:large, max-video-preview:-1\" \/>\n<link rel=\"canonical\" href=\"https:\/\/novabetaniafm.com.br\/novabetania87\/2025\/08\/14\/carreta-desliza-na-serra-do-cigano-em-serra-talhada-samu-foi-acionado\/\" \/>\n<meta property=\"og:locale\" content=\"pt_BR\" \/>\n<meta property=\"og:type\" content=\"article\" \/>\n<meta property=\"og:title\" content=\"Carreta desliza na Serra do Cigano, em Serra Talhada; Samu foi acionado - Nova Bet\u00e2nia FM 87,9\" \/>\n<meta property=\"og:description\" content=\"Nesta quarta-feira (13), um acidente envolvendo uma carreta foi registrado em Serra Talhada, por volta das 9h, na Serra do Cigano. De acordo com informa\u00e7\u00f5es apuradas pela reportagem do Farol de Not\u00edcias, a carreta teria...\" \/>\n<meta property=\"og:url\" content=\"https:\/\/novabetaniafm.com.br\/novabetania87\/2025\/08\/14\/carreta-desliza-na-serra-do-cigano-em-serra-talhada-samu-foi-acionado\/\" \/>\n<meta property=\"og:site_name\" content=\"Nova Bet\u00e2nia FM 87,9\" \/>\n<meta property=\"article:published_time\" content=\"2025-08-14T10:33:02+00:00\" \/>\n<meta property=\"og:image\" content=\"http:\/\/novabetaniafm.com.br\/novabetania87\/wp-content\/uploads\/2025\/08\/carreta.jpg\" \/>\n\t<meta property=\"og:image:width\" content=\"400\" \/>\n\t<meta property=\"og:image:height\" content=\"225\" \/>\n\t<meta property=\"og:image:type\" content=\"image\/jpeg\" \/>\n<meta name=\"author\" content=\"Nova Bet\u00e2nia FM\" \/>\n<meta name=\"twitter:card\" content=\"summary_large_image\" \/>\n<meta name=\"twitter:label1\" content=\"Escrito por\" \/>\n\t<meta name=\"twitter:data1\" content=\"Nova Bet\u00e2nia FM\" \/>\n\t<meta name=\"twitter:label2\" content=\"Est. tempo de leitura\" \/>\n\t<meta name=\"twitter:data2\" content=\"1 minuto\" \/>\n<script type=\"application\/ld+json\" class=\"yoast-schema-graph\">{\"@context\":\"https:\/\/schema.org\",\"@graph\":[{\"@type\":\"Article\",\"@id\":\"https:\/\/novabetaniafm.com.br\/novabetania87\/2025\/08\/14\/carreta-desliza-na-serra-do-cigano-em-serra-talhada-samu-foi-acionado\/#article\",\"isPartOf\":{\"@id\":\"https:\/\/novabetaniafm.com.br\/novabetania87\/2025\/08\/14\/carreta-desliza-na-serra-do-cigano-em-serra-talhada-samu-foi-acionado\/\"},\"author\":{\"name\":\"Nova Bet\u00e2nia FM\",\"@id\":\"https:\/\/novabetaniafm.com.br\/novabetania87\/#\/schema\/person\/73fd05cbd77cd30a7bab1141b8ab8555\"},\"headline\":\"Carreta desliza na Serra do Cigano, em Serra Talhada; Samu foi acionado\",\"datePublished\":\"2025-08-14T10:33:02+00:00\",\"mainEntityOfPage\":{\"@id\":\"https:\/\/novabetaniafm.com.br\/novabetania87\/2025\/08\/14\/carreta-desliza-na-serra-do-cigano-em-serra-talhada-samu-foi-acionado\/\"},\"wordCount\":135,\"commentCount\":0,\"publisher\":{\"@id\":\"https:\/\/novabetaniafm.com.br\/novabetania87\/#organization\"},\"image\":{\"@id\":\"https:\/\/novabetaniafm.com.br\/novabetania87\/2025\/08\/14\/carreta-desliza-na-serra-do-cigano-em-serra-talhada-samu-foi-acionado\/#primaryimage\"},\"thumbnailUrl\":\"https:\/\/novabetaniafm.com.br\/novabetania87\/wp-content\/uploads\/2025\/08\/carreta.jpg\",\"articleSection\":[\"Sert\u00e3o\"],\"inLanguage\":\"pt-BR\",\"potentialAction\":[{\"@type\":\"CommentAction\",\"name\":\"Comment\",\"target\":[\"https:\/\/novabetaniafm.com.br\/novabetania87\/2025\/08\/14\/carreta-desliza-na-serra-do-cigano-em-serra-talhada-samu-foi-acionado\/#respond\"]}]},{\"@type\":\"WebPage\",\"@id\":\"https:\/\/novabetaniafm.com.br\/novabetania87\/2025\/08\/14\/carreta-desliza-na-serra-do-cigano-em-serra-talhada-samu-foi-acionado\/\",\"url\":\"https:\/\/novabetaniafm.com.br\/novabetania87\/2025\/08\/14\/carreta-desliza-na-serra-do-cigano-em-serra-talhada-samu-foi-acionado\/\",\"name\":\"Carreta desliza na Serra do Cigano, em Serra Talhada; Samu foi acionado - Nova Bet\u00e2nia FM 87,9\",\"isPartOf\":{\"@id\":\"https:\/\/novabetaniafm.com.br\/novabetania87\/#website\"},\"primaryImageOfPage\":{\"@id\":\"https:\/\/novabetaniafm.com.br\/novabetania87\/2025\/08\/14\/carreta-desliza-na-serra-do-cigano-em-serra-talhada-samu-foi-acionado\/#primaryimage\"},\"image\":{\"@id\":\"https:\/\/novabetaniafm.com.br\/novabetania87\/2025\/08\/14\/carreta-desliza-na-serra-do-cigano-em-serra-talhada-samu-foi-acionado\/#primaryimage\"},\"thumbnailUrl\":\"https:\/\/novabetaniafm.com.br\/novabetania87\/wp-content\/uploads\/2025\/08\/carreta.jpg\",\"datePublished\":\"2025-08-14T10:33:02+00:00\",\"breadcrumb\":{\"@id\":\"https:\/\/novabetaniafm.com.br\/novabetania87\/2025\/08\/14\/carreta-desliza-na-serra-do-cigano-em-serra-talhada-samu-foi-acionado\/#breadcrumb\"},\"inLanguage\":\"pt-BR\",\"potentialAction\":[{\"@type\":\"ReadAction\",\"target\":[\"https:\/\/novabetaniafm.com.br\/novabetania87\/2025\/08\/14\/carreta-desliza-na-serra-do-cigano-em-serra-talhada-samu-foi-acionado\/\"]}]},{\"@type\":\"ImageObject\",\"inLanguage\":\"pt-BR\",\"@id\":\"https:\/\/novabetaniafm.com.br\/novabetania87\/2025\/08\/14\/carreta-desliza-na-serra-do-cigano-em-serra-talhada-samu-foi-acionado\/#primaryimage\",\"url\":\"https:\/\/novabetaniafm.com.br\/novabetania87\/wp-content\/uploads\/2025\/08\/carreta.jpg\",\"contentUrl\":\"https:\/\/novabetaniafm.com.br\/novabetania87\/wp-content\/uploads\/2025\/08\/carreta.jpg\",\"width\":400,\"height\":225},{\"@type\":\"BreadcrumbList\",\"@id\":\"https:\/\/novabetaniafm.com.br\/novabetania87\/2025\/08\/14\/carreta-desliza-na-serra-do-cigano-em-serra-talhada-samu-foi-acionado\/#breadcrumb\",\"itemListElement\":[{\"@type\":\"ListItem\",\"position\":1,\"name\":\"In\u00edcio\",\"item\":\"https:\/\/novabetaniafm.com.br\/novabetania87\/\"},{\"@type\":\"ListItem\",\"position\":2,\"name\":\"Carreta desliza na Serra do Cigano, em Serra Talhada; Samu foi acionado\"}]},{\"@type\":\"WebSite\",\"@id\":\"https:\/\/novabetaniafm.com.br\/novabetania87\/#website\",\"url\":\"https:\/\/novabetaniafm.com.br\/novabetania87\/\",\"name\":\"Nova Bet\u00e2nia FM 87,9\",\"description\":\"Ligada em voc\u00ea!\",\"publisher\":{\"@id\":\"https:\/\/novabetaniafm.com.br\/novabetania87\/#organization\"},\"potentialAction\":[{\"@type\":\"SearchAction\",\"target\":{\"@type\":\"EntryPoint\",\"urlTemplate\":\"https:\/\/novabetaniafm.com.br\/novabetania87\/?s={search_term_string}\"},\"query-input\":{\"@type\":\"PropertyValueSpecification\",\"valueRequired\":true,\"valueName\":\"search_term_string\"}}],\"inLanguage\":\"pt-BR\"},{\"@type\":\"Organization\",\"@id\":\"https:\/\/novabetaniafm.com.br\/novabetania87\/#organization\",\"name\":\"Nova Bet\u00e2nia FM 87,9\",\"url\":\"https:\/\/novabetaniafm.com.br\/novabetania87\/\",\"logo\":{\"@type\":\"ImageObject\",\"inLanguage\":\"pt-BR\",\"@id\":\"https:\/\/novabetaniafm.com.br\/novabetania87\/#\/schema\/logo\/image\/\",\"url\":\"https:\/\/novabetaniafm.com.br\/novabetania87\/wp-content\/uploads\/2024\/05\/logo.png\",\"contentUrl\":\"https:\/\/novabetaniafm.com.br\/novabetania87\/wp-content\/uploads\/2024\/05\/logo.png\",\"width\":211,\"height\":144,\"caption\":\"Nova Bet\u00e2nia FM 87,9\"},\"image\":{\"@id\":\"https:\/\/novabetaniafm.com.br\/novabetania87\/#\/schema\/logo\/image\/\"}},{\"@type\":\"Person\",\"@id\":\"https:\/\/novabetaniafm.com.br\/novabetania87\/#\/schema\/person\/73fd05cbd77cd30a7bab1141b8ab8555\",\"name\":\"Nova Bet\u00e2nia FM\",\"image\":{\"@type\":\"ImageObject\",\"inLanguage\":\"pt-BR\",\"@id\":\"https:\/\/novabetaniafm.com.br\/novabetania87\/#\/schema\/person\/image\/\",\"url\":\"https:\/\/secure.gravatar.com\/avatar\/e0359add7ed5dc3560906d861b52c6a8cf5c1e199d3a7dd85070998f49bd4701?s=96&d=mm&r=g\",\"contentUrl\":\"https:\/\/secure.gravatar.com\/avatar\/e0359add7ed5dc3560906d861b52c6a8cf5c1e199d3a7dd85070998f49bd4701?s=96&d=mm&r=g\",\"caption\":\"Nova Bet\u00e2nia FM\"},\"url\":\"https:\/\/novabetaniafm.com.br\/novabetania87\/author\/novabetaniafm879\/\"}]}<\/script>\n<!-- \/ Yoast SEO plugin. -->","yoast_head_json":{"title":"Carreta desliza na Serra do Cigano, em Serra Talhada; Samu foi acionado - Nova Bet\u00e2nia FM 87,9","robots":{"index":"index","follow":"follow","max-snippet":"max-snippet:-1","max-image-preview":"max-image-preview:large","max-video-preview":"max-video-preview:-1"},"canonical":"https:\/\/novabetaniafm.com.br\/novabetania87\/2025\/08\/14\/carreta-desliza-na-serra-do-cigano-em-serra-talhada-samu-foi-acionado\/","og_locale":"pt_BR","og_type":"article","og_title":"Carreta desliza na Serra do Cigano, em Serra Talhada; Samu foi acionado - Nova Bet\u00e2nia FM 87,9","og_description":"Nesta quarta-feira (13), um acidente envolvendo uma carreta foi registrado em Serra Talhada, por volta das 9h, na Serra do Cigano. De acordo com informa\u00e7\u00f5es apuradas pela reportagem do Farol de Not\u00edcias, a carreta teria...","og_url":"https:\/\/novabetaniafm.com.br\/novabetania87\/2025\/08\/14\/carreta-desliza-na-serra-do-cigano-em-serra-talhada-samu-foi-acionado\/","og_site_name":"Nova Bet\u00e2nia FM 87,9","article_published_time":"2025-08-14T10:33:02+00:00","og_image":[{"width":400,"height":225,"url":"http:\/\/novabetaniafm.com.br\/novabetania87\/wp-content\/uploads\/2025\/08\/carreta.jpg","type":"image\/jpeg"}],"author":"Nova Bet\u00e2nia FM","twitter_card":"summary_large_image","twitter_misc":{"Escrito por":"Nova Bet\u00e2nia FM","Est. tempo de leitura":"1 minuto"},"schema":{"@context":"https:\/\/schema.org","@graph":[{"@type":"Article","@id":"https:\/\/novabetaniafm.com.br\/novabetania87\/2025\/08\/14\/carreta-desliza-na-serra-do-cigano-em-serra-talhada-samu-foi-acionado\/#article","isPartOf":{"@id":"https:\/\/novabetaniafm.com.br\/novabetania87\/2025\/08\/14\/carreta-desliza-na-serra-do-cigano-em-serra-talhada-samu-foi-acionado\/"},"author":{"name":"Nova Bet\u00e2nia FM","@id":"https:\/\/novabetaniafm.com.br\/novabetania87\/#\/schema\/person\/73fd05cbd77cd30a7bab1141b8ab8555"},"headline":"Carreta desliza na Serra do Cigano, em Serra Talhada; Samu foi acionado","datePublished":"2025-08-14T10:33:02+00:00","mainEntityOfPage":{"@id":"https:\/\/novabetaniafm.com.br\/novabetania87\/2025\/08\/14\/carreta-desliza-na-serra-do-cigano-em-serra-talhada-samu-foi-acionado\/"},"wordCount":135,"commentCount":0,"publisher":{"@id":"https:\/\/novabetaniafm.com.br\/novabetania87\/#organization"},"image":{"@id":"https:\/\/novabetaniafm.com.br\/novabetania87\/2025\/08\/14\/carreta-desliza-na-serra-do-cigano-em-serra-talhada-samu-foi-acionado\/#primaryimage"},"thumbnailUrl":"https:\/\/novabetaniafm.com.br\/novabetania87\/wp-content\/uploads\/2025\/08\/carreta.jpg","articleSection":["Sert\u00e3o"],"inLanguage":"pt-BR","potentialAction":[{"@type":"CommentAction","name":"Comment","target":["https:\/\/novabetaniafm.com.br\/novabetania87\/2025\/08\/14\/carreta-desliza-na-serra-do-cigano-em-serra-talhada-samu-foi-acionado\/#respond"]}]},{"@type":"WebPage","@id":"https:\/\/novabetaniafm.com.br\/novabetania87\/2025\/08\/14\/carreta-desliza-na-serra-do-cigano-em-serra-talhada-samu-foi-acionado\/","url":"https:\/\/novabetaniafm.com.br\/novabetania87\/2025\/08\/14\/carreta-desliza-na-serra-do-cigano-em-serra-talhada-samu-foi-acionado\/","name":"Carreta desliza na Serra do Cigano, em Serra Talhada; Samu foi acionado - Nova Bet\u00e2nia FM 87,9","isPartOf":{"@id":"https:\/\/novabetaniafm.com.br\/novabetania87\/#website"},"primaryImageOfPage":{"@id":"https:\/\/novabetaniafm.com.br\/novabetania87\/2025\/08\/14\/carreta-desliza-na-serra-do-cigano-em-serra-talhada-samu-foi-acionado\/#primaryimage"},"image":{"@id":"https:\/\/novabetaniafm.com.br\/novabetania87\/2025\/08\/14\/carreta-desliza-na-serra-do-cigano-em-serra-talhada-samu-foi-acionado\/#primaryimage"},"thumbnailUrl":"https:\/\/novabetaniafm.com.br\/novabetania87\/wp-content\/uploads\/2025\/08\/carreta.jpg","datePublished":"2025-08-14T10:33:02+00:00","breadcrumb":{"@id":"https:\/\/novabetaniafm.com.br\/novabetania87\/2025\/08\/14\/carreta-desliza-na-serra-do-cigano-em-serra-talhada-samu-foi-acionado\/#breadcrumb"},"inLanguage":"pt-BR","potentialAction":[{"@type":"ReadAction","target":["https:\/\/novabetaniafm.com.br\/novabetania87\/2025\/08\/14\/carreta-desliza-na-serra-do-cigano-em-serra-talhada-samu-foi-acionado\/"]}]},{"@type":"ImageObject","inLanguage":"pt-BR","@id":"https:\/\/novabetaniafm.com.br\/novabetania87\/2025\/08\/14\/carreta-desliza-na-serra-do-cigano-em-serra-talhada-samu-foi-acionado\/#primaryimage","url":"https:\/\/novabetaniafm.com.br\/novabetania87\/wp-content\/uploads\/2025\/08\/carreta.jpg","contentUrl":"https:\/\/novabetaniafm.com.br\/novabetania87\/wp-content\/uploads\/2025\/08\/carreta.jpg","width":400,"height":225},{"@type":"BreadcrumbList","@id":"https:\/\/novabetaniafm.com.br\/novabetania87\/2025\/08\/14\/carreta-desliza-na-serra-do-cigano-em-serra-talhada-samu-foi-acionado\/#breadcrumb","itemListElement":[{"@type":"ListItem","position":1,"name":"In\u00edcio","item":"https:\/\/novabetaniafm.com.br\/novabetania87\/"},{"@type":"ListItem","position":2,"name":"Carreta desliza na Serra do Cigano, em Serra Talhada; Samu foi acionado"}]},{"@type":"WebSite","@id":"https:\/\/novabetaniafm.com.br\/novabetania87\/#website","url":"https:\/\/novabetaniafm.com.br\/novabetania87\/","name":"Nova Bet\u00e2nia FM 87,9","description":"Ligada em voc\u00ea!","publisher":{"@id":"https:\/\/novabetaniafm.com.br\/novabetania87\/#organization"},"potentialAction":[{"@type":"SearchAction","target":{"@type":"EntryPoint","urlTemplate":"https:\/\/novabetaniafm.com.br\/novabetania87\/?s={search_term_string}"},"query-input":{"@type":"PropertyValueSpecification","valueRequired":true,"valueName":"search_term_string"}}],"inLanguage":"pt-BR"},{"@type":"Organization","@id":"https:\/\/novabetaniafm.com.br\/novabetania87\/#organization","name":"Nova Bet\u00e2nia FM 87,9","url":"https:\/\/novabetaniafm.com.br\/novabetania87\/","logo":{"@type":"ImageObject","inLanguage":"pt-BR","@id":"https:\/\/novabetaniafm.com.br\/novabetania87\/#\/schema\/logo\/image\/","url":"https:\/\/novabetaniafm.com.br\/novabetania87\/wp-content\/uploads\/2024\/05\/logo.png","contentUrl":"https:\/\/novabetaniafm.com.br\/novabetania87\/wp-content\/uploads\/2024\/05\/logo.png","width":211,"height":144,"caption":"Nova Bet\u00e2nia FM 87,9"},"image":{"@id":"https:\/\/novabetaniafm.com.br\/novabetania87\/#\/schema\/logo\/image\/"}},{"@type":"Person","@id":"https:\/\/novabetaniafm.com.br\/novabetania87\/#\/schema\/person\/73fd05cbd77cd30a7bab1141b8ab8555","name":"Nova Bet\u00e2nia FM","image":{"@type":"ImageObject","inLanguage":"pt-BR","@id":"https:\/\/novabetaniafm.com.br\/novabetania87\/#\/schema\/person\/image\/","url":"https:\/\/secure.gravatar.com\/avatar\/e0359add7ed5dc3560906d861b52c6a8cf5c1e199d3a7dd85070998f49bd4701?s=96&d=mm&r=g","contentUrl":"https:\/\/secure.gravatar.com\/avatar\/e0359add7ed5dc3560906d861b52c6a8cf5c1e199d3a7dd85070998f49bd4701?s=96&d=mm&r=g","caption":"Nova Bet\u00e2nia FM"},"url":"https:\/\/novabetaniafm.com.br\/novabetania87\/author\/novabetaniafm879\/"}]}},"jetpack_featured_media_url":"https:\/\/novabetaniafm.com.br\/novabetania87\/wp-content\/uploads\/2025\/08\/carreta.jpg","_links":{"self":[{"href":"https:\/\/novabetaniafm.com.br\/novabetania87\/wp-json\/wp\/v2\/posts\/6998","targetHints":{"allow":["GET"]}}],"collection":[{"href":"https:\/\/novabetaniafm.com.br\/novabetania87\/wp-json\/wp\/v2\/posts"}],"about":[{"href":"https:\/\/novabetaniafm.com.br\/novabetania87\/wp-json\/wp\/v2\/types\/post"}],"author":[{"embeddable":true,"href":"https:\/\/novabetaniafm.com.br\/novabetania87\/wp-json\/wp\/v2\/users\/4"}],"replies":[{"embeddable":true,"href":"https:\/\/novabetaniafm.com.br\/novabetania87\/wp-json\/wp\/v2\/comments?post=6998"}],"version-history":[{"count":1,"href":"https:\/\/novabetaniafm.com.br\/novabetania87\/wp-json\/wp\/v2\/posts\/6998\/revisions"}],"predecessor-version":[{"id":7000,"href":"https:\/\/novabetaniafm.com.br\/novabetania87\/wp-json\/wp\/v2\/posts\/6998\/revisions\/7000"}],"wp:featuredmedia":[{"embeddable":true,"href":"https:\/\/novabetaniafm.com.br\/novabetania87\/wp-json\/wp\/v2\/media\/6999"}],"wp:attachment":[{"href":"https:\/\/novabetaniafm.com.br\/novabetania87\/wp-json\/wp\/v2\/media?parent=6998"}],"wp:term":[{"taxonomy":"category","embeddable":true,"href":"https:\/\/novabetaniafm.com.br\/novabetania87\/wp-json\/wp\/v2\/categories?post=6998"},{"taxonomy":"post_tag","embeddable":true,"href":"https:\/\/novabetaniafm.com.br\/novabetania87\/wp-json\/wp\/v2\/tags?post=6998"}],"curies":[{"name":"wp","href":"https:\/\/api.w.org\/{rel}","templated":true}]}}