{"id":6787,"date":"2025-07-22T10:27:36","date_gmt":"2025-07-22T13:27:36","guid":{"rendered":"https:\/\/novabetaniafm.com.br\/novabetania87\/?p=6787"},"modified":"2025-07-23T10:28:34","modified_gmt":"2025-07-23T13:28:34","slug":"de-olho-em-2026-adelmo-moura-e-sandrinho-palmeira-se-reunem-com-joao-campos","status":"publish","type":"post","link":"https:\/\/novabetaniafm.com.br\/novabetania87\/2025\/07\/22\/de-olho-em-2026-adelmo-moura-e-sandrinho-palmeira-se-reunem-com-joao-campos\/","title":{"rendered":"De olho em 2026, Adelmo Moura e Sandrinho Palmeira se re\u00fanem com Jo\u00e3o Campos"},"content":{"rendered":"<p class=\"p1\">O ex-prefeito de Itapetim, Adelmo Moura, esteve reunido com o prefeito de Recife e pr\u00e9-candidato ao governo do Estado, Jo\u00e3o Campos e o prefeito de Afogados da Ingazeira, Sandrinho Palmeira, todos do PSB, nesta ter\u00e7a (22), em Recife.<\/p>\n<p class=\"p1\">Adelmo tem buscado garantias de espa\u00e7os na regi\u00e3o do Paje\u00fa e fora dela para dar viabilidade eleitoral \u00e0 sua candidatura por uma vaga na Assembleia Legislativa.<\/p>\n<p class=\"p1\">Ele sabe que, dada a geopol\u00edtica da regi\u00e3o, com a densidade eleitoral, al\u00e9m do apoio antecipado de outros prefeitos a nomes como Diogo Moraes, \u00e9 fundamental a participa\u00e7\u00e3o e apoio efetivo de Campos e do PSB.<\/p>\n<p>Adelmo diz estar confiante e saiu satisfeito da reuni\u00e3o. A necessidade \u00e9 de suporte ao projeto com apoios na Regi\u00e3o Metropolitana e em outras \u00e1reas do Estado. Em 2022, Jos\u00e9 Patriota\u00a0foi eleito Deputado Estadual com 43.586 votos, com v\u00e1rios fatores que garantiram sua elei\u00e7\u00e3o. Adelmo sabe que para ter vota\u00e7\u00e3o similar, necess\u00e1rio para ter competitividade, precisa ir al\u00e9m da regi\u00e3o.<\/p>\n<p>Do Marcello Patriota<\/p>\n\n<div style=\"font-size: 0px; height: 0px; line-height: 0px; margin: 0; padding: 0; clear: both;\"><\/div>","protected":false},"excerpt":{"rendered":"<p>O ex-prefeito de Itapetim, Adelmo Moura, esteve reunido com o prefeito de Recife e pr\u00e9-candidato ao governo do Estado, Jo\u00e3o Campos e o prefeito de Afogados da Ingazeira, Sandrinho Palmeira, todos do PSB, nesta ter\u00e7a&#8230;<\/p>\n","protected":false},"author":4,"featured_media":6788,"comment_status":"open","ping_status":"open","sticky":false,"template":"","format":"standard","meta":{"footnotes":""},"categories":[8],"tags":[],"class_list":["post-6787","post","type-post","status-publish","format-standard","has-post-thumbnail","hentry","category-politica"],"yoast_head":"<!-- This site is optimized with the Yoast SEO plugin v24.5 - https:\/\/yoast.com\/wordpress\/plugins\/seo\/ -->\n<title>De olho em 2026, Adelmo Moura e Sandrinho Palmeira se re\u00fanem com Jo\u00e3o Campos - Nova Bet\u00e2nia FM 87,9<\/title>\n<meta name=\"robots\" content=\"index, follow, max-snippet:-1, max-image-preview:large, max-video-preview:-1\" \/>\n<link rel=\"canonical\" href=\"https:\/\/novabetaniafm.com.br\/novabetania87\/2025\/07\/22\/de-olho-em-2026-adelmo-moura-e-sandrinho-palmeira-se-reunem-com-joao-campos\/\" \/>\n<meta property=\"og:locale\" content=\"pt_BR\" \/>\n<meta property=\"og:type\" content=\"article\" \/>\n<meta property=\"og:title\" content=\"De olho em 2026, Adelmo Moura e Sandrinho Palmeira se re\u00fanem com Jo\u00e3o Campos - Nova Bet\u00e2nia FM 87,9\" \/>\n<meta property=\"og:description\" content=\"O ex-prefeito de Itapetim, Adelmo Moura, esteve reunido com o prefeito de Recife e pr\u00e9-candidato ao governo do Estado, Jo\u00e3o Campos e o prefeito de Afogados da Ingazeira, Sandrinho Palmeira, todos do PSB, nesta ter\u00e7a...\" \/>\n<meta property=\"og:url\" content=\"https:\/\/novabetaniafm.com.br\/novabetania87\/2025\/07\/22\/de-olho-em-2026-adelmo-moura-e-sandrinho-palmeira-se-reunem-com-joao-campos\/\" \/>\n<meta property=\"og:site_name\" content=\"Nova Bet\u00e2nia FM 87,9\" \/>\n<meta property=\"article:published_time\" content=\"2025-07-22T13:27:36+00:00\" \/>\n<meta property=\"article:modified_time\" content=\"2025-07-23T13:28:34+00:00\" \/>\n<meta property=\"og:image\" content=\"http:\/\/novabetaniafm.com.br\/novabetania87\/wp-content\/uploads\/2025\/07\/adelmo-sandrinho.webp\" \/>\n\t<meta property=\"og:image:width\" content=\"600\" \/>\n\t<meta property=\"og:image:height\" content=\"393\" \/>\n\t<meta property=\"og:image:type\" content=\"image\/webp\" \/>\n<meta name=\"author\" content=\"Nova Bet\u00e2nia FM\" \/>\n<meta name=\"twitter:card\" content=\"summary_large_image\" \/>\n<meta name=\"twitter:label1\" content=\"Escrito por\" \/>\n\t<meta name=\"twitter:data1\" content=\"Nova Bet\u00e2nia FM\" \/>\n\t<meta name=\"twitter:label2\" content=\"Est. tempo de leitura\" \/>\n\t<meta name=\"twitter:data2\" content=\"2 minutos\" \/>\n<script type=\"application\/ld+json\" class=\"yoast-schema-graph\">{\"@context\":\"https:\/\/schema.org\",\"@graph\":[{\"@type\":\"Article\",\"@id\":\"https:\/\/novabetaniafm.com.br\/novabetania87\/2025\/07\/22\/de-olho-em-2026-adelmo-moura-e-sandrinho-palmeira-se-reunem-com-joao-campos\/#article\",\"isPartOf\":{\"@id\":\"https:\/\/novabetaniafm.com.br\/novabetania87\/2025\/07\/22\/de-olho-em-2026-adelmo-moura-e-sandrinho-palmeira-se-reunem-com-joao-campos\/\"},\"author\":{\"name\":\"Nova Bet\u00e2nia FM\",\"@id\":\"https:\/\/novabetaniafm.com.br\/novabetania87\/#\/schema\/person\/73fd05cbd77cd30a7bab1141b8ab8555\"},\"headline\":\"De olho em 2026, Adelmo Moura e Sandrinho Palmeira se re\u00fanem com Jo\u00e3o Campos\",\"datePublished\":\"2025-07-22T13:27:36+00:00\",\"dateModified\":\"2025-07-23T13:28:34+00:00\",\"mainEntityOfPage\":{\"@id\":\"https:\/\/novabetaniafm.com.br\/novabetania87\/2025\/07\/22\/de-olho-em-2026-adelmo-moura-e-sandrinho-palmeira-se-reunem-com-joao-campos\/\"},\"wordCount\":190,\"commentCount\":0,\"publisher\":{\"@id\":\"https:\/\/novabetaniafm.com.br\/novabetania87\/#organization\"},\"image\":{\"@id\":\"https:\/\/novabetaniafm.com.br\/novabetania87\/2025\/07\/22\/de-olho-em-2026-adelmo-moura-e-sandrinho-palmeira-se-reunem-com-joao-campos\/#primaryimage\"},\"thumbnailUrl\":\"https:\/\/novabetaniafm.com.br\/novabetania87\/wp-content\/uploads\/2025\/07\/adelmo-sandrinho.webp\",\"articleSection\":[\"Pol\u00edtica\"],\"inLanguage\":\"pt-BR\",\"potentialAction\":[{\"@type\":\"CommentAction\",\"name\":\"Comment\",\"target\":[\"https:\/\/novabetaniafm.com.br\/novabetania87\/2025\/07\/22\/de-olho-em-2026-adelmo-moura-e-sandrinho-palmeira-se-reunem-com-joao-campos\/#respond\"]}]},{\"@type\":\"WebPage\",\"@id\":\"https:\/\/novabetaniafm.com.br\/novabetania87\/2025\/07\/22\/de-olho-em-2026-adelmo-moura-e-sandrinho-palmeira-se-reunem-com-joao-campos\/\",\"url\":\"https:\/\/novabetaniafm.com.br\/novabetania87\/2025\/07\/22\/de-olho-em-2026-adelmo-moura-e-sandrinho-palmeira-se-reunem-com-joao-campos\/\",\"name\":\"De olho em 2026, Adelmo Moura e Sandrinho Palmeira se re\u00fanem com Jo\u00e3o Campos - Nova Bet\u00e2nia FM 87,9\",\"isPartOf\":{\"@id\":\"https:\/\/novabetaniafm.com.br\/novabetania87\/#website\"},\"primaryImageOfPage\":{\"@id\":\"https:\/\/novabetaniafm.com.br\/novabetania87\/2025\/07\/22\/de-olho-em-2026-adelmo-moura-e-sandrinho-palmeira-se-reunem-com-joao-campos\/#primaryimage\"},\"image\":{\"@id\":\"https:\/\/novabetaniafm.com.br\/novabetania87\/2025\/07\/22\/de-olho-em-2026-adelmo-moura-e-sandrinho-palmeira-se-reunem-com-joao-campos\/#primaryimage\"},\"thumbnailUrl\":\"https:\/\/novabetaniafm.com.br\/novabetania87\/wp-content\/uploads\/2025\/07\/adelmo-sandrinho.webp\",\"datePublished\":\"2025-07-22T13:27:36+00:00\",\"dateModified\":\"2025-07-23T13:28:34+00:00\",\"breadcrumb\":{\"@id\":\"https:\/\/novabetaniafm.com.br\/novabetania87\/2025\/07\/22\/de-olho-em-2026-adelmo-moura-e-sandrinho-palmeira-se-reunem-com-joao-campos\/#breadcrumb\"},\"inLanguage\":\"pt-BR\",\"potentialAction\":[{\"@type\":\"ReadAction\",\"target\":[\"https:\/\/novabetaniafm.com.br\/novabetania87\/2025\/07\/22\/de-olho-em-2026-adelmo-moura-e-sandrinho-palmeira-se-reunem-com-joao-campos\/\"]}]},{\"@type\":\"ImageObject\",\"inLanguage\":\"pt-BR\",\"@id\":\"https:\/\/novabetaniafm.com.br\/novabetania87\/2025\/07\/22\/de-olho-em-2026-adelmo-moura-e-sandrinho-palmeira-se-reunem-com-joao-campos\/#primaryimage\",\"url\":\"https:\/\/novabetaniafm.com.br\/novabetania87\/wp-content\/uploads\/2025\/07\/adelmo-sandrinho.webp\",\"contentUrl\":\"https:\/\/novabetaniafm.com.br\/novabetania87\/wp-content\/uploads\/2025\/07\/adelmo-sandrinho.webp\",\"width\":600,\"height\":393},{\"@type\":\"BreadcrumbList\",\"@id\":\"https:\/\/novabetaniafm.com.br\/novabetania87\/2025\/07\/22\/de-olho-em-2026-adelmo-moura-e-sandrinho-palmeira-se-reunem-com-joao-campos\/#breadcrumb\",\"itemListElement\":[{\"@type\":\"ListItem\",\"position\":1,\"name\":\"In\u00edcio\",\"item\":\"https:\/\/novabetaniafm.com.br\/novabetania87\/\"},{\"@type\":\"ListItem\",\"position\":2,\"name\":\"De olho em 2026, Adelmo Moura e Sandrinho Palmeira se re\u00fanem com Jo\u00e3o Campos\"}]},{\"@type\":\"WebSite\",\"@id\":\"https:\/\/novabetaniafm.com.br\/novabetania87\/#website\",\"url\":\"https:\/\/novabetaniafm.com.br\/novabetania87\/\",\"name\":\"Nova Bet\u00e2nia FM 87,9\",\"description\":\"Ligada em voc\u00ea!\",\"publisher\":{\"@id\":\"https:\/\/novabetaniafm.com.br\/novabetania87\/#organization\"},\"potentialAction\":[{\"@type\":\"SearchAction\",\"target\":{\"@type\":\"EntryPoint\",\"urlTemplate\":\"https:\/\/novabetaniafm.com.br\/novabetania87\/?s={search_term_string}\"},\"query-input\":{\"@type\":\"PropertyValueSpecification\",\"valueRequired\":true,\"valueName\":\"search_term_string\"}}],\"inLanguage\":\"pt-BR\"},{\"@type\":\"Organization\",\"@id\":\"https:\/\/novabetaniafm.com.br\/novabetania87\/#organization\",\"name\":\"Nova Bet\u00e2nia FM 87,9\",\"url\":\"https:\/\/novabetaniafm.com.br\/novabetania87\/\",\"logo\":{\"@type\":\"ImageObject\",\"inLanguage\":\"pt-BR\",\"@id\":\"https:\/\/novabetaniafm.com.br\/novabetania87\/#\/schema\/logo\/image\/\",\"url\":\"https:\/\/novabetaniafm.com.br\/novabetania87\/wp-content\/uploads\/2024\/05\/logo.png\",\"contentUrl\":\"https:\/\/novabetaniafm.com.br\/novabetania87\/wp-content\/uploads\/2024\/05\/logo.png\",\"width\":211,\"height\":144,\"caption\":\"Nova Bet\u00e2nia FM 87,9\"},\"image\":{\"@id\":\"https:\/\/novabetaniafm.com.br\/novabetania87\/#\/schema\/logo\/image\/\"}},{\"@type\":\"Person\",\"@id\":\"https:\/\/novabetaniafm.com.br\/novabetania87\/#\/schema\/person\/73fd05cbd77cd30a7bab1141b8ab8555\",\"name\":\"Nova Bet\u00e2nia FM\",\"image\":{\"@type\":\"ImageObject\",\"inLanguage\":\"pt-BR\",\"@id\":\"https:\/\/novabetaniafm.com.br\/novabetania87\/#\/schema\/person\/image\/\",\"url\":\"https:\/\/secure.gravatar.com\/avatar\/e0359add7ed5dc3560906d861b52c6a8cf5c1e199d3a7dd85070998f49bd4701?s=96&d=mm&r=g\",\"contentUrl\":\"https:\/\/secure.gravatar.com\/avatar\/e0359add7ed5dc3560906d861b52c6a8cf5c1e199d3a7dd85070998f49bd4701?s=96&d=mm&r=g\",\"caption\":\"Nova Bet\u00e2nia FM\"},\"url\":\"https:\/\/novabetaniafm.com.br\/novabetania87\/author\/novabetaniafm879\/\"}]}<\/script>\n<!-- \/ Yoast SEO plugin. -->","yoast_head_json":{"title":"De olho em 2026, Adelmo Moura e Sandrinho Palmeira se re\u00fanem com Jo\u00e3o Campos - Nova Bet\u00e2nia FM 87,9","robots":{"index":"index","follow":"follow","max-snippet":"max-snippet:-1","max-image-preview":"max-image-preview:large","max-video-preview":"max-video-preview:-1"},"canonical":"https:\/\/novabetaniafm.com.br\/novabetania87\/2025\/07\/22\/de-olho-em-2026-adelmo-moura-e-sandrinho-palmeira-se-reunem-com-joao-campos\/","og_locale":"pt_BR","og_type":"article","og_title":"De olho em 2026, Adelmo Moura e Sandrinho Palmeira se re\u00fanem com Jo\u00e3o Campos - Nova Bet\u00e2nia FM 87,9","og_description":"O ex-prefeito de Itapetim, Adelmo Moura, esteve reunido com o prefeito de Recife e pr\u00e9-candidato ao governo do Estado, Jo\u00e3o Campos e o prefeito de Afogados da Ingazeira, Sandrinho Palmeira, todos do PSB, nesta ter\u00e7a...","og_url":"https:\/\/novabetaniafm.com.br\/novabetania87\/2025\/07\/22\/de-olho-em-2026-adelmo-moura-e-sandrinho-palmeira-se-reunem-com-joao-campos\/","og_site_name":"Nova Bet\u00e2nia FM 87,9","article_published_time":"2025-07-22T13:27:36+00:00","article_modified_time":"2025-07-23T13:28:34+00:00","og_image":[{"width":600,"height":393,"url":"http:\/\/novabetaniafm.com.br\/novabetania87\/wp-content\/uploads\/2025\/07\/adelmo-sandrinho.webp","type":"image\/webp"}],"author":"Nova Bet\u00e2nia FM","twitter_card":"summary_large_image","twitter_misc":{"Escrito por":"Nova Bet\u00e2nia FM","Est. tempo de leitura":"2 minutos"},"schema":{"@context":"https:\/\/schema.org","@graph":[{"@type":"Article","@id":"https:\/\/novabetaniafm.com.br\/novabetania87\/2025\/07\/22\/de-olho-em-2026-adelmo-moura-e-sandrinho-palmeira-se-reunem-com-joao-campos\/#article","isPartOf":{"@id":"https:\/\/novabetaniafm.com.br\/novabetania87\/2025\/07\/22\/de-olho-em-2026-adelmo-moura-e-sandrinho-palmeira-se-reunem-com-joao-campos\/"},"author":{"name":"Nova Bet\u00e2nia FM","@id":"https:\/\/novabetaniafm.com.br\/novabetania87\/#\/schema\/person\/73fd05cbd77cd30a7bab1141b8ab8555"},"headline":"De olho em 2026, Adelmo Moura e Sandrinho Palmeira se re\u00fanem com Jo\u00e3o Campos","datePublished":"2025-07-22T13:27:36+00:00","dateModified":"2025-07-23T13:28:34+00:00","mainEntityOfPage":{"@id":"https:\/\/novabetaniafm.com.br\/novabetania87\/2025\/07\/22\/de-olho-em-2026-adelmo-moura-e-sandrinho-palmeira-se-reunem-com-joao-campos\/"},"wordCount":190,"commentCount":0,"publisher":{"@id":"https:\/\/novabetaniafm.com.br\/novabetania87\/#organization"},"image":{"@id":"https:\/\/novabetaniafm.com.br\/novabetania87\/2025\/07\/22\/de-olho-em-2026-adelmo-moura-e-sandrinho-palmeira-se-reunem-com-joao-campos\/#primaryimage"},"thumbnailUrl":"https:\/\/novabetaniafm.com.br\/novabetania87\/wp-content\/uploads\/2025\/07\/adelmo-sandrinho.webp","articleSection":["Pol\u00edtica"],"inLanguage":"pt-BR","potentialAction":[{"@type":"CommentAction","name":"Comment","target":["https:\/\/novabetaniafm.com.br\/novabetania87\/2025\/07\/22\/de-olho-em-2026-adelmo-moura-e-sandrinho-palmeira-se-reunem-com-joao-campos\/#respond"]}]},{"@type":"WebPage","@id":"https:\/\/novabetaniafm.com.br\/novabetania87\/2025\/07\/22\/de-olho-em-2026-adelmo-moura-e-sandrinho-palmeira-se-reunem-com-joao-campos\/","url":"https:\/\/novabetaniafm.com.br\/novabetania87\/2025\/07\/22\/de-olho-em-2026-adelmo-moura-e-sandrinho-palmeira-se-reunem-com-joao-campos\/","name":"De olho em 2026, Adelmo Moura e Sandrinho Palmeira se re\u00fanem com Jo\u00e3o Campos - Nova Bet\u00e2nia FM 87,9","isPartOf":{"@id":"https:\/\/novabetaniafm.com.br\/novabetania87\/#website"},"primaryImageOfPage":{"@id":"https:\/\/novabetaniafm.com.br\/novabetania87\/2025\/07\/22\/de-olho-em-2026-adelmo-moura-e-sandrinho-palmeira-se-reunem-com-joao-campos\/#primaryimage"},"image":{"@id":"https:\/\/novabetaniafm.com.br\/novabetania87\/2025\/07\/22\/de-olho-em-2026-adelmo-moura-e-sandrinho-palmeira-se-reunem-com-joao-campos\/#primaryimage"},"thumbnailUrl":"https:\/\/novabetaniafm.com.br\/novabetania87\/wp-content\/uploads\/2025\/07\/adelmo-sandrinho.webp","datePublished":"2025-07-22T13:27:36+00:00","dateModified":"2025-07-23T13:28:34+00:00","breadcrumb":{"@id":"https:\/\/novabetaniafm.com.br\/novabetania87\/2025\/07\/22\/de-olho-em-2026-adelmo-moura-e-sandrinho-palmeira-se-reunem-com-joao-campos\/#breadcrumb"},"inLanguage":"pt-BR","potentialAction":[{"@type":"ReadAction","target":["https:\/\/novabetaniafm.com.br\/novabetania87\/2025\/07\/22\/de-olho-em-2026-adelmo-moura-e-sandrinho-palmeira-se-reunem-com-joao-campos\/"]}]},{"@type":"ImageObject","inLanguage":"pt-BR","@id":"https:\/\/novabetaniafm.com.br\/novabetania87\/2025\/07\/22\/de-olho-em-2026-adelmo-moura-e-sandrinho-palmeira-se-reunem-com-joao-campos\/#primaryimage","url":"https:\/\/novabetaniafm.com.br\/novabetania87\/wp-content\/uploads\/2025\/07\/adelmo-sandrinho.webp","contentUrl":"https:\/\/novabetaniafm.com.br\/novabetania87\/wp-content\/uploads\/2025\/07\/adelmo-sandrinho.webp","width":600,"height":393},{"@type":"BreadcrumbList","@id":"https:\/\/novabetaniafm.com.br\/novabetania87\/2025\/07\/22\/de-olho-em-2026-adelmo-moura-e-sandrinho-palmeira-se-reunem-com-joao-campos\/#breadcrumb","itemListElement":[{"@type":"ListItem","position":1,"name":"In\u00edcio","item":"https:\/\/novabetaniafm.com.br\/novabetania87\/"},{"@type":"ListItem","position":2,"name":"De olho em 2026, Adelmo Moura e Sandrinho Palmeira se re\u00fanem com Jo\u00e3o Campos"}]},{"@type":"WebSite","@id":"https:\/\/novabetaniafm.com.br\/novabetania87\/#website","url":"https:\/\/novabetaniafm.com.br\/novabetania87\/","name":"Nova Bet\u00e2nia FM 87,9","description":"Ligada em voc\u00ea!","publisher":{"@id":"https:\/\/novabetaniafm.com.br\/novabetania87\/#organization"},"potentialAction":[{"@type":"SearchAction","target":{"@type":"EntryPoint","urlTemplate":"https:\/\/novabetaniafm.com.br\/novabetania87\/?s={search_term_string}"},"query-input":{"@type":"PropertyValueSpecification","valueRequired":true,"valueName":"search_term_string"}}],"inLanguage":"pt-BR"},{"@type":"Organization","@id":"https:\/\/novabetaniafm.com.br\/novabetania87\/#organization","name":"Nova Bet\u00e2nia FM 87,9","url":"https:\/\/novabetaniafm.com.br\/novabetania87\/","logo":{"@type":"ImageObject","inLanguage":"pt-BR","@id":"https:\/\/novabetaniafm.com.br\/novabetania87\/#\/schema\/logo\/image\/","url":"https:\/\/novabetaniafm.com.br\/novabetania87\/wp-content\/uploads\/2024\/05\/logo.png","contentUrl":"https:\/\/novabetaniafm.com.br\/novabetania87\/wp-content\/uploads\/2024\/05\/logo.png","width":211,"height":144,"caption":"Nova Bet\u00e2nia FM 87,9"},"image":{"@id":"https:\/\/novabetaniafm.com.br\/novabetania87\/#\/schema\/logo\/image\/"}},{"@type":"Person","@id":"https:\/\/novabetaniafm.com.br\/novabetania87\/#\/schema\/person\/73fd05cbd77cd30a7bab1141b8ab8555","name":"Nova Bet\u00e2nia FM","image":{"@type":"ImageObject","inLanguage":"pt-BR","@id":"https:\/\/novabetaniafm.com.br\/novabetania87\/#\/schema\/person\/image\/","url":"https:\/\/secure.gravatar.com\/avatar\/e0359add7ed5dc3560906d861b52c6a8cf5c1e199d3a7dd85070998f49bd4701?s=96&d=mm&r=g","contentUrl":"https:\/\/secure.gravatar.com\/avatar\/e0359add7ed5dc3560906d861b52c6a8cf5c1e199d3a7dd85070998f49bd4701?s=96&d=mm&r=g","caption":"Nova Bet\u00e2nia FM"},"url":"https:\/\/novabetaniafm.com.br\/novabetania87\/author\/novabetaniafm879\/"}]}},"jetpack_featured_media_url":"https:\/\/novabetaniafm.com.br\/novabetania87\/wp-content\/uploads\/2025\/07\/adelmo-sandrinho.webp","_links":{"self":[{"href":"https:\/\/novabetaniafm.com.br\/novabetania87\/wp-json\/wp\/v2\/posts\/6787","targetHints":{"allow":["GET"]}}],"collection":[{"href":"https:\/\/novabetaniafm.com.br\/novabetania87\/wp-json\/wp\/v2\/posts"}],"about":[{"href":"https:\/\/novabetaniafm.com.br\/novabetania87\/wp-json\/wp\/v2\/types\/post"}],"author":[{"embeddable":true,"href":"https:\/\/novabetaniafm.com.br\/novabetania87\/wp-json\/wp\/v2\/users\/4"}],"replies":[{"embeddable":true,"href":"https:\/\/novabetaniafm.com.br\/novabetania87\/wp-json\/wp\/v2\/comments?post=6787"}],"version-history":[{"count":1,"href":"https:\/\/novabetaniafm.com.br\/novabetania87\/wp-json\/wp\/v2\/posts\/6787\/revisions"}],"predecessor-version":[{"id":6789,"href":"https:\/\/novabetaniafm.com.br\/novabetania87\/wp-json\/wp\/v2\/posts\/6787\/revisions\/6789"}],"wp:featuredmedia":[{"embeddable":true,"href":"https:\/\/novabetaniafm.com.br\/novabetania87\/wp-json\/wp\/v2\/media\/6788"}],"wp:attachment":[{"href":"https:\/\/novabetaniafm.com.br\/novabetania87\/wp-json\/wp\/v2\/media?parent=6787"}],"wp:term":[{"taxonomy":"category","embeddable":true,"href":"https:\/\/novabetaniafm.com.br\/novabetania87\/wp-json\/wp\/v2\/categories?post=6787"},{"taxonomy":"post_tag","embeddable":true,"href":"https:\/\/novabetaniafm.com.br\/novabetania87\/wp-json\/wp\/v2\/tags?post=6787"}],"curies":[{"name":"wp","href":"https:\/\/api.w.org\/{rel}","templated":true}]}}