{"id":6675,"date":"2025-07-09T02:41:20","date_gmt":"2025-07-09T05:41:20","guid":{"rendered":"https:\/\/novabetaniafm.com.br\/novabetania87\/?p=6675"},"modified":"2025-07-10T02:42:28","modified_gmt":"2025-07-10T05:42:28","slug":"redacao-camara-de-serra-talhada-rejeita-contas-de-luciano-duque-referentes-a-2019","status":"publish","type":"post","link":"https:\/\/novabetaniafm.com.br\/novabetania87\/2025\/07\/09\/redacao-camara-de-serra-talhada-rejeita-contas-de-luciano-duque-referentes-a-2019\/","title":{"rendered":"C\u00e2mara de Serra Talhada rejeita contas de Luciano Duque referentes a 2019"},"content":{"rendered":"<p>Em uma sess\u00e3o hist\u00f3rica realizada nesta ter\u00e7a-feira (08), a C\u00e2mara de Vereadores de Serra Talhada rejeitou as contas do ex-prefeito Luciano Duque, relativas ao exerc\u00edcio financeiro de 2019. A decis\u00e3o foi tomada mesmo com o parecer favor\u00e1vel do Tribunal de Contas do Estado de Pernambuco (TCE-PE), que havia recomendado a aprova\u00e7\u00e3o.<\/p>\n<p>Dos 17 vereadores, apenas quatro seguiram a orienta\u00e7\u00e3o do TCE e votaram pela aprova\u00e7\u00e3o das contas: Lindomar Diniz (AGIR), Ant\u00f4nio de Antenor (PRD), Cl\u00eanio de Agenor (PSD) e China Menezes (Republicanos).<\/p>\n<figure class=\"wp-block-image size-large\"><img loading=\"lazy\" decoding=\"async\" class=\"wp-image-34557\" src=\"https:\/\/juniorcampos.net\/wp-content\/uploads\/2025\/07\/img_9089-1-1024x763.jpg\" sizes=\"auto, (max-width: 1024px) 100vw, 1024px\" srcset=\"https:\/\/juniorcampos.net\/wp-content\/uploads\/2025\/07\/img_9089-1-1024x763.jpg 1024w, https:\/\/juniorcampos.net\/wp-content\/uploads\/2025\/07\/img_9089-1-300x224.jpg 300w, https:\/\/juniorcampos.net\/wp-content\/uploads\/2025\/07\/img_9089-1-768x572.jpg 768w, https:\/\/juniorcampos.net\/wp-content\/uploads\/2025\/07\/img_9089-1-585x436.jpg 585w, https:\/\/juniorcampos.net\/wp-content\/uploads\/2025\/07\/img_9089-1.jpg 1284w\" alt=\"\" width=\"1024\" height=\"763\" \/><\/figure>\n<p>J\u00e1 os vereadores que votaram pela rejei\u00e7\u00e3o foram:<\/p>\n<p>Alice Conrado; Jaime In\u00e1cio; Rosimerio de Cuca; Andr\u00e9 Maio; Ronaldo de Dja; Z\u00e9 Raimundo; T\u00e9rcio Siqueira; Gin Oliveira; Gilliard Mendes; Manoel Enfermeiro; Pinheiro Pinheirinho; Antonio Rodrigues; Juliana Ten\u00f3rio.<\/p>\n<figure class=\"wp-block-image size-large\"><img loading=\"lazy\" decoding=\"async\" class=\"wp-image-34559\" src=\"https:\/\/juniorcampos.net\/wp-content\/uploads\/2025\/07\/333ef9b6-ab07-4bf6-b0fb-98cbedd55c9c-1-819x1024.jpg\" sizes=\"auto, (max-width: 819px) 100vw, 819px\" srcset=\"https:\/\/juniorcampos.net\/wp-content\/uploads\/2025\/07\/333ef9b6-ab07-4bf6-b0fb-98cbedd55c9c-1-819x1024.jpg 819w, https:\/\/juniorcampos.net\/wp-content\/uploads\/2025\/07\/333ef9b6-ab07-4bf6-b0fb-98cbedd55c9c-1-240x300.jpg 240w, https:\/\/juniorcampos.net\/wp-content\/uploads\/2025\/07\/333ef9b6-ab07-4bf6-b0fb-98cbedd55c9c-1-768x960.jpg 768w, https:\/\/juniorcampos.net\/wp-content\/uploads\/2025\/07\/333ef9b6-ab07-4bf6-b0fb-98cbedd55c9c-1-1229x1536.jpg 1229w, https:\/\/juniorcampos.net\/wp-content\/uploads\/2025\/07\/333ef9b6-ab07-4bf6-b0fb-98cbedd55c9c-1-585x731.jpg 585w, https:\/\/juniorcampos.net\/wp-content\/uploads\/2025\/07\/333ef9b6-ab07-4bf6-b0fb-98cbedd55c9c-1.jpg 1280w\" alt=\"\" width=\"819\" height=\"1024\" \/><\/figure>\n<p>O plen\u00e1rio da Casa Legislativa estava lotado, com a presen\u00e7a do pr\u00f3prio Luciano Duque, familiares, aliados pol\u00edticos e correligion\u00e1rios. A sess\u00e3o foi marcada por forte tens\u00e3o, discursos acalorados e grande expectativa nos bastidores pol\u00edticos da cidade.<\/p>\n<p>A presid\u00eancia da C\u00e2mara, exercida por Manoel Enfermeiro (PT), conduziu a vota\u00e7\u00e3o; que tamb\u00e9m votou contra.<\/p>\n<p>Com a rejei\u00e7\u00e3o, Luciano Duque, que governou Serra Talhada por dois mandatos consecutivos, sofre um rev\u00e9s pol\u00edtico consider\u00e1vel. A decis\u00e3o da C\u00e2mara pode ter reflexos na sua elegibilidade para futuras disputas eleitorais, caso seja confirmada em inst\u00e2ncias superiores ou acolhida pela Justi\u00e7a Eleitoral. A expectativa \u00e9 de que a defesa do ex-prefeito judicialize o caso.<\/p>\n<p>Do Junior Campos<\/p>\n\n<div style=\"font-size: 0px; height: 0px; line-height: 0px; margin: 0; padding: 0; clear: both;\"><\/div>","protected":false},"excerpt":{"rendered":"<p>Em uma sess\u00e3o hist\u00f3rica realizada nesta ter\u00e7a-feira (08), a C\u00e2mara de Vereadores de Serra Talhada rejeitou as contas do ex-prefeito Luciano Duque, relativas ao exerc\u00edcio financeiro de 2019. A decis\u00e3o foi tomada mesmo com o&#8230;<\/p>\n","protected":false},"author":4,"featured_media":6676,"comment_status":"open","ping_status":"open","sticky":false,"template":"","format":"standard","meta":{"footnotes":""},"categories":[8],"tags":[],"class_list":["post-6675","post","type-post","status-publish","format-standard","has-post-thumbnail","hentry","category-politica"],"yoast_head":"<!-- This site is optimized with the Yoast SEO plugin v24.5 - https:\/\/yoast.com\/wordpress\/plugins\/seo\/ -->\n<title>C\u00e2mara de Serra Talhada rejeita contas de Luciano Duque referentes a 2019 - Nova Bet\u00e2nia FM 87,9<\/title>\n<meta name=\"robots\" content=\"index, follow, max-snippet:-1, max-image-preview:large, max-video-preview:-1\" \/>\n<link rel=\"canonical\" href=\"https:\/\/novabetaniafm.com.br\/novabetania87\/2025\/07\/09\/redacao-camara-de-serra-talhada-rejeita-contas-de-luciano-duque-referentes-a-2019\/\" \/>\n<meta property=\"og:locale\" content=\"pt_BR\" \/>\n<meta property=\"og:type\" content=\"article\" \/>\n<meta property=\"og:title\" content=\"C\u00e2mara de Serra Talhada rejeita contas de Luciano Duque referentes a 2019 - Nova Bet\u00e2nia FM 87,9\" \/>\n<meta property=\"og:description\" content=\"Em uma sess\u00e3o hist\u00f3rica realizada nesta ter\u00e7a-feira (08), a C\u00e2mara de Vereadores de Serra Talhada rejeitou as contas do ex-prefeito Luciano Duque, relativas ao exerc\u00edcio financeiro de 2019. A decis\u00e3o foi tomada mesmo com o...\" \/>\n<meta property=\"og:url\" content=\"https:\/\/novabetaniafm.com.br\/novabetania87\/2025\/07\/09\/redacao-camara-de-serra-talhada-rejeita-contas-de-luciano-duque-referentes-a-2019\/\" \/>\n<meta property=\"og:site_name\" content=\"Nova Bet\u00e2nia FM 87,9\" \/>\n<meta property=\"article:published_time\" content=\"2025-07-09T05:41:20+00:00\" \/>\n<meta property=\"article:modified_time\" content=\"2025-07-10T05:42:28+00:00\" \/>\n<meta property=\"og:image\" content=\"http:\/\/novabetaniafm.com.br\/novabetania87\/wp-content\/uploads\/2025\/07\/img_9067-1.jpg\" \/>\n\t<meta property=\"og:image:width\" content=\"1284\" \/>\n\t<meta property=\"og:image:height\" content=\"723\" \/>\n\t<meta property=\"og:image:type\" content=\"image\/jpeg\" \/>\n<meta name=\"author\" content=\"Nova Bet\u00e2nia FM\" \/>\n<meta name=\"twitter:card\" content=\"summary_large_image\" \/>\n<meta name=\"twitter:label1\" content=\"Escrito por\" \/>\n\t<meta name=\"twitter:data1\" content=\"Nova Bet\u00e2nia FM\" \/>\n\t<meta name=\"twitter:label2\" content=\"Est. tempo de leitura\" \/>\n\t<meta name=\"twitter:data2\" content=\"2 minutos\" \/>\n<script type=\"application\/ld+json\" class=\"yoast-schema-graph\">{\"@context\":\"https:\/\/schema.org\",\"@graph\":[{\"@type\":\"Article\",\"@id\":\"https:\/\/novabetaniafm.com.br\/novabetania87\/2025\/07\/09\/redacao-camara-de-serra-talhada-rejeita-contas-de-luciano-duque-referentes-a-2019\/#article\",\"isPartOf\":{\"@id\":\"https:\/\/novabetaniafm.com.br\/novabetania87\/2025\/07\/09\/redacao-camara-de-serra-talhada-rejeita-contas-de-luciano-duque-referentes-a-2019\/\"},\"author\":{\"name\":\"Nova Bet\u00e2nia FM\",\"@id\":\"https:\/\/novabetaniafm.com.br\/novabetania87\/#\/schema\/person\/73fd05cbd77cd30a7bab1141b8ab8555\"},\"headline\":\"C\u00e2mara de Serra Talhada rejeita contas de Luciano Duque referentes a 2019\",\"datePublished\":\"2025-07-09T05:41:20+00:00\",\"dateModified\":\"2025-07-10T05:42:28+00:00\",\"mainEntityOfPage\":{\"@id\":\"https:\/\/novabetaniafm.com.br\/novabetania87\/2025\/07\/09\/redacao-camara-de-serra-talhada-rejeita-contas-de-luciano-duque-referentes-a-2019\/\"},\"wordCount\":272,\"commentCount\":0,\"publisher\":{\"@id\":\"https:\/\/novabetaniafm.com.br\/novabetania87\/#organization\"},\"image\":{\"@id\":\"https:\/\/novabetaniafm.com.br\/novabetania87\/2025\/07\/09\/redacao-camara-de-serra-talhada-rejeita-contas-de-luciano-duque-referentes-a-2019\/#primaryimage\"},\"thumbnailUrl\":\"https:\/\/novabetaniafm.com.br\/novabetania87\/wp-content\/uploads\/2025\/07\/img_9067-1.jpg\",\"articleSection\":[\"Pol\u00edtica\"],\"inLanguage\":\"pt-BR\",\"potentialAction\":[{\"@type\":\"CommentAction\",\"name\":\"Comment\",\"target\":[\"https:\/\/novabetaniafm.com.br\/novabetania87\/2025\/07\/09\/redacao-camara-de-serra-talhada-rejeita-contas-de-luciano-duque-referentes-a-2019\/#respond\"]}]},{\"@type\":\"WebPage\",\"@id\":\"https:\/\/novabetaniafm.com.br\/novabetania87\/2025\/07\/09\/redacao-camara-de-serra-talhada-rejeita-contas-de-luciano-duque-referentes-a-2019\/\",\"url\":\"https:\/\/novabetaniafm.com.br\/novabetania87\/2025\/07\/09\/redacao-camara-de-serra-talhada-rejeita-contas-de-luciano-duque-referentes-a-2019\/\",\"name\":\"C\u00e2mara de Serra Talhada rejeita contas de Luciano Duque referentes a 2019 - Nova Bet\u00e2nia FM 87,9\",\"isPartOf\":{\"@id\":\"https:\/\/novabetaniafm.com.br\/novabetania87\/#website\"},\"primaryImageOfPage\":{\"@id\":\"https:\/\/novabetaniafm.com.br\/novabetania87\/2025\/07\/09\/redacao-camara-de-serra-talhada-rejeita-contas-de-luciano-duque-referentes-a-2019\/#primaryimage\"},\"image\":{\"@id\":\"https:\/\/novabetaniafm.com.br\/novabetania87\/2025\/07\/09\/redacao-camara-de-serra-talhada-rejeita-contas-de-luciano-duque-referentes-a-2019\/#primaryimage\"},\"thumbnailUrl\":\"https:\/\/novabetaniafm.com.br\/novabetania87\/wp-content\/uploads\/2025\/07\/img_9067-1.jpg\",\"datePublished\":\"2025-07-09T05:41:20+00:00\",\"dateModified\":\"2025-07-10T05:42:28+00:00\",\"breadcrumb\":{\"@id\":\"https:\/\/novabetaniafm.com.br\/novabetania87\/2025\/07\/09\/redacao-camara-de-serra-talhada-rejeita-contas-de-luciano-duque-referentes-a-2019\/#breadcrumb\"},\"inLanguage\":\"pt-BR\",\"potentialAction\":[{\"@type\":\"ReadAction\",\"target\":[\"https:\/\/novabetaniafm.com.br\/novabetania87\/2025\/07\/09\/redacao-camara-de-serra-talhada-rejeita-contas-de-luciano-duque-referentes-a-2019\/\"]}]},{\"@type\":\"ImageObject\",\"inLanguage\":\"pt-BR\",\"@id\":\"https:\/\/novabetaniafm.com.br\/novabetania87\/2025\/07\/09\/redacao-camara-de-serra-talhada-rejeita-contas-de-luciano-duque-referentes-a-2019\/#primaryimage\",\"url\":\"https:\/\/novabetaniafm.com.br\/novabetania87\/wp-content\/uploads\/2025\/07\/img_9067-1.jpg\",\"contentUrl\":\"https:\/\/novabetaniafm.com.br\/novabetania87\/wp-content\/uploads\/2025\/07\/img_9067-1.jpg\",\"width\":1284,\"height\":723},{\"@type\":\"BreadcrumbList\",\"@id\":\"https:\/\/novabetaniafm.com.br\/novabetania87\/2025\/07\/09\/redacao-camara-de-serra-talhada-rejeita-contas-de-luciano-duque-referentes-a-2019\/#breadcrumb\",\"itemListElement\":[{\"@type\":\"ListItem\",\"position\":1,\"name\":\"In\u00edcio\",\"item\":\"https:\/\/novabetaniafm.com.br\/novabetania87\/\"},{\"@type\":\"ListItem\",\"position\":2,\"name\":\"C\u00e2mara de Serra Talhada rejeita contas de Luciano Duque referentes a 2019\"}]},{\"@type\":\"WebSite\",\"@id\":\"https:\/\/novabetaniafm.com.br\/novabetania87\/#website\",\"url\":\"https:\/\/novabetaniafm.com.br\/novabetania87\/\",\"name\":\"Nova Bet\u00e2nia FM 87,9\",\"description\":\"Ligada em voc\u00ea!\",\"publisher\":{\"@id\":\"https:\/\/novabetaniafm.com.br\/novabetania87\/#organization\"},\"potentialAction\":[{\"@type\":\"SearchAction\",\"target\":{\"@type\":\"EntryPoint\",\"urlTemplate\":\"https:\/\/novabetaniafm.com.br\/novabetania87\/?s={search_term_string}\"},\"query-input\":{\"@type\":\"PropertyValueSpecification\",\"valueRequired\":true,\"valueName\":\"search_term_string\"}}],\"inLanguage\":\"pt-BR\"},{\"@type\":\"Organization\",\"@id\":\"https:\/\/novabetaniafm.com.br\/novabetania87\/#organization\",\"name\":\"Nova Bet\u00e2nia FM 87,9\",\"url\":\"https:\/\/novabetaniafm.com.br\/novabetania87\/\",\"logo\":{\"@type\":\"ImageObject\",\"inLanguage\":\"pt-BR\",\"@id\":\"https:\/\/novabetaniafm.com.br\/novabetania87\/#\/schema\/logo\/image\/\",\"url\":\"https:\/\/novabetaniafm.com.br\/novabetania87\/wp-content\/uploads\/2024\/05\/logo.png\",\"contentUrl\":\"https:\/\/novabetaniafm.com.br\/novabetania87\/wp-content\/uploads\/2024\/05\/logo.png\",\"width\":211,\"height\":144,\"caption\":\"Nova Bet\u00e2nia FM 87,9\"},\"image\":{\"@id\":\"https:\/\/novabetaniafm.com.br\/novabetania87\/#\/schema\/logo\/image\/\"}},{\"@type\":\"Person\",\"@id\":\"https:\/\/novabetaniafm.com.br\/novabetania87\/#\/schema\/person\/73fd05cbd77cd30a7bab1141b8ab8555\",\"name\":\"Nova Bet\u00e2nia FM\",\"image\":{\"@type\":\"ImageObject\",\"inLanguage\":\"pt-BR\",\"@id\":\"https:\/\/novabetaniafm.com.br\/novabetania87\/#\/schema\/person\/image\/\",\"url\":\"https:\/\/secure.gravatar.com\/avatar\/e0359add7ed5dc3560906d861b52c6a8cf5c1e199d3a7dd85070998f49bd4701?s=96&d=mm&r=g\",\"contentUrl\":\"https:\/\/secure.gravatar.com\/avatar\/e0359add7ed5dc3560906d861b52c6a8cf5c1e199d3a7dd85070998f49bd4701?s=96&d=mm&r=g\",\"caption\":\"Nova Bet\u00e2nia FM\"},\"url\":\"https:\/\/novabetaniafm.com.br\/novabetania87\/author\/novabetaniafm879\/\"}]}<\/script>\n<!-- \/ Yoast SEO plugin. -->","yoast_head_json":{"title":"C\u00e2mara de Serra Talhada rejeita contas de Luciano Duque referentes a 2019 - Nova Bet\u00e2nia FM 87,9","robots":{"index":"index","follow":"follow","max-snippet":"max-snippet:-1","max-image-preview":"max-image-preview:large","max-video-preview":"max-video-preview:-1"},"canonical":"https:\/\/novabetaniafm.com.br\/novabetania87\/2025\/07\/09\/redacao-camara-de-serra-talhada-rejeita-contas-de-luciano-duque-referentes-a-2019\/","og_locale":"pt_BR","og_type":"article","og_title":"C\u00e2mara de Serra Talhada rejeita contas de Luciano Duque referentes a 2019 - Nova Bet\u00e2nia FM 87,9","og_description":"Em uma sess\u00e3o hist\u00f3rica realizada nesta ter\u00e7a-feira (08), a C\u00e2mara de Vereadores de Serra Talhada rejeitou as contas do ex-prefeito Luciano Duque, relativas ao exerc\u00edcio financeiro de 2019. A decis\u00e3o foi tomada mesmo com o...","og_url":"https:\/\/novabetaniafm.com.br\/novabetania87\/2025\/07\/09\/redacao-camara-de-serra-talhada-rejeita-contas-de-luciano-duque-referentes-a-2019\/","og_site_name":"Nova Bet\u00e2nia FM 87,9","article_published_time":"2025-07-09T05:41:20+00:00","article_modified_time":"2025-07-10T05:42:28+00:00","og_image":[{"width":1284,"height":723,"url":"http:\/\/novabetaniafm.com.br\/novabetania87\/wp-content\/uploads\/2025\/07\/img_9067-1.jpg","type":"image\/jpeg"}],"author":"Nova Bet\u00e2nia FM","twitter_card":"summary_large_image","twitter_misc":{"Escrito por":"Nova Bet\u00e2nia FM","Est. tempo de leitura":"2 minutos"},"schema":{"@context":"https:\/\/schema.org","@graph":[{"@type":"Article","@id":"https:\/\/novabetaniafm.com.br\/novabetania87\/2025\/07\/09\/redacao-camara-de-serra-talhada-rejeita-contas-de-luciano-duque-referentes-a-2019\/#article","isPartOf":{"@id":"https:\/\/novabetaniafm.com.br\/novabetania87\/2025\/07\/09\/redacao-camara-de-serra-talhada-rejeita-contas-de-luciano-duque-referentes-a-2019\/"},"author":{"name":"Nova Bet\u00e2nia FM","@id":"https:\/\/novabetaniafm.com.br\/novabetania87\/#\/schema\/person\/73fd05cbd77cd30a7bab1141b8ab8555"},"headline":"C\u00e2mara de Serra Talhada rejeita contas de Luciano Duque referentes a 2019","datePublished":"2025-07-09T05:41:20+00:00","dateModified":"2025-07-10T05:42:28+00:00","mainEntityOfPage":{"@id":"https:\/\/novabetaniafm.com.br\/novabetania87\/2025\/07\/09\/redacao-camara-de-serra-talhada-rejeita-contas-de-luciano-duque-referentes-a-2019\/"},"wordCount":272,"commentCount":0,"publisher":{"@id":"https:\/\/novabetaniafm.com.br\/novabetania87\/#organization"},"image":{"@id":"https:\/\/novabetaniafm.com.br\/novabetania87\/2025\/07\/09\/redacao-camara-de-serra-talhada-rejeita-contas-de-luciano-duque-referentes-a-2019\/#primaryimage"},"thumbnailUrl":"https:\/\/novabetaniafm.com.br\/novabetania87\/wp-content\/uploads\/2025\/07\/img_9067-1.jpg","articleSection":["Pol\u00edtica"],"inLanguage":"pt-BR","potentialAction":[{"@type":"CommentAction","name":"Comment","target":["https:\/\/novabetaniafm.com.br\/novabetania87\/2025\/07\/09\/redacao-camara-de-serra-talhada-rejeita-contas-de-luciano-duque-referentes-a-2019\/#respond"]}]},{"@type":"WebPage","@id":"https:\/\/novabetaniafm.com.br\/novabetania87\/2025\/07\/09\/redacao-camara-de-serra-talhada-rejeita-contas-de-luciano-duque-referentes-a-2019\/","url":"https:\/\/novabetaniafm.com.br\/novabetania87\/2025\/07\/09\/redacao-camara-de-serra-talhada-rejeita-contas-de-luciano-duque-referentes-a-2019\/","name":"C\u00e2mara de Serra Talhada rejeita contas de Luciano Duque referentes a 2019 - Nova Bet\u00e2nia FM 87,9","isPartOf":{"@id":"https:\/\/novabetaniafm.com.br\/novabetania87\/#website"},"primaryImageOfPage":{"@id":"https:\/\/novabetaniafm.com.br\/novabetania87\/2025\/07\/09\/redacao-camara-de-serra-talhada-rejeita-contas-de-luciano-duque-referentes-a-2019\/#primaryimage"},"image":{"@id":"https:\/\/novabetaniafm.com.br\/novabetania87\/2025\/07\/09\/redacao-camara-de-serra-talhada-rejeita-contas-de-luciano-duque-referentes-a-2019\/#primaryimage"},"thumbnailUrl":"https:\/\/novabetaniafm.com.br\/novabetania87\/wp-content\/uploads\/2025\/07\/img_9067-1.jpg","datePublished":"2025-07-09T05:41:20+00:00","dateModified":"2025-07-10T05:42:28+00:00","breadcrumb":{"@id":"https:\/\/novabetaniafm.com.br\/novabetania87\/2025\/07\/09\/redacao-camara-de-serra-talhada-rejeita-contas-de-luciano-duque-referentes-a-2019\/#breadcrumb"},"inLanguage":"pt-BR","potentialAction":[{"@type":"ReadAction","target":["https:\/\/novabetaniafm.com.br\/novabetania87\/2025\/07\/09\/redacao-camara-de-serra-talhada-rejeita-contas-de-luciano-duque-referentes-a-2019\/"]}]},{"@type":"ImageObject","inLanguage":"pt-BR","@id":"https:\/\/novabetaniafm.com.br\/novabetania87\/2025\/07\/09\/redacao-camara-de-serra-talhada-rejeita-contas-de-luciano-duque-referentes-a-2019\/#primaryimage","url":"https:\/\/novabetaniafm.com.br\/novabetania87\/wp-content\/uploads\/2025\/07\/img_9067-1.jpg","contentUrl":"https:\/\/novabetaniafm.com.br\/novabetania87\/wp-content\/uploads\/2025\/07\/img_9067-1.jpg","width":1284,"height":723},{"@type":"BreadcrumbList","@id":"https:\/\/novabetaniafm.com.br\/novabetania87\/2025\/07\/09\/redacao-camara-de-serra-talhada-rejeita-contas-de-luciano-duque-referentes-a-2019\/#breadcrumb","itemListElement":[{"@type":"ListItem","position":1,"name":"In\u00edcio","item":"https:\/\/novabetaniafm.com.br\/novabetania87\/"},{"@type":"ListItem","position":2,"name":"C\u00e2mara de Serra Talhada rejeita contas de Luciano Duque referentes a 2019"}]},{"@type":"WebSite","@id":"https:\/\/novabetaniafm.com.br\/novabetania87\/#website","url":"https:\/\/novabetaniafm.com.br\/novabetania87\/","name":"Nova Bet\u00e2nia FM 87,9","description":"Ligada em voc\u00ea!","publisher":{"@id":"https:\/\/novabetaniafm.com.br\/novabetania87\/#organization"},"potentialAction":[{"@type":"SearchAction","target":{"@type":"EntryPoint","urlTemplate":"https:\/\/novabetaniafm.com.br\/novabetania87\/?s={search_term_string}"},"query-input":{"@type":"PropertyValueSpecification","valueRequired":true,"valueName":"search_term_string"}}],"inLanguage":"pt-BR"},{"@type":"Organization","@id":"https:\/\/novabetaniafm.com.br\/novabetania87\/#organization","name":"Nova Bet\u00e2nia FM 87,9","url":"https:\/\/novabetaniafm.com.br\/novabetania87\/","logo":{"@type":"ImageObject","inLanguage":"pt-BR","@id":"https:\/\/novabetaniafm.com.br\/novabetania87\/#\/schema\/logo\/image\/","url":"https:\/\/novabetaniafm.com.br\/novabetania87\/wp-content\/uploads\/2024\/05\/logo.png","contentUrl":"https:\/\/novabetaniafm.com.br\/novabetania87\/wp-content\/uploads\/2024\/05\/logo.png","width":211,"height":144,"caption":"Nova Bet\u00e2nia FM 87,9"},"image":{"@id":"https:\/\/novabetaniafm.com.br\/novabetania87\/#\/schema\/logo\/image\/"}},{"@type":"Person","@id":"https:\/\/novabetaniafm.com.br\/novabetania87\/#\/schema\/person\/73fd05cbd77cd30a7bab1141b8ab8555","name":"Nova Bet\u00e2nia FM","image":{"@type":"ImageObject","inLanguage":"pt-BR","@id":"https:\/\/novabetaniafm.com.br\/novabetania87\/#\/schema\/person\/image\/","url":"https:\/\/secure.gravatar.com\/avatar\/e0359add7ed5dc3560906d861b52c6a8cf5c1e199d3a7dd85070998f49bd4701?s=96&d=mm&r=g","contentUrl":"https:\/\/secure.gravatar.com\/avatar\/e0359add7ed5dc3560906d861b52c6a8cf5c1e199d3a7dd85070998f49bd4701?s=96&d=mm&r=g","caption":"Nova Bet\u00e2nia FM"},"url":"https:\/\/novabetaniafm.com.br\/novabetania87\/author\/novabetaniafm879\/"}]}},"jetpack_featured_media_url":"https:\/\/novabetaniafm.com.br\/novabetania87\/wp-content\/uploads\/2025\/07\/img_9067-1.jpg","_links":{"self":[{"href":"https:\/\/novabetaniafm.com.br\/novabetania87\/wp-json\/wp\/v2\/posts\/6675","targetHints":{"allow":["GET"]}}],"collection":[{"href":"https:\/\/novabetaniafm.com.br\/novabetania87\/wp-json\/wp\/v2\/posts"}],"about":[{"href":"https:\/\/novabetaniafm.com.br\/novabetania87\/wp-json\/wp\/v2\/types\/post"}],"author":[{"embeddable":true,"href":"https:\/\/novabetaniafm.com.br\/novabetania87\/wp-json\/wp\/v2\/users\/4"}],"replies":[{"embeddable":true,"href":"https:\/\/novabetaniafm.com.br\/novabetania87\/wp-json\/wp\/v2\/comments?post=6675"}],"version-history":[{"count":2,"href":"https:\/\/novabetaniafm.com.br\/novabetania87\/wp-json\/wp\/v2\/posts\/6675\/revisions"}],"predecessor-version":[{"id":6680,"href":"https:\/\/novabetaniafm.com.br\/novabetania87\/wp-json\/wp\/v2\/posts\/6675\/revisions\/6680"}],"wp:featuredmedia":[{"embeddable":true,"href":"https:\/\/novabetaniafm.com.br\/novabetania87\/wp-json\/wp\/v2\/media\/6676"}],"wp:attachment":[{"href":"https:\/\/novabetaniafm.com.br\/novabetania87\/wp-json\/wp\/v2\/media?parent=6675"}],"wp:term":[{"taxonomy":"category","embeddable":true,"href":"https:\/\/novabetaniafm.com.br\/novabetania87\/wp-json\/wp\/v2\/categories?post=6675"},{"taxonomy":"post_tag","embeddable":true,"href":"https:\/\/novabetaniafm.com.br\/novabetania87\/wp-json\/wp\/v2\/tags?post=6675"}],"curies":[{"name":"wp","href":"https:\/\/api.w.org\/{rel}","templated":true}]}}