{"id":6151,"date":"2025-05-17T07:54:30","date_gmt":"2025-05-17T10:54:30","guid":{"rendered":"https:\/\/novabetaniafm.com.br\/novabetania87\/?p=6151"},"modified":"2025-05-17T07:54:30","modified_gmt":"2025-05-17T10:54:30","slug":"adagro-reforca-a-adocao-de-medidas-de-prevencao-a-influenza-aviaria-apos-registro-da-doenca-na-avicultura-comercial-no-rs","status":"publish","type":"post","link":"https:\/\/novabetaniafm.com.br\/novabetania87\/2025\/05\/17\/adagro-reforca-a-adocao-de-medidas-de-prevencao-a-influenza-aviaria-apos-registro-da-doenca-na-avicultura-comercial-no-rs\/","title":{"rendered":"Adagro refor\u00e7a a ado\u00e7\u00e3o de medidas de preven\u00e7\u00e3o \u00e0 influenza avi\u00e1ria ap\u00f3s registro da doen\u00e7a na avicultura comercial no RS"},"content":{"rendered":"<p>Ap\u00f3s o Minist\u00e9rio da Agricultura e Pecu\u00e1ria (MAPA), divulgar nota oficial nesta sexta-feira (16) informando o primeiro foco do v\u00edrus da influenza avi\u00e1ria de alta patogenicidade na avicultura comercial, al\u00e9m de publicar a Portaria 795\/2025 decretando estado de emerg\u00eancia zoossanit\u00e1ria por 60 dias no munic\u00edpio de Montenegro (RS) onde ocorre o foco da doen\u00e7a, a Adagro refor\u00e7a que n\u00e3o h\u00e1 registro da doen\u00e7a nos empreendimentos av\u00edcolas de Pernambuco e que a doen\u00e7a n\u00e3o \u00e9 transmitida pelo consumo de carne de aves nem de ovos.<\/p>\n<p>A gerente de defesa animal da Ag\u00eancia de Defesa Fiscaliza\u00e7\u00e3o Agropecu\u00e1ria do Estado de Pernambuco (Adagro), Isabelle Valente, orienta aos estabelecimentos av\u00edcolas que adotem medidas de prote\u00e7\u00e3o como evitar o contato de aves comerciais com aves silvestres, n\u00e3o tocar ou recolher aves com suspeita de influenza avi\u00e1ria, controlar o acesso de pessoas, ve\u00edculos e equipamentos na propriedade, al\u00e9m de instalar telas nos avi\u00e1rios.<\/p>\n<p>Ainda segundo a gerente da Ag\u00eancia Agropecu\u00e1ria do Estado, \u201c\u00e9 de extrema import\u00e2ncia que os produtores e a popula\u00e7\u00e3o, especialmente moradores de \u00e1reas rurais, caso identifiquem aves que apresentem sintomas como dificuldade de voar, andar cambaleante, pesco\u00e7o torto ou quando houver alta mortalidade de animais na sua regi\u00e3o, que n\u00e3o manipulem os animais e procurem o escrit\u00f3rio da autarquia agropecu\u00e1ria mais pr\u00f3ximo para que possamos adotar as medidas sanit\u00e1rias necess\u00e1rias\u201d.<\/p>\n<p>A Adagro realizou, atrav\u00e9s do Programa Estadual de Sanidade Av\u00edcola (PESA), atividades de vigil\u00e2ncia ativa, com visitas aos empreendimentos de cria\u00e7\u00e3o de aves de subsist\u00eancia e comerciais, seguindo as recomenda\u00e7\u00f5es do Plano de Vigil\u00e2ncia para Influenza Avi\u00e1ria do MAPA. A a\u00e7\u00e3o realizada entre novembro de 2024 e maio de 2025 teve como objetivo realizar exames cl\u00ednicos e coleta de exames das aves para verificar se havia circula\u00e7\u00e3o do v\u00edrus da influenza avi\u00e1ria em Pernambuco. Foram percorridas 110 propriedades nas regionais Recife, Caruaru, Garanhuns, Surubim, Sanhar\u00f3, Sert\u00e2nia, Serra Talhada e coletadas 4410 amostras, entre soro sangu\u00edneo e suabes.<span id=\"more-187505\"><\/span><\/p>\n<p>Como medidas de preven\u00e7\u00e3o e de defesa agropecu\u00e1ria, a diretoria da Adagro publicou portarias estaduais com o objetivo de proteger a popula\u00e7\u00e3o e a avicultura estadual. A Portaria n\u00ba 011, de 30\/01\/25, alterada pela Portaria n\u00ba 021\/25, estabeleceu prazo at\u00e9 29 de junho para que m\u00e9dicos veterin\u00e1rios respons\u00e1veis t\u00e9cnicos por empreendimentos como incubat\u00f3rios, matrizeiros e granjas comerciais de aves de corte e de postura atualizem o cadastro para emiss\u00e3o da Guia de Tr\u00e2nsito Animal eletr\u00f4nica (e-GTA), como forma de intensificar o controle do tr\u00e2nsito de aves e de outros rebanhos de import\u00e2ncia econ\u00f4mica do estado.<\/p>\n<p>J\u00e1 a Portaria n\u00ba 023, de 03\/04\/25, proibiu por 180 dias, no Estado de Pernambuco, exposi\u00e7\u00f5es, torneios, feiras e demais eventos com aglomera\u00e7\u00e3o de aves, considerando a Portaria MAPA n\u00ba 782, de 26\/03\/25, que estabeleceu, em todo o territ\u00f3rio nacional, medidas preventivas em fun\u00e7\u00e3o do risco de ingresso e de dissemina\u00e7\u00e3o da influenza avi\u00e1ria (IA) de alta patogenicidade no pa\u00eds. Ainda seguindo determina\u00e7\u00e3o da legisla\u00e7\u00e3o federal, tais eventos poderiam ocorrer desde que promotores ou realizadores apresentassem um plano de biosseguridade contendo medidas de preven\u00e7\u00e3o e controle para mitigar o risco de introdu\u00e7\u00e3o e dissemina\u00e7\u00e3o da IA. Com a publica\u00e7\u00e3o da Portaria do MAPA n\u00ba 795, esta portaria pode ser alterada pela Ag\u00eancia de Defesa Agropecu\u00e1ria do Estado.<\/p>\n<p>Controle de\u00a0 circula\u00e7\u00e3o de animais de eventos agropecu\u00e1rios\u00a0 \u2013 Ainda como forma de prevenir doen\u00e7as nos rebanhos de import\u00e2ncia para o agroneg\u00f3cio, a Ag\u00eancia de Defesa Agropecu\u00e1ria de Pernambuco publicou no Di\u00e1rio Oficial do Estado a Portaria n\u00ba 030, de 22\/04\/25, que estabeleceu, entre outras medidas, que o credenciamento de respons\u00e1veis t\u00e9cnicos (RTs) de eventos estar\u00e1 condicionado \u00e0 habilita\u00e7\u00e3o para a emiss\u00e3o da GTA junto ao Minist\u00e9rio da Agricultura e Pecu\u00e1ria para animais, conforme finalidade do evento pecu\u00e1rio pelo qual o RT estaria respons\u00e1vel.<\/p>\n\n<div style=\"font-size: 0px; height: 0px; line-height: 0px; margin: 0; padding: 0; clear: both;\"><\/div>","protected":false},"excerpt":{"rendered":"<p>Ap\u00f3s o Minist\u00e9rio da Agricultura e Pecu\u00e1ria (MAPA), divulgar nota oficial nesta sexta-feira (16) informando o primeiro foco do v\u00edrus da influenza avi\u00e1ria de alta patogenicidade na avicultura comercial, al\u00e9m de publicar a Portaria 795\/2025&#8230;<\/p>\n","protected":false},"author":4,"featured_media":6152,"comment_status":"open","ping_status":"open","sticky":false,"template":"","format":"standard","meta":{"footnotes":""},"categories":[10],"tags":[],"class_list":["post-6151","post","type-post","status-publish","format-standard","has-post-thumbnail","hentry","category-pernambuco"],"yoast_head":"<!-- This site is optimized with the Yoast SEO plugin v24.5 - https:\/\/yoast.com\/wordpress\/plugins\/seo\/ -->\n<title>Adagro refor\u00e7a a ado\u00e7\u00e3o de medidas de preven\u00e7\u00e3o \u00e0 influenza avi\u00e1ria ap\u00f3s registro da doen\u00e7a na avicultura comercial no RS - Nova Bet\u00e2nia FM 87,9<\/title>\n<meta name=\"robots\" content=\"index, follow, max-snippet:-1, max-image-preview:large, max-video-preview:-1\" \/>\n<link rel=\"canonical\" href=\"https:\/\/novabetaniafm.com.br\/novabetania87\/2025\/05\/17\/adagro-reforca-a-adocao-de-medidas-de-prevencao-a-influenza-aviaria-apos-registro-da-doenca-na-avicultura-comercial-no-rs\/\" \/>\n<meta property=\"og:locale\" content=\"pt_BR\" \/>\n<meta property=\"og:type\" content=\"article\" \/>\n<meta property=\"og:title\" content=\"Adagro refor\u00e7a a ado\u00e7\u00e3o de medidas de preven\u00e7\u00e3o \u00e0 influenza avi\u00e1ria ap\u00f3s registro da doen\u00e7a na avicultura comercial no RS - Nova Bet\u00e2nia FM 87,9\" \/>\n<meta property=\"og:description\" content=\"Ap\u00f3s o Minist\u00e9rio da Agricultura e Pecu\u00e1ria (MAPA), divulgar nota oficial nesta sexta-feira (16) informando o primeiro foco do v\u00edrus da influenza avi\u00e1ria de alta patogenicidade na avicultura comercial, al\u00e9m de publicar a Portaria 795\/2025...\" \/>\n<meta property=\"og:url\" content=\"https:\/\/novabetaniafm.com.br\/novabetania87\/2025\/05\/17\/adagro-reforca-a-adocao-de-medidas-de-prevencao-a-influenza-aviaria-apos-registro-da-doenca-na-avicultura-comercial-no-rs\/\" \/>\n<meta property=\"og:site_name\" content=\"Nova Bet\u00e2nia FM 87,9\" \/>\n<meta property=\"article:published_time\" content=\"2025-05-17T10:54:30+00:00\" \/>\n<meta property=\"og:image\" content=\"http:\/\/novabetaniafm.com.br\/novabetania87\/wp-content\/uploads\/2025\/05\/Adagro.jpg\" \/>\n\t<meta property=\"og:image:width\" content=\"696\" \/>\n\t<meta property=\"og:image:height\" content=\"392\" \/>\n\t<meta property=\"og:image:type\" content=\"image\/jpeg\" \/>\n<meta name=\"author\" content=\"Nova Bet\u00e2nia FM\" \/>\n<meta name=\"twitter:card\" content=\"summary_large_image\" \/>\n<meta name=\"twitter:label1\" content=\"Escrito por\" \/>\n\t<meta name=\"twitter:data1\" content=\"Nova Bet\u00e2nia FM\" \/>\n\t<meta name=\"twitter:label2\" content=\"Est. tempo de leitura\" \/>\n\t<meta name=\"twitter:data2\" content=\"4 minutos\" \/>\n<script type=\"application\/ld+json\" class=\"yoast-schema-graph\">{\"@context\":\"https:\/\/schema.org\",\"@graph\":[{\"@type\":\"Article\",\"@id\":\"https:\/\/novabetaniafm.com.br\/novabetania87\/2025\/05\/17\/adagro-reforca-a-adocao-de-medidas-de-prevencao-a-influenza-aviaria-apos-registro-da-doenca-na-avicultura-comercial-no-rs\/#article\",\"isPartOf\":{\"@id\":\"https:\/\/novabetaniafm.com.br\/novabetania87\/2025\/05\/17\/adagro-reforca-a-adocao-de-medidas-de-prevencao-a-influenza-aviaria-apos-registro-da-doenca-na-avicultura-comercial-no-rs\/\"},\"author\":{\"name\":\"Nova Bet\u00e2nia FM\",\"@id\":\"https:\/\/novabetaniafm.com.br\/novabetania87\/#\/schema\/person\/73fd05cbd77cd30a7bab1141b8ab8555\"},\"headline\":\"Adagro refor\u00e7a a ado\u00e7\u00e3o de medidas de preven\u00e7\u00e3o \u00e0 influenza avi\u00e1ria ap\u00f3s registro da doen\u00e7a na avicultura comercial no RS\",\"datePublished\":\"2025-05-17T10:54:30+00:00\",\"mainEntityOfPage\":{\"@id\":\"https:\/\/novabetaniafm.com.br\/novabetania87\/2025\/05\/17\/adagro-reforca-a-adocao-de-medidas-de-prevencao-a-influenza-aviaria-apos-registro-da-doenca-na-avicultura-comercial-no-rs\/\"},\"wordCount\":710,\"commentCount\":0,\"publisher\":{\"@id\":\"https:\/\/novabetaniafm.com.br\/novabetania87\/#organization\"},\"image\":{\"@id\":\"https:\/\/novabetaniafm.com.br\/novabetania87\/2025\/05\/17\/adagro-reforca-a-adocao-de-medidas-de-prevencao-a-influenza-aviaria-apos-registro-da-doenca-na-avicultura-comercial-no-rs\/#primaryimage\"},\"thumbnailUrl\":\"https:\/\/novabetaniafm.com.br\/novabetania87\/wp-content\/uploads\/2025\/05\/Adagro.jpg\",\"articleSection\":[\"Pernambuco\"],\"inLanguage\":\"pt-BR\",\"potentialAction\":[{\"@type\":\"CommentAction\",\"name\":\"Comment\",\"target\":[\"https:\/\/novabetaniafm.com.br\/novabetania87\/2025\/05\/17\/adagro-reforca-a-adocao-de-medidas-de-prevencao-a-influenza-aviaria-apos-registro-da-doenca-na-avicultura-comercial-no-rs\/#respond\"]}]},{\"@type\":\"WebPage\",\"@id\":\"https:\/\/novabetaniafm.com.br\/novabetania87\/2025\/05\/17\/adagro-reforca-a-adocao-de-medidas-de-prevencao-a-influenza-aviaria-apos-registro-da-doenca-na-avicultura-comercial-no-rs\/\",\"url\":\"https:\/\/novabetaniafm.com.br\/novabetania87\/2025\/05\/17\/adagro-reforca-a-adocao-de-medidas-de-prevencao-a-influenza-aviaria-apos-registro-da-doenca-na-avicultura-comercial-no-rs\/\",\"name\":\"Adagro refor\u00e7a a ado\u00e7\u00e3o de medidas de preven\u00e7\u00e3o \u00e0 influenza avi\u00e1ria ap\u00f3s registro da doen\u00e7a na avicultura comercial no RS - Nova Bet\u00e2nia FM 87,9\",\"isPartOf\":{\"@id\":\"https:\/\/novabetaniafm.com.br\/novabetania87\/#website\"},\"primaryImageOfPage\":{\"@id\":\"https:\/\/novabetaniafm.com.br\/novabetania87\/2025\/05\/17\/adagro-reforca-a-adocao-de-medidas-de-prevencao-a-influenza-aviaria-apos-registro-da-doenca-na-avicultura-comercial-no-rs\/#primaryimage\"},\"image\":{\"@id\":\"https:\/\/novabetaniafm.com.br\/novabetania87\/2025\/05\/17\/adagro-reforca-a-adocao-de-medidas-de-prevencao-a-influenza-aviaria-apos-registro-da-doenca-na-avicultura-comercial-no-rs\/#primaryimage\"},\"thumbnailUrl\":\"https:\/\/novabetaniafm.com.br\/novabetania87\/wp-content\/uploads\/2025\/05\/Adagro.jpg\",\"datePublished\":\"2025-05-17T10:54:30+00:00\",\"breadcrumb\":{\"@id\":\"https:\/\/novabetaniafm.com.br\/novabetania87\/2025\/05\/17\/adagro-reforca-a-adocao-de-medidas-de-prevencao-a-influenza-aviaria-apos-registro-da-doenca-na-avicultura-comercial-no-rs\/#breadcrumb\"},\"inLanguage\":\"pt-BR\",\"potentialAction\":[{\"@type\":\"ReadAction\",\"target\":[\"https:\/\/novabetaniafm.com.br\/novabetania87\/2025\/05\/17\/adagro-reforca-a-adocao-de-medidas-de-prevencao-a-influenza-aviaria-apos-registro-da-doenca-na-avicultura-comercial-no-rs\/\"]}]},{\"@type\":\"ImageObject\",\"inLanguage\":\"pt-BR\",\"@id\":\"https:\/\/novabetaniafm.com.br\/novabetania87\/2025\/05\/17\/adagro-reforca-a-adocao-de-medidas-de-prevencao-a-influenza-aviaria-apos-registro-da-doenca-na-avicultura-comercial-no-rs\/#primaryimage\",\"url\":\"https:\/\/novabetaniafm.com.br\/novabetania87\/wp-content\/uploads\/2025\/05\/Adagro.jpg\",\"contentUrl\":\"https:\/\/novabetaniafm.com.br\/novabetania87\/wp-content\/uploads\/2025\/05\/Adagro.jpg\",\"width\":696,\"height\":392},{\"@type\":\"BreadcrumbList\",\"@id\":\"https:\/\/novabetaniafm.com.br\/novabetania87\/2025\/05\/17\/adagro-reforca-a-adocao-de-medidas-de-prevencao-a-influenza-aviaria-apos-registro-da-doenca-na-avicultura-comercial-no-rs\/#breadcrumb\",\"itemListElement\":[{\"@type\":\"ListItem\",\"position\":1,\"name\":\"In\u00edcio\",\"item\":\"https:\/\/novabetaniafm.com.br\/novabetania87\/\"},{\"@type\":\"ListItem\",\"position\":2,\"name\":\"Adagro refor\u00e7a a ado\u00e7\u00e3o de medidas de preven\u00e7\u00e3o \u00e0 influenza avi\u00e1ria ap\u00f3s registro da doen\u00e7a na avicultura comercial no RS\"}]},{\"@type\":\"WebSite\",\"@id\":\"https:\/\/novabetaniafm.com.br\/novabetania87\/#website\",\"url\":\"https:\/\/novabetaniafm.com.br\/novabetania87\/\",\"name\":\"Nova Bet\u00e2nia FM 87,9\",\"description\":\"Ligada em voc\u00ea!\",\"publisher\":{\"@id\":\"https:\/\/novabetaniafm.com.br\/novabetania87\/#organization\"},\"potentialAction\":[{\"@type\":\"SearchAction\",\"target\":{\"@type\":\"EntryPoint\",\"urlTemplate\":\"https:\/\/novabetaniafm.com.br\/novabetania87\/?s={search_term_string}\"},\"query-input\":{\"@type\":\"PropertyValueSpecification\",\"valueRequired\":true,\"valueName\":\"search_term_string\"}}],\"inLanguage\":\"pt-BR\"},{\"@type\":\"Organization\",\"@id\":\"https:\/\/novabetaniafm.com.br\/novabetania87\/#organization\",\"name\":\"Nova Bet\u00e2nia FM 87,9\",\"url\":\"https:\/\/novabetaniafm.com.br\/novabetania87\/\",\"logo\":{\"@type\":\"ImageObject\",\"inLanguage\":\"pt-BR\",\"@id\":\"https:\/\/novabetaniafm.com.br\/novabetania87\/#\/schema\/logo\/image\/\",\"url\":\"https:\/\/novabetaniafm.com.br\/novabetania87\/wp-content\/uploads\/2024\/05\/logo.png\",\"contentUrl\":\"https:\/\/novabetaniafm.com.br\/novabetania87\/wp-content\/uploads\/2024\/05\/logo.png\",\"width\":211,\"height\":144,\"caption\":\"Nova Bet\u00e2nia FM 87,9\"},\"image\":{\"@id\":\"https:\/\/novabetaniafm.com.br\/novabetania87\/#\/schema\/logo\/image\/\"}},{\"@type\":\"Person\",\"@id\":\"https:\/\/novabetaniafm.com.br\/novabetania87\/#\/schema\/person\/73fd05cbd77cd30a7bab1141b8ab8555\",\"name\":\"Nova Bet\u00e2nia FM\",\"image\":{\"@type\":\"ImageObject\",\"inLanguage\":\"pt-BR\",\"@id\":\"https:\/\/novabetaniafm.com.br\/novabetania87\/#\/schema\/person\/image\/\",\"url\":\"https:\/\/secure.gravatar.com\/avatar\/e0359add7ed5dc3560906d861b52c6a8cf5c1e199d3a7dd85070998f49bd4701?s=96&d=mm&r=g\",\"contentUrl\":\"https:\/\/secure.gravatar.com\/avatar\/e0359add7ed5dc3560906d861b52c6a8cf5c1e199d3a7dd85070998f49bd4701?s=96&d=mm&r=g\",\"caption\":\"Nova Bet\u00e2nia FM\"},\"url\":\"https:\/\/novabetaniafm.com.br\/novabetania87\/author\/novabetaniafm879\/\"}]}<\/script>\n<!-- \/ Yoast SEO plugin. -->","yoast_head_json":{"title":"Adagro refor\u00e7a a ado\u00e7\u00e3o de medidas de preven\u00e7\u00e3o \u00e0 influenza avi\u00e1ria ap\u00f3s registro da doen\u00e7a na avicultura comercial no RS - Nova Bet\u00e2nia FM 87,9","robots":{"index":"index","follow":"follow","max-snippet":"max-snippet:-1","max-image-preview":"max-image-preview:large","max-video-preview":"max-video-preview:-1"},"canonical":"https:\/\/novabetaniafm.com.br\/novabetania87\/2025\/05\/17\/adagro-reforca-a-adocao-de-medidas-de-prevencao-a-influenza-aviaria-apos-registro-da-doenca-na-avicultura-comercial-no-rs\/","og_locale":"pt_BR","og_type":"article","og_title":"Adagro refor\u00e7a a ado\u00e7\u00e3o de medidas de preven\u00e7\u00e3o \u00e0 influenza avi\u00e1ria ap\u00f3s registro da doen\u00e7a na avicultura comercial no RS - Nova Bet\u00e2nia FM 87,9","og_description":"Ap\u00f3s o Minist\u00e9rio da Agricultura e Pecu\u00e1ria (MAPA), divulgar nota oficial nesta sexta-feira (16) informando o primeiro foco do v\u00edrus da influenza avi\u00e1ria de alta patogenicidade na avicultura comercial, al\u00e9m de publicar a Portaria 795\/2025...","og_url":"https:\/\/novabetaniafm.com.br\/novabetania87\/2025\/05\/17\/adagro-reforca-a-adocao-de-medidas-de-prevencao-a-influenza-aviaria-apos-registro-da-doenca-na-avicultura-comercial-no-rs\/","og_site_name":"Nova Bet\u00e2nia FM 87,9","article_published_time":"2025-05-17T10:54:30+00:00","og_image":[{"width":696,"height":392,"url":"http:\/\/novabetaniafm.com.br\/novabetania87\/wp-content\/uploads\/2025\/05\/Adagro.jpg","type":"image\/jpeg"}],"author":"Nova Bet\u00e2nia FM","twitter_card":"summary_large_image","twitter_misc":{"Escrito por":"Nova Bet\u00e2nia FM","Est. tempo de leitura":"4 minutos"},"schema":{"@context":"https:\/\/schema.org","@graph":[{"@type":"Article","@id":"https:\/\/novabetaniafm.com.br\/novabetania87\/2025\/05\/17\/adagro-reforca-a-adocao-de-medidas-de-prevencao-a-influenza-aviaria-apos-registro-da-doenca-na-avicultura-comercial-no-rs\/#article","isPartOf":{"@id":"https:\/\/novabetaniafm.com.br\/novabetania87\/2025\/05\/17\/adagro-reforca-a-adocao-de-medidas-de-prevencao-a-influenza-aviaria-apos-registro-da-doenca-na-avicultura-comercial-no-rs\/"},"author":{"name":"Nova Bet\u00e2nia FM","@id":"https:\/\/novabetaniafm.com.br\/novabetania87\/#\/schema\/person\/73fd05cbd77cd30a7bab1141b8ab8555"},"headline":"Adagro refor\u00e7a a ado\u00e7\u00e3o de medidas de preven\u00e7\u00e3o \u00e0 influenza avi\u00e1ria ap\u00f3s registro da doen\u00e7a na avicultura comercial no RS","datePublished":"2025-05-17T10:54:30+00:00","mainEntityOfPage":{"@id":"https:\/\/novabetaniafm.com.br\/novabetania87\/2025\/05\/17\/adagro-reforca-a-adocao-de-medidas-de-prevencao-a-influenza-aviaria-apos-registro-da-doenca-na-avicultura-comercial-no-rs\/"},"wordCount":710,"commentCount":0,"publisher":{"@id":"https:\/\/novabetaniafm.com.br\/novabetania87\/#organization"},"image":{"@id":"https:\/\/novabetaniafm.com.br\/novabetania87\/2025\/05\/17\/adagro-reforca-a-adocao-de-medidas-de-prevencao-a-influenza-aviaria-apos-registro-da-doenca-na-avicultura-comercial-no-rs\/#primaryimage"},"thumbnailUrl":"https:\/\/novabetaniafm.com.br\/novabetania87\/wp-content\/uploads\/2025\/05\/Adagro.jpg","articleSection":["Pernambuco"],"inLanguage":"pt-BR","potentialAction":[{"@type":"CommentAction","name":"Comment","target":["https:\/\/novabetaniafm.com.br\/novabetania87\/2025\/05\/17\/adagro-reforca-a-adocao-de-medidas-de-prevencao-a-influenza-aviaria-apos-registro-da-doenca-na-avicultura-comercial-no-rs\/#respond"]}]},{"@type":"WebPage","@id":"https:\/\/novabetaniafm.com.br\/novabetania87\/2025\/05\/17\/adagro-reforca-a-adocao-de-medidas-de-prevencao-a-influenza-aviaria-apos-registro-da-doenca-na-avicultura-comercial-no-rs\/","url":"https:\/\/novabetaniafm.com.br\/novabetania87\/2025\/05\/17\/adagro-reforca-a-adocao-de-medidas-de-prevencao-a-influenza-aviaria-apos-registro-da-doenca-na-avicultura-comercial-no-rs\/","name":"Adagro refor\u00e7a a ado\u00e7\u00e3o de medidas de preven\u00e7\u00e3o \u00e0 influenza avi\u00e1ria ap\u00f3s registro da doen\u00e7a na avicultura comercial no RS - Nova Bet\u00e2nia FM 87,9","isPartOf":{"@id":"https:\/\/novabetaniafm.com.br\/novabetania87\/#website"},"primaryImageOfPage":{"@id":"https:\/\/novabetaniafm.com.br\/novabetania87\/2025\/05\/17\/adagro-reforca-a-adocao-de-medidas-de-prevencao-a-influenza-aviaria-apos-registro-da-doenca-na-avicultura-comercial-no-rs\/#primaryimage"},"image":{"@id":"https:\/\/novabetaniafm.com.br\/novabetania87\/2025\/05\/17\/adagro-reforca-a-adocao-de-medidas-de-prevencao-a-influenza-aviaria-apos-registro-da-doenca-na-avicultura-comercial-no-rs\/#primaryimage"},"thumbnailUrl":"https:\/\/novabetaniafm.com.br\/novabetania87\/wp-content\/uploads\/2025\/05\/Adagro.jpg","datePublished":"2025-05-17T10:54:30+00:00","breadcrumb":{"@id":"https:\/\/novabetaniafm.com.br\/novabetania87\/2025\/05\/17\/adagro-reforca-a-adocao-de-medidas-de-prevencao-a-influenza-aviaria-apos-registro-da-doenca-na-avicultura-comercial-no-rs\/#breadcrumb"},"inLanguage":"pt-BR","potentialAction":[{"@type":"ReadAction","target":["https:\/\/novabetaniafm.com.br\/novabetania87\/2025\/05\/17\/adagro-reforca-a-adocao-de-medidas-de-prevencao-a-influenza-aviaria-apos-registro-da-doenca-na-avicultura-comercial-no-rs\/"]}]},{"@type":"ImageObject","inLanguage":"pt-BR","@id":"https:\/\/novabetaniafm.com.br\/novabetania87\/2025\/05\/17\/adagro-reforca-a-adocao-de-medidas-de-prevencao-a-influenza-aviaria-apos-registro-da-doenca-na-avicultura-comercial-no-rs\/#primaryimage","url":"https:\/\/novabetaniafm.com.br\/novabetania87\/wp-content\/uploads\/2025\/05\/Adagro.jpg","contentUrl":"https:\/\/novabetaniafm.com.br\/novabetania87\/wp-content\/uploads\/2025\/05\/Adagro.jpg","width":696,"height":392},{"@type":"BreadcrumbList","@id":"https:\/\/novabetaniafm.com.br\/novabetania87\/2025\/05\/17\/adagro-reforca-a-adocao-de-medidas-de-prevencao-a-influenza-aviaria-apos-registro-da-doenca-na-avicultura-comercial-no-rs\/#breadcrumb","itemListElement":[{"@type":"ListItem","position":1,"name":"In\u00edcio","item":"https:\/\/novabetaniafm.com.br\/novabetania87\/"},{"@type":"ListItem","position":2,"name":"Adagro refor\u00e7a a ado\u00e7\u00e3o de medidas de preven\u00e7\u00e3o \u00e0 influenza avi\u00e1ria ap\u00f3s registro da doen\u00e7a na avicultura comercial no RS"}]},{"@type":"WebSite","@id":"https:\/\/novabetaniafm.com.br\/novabetania87\/#website","url":"https:\/\/novabetaniafm.com.br\/novabetania87\/","name":"Nova Bet\u00e2nia FM 87,9","description":"Ligada em voc\u00ea!","publisher":{"@id":"https:\/\/novabetaniafm.com.br\/novabetania87\/#organization"},"potentialAction":[{"@type":"SearchAction","target":{"@type":"EntryPoint","urlTemplate":"https:\/\/novabetaniafm.com.br\/novabetania87\/?s={search_term_string}"},"query-input":{"@type":"PropertyValueSpecification","valueRequired":true,"valueName":"search_term_string"}}],"inLanguage":"pt-BR"},{"@type":"Organization","@id":"https:\/\/novabetaniafm.com.br\/novabetania87\/#organization","name":"Nova Bet\u00e2nia FM 87,9","url":"https:\/\/novabetaniafm.com.br\/novabetania87\/","logo":{"@type":"ImageObject","inLanguage":"pt-BR","@id":"https:\/\/novabetaniafm.com.br\/novabetania87\/#\/schema\/logo\/image\/","url":"https:\/\/novabetaniafm.com.br\/novabetania87\/wp-content\/uploads\/2024\/05\/logo.png","contentUrl":"https:\/\/novabetaniafm.com.br\/novabetania87\/wp-content\/uploads\/2024\/05\/logo.png","width":211,"height":144,"caption":"Nova Bet\u00e2nia FM 87,9"},"image":{"@id":"https:\/\/novabetaniafm.com.br\/novabetania87\/#\/schema\/logo\/image\/"}},{"@type":"Person","@id":"https:\/\/novabetaniafm.com.br\/novabetania87\/#\/schema\/person\/73fd05cbd77cd30a7bab1141b8ab8555","name":"Nova Bet\u00e2nia FM","image":{"@type":"ImageObject","inLanguage":"pt-BR","@id":"https:\/\/novabetaniafm.com.br\/novabetania87\/#\/schema\/person\/image\/","url":"https:\/\/secure.gravatar.com\/avatar\/e0359add7ed5dc3560906d861b52c6a8cf5c1e199d3a7dd85070998f49bd4701?s=96&d=mm&r=g","contentUrl":"https:\/\/secure.gravatar.com\/avatar\/e0359add7ed5dc3560906d861b52c6a8cf5c1e199d3a7dd85070998f49bd4701?s=96&d=mm&r=g","caption":"Nova Bet\u00e2nia FM"},"url":"https:\/\/novabetaniafm.com.br\/novabetania87\/author\/novabetaniafm879\/"}]}},"jetpack_featured_media_url":"https:\/\/novabetaniafm.com.br\/novabetania87\/wp-content\/uploads\/2025\/05\/Adagro.jpg","_links":{"self":[{"href":"https:\/\/novabetaniafm.com.br\/novabetania87\/wp-json\/wp\/v2\/posts\/6151","targetHints":{"allow":["GET"]}}],"collection":[{"href":"https:\/\/novabetaniafm.com.br\/novabetania87\/wp-json\/wp\/v2\/posts"}],"about":[{"href":"https:\/\/novabetaniafm.com.br\/novabetania87\/wp-json\/wp\/v2\/types\/post"}],"author":[{"embeddable":true,"href":"https:\/\/novabetaniafm.com.br\/novabetania87\/wp-json\/wp\/v2\/users\/4"}],"replies":[{"embeddable":true,"href":"https:\/\/novabetaniafm.com.br\/novabetania87\/wp-json\/wp\/v2\/comments?post=6151"}],"version-history":[{"count":1,"href":"https:\/\/novabetaniafm.com.br\/novabetania87\/wp-json\/wp\/v2\/posts\/6151\/revisions"}],"predecessor-version":[{"id":6153,"href":"https:\/\/novabetaniafm.com.br\/novabetania87\/wp-json\/wp\/v2\/posts\/6151\/revisions\/6153"}],"wp:featuredmedia":[{"embeddable":true,"href":"https:\/\/novabetaniafm.com.br\/novabetania87\/wp-json\/wp\/v2\/media\/6152"}],"wp:attachment":[{"href":"https:\/\/novabetaniafm.com.br\/novabetania87\/wp-json\/wp\/v2\/media?parent=6151"}],"wp:term":[{"taxonomy":"category","embeddable":true,"href":"https:\/\/novabetaniafm.com.br\/novabetania87\/wp-json\/wp\/v2\/categories?post=6151"},{"taxonomy":"post_tag","embeddable":true,"href":"https:\/\/novabetaniafm.com.br\/novabetania87\/wp-json\/wp\/v2\/tags?post=6151"}],"curies":[{"name":"wp","href":"https:\/\/api.w.org\/{rel}","templated":true}]}}