{"id":5456,"date":"2025-03-20T05:06:29","date_gmt":"2025-03-20T08:06:29","guid":{"rendered":"https:\/\/novabetaniafm.com.br\/novabetania87\/?p=5456"},"modified":"2025-03-20T05:06:29","modified_gmt":"2025-03-20T08:06:29","slug":"rio-grande-do-norte-institui-o-dia-do-poeta-repentista-em-homenagem-a-sebastiao-dias-que-foi-prefeito-de-tabira","status":"publish","type":"post","link":"https:\/\/novabetaniafm.com.br\/novabetania87\/2025\/03\/20\/rio-grande-do-norte-institui-o-dia-do-poeta-repentista-em-homenagem-a-sebastiao-dias-que-foi-prefeito-de-tabira\/","title":{"rendered":"Rio Grande do Norte institui o Dia do Poeta Repentista em homenagem a Sebasti\u00e3o Dias que foi prefeito de Tabira"},"content":{"rendered":"<p>O Estado do Rio Grande do Norte agora tem uma data oficial para celebrar a arte do repente. A governadora F\u00e1tima Bezerra, sancionou a Lei N\u00ba 12.084, de 18 de mar\u00e7o de 2025, que institui o Dia do Poeta Repentista no Calend\u00e1rio Oficial de Eventos do Estado, a ser comemorado anualmente no dia 13 de setembro, dia do nascimento do poeta Sebasti\u00e3o Dias, repentista natural de Ouro Branco, no Serid\u00f3 potiguar. Sebasti\u00e3o Dias que adotou Pernambuco como sua terra, foi prefeito do munic\u00edpio de Tabira, no Vale do Paje\u00fa por dois mandatos. \u00fanico prefeito da hist\u00f3ria de Tabira a governar o munic\u00edpio por duas vezes.<\/p>\n<p>A iniciativa, do poeta Ribamar Freire junto ao deputado estadual Nelter Queiroz, autor do projeto na Assembleia a Legislativa do Rio Grande do Norte (ALERN), homenageia os repentistas e reconhece a import\u00e2ncia da poesia oral nordestina.<\/p>\n<p>A escolha da data faz refer\u00eancia ao nascimento do poeta Sebasti\u00e3o Dias, natural de Ouro Branco-RN, um dos grandes nomes da cantoria de viola, que faleceu em dezembro de 2023.<\/p>\n<p>Com a san\u00e7\u00e3o da lei, o Estado fortalece o reconhecimento da cultura popular e do legado dos poetas que fazem do repente um s\u00edmbolo da identidade nordestina.<\/p>\n\n<div style=\"font-size: 0px; height: 0px; line-height: 0px; margin: 0; padding: 0; clear: both;\"><\/div>","protected":false},"excerpt":{"rendered":"<p>O Estado do Rio Grande do Norte agora tem uma data oficial para celebrar a arte do repente. A governadora F\u00e1tima Bezerra, sancionou a Lei N\u00ba 12.084, de 18 de mar\u00e7o de 2025, que institui&#8230;<\/p>\n","protected":false},"author":4,"featured_media":5457,"comment_status":"open","ping_status":"open","sticky":false,"template":"","format":"standard","meta":{"footnotes":""},"categories":[17],"tags":[],"class_list":["post-5456","post","type-post","status-publish","format-standard","has-post-thumbnail","hentry","category-sertao"],"yoast_head":"<!-- This site is optimized with the Yoast SEO plugin v24.5 - https:\/\/yoast.com\/wordpress\/plugins\/seo\/ -->\n<title>Rio Grande do Norte institui o Dia do Poeta Repentista em homenagem a Sebasti\u00e3o Dias que foi prefeito de Tabira - Nova Bet\u00e2nia FM 87,9<\/title>\n<meta name=\"robots\" content=\"index, follow, max-snippet:-1, max-image-preview:large, max-video-preview:-1\" \/>\n<link rel=\"canonical\" href=\"https:\/\/novabetaniafm.com.br\/novabetania87\/2025\/03\/20\/rio-grande-do-norte-institui-o-dia-do-poeta-repentista-em-homenagem-a-sebastiao-dias-que-foi-prefeito-de-tabira\/\" \/>\n<meta property=\"og:locale\" content=\"pt_BR\" \/>\n<meta property=\"og:type\" content=\"article\" \/>\n<meta property=\"og:title\" content=\"Rio Grande do Norte institui o Dia do Poeta Repentista em homenagem a Sebasti\u00e3o Dias que foi prefeito de Tabira - Nova Bet\u00e2nia FM 87,9\" \/>\n<meta property=\"og:description\" content=\"O Estado do Rio Grande do Norte agora tem uma data oficial para celebrar a arte do repente. A governadora F\u00e1tima Bezerra, sancionou a Lei N\u00ba 12.084, de 18 de mar\u00e7o de 2025, que institui...\" \/>\n<meta property=\"og:url\" content=\"https:\/\/novabetaniafm.com.br\/novabetania87\/2025\/03\/20\/rio-grande-do-norte-institui-o-dia-do-poeta-repentista-em-homenagem-a-sebastiao-dias-que-foi-prefeito-de-tabira\/\" \/>\n<meta property=\"og:site_name\" content=\"Nova Bet\u00e2nia FM 87,9\" \/>\n<meta property=\"article:published_time\" content=\"2025-03-20T08:06:29+00:00\" \/>\n<meta property=\"og:image\" content=\"http:\/\/novabetaniafm.com.br\/novabetania87\/wp-content\/uploads\/2025\/03\/sebastiao.png\" \/>\n\t<meta property=\"og:image:width\" content=\"768\" \/>\n\t<meta property=\"og:image:height\" content=\"427\" \/>\n\t<meta property=\"og:image:type\" content=\"image\/png\" \/>\n<meta name=\"author\" content=\"Nova Bet\u00e2nia FM\" \/>\n<meta name=\"twitter:card\" content=\"summary_large_image\" \/>\n<meta name=\"twitter:label1\" content=\"Escrito por\" \/>\n\t<meta name=\"twitter:data1\" content=\"Nova Bet\u00e2nia FM\" \/>\n\t<meta name=\"twitter:label2\" content=\"Est. tempo de leitura\" \/>\n\t<meta name=\"twitter:data2\" content=\"2 minutos\" \/>\n<script type=\"application\/ld+json\" class=\"yoast-schema-graph\">{\"@context\":\"https:\/\/schema.org\",\"@graph\":[{\"@type\":\"Article\",\"@id\":\"https:\/\/novabetaniafm.com.br\/novabetania87\/2025\/03\/20\/rio-grande-do-norte-institui-o-dia-do-poeta-repentista-em-homenagem-a-sebastiao-dias-que-foi-prefeito-de-tabira\/#article\",\"isPartOf\":{\"@id\":\"https:\/\/novabetaniafm.com.br\/novabetania87\/2025\/03\/20\/rio-grande-do-norte-institui-o-dia-do-poeta-repentista-em-homenagem-a-sebastiao-dias-que-foi-prefeito-de-tabira\/\"},\"author\":{\"name\":\"Nova Bet\u00e2nia FM\",\"@id\":\"https:\/\/novabetaniafm.com.br\/novabetania87\/#\/schema\/person\/73fd05cbd77cd30a7bab1141b8ab8555\"},\"headline\":\"Rio Grande do Norte institui o Dia do Poeta Repentista em homenagem a Sebasti\u00e3o Dias que foi prefeito de Tabira\",\"datePublished\":\"2025-03-20T08:06:29+00:00\",\"mainEntityOfPage\":{\"@id\":\"https:\/\/novabetaniafm.com.br\/novabetania87\/2025\/03\/20\/rio-grande-do-norte-institui-o-dia-do-poeta-repentista-em-homenagem-a-sebastiao-dias-que-foi-prefeito-de-tabira\/\"},\"wordCount\":227,\"commentCount\":0,\"publisher\":{\"@id\":\"https:\/\/novabetaniafm.com.br\/novabetania87\/#organization\"},\"image\":{\"@id\":\"https:\/\/novabetaniafm.com.br\/novabetania87\/2025\/03\/20\/rio-grande-do-norte-institui-o-dia-do-poeta-repentista-em-homenagem-a-sebastiao-dias-que-foi-prefeito-de-tabira\/#primaryimage\"},\"thumbnailUrl\":\"https:\/\/novabetaniafm.com.br\/novabetania87\/wp-content\/uploads\/2025\/03\/sebastiao.png\",\"articleSection\":[\"Sert\u00e3o\"],\"inLanguage\":\"pt-BR\",\"potentialAction\":[{\"@type\":\"CommentAction\",\"name\":\"Comment\",\"target\":[\"https:\/\/novabetaniafm.com.br\/novabetania87\/2025\/03\/20\/rio-grande-do-norte-institui-o-dia-do-poeta-repentista-em-homenagem-a-sebastiao-dias-que-foi-prefeito-de-tabira\/#respond\"]}]},{\"@type\":\"WebPage\",\"@id\":\"https:\/\/novabetaniafm.com.br\/novabetania87\/2025\/03\/20\/rio-grande-do-norte-institui-o-dia-do-poeta-repentista-em-homenagem-a-sebastiao-dias-que-foi-prefeito-de-tabira\/\",\"url\":\"https:\/\/novabetaniafm.com.br\/novabetania87\/2025\/03\/20\/rio-grande-do-norte-institui-o-dia-do-poeta-repentista-em-homenagem-a-sebastiao-dias-que-foi-prefeito-de-tabira\/\",\"name\":\"Rio Grande do Norte institui o Dia do Poeta Repentista em homenagem a Sebasti\u00e3o Dias que foi prefeito de Tabira - Nova Bet\u00e2nia FM 87,9\",\"isPartOf\":{\"@id\":\"https:\/\/novabetaniafm.com.br\/novabetania87\/#website\"},\"primaryImageOfPage\":{\"@id\":\"https:\/\/novabetaniafm.com.br\/novabetania87\/2025\/03\/20\/rio-grande-do-norte-institui-o-dia-do-poeta-repentista-em-homenagem-a-sebastiao-dias-que-foi-prefeito-de-tabira\/#primaryimage\"},\"image\":{\"@id\":\"https:\/\/novabetaniafm.com.br\/novabetania87\/2025\/03\/20\/rio-grande-do-norte-institui-o-dia-do-poeta-repentista-em-homenagem-a-sebastiao-dias-que-foi-prefeito-de-tabira\/#primaryimage\"},\"thumbnailUrl\":\"https:\/\/novabetaniafm.com.br\/novabetania87\/wp-content\/uploads\/2025\/03\/sebastiao.png\",\"datePublished\":\"2025-03-20T08:06:29+00:00\",\"breadcrumb\":{\"@id\":\"https:\/\/novabetaniafm.com.br\/novabetania87\/2025\/03\/20\/rio-grande-do-norte-institui-o-dia-do-poeta-repentista-em-homenagem-a-sebastiao-dias-que-foi-prefeito-de-tabira\/#breadcrumb\"},\"inLanguage\":\"pt-BR\",\"potentialAction\":[{\"@type\":\"ReadAction\",\"target\":[\"https:\/\/novabetaniafm.com.br\/novabetania87\/2025\/03\/20\/rio-grande-do-norte-institui-o-dia-do-poeta-repentista-em-homenagem-a-sebastiao-dias-que-foi-prefeito-de-tabira\/\"]}]},{\"@type\":\"ImageObject\",\"inLanguage\":\"pt-BR\",\"@id\":\"https:\/\/novabetaniafm.com.br\/novabetania87\/2025\/03\/20\/rio-grande-do-norte-institui-o-dia-do-poeta-repentista-em-homenagem-a-sebastiao-dias-que-foi-prefeito-de-tabira\/#primaryimage\",\"url\":\"https:\/\/novabetaniafm.com.br\/novabetania87\/wp-content\/uploads\/2025\/03\/sebastiao.png\",\"contentUrl\":\"https:\/\/novabetaniafm.com.br\/novabetania87\/wp-content\/uploads\/2025\/03\/sebastiao.png\",\"width\":768,\"height\":427},{\"@type\":\"BreadcrumbList\",\"@id\":\"https:\/\/novabetaniafm.com.br\/novabetania87\/2025\/03\/20\/rio-grande-do-norte-institui-o-dia-do-poeta-repentista-em-homenagem-a-sebastiao-dias-que-foi-prefeito-de-tabira\/#breadcrumb\",\"itemListElement\":[{\"@type\":\"ListItem\",\"position\":1,\"name\":\"In\u00edcio\",\"item\":\"https:\/\/novabetaniafm.com.br\/novabetania87\/\"},{\"@type\":\"ListItem\",\"position\":2,\"name\":\"Rio Grande do Norte institui o Dia do Poeta Repentista em homenagem a Sebasti\u00e3o Dias que foi prefeito de Tabira\"}]},{\"@type\":\"WebSite\",\"@id\":\"https:\/\/novabetaniafm.com.br\/novabetania87\/#website\",\"url\":\"https:\/\/novabetaniafm.com.br\/novabetania87\/\",\"name\":\"Nova Bet\u00e2nia FM 87,9\",\"description\":\"Ligada em voc\u00ea!\",\"publisher\":{\"@id\":\"https:\/\/novabetaniafm.com.br\/novabetania87\/#organization\"},\"potentialAction\":[{\"@type\":\"SearchAction\",\"target\":{\"@type\":\"EntryPoint\",\"urlTemplate\":\"https:\/\/novabetaniafm.com.br\/novabetania87\/?s={search_term_string}\"},\"query-input\":{\"@type\":\"PropertyValueSpecification\",\"valueRequired\":true,\"valueName\":\"search_term_string\"}}],\"inLanguage\":\"pt-BR\"},{\"@type\":\"Organization\",\"@id\":\"https:\/\/novabetaniafm.com.br\/novabetania87\/#organization\",\"name\":\"Nova Bet\u00e2nia FM 87,9\",\"url\":\"https:\/\/novabetaniafm.com.br\/novabetania87\/\",\"logo\":{\"@type\":\"ImageObject\",\"inLanguage\":\"pt-BR\",\"@id\":\"https:\/\/novabetaniafm.com.br\/novabetania87\/#\/schema\/logo\/image\/\",\"url\":\"https:\/\/novabetaniafm.com.br\/novabetania87\/wp-content\/uploads\/2024\/05\/logo.png\",\"contentUrl\":\"https:\/\/novabetaniafm.com.br\/novabetania87\/wp-content\/uploads\/2024\/05\/logo.png\",\"width\":211,\"height\":144,\"caption\":\"Nova Bet\u00e2nia FM 87,9\"},\"image\":{\"@id\":\"https:\/\/novabetaniafm.com.br\/novabetania87\/#\/schema\/logo\/image\/\"}},{\"@type\":\"Person\",\"@id\":\"https:\/\/novabetaniafm.com.br\/novabetania87\/#\/schema\/person\/73fd05cbd77cd30a7bab1141b8ab8555\",\"name\":\"Nova Bet\u00e2nia FM\",\"image\":{\"@type\":\"ImageObject\",\"inLanguage\":\"pt-BR\",\"@id\":\"https:\/\/novabetaniafm.com.br\/novabetania87\/#\/schema\/person\/image\/\",\"url\":\"https:\/\/secure.gravatar.com\/avatar\/e0359add7ed5dc3560906d861b52c6a8cf5c1e199d3a7dd85070998f49bd4701?s=96&d=mm&r=g\",\"contentUrl\":\"https:\/\/secure.gravatar.com\/avatar\/e0359add7ed5dc3560906d861b52c6a8cf5c1e199d3a7dd85070998f49bd4701?s=96&d=mm&r=g\",\"caption\":\"Nova Bet\u00e2nia FM\"},\"url\":\"https:\/\/novabetaniafm.com.br\/novabetania87\/author\/novabetaniafm879\/\"}]}<\/script>\n<!-- \/ Yoast SEO plugin. -->","yoast_head_json":{"title":"Rio Grande do Norte institui o Dia do Poeta Repentista em homenagem a Sebasti\u00e3o Dias que foi prefeito de Tabira - Nova Bet\u00e2nia FM 87,9","robots":{"index":"index","follow":"follow","max-snippet":"max-snippet:-1","max-image-preview":"max-image-preview:large","max-video-preview":"max-video-preview:-1"},"canonical":"https:\/\/novabetaniafm.com.br\/novabetania87\/2025\/03\/20\/rio-grande-do-norte-institui-o-dia-do-poeta-repentista-em-homenagem-a-sebastiao-dias-que-foi-prefeito-de-tabira\/","og_locale":"pt_BR","og_type":"article","og_title":"Rio Grande do Norte institui o Dia do Poeta Repentista em homenagem a Sebasti\u00e3o Dias que foi prefeito de Tabira - Nova Bet\u00e2nia FM 87,9","og_description":"O Estado do Rio Grande do Norte agora tem uma data oficial para celebrar a arte do repente. A governadora F\u00e1tima Bezerra, sancionou a Lei N\u00ba 12.084, de 18 de mar\u00e7o de 2025, que institui...","og_url":"https:\/\/novabetaniafm.com.br\/novabetania87\/2025\/03\/20\/rio-grande-do-norte-institui-o-dia-do-poeta-repentista-em-homenagem-a-sebastiao-dias-que-foi-prefeito-de-tabira\/","og_site_name":"Nova Bet\u00e2nia FM 87,9","article_published_time":"2025-03-20T08:06:29+00:00","og_image":[{"width":768,"height":427,"url":"http:\/\/novabetaniafm.com.br\/novabetania87\/wp-content\/uploads\/2025\/03\/sebastiao.png","type":"image\/png"}],"author":"Nova Bet\u00e2nia FM","twitter_card":"summary_large_image","twitter_misc":{"Escrito por":"Nova Bet\u00e2nia FM","Est. tempo de leitura":"2 minutos"},"schema":{"@context":"https:\/\/schema.org","@graph":[{"@type":"Article","@id":"https:\/\/novabetaniafm.com.br\/novabetania87\/2025\/03\/20\/rio-grande-do-norte-institui-o-dia-do-poeta-repentista-em-homenagem-a-sebastiao-dias-que-foi-prefeito-de-tabira\/#article","isPartOf":{"@id":"https:\/\/novabetaniafm.com.br\/novabetania87\/2025\/03\/20\/rio-grande-do-norte-institui-o-dia-do-poeta-repentista-em-homenagem-a-sebastiao-dias-que-foi-prefeito-de-tabira\/"},"author":{"name":"Nova Bet\u00e2nia FM","@id":"https:\/\/novabetaniafm.com.br\/novabetania87\/#\/schema\/person\/73fd05cbd77cd30a7bab1141b8ab8555"},"headline":"Rio Grande do Norte institui o Dia do Poeta Repentista em homenagem a Sebasti\u00e3o Dias que foi prefeito de Tabira","datePublished":"2025-03-20T08:06:29+00:00","mainEntityOfPage":{"@id":"https:\/\/novabetaniafm.com.br\/novabetania87\/2025\/03\/20\/rio-grande-do-norte-institui-o-dia-do-poeta-repentista-em-homenagem-a-sebastiao-dias-que-foi-prefeito-de-tabira\/"},"wordCount":227,"commentCount":0,"publisher":{"@id":"https:\/\/novabetaniafm.com.br\/novabetania87\/#organization"},"image":{"@id":"https:\/\/novabetaniafm.com.br\/novabetania87\/2025\/03\/20\/rio-grande-do-norte-institui-o-dia-do-poeta-repentista-em-homenagem-a-sebastiao-dias-que-foi-prefeito-de-tabira\/#primaryimage"},"thumbnailUrl":"https:\/\/novabetaniafm.com.br\/novabetania87\/wp-content\/uploads\/2025\/03\/sebastiao.png","articleSection":["Sert\u00e3o"],"inLanguage":"pt-BR","potentialAction":[{"@type":"CommentAction","name":"Comment","target":["https:\/\/novabetaniafm.com.br\/novabetania87\/2025\/03\/20\/rio-grande-do-norte-institui-o-dia-do-poeta-repentista-em-homenagem-a-sebastiao-dias-que-foi-prefeito-de-tabira\/#respond"]}]},{"@type":"WebPage","@id":"https:\/\/novabetaniafm.com.br\/novabetania87\/2025\/03\/20\/rio-grande-do-norte-institui-o-dia-do-poeta-repentista-em-homenagem-a-sebastiao-dias-que-foi-prefeito-de-tabira\/","url":"https:\/\/novabetaniafm.com.br\/novabetania87\/2025\/03\/20\/rio-grande-do-norte-institui-o-dia-do-poeta-repentista-em-homenagem-a-sebastiao-dias-que-foi-prefeito-de-tabira\/","name":"Rio Grande do Norte institui o Dia do Poeta Repentista em homenagem a Sebasti\u00e3o Dias que foi prefeito de Tabira - Nova Bet\u00e2nia FM 87,9","isPartOf":{"@id":"https:\/\/novabetaniafm.com.br\/novabetania87\/#website"},"primaryImageOfPage":{"@id":"https:\/\/novabetaniafm.com.br\/novabetania87\/2025\/03\/20\/rio-grande-do-norte-institui-o-dia-do-poeta-repentista-em-homenagem-a-sebastiao-dias-que-foi-prefeito-de-tabira\/#primaryimage"},"image":{"@id":"https:\/\/novabetaniafm.com.br\/novabetania87\/2025\/03\/20\/rio-grande-do-norte-institui-o-dia-do-poeta-repentista-em-homenagem-a-sebastiao-dias-que-foi-prefeito-de-tabira\/#primaryimage"},"thumbnailUrl":"https:\/\/novabetaniafm.com.br\/novabetania87\/wp-content\/uploads\/2025\/03\/sebastiao.png","datePublished":"2025-03-20T08:06:29+00:00","breadcrumb":{"@id":"https:\/\/novabetaniafm.com.br\/novabetania87\/2025\/03\/20\/rio-grande-do-norte-institui-o-dia-do-poeta-repentista-em-homenagem-a-sebastiao-dias-que-foi-prefeito-de-tabira\/#breadcrumb"},"inLanguage":"pt-BR","potentialAction":[{"@type":"ReadAction","target":["https:\/\/novabetaniafm.com.br\/novabetania87\/2025\/03\/20\/rio-grande-do-norte-institui-o-dia-do-poeta-repentista-em-homenagem-a-sebastiao-dias-que-foi-prefeito-de-tabira\/"]}]},{"@type":"ImageObject","inLanguage":"pt-BR","@id":"https:\/\/novabetaniafm.com.br\/novabetania87\/2025\/03\/20\/rio-grande-do-norte-institui-o-dia-do-poeta-repentista-em-homenagem-a-sebastiao-dias-que-foi-prefeito-de-tabira\/#primaryimage","url":"https:\/\/novabetaniafm.com.br\/novabetania87\/wp-content\/uploads\/2025\/03\/sebastiao.png","contentUrl":"https:\/\/novabetaniafm.com.br\/novabetania87\/wp-content\/uploads\/2025\/03\/sebastiao.png","width":768,"height":427},{"@type":"BreadcrumbList","@id":"https:\/\/novabetaniafm.com.br\/novabetania87\/2025\/03\/20\/rio-grande-do-norte-institui-o-dia-do-poeta-repentista-em-homenagem-a-sebastiao-dias-que-foi-prefeito-de-tabira\/#breadcrumb","itemListElement":[{"@type":"ListItem","position":1,"name":"In\u00edcio","item":"https:\/\/novabetaniafm.com.br\/novabetania87\/"},{"@type":"ListItem","position":2,"name":"Rio Grande do Norte institui o Dia do Poeta Repentista em homenagem a Sebasti\u00e3o Dias que foi prefeito de Tabira"}]},{"@type":"WebSite","@id":"https:\/\/novabetaniafm.com.br\/novabetania87\/#website","url":"https:\/\/novabetaniafm.com.br\/novabetania87\/","name":"Nova Bet\u00e2nia FM 87,9","description":"Ligada em voc\u00ea!","publisher":{"@id":"https:\/\/novabetaniafm.com.br\/novabetania87\/#organization"},"potentialAction":[{"@type":"SearchAction","target":{"@type":"EntryPoint","urlTemplate":"https:\/\/novabetaniafm.com.br\/novabetania87\/?s={search_term_string}"},"query-input":{"@type":"PropertyValueSpecification","valueRequired":true,"valueName":"search_term_string"}}],"inLanguage":"pt-BR"},{"@type":"Organization","@id":"https:\/\/novabetaniafm.com.br\/novabetania87\/#organization","name":"Nova Bet\u00e2nia FM 87,9","url":"https:\/\/novabetaniafm.com.br\/novabetania87\/","logo":{"@type":"ImageObject","inLanguage":"pt-BR","@id":"https:\/\/novabetaniafm.com.br\/novabetania87\/#\/schema\/logo\/image\/","url":"https:\/\/novabetaniafm.com.br\/novabetania87\/wp-content\/uploads\/2024\/05\/logo.png","contentUrl":"https:\/\/novabetaniafm.com.br\/novabetania87\/wp-content\/uploads\/2024\/05\/logo.png","width":211,"height":144,"caption":"Nova Bet\u00e2nia FM 87,9"},"image":{"@id":"https:\/\/novabetaniafm.com.br\/novabetania87\/#\/schema\/logo\/image\/"}},{"@type":"Person","@id":"https:\/\/novabetaniafm.com.br\/novabetania87\/#\/schema\/person\/73fd05cbd77cd30a7bab1141b8ab8555","name":"Nova Bet\u00e2nia FM","image":{"@type":"ImageObject","inLanguage":"pt-BR","@id":"https:\/\/novabetaniafm.com.br\/novabetania87\/#\/schema\/person\/image\/","url":"https:\/\/secure.gravatar.com\/avatar\/e0359add7ed5dc3560906d861b52c6a8cf5c1e199d3a7dd85070998f49bd4701?s=96&d=mm&r=g","contentUrl":"https:\/\/secure.gravatar.com\/avatar\/e0359add7ed5dc3560906d861b52c6a8cf5c1e199d3a7dd85070998f49bd4701?s=96&d=mm&r=g","caption":"Nova Bet\u00e2nia FM"},"url":"https:\/\/novabetaniafm.com.br\/novabetania87\/author\/novabetaniafm879\/"}]}},"jetpack_featured_media_url":"https:\/\/novabetaniafm.com.br\/novabetania87\/wp-content\/uploads\/2025\/03\/sebastiao.png","_links":{"self":[{"href":"https:\/\/novabetaniafm.com.br\/novabetania87\/wp-json\/wp\/v2\/posts\/5456","targetHints":{"allow":["GET"]}}],"collection":[{"href":"https:\/\/novabetaniafm.com.br\/novabetania87\/wp-json\/wp\/v2\/posts"}],"about":[{"href":"https:\/\/novabetaniafm.com.br\/novabetania87\/wp-json\/wp\/v2\/types\/post"}],"author":[{"embeddable":true,"href":"https:\/\/novabetaniafm.com.br\/novabetania87\/wp-json\/wp\/v2\/users\/4"}],"replies":[{"embeddable":true,"href":"https:\/\/novabetaniafm.com.br\/novabetania87\/wp-json\/wp\/v2\/comments?post=5456"}],"version-history":[{"count":1,"href":"https:\/\/novabetaniafm.com.br\/novabetania87\/wp-json\/wp\/v2\/posts\/5456\/revisions"}],"predecessor-version":[{"id":5458,"href":"https:\/\/novabetaniafm.com.br\/novabetania87\/wp-json\/wp\/v2\/posts\/5456\/revisions\/5458"}],"wp:featuredmedia":[{"embeddable":true,"href":"https:\/\/novabetaniafm.com.br\/novabetania87\/wp-json\/wp\/v2\/media\/5457"}],"wp:attachment":[{"href":"https:\/\/novabetaniafm.com.br\/novabetania87\/wp-json\/wp\/v2\/media?parent=5456"}],"wp:term":[{"taxonomy":"category","embeddable":true,"href":"https:\/\/novabetaniafm.com.br\/novabetania87\/wp-json\/wp\/v2\/categories?post=5456"},{"taxonomy":"post_tag","embeddable":true,"href":"https:\/\/novabetaniafm.com.br\/novabetania87\/wp-json\/wp\/v2\/tags?post=5456"}],"curies":[{"name":"wp","href":"https:\/\/api.w.org\/{rel}","templated":true}]}}