{"id":5330,"date":"2025-03-11T06:51:11","date_gmt":"2025-03-11T09:51:11","guid":{"rendered":"https:\/\/novabetaniafm.com.br\/novabetania87\/?p=5330"},"modified":"2025-03-11T06:51:53","modified_gmt":"2025-03-11T09:51:53","slug":"betania-pe-obtem-reconhecimento-federal-de-situacao-de-emergencia-por-causa-da-estiagem","status":"publish","type":"post","link":"https:\/\/novabetaniafm.com.br\/novabetania87\/2025\/03\/11\/betania-pe-obtem-reconhecimento-federal-de-situacao-de-emergencia-por-causa-da-estiagem\/","title":{"rendered":"Bet\u00e2nia (PE) obt\u00e9m reconhecimento federal de situa\u00e7\u00e3o de emerg\u00eancia por causa da estiagem"},"content":{"rendered":"<p>O Minist\u00e9rio da Integra\u00e7\u00e3o e do Desenvolvimento Regional (MIDR), por meio da Defesa Civil Nacional, reconheceu, nesta segunda-feira (10), a situa\u00e7\u00e3o de emerg\u00eancia na cidade pernambucana de Bet\u00e2nia, afetada pela estiagem. A portaria com o reconhecimento foi publicada no Di\u00e1rio Oficial da Uni\u00e3o (DOU). Confira mais detalhes abaixo.<\/p>\n<p><strong>Portaria n\u00ba 629<\/strong><\/p>\n<p>Agora, a prefeitura j\u00e1 pode solicitar recursos do Governo Federal para a\u00e7\u00f5es de defesa civil, como compra de cestas b\u00e1sicas, \u00e1gua mineral, refei\u00e7\u00e3o para trabalhadores e volunt\u00e1rios, kits de limpeza de resid\u00eancia, higiene pessoal e dormit\u00f3rio, entre outros.<\/p>\n<p>At\u00e9 o momento, Pernambuco tem 76 reconhecimentos vigentes, dos quais 72 por estiagem e quatro por chuvas intensas.<\/p>\n\n<div style=\"font-size: 0px; height: 0px; line-height: 0px; margin: 0; padding: 0; clear: both;\"><\/div>","protected":false},"excerpt":{"rendered":"<p>O Minist\u00e9rio da Integra\u00e7\u00e3o e do Desenvolvimento Regional (MIDR), por meio da Defesa Civil Nacional, reconheceu, nesta segunda-feira (10), a situa\u00e7\u00e3o de emerg\u00eancia na cidade pernambucana de Bet\u00e2nia, afetada pela estiagem. A portaria com o&#8230;<\/p>\n","protected":false},"author":4,"featured_media":5331,"comment_status":"open","ping_status":"open","sticky":false,"template":"","format":"standard","meta":{"footnotes":""},"categories":[17],"tags":[],"class_list":["post-5330","post","type-post","status-publish","format-standard","has-post-thumbnail","hentry","category-sertao"],"yoast_head":"<!-- This site is optimized with the Yoast SEO plugin v24.5 - https:\/\/yoast.com\/wordpress\/plugins\/seo\/ -->\n<title>Bet\u00e2nia (PE) obt\u00e9m reconhecimento federal de situa\u00e7\u00e3o de emerg\u00eancia por causa da estiagem - Nova Bet\u00e2nia FM 87,9<\/title>\n<meta name=\"robots\" content=\"index, follow, max-snippet:-1, max-image-preview:large, max-video-preview:-1\" \/>\n<link rel=\"canonical\" href=\"https:\/\/novabetaniafm.com.br\/novabetania87\/2025\/03\/11\/betania-pe-obtem-reconhecimento-federal-de-situacao-de-emergencia-por-causa-da-estiagem\/\" \/>\n<meta property=\"og:locale\" content=\"pt_BR\" \/>\n<meta property=\"og:type\" content=\"article\" \/>\n<meta property=\"og:title\" content=\"Bet\u00e2nia (PE) obt\u00e9m reconhecimento federal de situa\u00e7\u00e3o de emerg\u00eancia por causa da estiagem - Nova Bet\u00e2nia FM 87,9\" \/>\n<meta property=\"og:description\" content=\"O Minist\u00e9rio da Integra\u00e7\u00e3o e do Desenvolvimento Regional (MIDR), por meio da Defesa Civil Nacional, reconheceu, nesta segunda-feira (10), a situa\u00e7\u00e3o de emerg\u00eancia na cidade pernambucana de Bet\u00e2nia, afetada pela estiagem. A portaria com o...\" \/>\n<meta property=\"og:url\" content=\"https:\/\/novabetaniafm.com.br\/novabetania87\/2025\/03\/11\/betania-pe-obtem-reconhecimento-federal-de-situacao-de-emergencia-por-causa-da-estiagem\/\" \/>\n<meta property=\"og:site_name\" content=\"Nova Bet\u00e2nia FM 87,9\" \/>\n<meta property=\"article:published_time\" content=\"2025-03-11T09:51:11+00:00\" \/>\n<meta property=\"article:modified_time\" content=\"2025-03-11T09:51:53+00:00\" \/>\n<meta property=\"og:image\" content=\"http:\/\/novabetaniafm.com.br\/novabetania87\/wp-content\/uploads\/2025\/03\/Betania-PE-1200x750-1.png\" \/>\n\t<meta property=\"og:image:width\" content=\"1200\" \/>\n\t<meta property=\"og:image:height\" content=\"750\" \/>\n\t<meta property=\"og:image:type\" content=\"image\/png\" \/>\n<meta name=\"author\" content=\"Nova Bet\u00e2nia FM\" \/>\n<meta name=\"twitter:card\" content=\"summary_large_image\" \/>\n<meta name=\"twitter:label1\" content=\"Escrito por\" \/>\n\t<meta name=\"twitter:data1\" content=\"Nova Bet\u00e2nia FM\" \/>\n\t<meta name=\"twitter:label2\" content=\"Est. tempo de leitura\" \/>\n\t<meta name=\"twitter:data2\" content=\"1 minuto\" \/>\n<script type=\"application\/ld+json\" class=\"yoast-schema-graph\">{\"@context\":\"https:\/\/schema.org\",\"@graph\":[{\"@type\":\"Article\",\"@id\":\"https:\/\/novabetaniafm.com.br\/novabetania87\/2025\/03\/11\/betania-pe-obtem-reconhecimento-federal-de-situacao-de-emergencia-por-causa-da-estiagem\/#article\",\"isPartOf\":{\"@id\":\"https:\/\/novabetaniafm.com.br\/novabetania87\/2025\/03\/11\/betania-pe-obtem-reconhecimento-federal-de-situacao-de-emergencia-por-causa-da-estiagem\/\"},\"author\":{\"name\":\"Nova Bet\u00e2nia FM\",\"@id\":\"https:\/\/novabetaniafm.com.br\/novabetania87\/#\/schema\/person\/73fd05cbd77cd30a7bab1141b8ab8555\"},\"headline\":\"Bet\u00e2nia (PE) obt\u00e9m reconhecimento federal de situa\u00e7\u00e3o de emerg\u00eancia por causa da estiagem\",\"datePublished\":\"2025-03-11T09:51:11+00:00\",\"dateModified\":\"2025-03-11T09:51:53+00:00\",\"mainEntityOfPage\":{\"@id\":\"https:\/\/novabetaniafm.com.br\/novabetania87\/2025\/03\/11\/betania-pe-obtem-reconhecimento-federal-de-situacao-de-emergencia-por-causa-da-estiagem\/\"},\"wordCount\":133,\"commentCount\":0,\"publisher\":{\"@id\":\"https:\/\/novabetaniafm.com.br\/novabetania87\/#organization\"},\"image\":{\"@id\":\"https:\/\/novabetaniafm.com.br\/novabetania87\/2025\/03\/11\/betania-pe-obtem-reconhecimento-federal-de-situacao-de-emergencia-por-causa-da-estiagem\/#primaryimage\"},\"thumbnailUrl\":\"https:\/\/novabetaniafm.com.br\/novabetania87\/wp-content\/uploads\/2025\/03\/Betania-PE-1200x750-1.png\",\"articleSection\":[\"Sert\u00e3o\"],\"inLanguage\":\"pt-BR\",\"potentialAction\":[{\"@type\":\"CommentAction\",\"name\":\"Comment\",\"target\":[\"https:\/\/novabetaniafm.com.br\/novabetania87\/2025\/03\/11\/betania-pe-obtem-reconhecimento-federal-de-situacao-de-emergencia-por-causa-da-estiagem\/#respond\"]}]},{\"@type\":\"WebPage\",\"@id\":\"https:\/\/novabetaniafm.com.br\/novabetania87\/2025\/03\/11\/betania-pe-obtem-reconhecimento-federal-de-situacao-de-emergencia-por-causa-da-estiagem\/\",\"url\":\"https:\/\/novabetaniafm.com.br\/novabetania87\/2025\/03\/11\/betania-pe-obtem-reconhecimento-federal-de-situacao-de-emergencia-por-causa-da-estiagem\/\",\"name\":\"Bet\u00e2nia (PE) obt\u00e9m reconhecimento federal de situa\u00e7\u00e3o de emerg\u00eancia por causa da estiagem - Nova Bet\u00e2nia FM 87,9\",\"isPartOf\":{\"@id\":\"https:\/\/novabetaniafm.com.br\/novabetania87\/#website\"},\"primaryImageOfPage\":{\"@id\":\"https:\/\/novabetaniafm.com.br\/novabetania87\/2025\/03\/11\/betania-pe-obtem-reconhecimento-federal-de-situacao-de-emergencia-por-causa-da-estiagem\/#primaryimage\"},\"image\":{\"@id\":\"https:\/\/novabetaniafm.com.br\/novabetania87\/2025\/03\/11\/betania-pe-obtem-reconhecimento-federal-de-situacao-de-emergencia-por-causa-da-estiagem\/#primaryimage\"},\"thumbnailUrl\":\"https:\/\/novabetaniafm.com.br\/novabetania87\/wp-content\/uploads\/2025\/03\/Betania-PE-1200x750-1.png\",\"datePublished\":\"2025-03-11T09:51:11+00:00\",\"dateModified\":\"2025-03-11T09:51:53+00:00\",\"breadcrumb\":{\"@id\":\"https:\/\/novabetaniafm.com.br\/novabetania87\/2025\/03\/11\/betania-pe-obtem-reconhecimento-federal-de-situacao-de-emergencia-por-causa-da-estiagem\/#breadcrumb\"},\"inLanguage\":\"pt-BR\",\"potentialAction\":[{\"@type\":\"ReadAction\",\"target\":[\"https:\/\/novabetaniafm.com.br\/novabetania87\/2025\/03\/11\/betania-pe-obtem-reconhecimento-federal-de-situacao-de-emergencia-por-causa-da-estiagem\/\"]}]},{\"@type\":\"ImageObject\",\"inLanguage\":\"pt-BR\",\"@id\":\"https:\/\/novabetaniafm.com.br\/novabetania87\/2025\/03\/11\/betania-pe-obtem-reconhecimento-federal-de-situacao-de-emergencia-por-causa-da-estiagem\/#primaryimage\",\"url\":\"https:\/\/novabetaniafm.com.br\/novabetania87\/wp-content\/uploads\/2025\/03\/Betania-PE-1200x750-1.png\",\"contentUrl\":\"https:\/\/novabetaniafm.com.br\/novabetania87\/wp-content\/uploads\/2025\/03\/Betania-PE-1200x750-1.png\",\"width\":1200,\"height\":750},{\"@type\":\"BreadcrumbList\",\"@id\":\"https:\/\/novabetaniafm.com.br\/novabetania87\/2025\/03\/11\/betania-pe-obtem-reconhecimento-federal-de-situacao-de-emergencia-por-causa-da-estiagem\/#breadcrumb\",\"itemListElement\":[{\"@type\":\"ListItem\",\"position\":1,\"name\":\"In\u00edcio\",\"item\":\"https:\/\/novabetaniafm.com.br\/novabetania87\/\"},{\"@type\":\"ListItem\",\"position\":2,\"name\":\"Bet\u00e2nia (PE) obt\u00e9m reconhecimento federal de situa\u00e7\u00e3o de emerg\u00eancia por causa da estiagem\"}]},{\"@type\":\"WebSite\",\"@id\":\"https:\/\/novabetaniafm.com.br\/novabetania87\/#website\",\"url\":\"https:\/\/novabetaniafm.com.br\/novabetania87\/\",\"name\":\"Nova Bet\u00e2nia FM 87,9\",\"description\":\"Ligada em voc\u00ea!\",\"publisher\":{\"@id\":\"https:\/\/novabetaniafm.com.br\/novabetania87\/#organization\"},\"potentialAction\":[{\"@type\":\"SearchAction\",\"target\":{\"@type\":\"EntryPoint\",\"urlTemplate\":\"https:\/\/novabetaniafm.com.br\/novabetania87\/?s={search_term_string}\"},\"query-input\":{\"@type\":\"PropertyValueSpecification\",\"valueRequired\":true,\"valueName\":\"search_term_string\"}}],\"inLanguage\":\"pt-BR\"},{\"@type\":\"Organization\",\"@id\":\"https:\/\/novabetaniafm.com.br\/novabetania87\/#organization\",\"name\":\"Nova Bet\u00e2nia FM 87,9\",\"url\":\"https:\/\/novabetaniafm.com.br\/novabetania87\/\",\"logo\":{\"@type\":\"ImageObject\",\"inLanguage\":\"pt-BR\",\"@id\":\"https:\/\/novabetaniafm.com.br\/novabetania87\/#\/schema\/logo\/image\/\",\"url\":\"https:\/\/novabetaniafm.com.br\/novabetania87\/wp-content\/uploads\/2024\/05\/logo.png\",\"contentUrl\":\"https:\/\/novabetaniafm.com.br\/novabetania87\/wp-content\/uploads\/2024\/05\/logo.png\",\"width\":211,\"height\":144,\"caption\":\"Nova Bet\u00e2nia FM 87,9\"},\"image\":{\"@id\":\"https:\/\/novabetaniafm.com.br\/novabetania87\/#\/schema\/logo\/image\/\"}},{\"@type\":\"Person\",\"@id\":\"https:\/\/novabetaniafm.com.br\/novabetania87\/#\/schema\/person\/73fd05cbd77cd30a7bab1141b8ab8555\",\"name\":\"Nova Bet\u00e2nia FM\",\"image\":{\"@type\":\"ImageObject\",\"inLanguage\":\"pt-BR\",\"@id\":\"https:\/\/novabetaniafm.com.br\/novabetania87\/#\/schema\/person\/image\/\",\"url\":\"https:\/\/secure.gravatar.com\/avatar\/e0359add7ed5dc3560906d861b52c6a8cf5c1e199d3a7dd85070998f49bd4701?s=96&d=mm&r=g\",\"contentUrl\":\"https:\/\/secure.gravatar.com\/avatar\/e0359add7ed5dc3560906d861b52c6a8cf5c1e199d3a7dd85070998f49bd4701?s=96&d=mm&r=g\",\"caption\":\"Nova Bet\u00e2nia FM\"},\"url\":\"https:\/\/novabetaniafm.com.br\/novabetania87\/author\/novabetaniafm879\/\"}]}<\/script>\n<!-- \/ Yoast SEO plugin. -->","yoast_head_json":{"title":"Bet\u00e2nia (PE) obt\u00e9m reconhecimento federal de situa\u00e7\u00e3o de emerg\u00eancia por causa da estiagem - Nova Bet\u00e2nia FM 87,9","robots":{"index":"index","follow":"follow","max-snippet":"max-snippet:-1","max-image-preview":"max-image-preview:large","max-video-preview":"max-video-preview:-1"},"canonical":"https:\/\/novabetaniafm.com.br\/novabetania87\/2025\/03\/11\/betania-pe-obtem-reconhecimento-federal-de-situacao-de-emergencia-por-causa-da-estiagem\/","og_locale":"pt_BR","og_type":"article","og_title":"Bet\u00e2nia (PE) obt\u00e9m reconhecimento federal de situa\u00e7\u00e3o de emerg\u00eancia por causa da estiagem - Nova Bet\u00e2nia FM 87,9","og_description":"O Minist\u00e9rio da Integra\u00e7\u00e3o e do Desenvolvimento Regional (MIDR), por meio da Defesa Civil Nacional, reconheceu, nesta segunda-feira (10), a situa\u00e7\u00e3o de emerg\u00eancia na cidade pernambucana de Bet\u00e2nia, afetada pela estiagem. A portaria com o...","og_url":"https:\/\/novabetaniafm.com.br\/novabetania87\/2025\/03\/11\/betania-pe-obtem-reconhecimento-federal-de-situacao-de-emergencia-por-causa-da-estiagem\/","og_site_name":"Nova Bet\u00e2nia FM 87,9","article_published_time":"2025-03-11T09:51:11+00:00","article_modified_time":"2025-03-11T09:51:53+00:00","og_image":[{"width":1200,"height":750,"url":"http:\/\/novabetaniafm.com.br\/novabetania87\/wp-content\/uploads\/2025\/03\/Betania-PE-1200x750-1.png","type":"image\/png"}],"author":"Nova Bet\u00e2nia FM","twitter_card":"summary_large_image","twitter_misc":{"Escrito por":"Nova Bet\u00e2nia FM","Est. tempo de leitura":"1 minuto"},"schema":{"@context":"https:\/\/schema.org","@graph":[{"@type":"Article","@id":"https:\/\/novabetaniafm.com.br\/novabetania87\/2025\/03\/11\/betania-pe-obtem-reconhecimento-federal-de-situacao-de-emergencia-por-causa-da-estiagem\/#article","isPartOf":{"@id":"https:\/\/novabetaniafm.com.br\/novabetania87\/2025\/03\/11\/betania-pe-obtem-reconhecimento-federal-de-situacao-de-emergencia-por-causa-da-estiagem\/"},"author":{"name":"Nova Bet\u00e2nia FM","@id":"https:\/\/novabetaniafm.com.br\/novabetania87\/#\/schema\/person\/73fd05cbd77cd30a7bab1141b8ab8555"},"headline":"Bet\u00e2nia (PE) obt\u00e9m reconhecimento federal de situa\u00e7\u00e3o de emerg\u00eancia por causa da estiagem","datePublished":"2025-03-11T09:51:11+00:00","dateModified":"2025-03-11T09:51:53+00:00","mainEntityOfPage":{"@id":"https:\/\/novabetaniafm.com.br\/novabetania87\/2025\/03\/11\/betania-pe-obtem-reconhecimento-federal-de-situacao-de-emergencia-por-causa-da-estiagem\/"},"wordCount":133,"commentCount":0,"publisher":{"@id":"https:\/\/novabetaniafm.com.br\/novabetania87\/#organization"},"image":{"@id":"https:\/\/novabetaniafm.com.br\/novabetania87\/2025\/03\/11\/betania-pe-obtem-reconhecimento-federal-de-situacao-de-emergencia-por-causa-da-estiagem\/#primaryimage"},"thumbnailUrl":"https:\/\/novabetaniafm.com.br\/novabetania87\/wp-content\/uploads\/2025\/03\/Betania-PE-1200x750-1.png","articleSection":["Sert\u00e3o"],"inLanguage":"pt-BR","potentialAction":[{"@type":"CommentAction","name":"Comment","target":["https:\/\/novabetaniafm.com.br\/novabetania87\/2025\/03\/11\/betania-pe-obtem-reconhecimento-federal-de-situacao-de-emergencia-por-causa-da-estiagem\/#respond"]}]},{"@type":"WebPage","@id":"https:\/\/novabetaniafm.com.br\/novabetania87\/2025\/03\/11\/betania-pe-obtem-reconhecimento-federal-de-situacao-de-emergencia-por-causa-da-estiagem\/","url":"https:\/\/novabetaniafm.com.br\/novabetania87\/2025\/03\/11\/betania-pe-obtem-reconhecimento-federal-de-situacao-de-emergencia-por-causa-da-estiagem\/","name":"Bet\u00e2nia (PE) obt\u00e9m reconhecimento federal de situa\u00e7\u00e3o de emerg\u00eancia por causa da estiagem - Nova Bet\u00e2nia FM 87,9","isPartOf":{"@id":"https:\/\/novabetaniafm.com.br\/novabetania87\/#website"},"primaryImageOfPage":{"@id":"https:\/\/novabetaniafm.com.br\/novabetania87\/2025\/03\/11\/betania-pe-obtem-reconhecimento-federal-de-situacao-de-emergencia-por-causa-da-estiagem\/#primaryimage"},"image":{"@id":"https:\/\/novabetaniafm.com.br\/novabetania87\/2025\/03\/11\/betania-pe-obtem-reconhecimento-federal-de-situacao-de-emergencia-por-causa-da-estiagem\/#primaryimage"},"thumbnailUrl":"https:\/\/novabetaniafm.com.br\/novabetania87\/wp-content\/uploads\/2025\/03\/Betania-PE-1200x750-1.png","datePublished":"2025-03-11T09:51:11+00:00","dateModified":"2025-03-11T09:51:53+00:00","breadcrumb":{"@id":"https:\/\/novabetaniafm.com.br\/novabetania87\/2025\/03\/11\/betania-pe-obtem-reconhecimento-federal-de-situacao-de-emergencia-por-causa-da-estiagem\/#breadcrumb"},"inLanguage":"pt-BR","potentialAction":[{"@type":"ReadAction","target":["https:\/\/novabetaniafm.com.br\/novabetania87\/2025\/03\/11\/betania-pe-obtem-reconhecimento-federal-de-situacao-de-emergencia-por-causa-da-estiagem\/"]}]},{"@type":"ImageObject","inLanguage":"pt-BR","@id":"https:\/\/novabetaniafm.com.br\/novabetania87\/2025\/03\/11\/betania-pe-obtem-reconhecimento-federal-de-situacao-de-emergencia-por-causa-da-estiagem\/#primaryimage","url":"https:\/\/novabetaniafm.com.br\/novabetania87\/wp-content\/uploads\/2025\/03\/Betania-PE-1200x750-1.png","contentUrl":"https:\/\/novabetaniafm.com.br\/novabetania87\/wp-content\/uploads\/2025\/03\/Betania-PE-1200x750-1.png","width":1200,"height":750},{"@type":"BreadcrumbList","@id":"https:\/\/novabetaniafm.com.br\/novabetania87\/2025\/03\/11\/betania-pe-obtem-reconhecimento-federal-de-situacao-de-emergencia-por-causa-da-estiagem\/#breadcrumb","itemListElement":[{"@type":"ListItem","position":1,"name":"In\u00edcio","item":"https:\/\/novabetaniafm.com.br\/novabetania87\/"},{"@type":"ListItem","position":2,"name":"Bet\u00e2nia (PE) obt\u00e9m reconhecimento federal de situa\u00e7\u00e3o de emerg\u00eancia por causa da estiagem"}]},{"@type":"WebSite","@id":"https:\/\/novabetaniafm.com.br\/novabetania87\/#website","url":"https:\/\/novabetaniafm.com.br\/novabetania87\/","name":"Nova Bet\u00e2nia FM 87,9","description":"Ligada em voc\u00ea!","publisher":{"@id":"https:\/\/novabetaniafm.com.br\/novabetania87\/#organization"},"potentialAction":[{"@type":"SearchAction","target":{"@type":"EntryPoint","urlTemplate":"https:\/\/novabetaniafm.com.br\/novabetania87\/?s={search_term_string}"},"query-input":{"@type":"PropertyValueSpecification","valueRequired":true,"valueName":"search_term_string"}}],"inLanguage":"pt-BR"},{"@type":"Organization","@id":"https:\/\/novabetaniafm.com.br\/novabetania87\/#organization","name":"Nova Bet\u00e2nia FM 87,9","url":"https:\/\/novabetaniafm.com.br\/novabetania87\/","logo":{"@type":"ImageObject","inLanguage":"pt-BR","@id":"https:\/\/novabetaniafm.com.br\/novabetania87\/#\/schema\/logo\/image\/","url":"https:\/\/novabetaniafm.com.br\/novabetania87\/wp-content\/uploads\/2024\/05\/logo.png","contentUrl":"https:\/\/novabetaniafm.com.br\/novabetania87\/wp-content\/uploads\/2024\/05\/logo.png","width":211,"height":144,"caption":"Nova Bet\u00e2nia FM 87,9"},"image":{"@id":"https:\/\/novabetaniafm.com.br\/novabetania87\/#\/schema\/logo\/image\/"}},{"@type":"Person","@id":"https:\/\/novabetaniafm.com.br\/novabetania87\/#\/schema\/person\/73fd05cbd77cd30a7bab1141b8ab8555","name":"Nova Bet\u00e2nia FM","image":{"@type":"ImageObject","inLanguage":"pt-BR","@id":"https:\/\/novabetaniafm.com.br\/novabetania87\/#\/schema\/person\/image\/","url":"https:\/\/secure.gravatar.com\/avatar\/e0359add7ed5dc3560906d861b52c6a8cf5c1e199d3a7dd85070998f49bd4701?s=96&d=mm&r=g","contentUrl":"https:\/\/secure.gravatar.com\/avatar\/e0359add7ed5dc3560906d861b52c6a8cf5c1e199d3a7dd85070998f49bd4701?s=96&d=mm&r=g","caption":"Nova Bet\u00e2nia FM"},"url":"https:\/\/novabetaniafm.com.br\/novabetania87\/author\/novabetaniafm879\/"}]}},"jetpack_featured_media_url":"https:\/\/novabetaniafm.com.br\/novabetania87\/wp-content\/uploads\/2025\/03\/Betania-PE-1200x750-1.png","_links":{"self":[{"href":"https:\/\/novabetaniafm.com.br\/novabetania87\/wp-json\/wp\/v2\/posts\/5330","targetHints":{"allow":["GET"]}}],"collection":[{"href":"https:\/\/novabetaniafm.com.br\/novabetania87\/wp-json\/wp\/v2\/posts"}],"about":[{"href":"https:\/\/novabetaniafm.com.br\/novabetania87\/wp-json\/wp\/v2\/types\/post"}],"author":[{"embeddable":true,"href":"https:\/\/novabetaniafm.com.br\/novabetania87\/wp-json\/wp\/v2\/users\/4"}],"replies":[{"embeddable":true,"href":"https:\/\/novabetaniafm.com.br\/novabetania87\/wp-json\/wp\/v2\/comments?post=5330"}],"version-history":[{"count":1,"href":"https:\/\/novabetaniafm.com.br\/novabetania87\/wp-json\/wp\/v2\/posts\/5330\/revisions"}],"predecessor-version":[{"id":5334,"href":"https:\/\/novabetaniafm.com.br\/novabetania87\/wp-json\/wp\/v2\/posts\/5330\/revisions\/5334"}],"wp:featuredmedia":[{"embeddable":true,"href":"https:\/\/novabetaniafm.com.br\/novabetania87\/wp-json\/wp\/v2\/media\/5331"}],"wp:attachment":[{"href":"https:\/\/novabetaniafm.com.br\/novabetania87\/wp-json\/wp\/v2\/media?parent=5330"}],"wp:term":[{"taxonomy":"category","embeddable":true,"href":"https:\/\/novabetaniafm.com.br\/novabetania87\/wp-json\/wp\/v2\/categories?post=5330"},{"taxonomy":"post_tag","embeddable":true,"href":"https:\/\/novabetaniafm.com.br\/novabetania87\/wp-json\/wp\/v2\/tags?post=5330"}],"curies":[{"name":"wp","href":"https:\/\/api.w.org\/{rel}","templated":true}]}}