{"id":5320,"date":"2025-03-11T05:20:01","date_gmt":"2025-03-11T08:20:01","guid":{"rendered":"https:\/\/novabetaniafm.com.br\/novabetania87\/?p=5320"},"modified":"2025-03-11T05:20:01","modified_gmt":"2025-03-11T08:20:01","slug":"prefeitura-de-tabira-abre-selecao-para-contratacao-de-alfabetizadores-do-programa-brasil-alfabetizado","status":"publish","type":"post","link":"https:\/\/novabetaniafm.com.br\/novabetania87\/2025\/03\/11\/prefeitura-de-tabira-abre-selecao-para-contratacao-de-alfabetizadores-do-programa-brasil-alfabetizado\/","title":{"rendered":"Prefeitura de Tabira abre sele\u00e7\u00e3o para contrata\u00e7\u00e3o de alfabetizadores do Programa Brasil Alfabetizado"},"content":{"rendered":"<p>A Prefeitura de Tabira anunciou a abertura de sele\u00e7\u00e3o para a contrata\u00e7\u00e3o de alfabetizadores para o Programa Brasil Alfabetizado (PBA), com o objetivo de promover a alfabetiza\u00e7\u00e3o de jovens, adultos e idosos, contribuindo para a eleva\u00e7\u00e3o da escolaridade e o fortalecimento da cidadania. O programa integra o Pacto Nacional pela Supera\u00e7\u00e3o do Analfabetismo e a Qualifica\u00e7\u00e3o na Educa\u00e7\u00e3o de Jovens e Adultos (EJA), visando a universaliza\u00e7\u00e3o da alfabetiza\u00e7\u00e3o entre pessoas com 15 anos ou mais.<\/p>\n<p>&nbsp;<\/p>\n<p>A iniciativa tamb\u00e9m oferece uma forma\u00e7\u00e3o continuada aos alfabetizadores, com suporte de plataformas online e a\u00e7\u00f5es presenciais de capacita\u00e7\u00e3o. Para se inscrever na sele\u00e7\u00e3o, os interessados devem atender a alguns requisitos essenciais: ser brasileiro, ter 18 anos ou mais, ter conclu\u00eddo o ensino m\u00e9dio e estar dispon\u00edvel para participar dos cursos de forma\u00e7\u00e3o. Os selecionados ter\u00e3o direito a uma bolsa mensal no valor de R$ 1.200,00.<\/p>\n<p>As turmas formadas pelos alfabetizadores devem atender a requisitos m\u00ednimos de alunos, variando conforme a localidade. Na zona urbana, o n\u00famero m\u00ednimo de alunos por turma \u00e9 15, com um m\u00e1ximo de 25. J\u00e1 na zona rural, a turma precisa contar com no m\u00ednimo 10 alunos, podendo chegar at\u00e9 25.<\/p>\n<p>O cronograma de sele\u00e7\u00e3o prev\u00ea que a apresenta\u00e7\u00e3o dos curr\u00edculos ocorra nos dias 18 e 19 de mar\u00e7o. Para mais informa\u00e7\u00f5es, os interessados podem procurar a Secretaria Municipal de Educa\u00e7\u00e3o e Esportes ou entrar em contato atrav\u00e9s do WhatsApp (87) 9 9934-0399.<\/p>\n\n<div style=\"font-size: 0px; height: 0px; line-height: 0px; margin: 0; padding: 0; clear: both;\"><\/div>","protected":false},"excerpt":{"rendered":"<p>A Prefeitura de Tabira anunciou a abertura de sele\u00e7\u00e3o para a contrata\u00e7\u00e3o de alfabetizadores para o Programa Brasil Alfabetizado (PBA), com o objetivo de promover a alfabetiza\u00e7\u00e3o de jovens, adultos e idosos, contribuindo para a&#8230;<\/p>\n","protected":false},"author":4,"featured_media":5321,"comment_status":"open","ping_status":"open","sticky":false,"template":"","format":"standard","meta":{"footnotes":""},"categories":[17],"tags":[],"class_list":["post-5320","post","type-post","status-publish","format-standard","has-post-thumbnail","hentry","category-sertao"],"yoast_head":"<!-- This site is optimized with the Yoast SEO plugin v24.5 - https:\/\/yoast.com\/wordpress\/plugins\/seo\/ -->\n<title>Prefeitura de Tabira abre sele\u00e7\u00e3o para contrata\u00e7\u00e3o de alfabetizadores do Programa Brasil Alfabetizado - Nova Bet\u00e2nia FM 87,9<\/title>\n<meta name=\"robots\" content=\"index, follow, max-snippet:-1, max-image-preview:large, max-video-preview:-1\" \/>\n<link rel=\"canonical\" href=\"https:\/\/novabetaniafm.com.br\/novabetania87\/2025\/03\/11\/prefeitura-de-tabira-abre-selecao-para-contratacao-de-alfabetizadores-do-programa-brasil-alfabetizado\/\" \/>\n<meta property=\"og:locale\" content=\"pt_BR\" \/>\n<meta property=\"og:type\" content=\"article\" \/>\n<meta property=\"og:title\" content=\"Prefeitura de Tabira abre sele\u00e7\u00e3o para contrata\u00e7\u00e3o de alfabetizadores do Programa Brasil Alfabetizado - Nova Bet\u00e2nia FM 87,9\" \/>\n<meta property=\"og:description\" content=\"A Prefeitura de Tabira anunciou a abertura de sele\u00e7\u00e3o para a contrata\u00e7\u00e3o de alfabetizadores para o Programa Brasil Alfabetizado (PBA), com o objetivo de promover a alfabetiza\u00e7\u00e3o de jovens, adultos e idosos, contribuindo para a...\" \/>\n<meta property=\"og:url\" content=\"https:\/\/novabetaniafm.com.br\/novabetania87\/2025\/03\/11\/prefeitura-de-tabira-abre-selecao-para-contratacao-de-alfabetizadores-do-programa-brasil-alfabetizado\/\" \/>\n<meta property=\"og:site_name\" content=\"Nova Bet\u00e2nia FM 87,9\" \/>\n<meta property=\"article:published_time\" content=\"2025-03-11T08:20:01+00:00\" \/>\n<meta property=\"og:image\" content=\"http:\/\/novabetaniafm.com.br\/novabetania87\/wp-content\/uploads\/2025\/03\/ejatabira.jpeg\" \/>\n\t<meta property=\"og:image:width\" content=\"400\" \/>\n\t<meta property=\"og:image:height\" content=\"400\" \/>\n\t<meta property=\"og:image:type\" content=\"image\/jpeg\" \/>\n<meta name=\"author\" content=\"Nova Bet\u00e2nia FM\" \/>\n<meta name=\"twitter:card\" content=\"summary_large_image\" \/>\n<meta name=\"twitter:label1\" content=\"Escrito por\" \/>\n\t<meta name=\"twitter:data1\" content=\"Nova Bet\u00e2nia FM\" \/>\n\t<meta name=\"twitter:label2\" content=\"Est. tempo de leitura\" \/>\n\t<meta name=\"twitter:data2\" content=\"2 minutos\" \/>\n<script type=\"application\/ld+json\" class=\"yoast-schema-graph\">{\"@context\":\"https:\/\/schema.org\",\"@graph\":[{\"@type\":\"Article\",\"@id\":\"https:\/\/novabetaniafm.com.br\/novabetania87\/2025\/03\/11\/prefeitura-de-tabira-abre-selecao-para-contratacao-de-alfabetizadores-do-programa-brasil-alfabetizado\/#article\",\"isPartOf\":{\"@id\":\"https:\/\/novabetaniafm.com.br\/novabetania87\/2025\/03\/11\/prefeitura-de-tabira-abre-selecao-para-contratacao-de-alfabetizadores-do-programa-brasil-alfabetizado\/\"},\"author\":{\"name\":\"Nova Bet\u00e2nia FM\",\"@id\":\"https:\/\/novabetaniafm.com.br\/novabetania87\/#\/schema\/person\/73fd05cbd77cd30a7bab1141b8ab8555\"},\"headline\":\"Prefeitura de Tabira abre sele\u00e7\u00e3o para contrata\u00e7\u00e3o de alfabetizadores do Programa Brasil Alfabetizado\",\"datePublished\":\"2025-03-11T08:20:01+00:00\",\"mainEntityOfPage\":{\"@id\":\"https:\/\/novabetaniafm.com.br\/novabetania87\/2025\/03\/11\/prefeitura-de-tabira-abre-selecao-para-contratacao-de-alfabetizadores-do-programa-brasil-alfabetizado\/\"},\"wordCount\":268,\"commentCount\":0,\"publisher\":{\"@id\":\"https:\/\/novabetaniafm.com.br\/novabetania87\/#organization\"},\"image\":{\"@id\":\"https:\/\/novabetaniafm.com.br\/novabetania87\/2025\/03\/11\/prefeitura-de-tabira-abre-selecao-para-contratacao-de-alfabetizadores-do-programa-brasil-alfabetizado\/#primaryimage\"},\"thumbnailUrl\":\"https:\/\/novabetaniafm.com.br\/novabetania87\/wp-content\/uploads\/2025\/03\/ejatabira.jpeg\",\"articleSection\":[\"Sert\u00e3o\"],\"inLanguage\":\"pt-BR\",\"potentialAction\":[{\"@type\":\"CommentAction\",\"name\":\"Comment\",\"target\":[\"https:\/\/novabetaniafm.com.br\/novabetania87\/2025\/03\/11\/prefeitura-de-tabira-abre-selecao-para-contratacao-de-alfabetizadores-do-programa-brasil-alfabetizado\/#respond\"]}]},{\"@type\":\"WebPage\",\"@id\":\"https:\/\/novabetaniafm.com.br\/novabetania87\/2025\/03\/11\/prefeitura-de-tabira-abre-selecao-para-contratacao-de-alfabetizadores-do-programa-brasil-alfabetizado\/\",\"url\":\"https:\/\/novabetaniafm.com.br\/novabetania87\/2025\/03\/11\/prefeitura-de-tabira-abre-selecao-para-contratacao-de-alfabetizadores-do-programa-brasil-alfabetizado\/\",\"name\":\"Prefeitura de Tabira abre sele\u00e7\u00e3o para contrata\u00e7\u00e3o de alfabetizadores do Programa Brasil Alfabetizado - Nova Bet\u00e2nia FM 87,9\",\"isPartOf\":{\"@id\":\"https:\/\/novabetaniafm.com.br\/novabetania87\/#website\"},\"primaryImageOfPage\":{\"@id\":\"https:\/\/novabetaniafm.com.br\/novabetania87\/2025\/03\/11\/prefeitura-de-tabira-abre-selecao-para-contratacao-de-alfabetizadores-do-programa-brasil-alfabetizado\/#primaryimage\"},\"image\":{\"@id\":\"https:\/\/novabetaniafm.com.br\/novabetania87\/2025\/03\/11\/prefeitura-de-tabira-abre-selecao-para-contratacao-de-alfabetizadores-do-programa-brasil-alfabetizado\/#primaryimage\"},\"thumbnailUrl\":\"https:\/\/novabetaniafm.com.br\/novabetania87\/wp-content\/uploads\/2025\/03\/ejatabira.jpeg\",\"datePublished\":\"2025-03-11T08:20:01+00:00\",\"breadcrumb\":{\"@id\":\"https:\/\/novabetaniafm.com.br\/novabetania87\/2025\/03\/11\/prefeitura-de-tabira-abre-selecao-para-contratacao-de-alfabetizadores-do-programa-brasil-alfabetizado\/#breadcrumb\"},\"inLanguage\":\"pt-BR\",\"potentialAction\":[{\"@type\":\"ReadAction\",\"target\":[\"https:\/\/novabetaniafm.com.br\/novabetania87\/2025\/03\/11\/prefeitura-de-tabira-abre-selecao-para-contratacao-de-alfabetizadores-do-programa-brasil-alfabetizado\/\"]}]},{\"@type\":\"ImageObject\",\"inLanguage\":\"pt-BR\",\"@id\":\"https:\/\/novabetaniafm.com.br\/novabetania87\/2025\/03\/11\/prefeitura-de-tabira-abre-selecao-para-contratacao-de-alfabetizadores-do-programa-brasil-alfabetizado\/#primaryimage\",\"url\":\"https:\/\/novabetaniafm.com.br\/novabetania87\/wp-content\/uploads\/2025\/03\/ejatabira.jpeg\",\"contentUrl\":\"https:\/\/novabetaniafm.com.br\/novabetania87\/wp-content\/uploads\/2025\/03\/ejatabira.jpeg\",\"width\":400,\"height\":400},{\"@type\":\"BreadcrumbList\",\"@id\":\"https:\/\/novabetaniafm.com.br\/novabetania87\/2025\/03\/11\/prefeitura-de-tabira-abre-selecao-para-contratacao-de-alfabetizadores-do-programa-brasil-alfabetizado\/#breadcrumb\",\"itemListElement\":[{\"@type\":\"ListItem\",\"position\":1,\"name\":\"In\u00edcio\",\"item\":\"https:\/\/novabetaniafm.com.br\/novabetania87\/\"},{\"@type\":\"ListItem\",\"position\":2,\"name\":\"Prefeitura de Tabira abre sele\u00e7\u00e3o para contrata\u00e7\u00e3o de alfabetizadores do Programa Brasil Alfabetizado\"}]},{\"@type\":\"WebSite\",\"@id\":\"https:\/\/novabetaniafm.com.br\/novabetania87\/#website\",\"url\":\"https:\/\/novabetaniafm.com.br\/novabetania87\/\",\"name\":\"Nova Bet\u00e2nia FM 87,9\",\"description\":\"Ligada em voc\u00ea!\",\"publisher\":{\"@id\":\"https:\/\/novabetaniafm.com.br\/novabetania87\/#organization\"},\"potentialAction\":[{\"@type\":\"SearchAction\",\"target\":{\"@type\":\"EntryPoint\",\"urlTemplate\":\"https:\/\/novabetaniafm.com.br\/novabetania87\/?s={search_term_string}\"},\"query-input\":{\"@type\":\"PropertyValueSpecification\",\"valueRequired\":true,\"valueName\":\"search_term_string\"}}],\"inLanguage\":\"pt-BR\"},{\"@type\":\"Organization\",\"@id\":\"https:\/\/novabetaniafm.com.br\/novabetania87\/#organization\",\"name\":\"Nova Bet\u00e2nia FM 87,9\",\"url\":\"https:\/\/novabetaniafm.com.br\/novabetania87\/\",\"logo\":{\"@type\":\"ImageObject\",\"inLanguage\":\"pt-BR\",\"@id\":\"https:\/\/novabetaniafm.com.br\/novabetania87\/#\/schema\/logo\/image\/\",\"url\":\"https:\/\/novabetaniafm.com.br\/novabetania87\/wp-content\/uploads\/2024\/05\/logo.png\",\"contentUrl\":\"https:\/\/novabetaniafm.com.br\/novabetania87\/wp-content\/uploads\/2024\/05\/logo.png\",\"width\":211,\"height\":144,\"caption\":\"Nova Bet\u00e2nia FM 87,9\"},\"image\":{\"@id\":\"https:\/\/novabetaniafm.com.br\/novabetania87\/#\/schema\/logo\/image\/\"}},{\"@type\":\"Person\",\"@id\":\"https:\/\/novabetaniafm.com.br\/novabetania87\/#\/schema\/person\/73fd05cbd77cd30a7bab1141b8ab8555\",\"name\":\"Nova Bet\u00e2nia FM\",\"image\":{\"@type\":\"ImageObject\",\"inLanguage\":\"pt-BR\",\"@id\":\"https:\/\/novabetaniafm.com.br\/novabetania87\/#\/schema\/person\/image\/\",\"url\":\"https:\/\/secure.gravatar.com\/avatar\/e0359add7ed5dc3560906d861b52c6a8cf5c1e199d3a7dd85070998f49bd4701?s=96&d=mm&r=g\",\"contentUrl\":\"https:\/\/secure.gravatar.com\/avatar\/e0359add7ed5dc3560906d861b52c6a8cf5c1e199d3a7dd85070998f49bd4701?s=96&d=mm&r=g\",\"caption\":\"Nova Bet\u00e2nia FM\"},\"url\":\"https:\/\/novabetaniafm.com.br\/novabetania87\/author\/novabetaniafm879\/\"}]}<\/script>\n<!-- \/ Yoast SEO plugin. -->","yoast_head_json":{"title":"Prefeitura de Tabira abre sele\u00e7\u00e3o para contrata\u00e7\u00e3o de alfabetizadores do Programa Brasil Alfabetizado - Nova Bet\u00e2nia FM 87,9","robots":{"index":"index","follow":"follow","max-snippet":"max-snippet:-1","max-image-preview":"max-image-preview:large","max-video-preview":"max-video-preview:-1"},"canonical":"https:\/\/novabetaniafm.com.br\/novabetania87\/2025\/03\/11\/prefeitura-de-tabira-abre-selecao-para-contratacao-de-alfabetizadores-do-programa-brasil-alfabetizado\/","og_locale":"pt_BR","og_type":"article","og_title":"Prefeitura de Tabira abre sele\u00e7\u00e3o para contrata\u00e7\u00e3o de alfabetizadores do Programa Brasil Alfabetizado - Nova Bet\u00e2nia FM 87,9","og_description":"A Prefeitura de Tabira anunciou a abertura de sele\u00e7\u00e3o para a contrata\u00e7\u00e3o de alfabetizadores para o Programa Brasil Alfabetizado (PBA), com o objetivo de promover a alfabetiza\u00e7\u00e3o de jovens, adultos e idosos, contribuindo para a...","og_url":"https:\/\/novabetaniafm.com.br\/novabetania87\/2025\/03\/11\/prefeitura-de-tabira-abre-selecao-para-contratacao-de-alfabetizadores-do-programa-brasil-alfabetizado\/","og_site_name":"Nova Bet\u00e2nia FM 87,9","article_published_time":"2025-03-11T08:20:01+00:00","og_image":[{"width":400,"height":400,"url":"http:\/\/novabetaniafm.com.br\/novabetania87\/wp-content\/uploads\/2025\/03\/ejatabira.jpeg","type":"image\/jpeg"}],"author":"Nova Bet\u00e2nia FM","twitter_card":"summary_large_image","twitter_misc":{"Escrito por":"Nova Bet\u00e2nia FM","Est. tempo de leitura":"2 minutos"},"schema":{"@context":"https:\/\/schema.org","@graph":[{"@type":"Article","@id":"https:\/\/novabetaniafm.com.br\/novabetania87\/2025\/03\/11\/prefeitura-de-tabira-abre-selecao-para-contratacao-de-alfabetizadores-do-programa-brasil-alfabetizado\/#article","isPartOf":{"@id":"https:\/\/novabetaniafm.com.br\/novabetania87\/2025\/03\/11\/prefeitura-de-tabira-abre-selecao-para-contratacao-de-alfabetizadores-do-programa-brasil-alfabetizado\/"},"author":{"name":"Nova Bet\u00e2nia FM","@id":"https:\/\/novabetaniafm.com.br\/novabetania87\/#\/schema\/person\/73fd05cbd77cd30a7bab1141b8ab8555"},"headline":"Prefeitura de Tabira abre sele\u00e7\u00e3o para contrata\u00e7\u00e3o de alfabetizadores do Programa Brasil Alfabetizado","datePublished":"2025-03-11T08:20:01+00:00","mainEntityOfPage":{"@id":"https:\/\/novabetaniafm.com.br\/novabetania87\/2025\/03\/11\/prefeitura-de-tabira-abre-selecao-para-contratacao-de-alfabetizadores-do-programa-brasil-alfabetizado\/"},"wordCount":268,"commentCount":0,"publisher":{"@id":"https:\/\/novabetaniafm.com.br\/novabetania87\/#organization"},"image":{"@id":"https:\/\/novabetaniafm.com.br\/novabetania87\/2025\/03\/11\/prefeitura-de-tabira-abre-selecao-para-contratacao-de-alfabetizadores-do-programa-brasil-alfabetizado\/#primaryimage"},"thumbnailUrl":"https:\/\/novabetaniafm.com.br\/novabetania87\/wp-content\/uploads\/2025\/03\/ejatabira.jpeg","articleSection":["Sert\u00e3o"],"inLanguage":"pt-BR","potentialAction":[{"@type":"CommentAction","name":"Comment","target":["https:\/\/novabetaniafm.com.br\/novabetania87\/2025\/03\/11\/prefeitura-de-tabira-abre-selecao-para-contratacao-de-alfabetizadores-do-programa-brasil-alfabetizado\/#respond"]}]},{"@type":"WebPage","@id":"https:\/\/novabetaniafm.com.br\/novabetania87\/2025\/03\/11\/prefeitura-de-tabira-abre-selecao-para-contratacao-de-alfabetizadores-do-programa-brasil-alfabetizado\/","url":"https:\/\/novabetaniafm.com.br\/novabetania87\/2025\/03\/11\/prefeitura-de-tabira-abre-selecao-para-contratacao-de-alfabetizadores-do-programa-brasil-alfabetizado\/","name":"Prefeitura de Tabira abre sele\u00e7\u00e3o para contrata\u00e7\u00e3o de alfabetizadores do Programa Brasil Alfabetizado - Nova Bet\u00e2nia FM 87,9","isPartOf":{"@id":"https:\/\/novabetaniafm.com.br\/novabetania87\/#website"},"primaryImageOfPage":{"@id":"https:\/\/novabetaniafm.com.br\/novabetania87\/2025\/03\/11\/prefeitura-de-tabira-abre-selecao-para-contratacao-de-alfabetizadores-do-programa-brasil-alfabetizado\/#primaryimage"},"image":{"@id":"https:\/\/novabetaniafm.com.br\/novabetania87\/2025\/03\/11\/prefeitura-de-tabira-abre-selecao-para-contratacao-de-alfabetizadores-do-programa-brasil-alfabetizado\/#primaryimage"},"thumbnailUrl":"https:\/\/novabetaniafm.com.br\/novabetania87\/wp-content\/uploads\/2025\/03\/ejatabira.jpeg","datePublished":"2025-03-11T08:20:01+00:00","breadcrumb":{"@id":"https:\/\/novabetaniafm.com.br\/novabetania87\/2025\/03\/11\/prefeitura-de-tabira-abre-selecao-para-contratacao-de-alfabetizadores-do-programa-brasil-alfabetizado\/#breadcrumb"},"inLanguage":"pt-BR","potentialAction":[{"@type":"ReadAction","target":["https:\/\/novabetaniafm.com.br\/novabetania87\/2025\/03\/11\/prefeitura-de-tabira-abre-selecao-para-contratacao-de-alfabetizadores-do-programa-brasil-alfabetizado\/"]}]},{"@type":"ImageObject","inLanguage":"pt-BR","@id":"https:\/\/novabetaniafm.com.br\/novabetania87\/2025\/03\/11\/prefeitura-de-tabira-abre-selecao-para-contratacao-de-alfabetizadores-do-programa-brasil-alfabetizado\/#primaryimage","url":"https:\/\/novabetaniafm.com.br\/novabetania87\/wp-content\/uploads\/2025\/03\/ejatabira.jpeg","contentUrl":"https:\/\/novabetaniafm.com.br\/novabetania87\/wp-content\/uploads\/2025\/03\/ejatabira.jpeg","width":400,"height":400},{"@type":"BreadcrumbList","@id":"https:\/\/novabetaniafm.com.br\/novabetania87\/2025\/03\/11\/prefeitura-de-tabira-abre-selecao-para-contratacao-de-alfabetizadores-do-programa-brasil-alfabetizado\/#breadcrumb","itemListElement":[{"@type":"ListItem","position":1,"name":"In\u00edcio","item":"https:\/\/novabetaniafm.com.br\/novabetania87\/"},{"@type":"ListItem","position":2,"name":"Prefeitura de Tabira abre sele\u00e7\u00e3o para contrata\u00e7\u00e3o de alfabetizadores do Programa Brasil Alfabetizado"}]},{"@type":"WebSite","@id":"https:\/\/novabetaniafm.com.br\/novabetania87\/#website","url":"https:\/\/novabetaniafm.com.br\/novabetania87\/","name":"Nova Bet\u00e2nia FM 87,9","description":"Ligada em voc\u00ea!","publisher":{"@id":"https:\/\/novabetaniafm.com.br\/novabetania87\/#organization"},"potentialAction":[{"@type":"SearchAction","target":{"@type":"EntryPoint","urlTemplate":"https:\/\/novabetaniafm.com.br\/novabetania87\/?s={search_term_string}"},"query-input":{"@type":"PropertyValueSpecification","valueRequired":true,"valueName":"search_term_string"}}],"inLanguage":"pt-BR"},{"@type":"Organization","@id":"https:\/\/novabetaniafm.com.br\/novabetania87\/#organization","name":"Nova Bet\u00e2nia FM 87,9","url":"https:\/\/novabetaniafm.com.br\/novabetania87\/","logo":{"@type":"ImageObject","inLanguage":"pt-BR","@id":"https:\/\/novabetaniafm.com.br\/novabetania87\/#\/schema\/logo\/image\/","url":"https:\/\/novabetaniafm.com.br\/novabetania87\/wp-content\/uploads\/2024\/05\/logo.png","contentUrl":"https:\/\/novabetaniafm.com.br\/novabetania87\/wp-content\/uploads\/2024\/05\/logo.png","width":211,"height":144,"caption":"Nova Bet\u00e2nia FM 87,9"},"image":{"@id":"https:\/\/novabetaniafm.com.br\/novabetania87\/#\/schema\/logo\/image\/"}},{"@type":"Person","@id":"https:\/\/novabetaniafm.com.br\/novabetania87\/#\/schema\/person\/73fd05cbd77cd30a7bab1141b8ab8555","name":"Nova Bet\u00e2nia FM","image":{"@type":"ImageObject","inLanguage":"pt-BR","@id":"https:\/\/novabetaniafm.com.br\/novabetania87\/#\/schema\/person\/image\/","url":"https:\/\/secure.gravatar.com\/avatar\/e0359add7ed5dc3560906d861b52c6a8cf5c1e199d3a7dd85070998f49bd4701?s=96&d=mm&r=g","contentUrl":"https:\/\/secure.gravatar.com\/avatar\/e0359add7ed5dc3560906d861b52c6a8cf5c1e199d3a7dd85070998f49bd4701?s=96&d=mm&r=g","caption":"Nova Bet\u00e2nia FM"},"url":"https:\/\/novabetaniafm.com.br\/novabetania87\/author\/novabetaniafm879\/"}]}},"jetpack_featured_media_url":"https:\/\/novabetaniafm.com.br\/novabetania87\/wp-content\/uploads\/2025\/03\/ejatabira.jpeg","_links":{"self":[{"href":"https:\/\/novabetaniafm.com.br\/novabetania87\/wp-json\/wp\/v2\/posts\/5320","targetHints":{"allow":["GET"]}}],"collection":[{"href":"https:\/\/novabetaniafm.com.br\/novabetania87\/wp-json\/wp\/v2\/posts"}],"about":[{"href":"https:\/\/novabetaniafm.com.br\/novabetania87\/wp-json\/wp\/v2\/types\/post"}],"author":[{"embeddable":true,"href":"https:\/\/novabetaniafm.com.br\/novabetania87\/wp-json\/wp\/v2\/users\/4"}],"replies":[{"embeddable":true,"href":"https:\/\/novabetaniafm.com.br\/novabetania87\/wp-json\/wp\/v2\/comments?post=5320"}],"version-history":[{"count":2,"href":"https:\/\/novabetaniafm.com.br\/novabetania87\/wp-json\/wp\/v2\/posts\/5320\/revisions"}],"predecessor-version":[{"id":5323,"href":"https:\/\/novabetaniafm.com.br\/novabetania87\/wp-json\/wp\/v2\/posts\/5320\/revisions\/5323"}],"wp:featuredmedia":[{"embeddable":true,"href":"https:\/\/novabetaniafm.com.br\/novabetania87\/wp-json\/wp\/v2\/media\/5321"}],"wp:attachment":[{"href":"https:\/\/novabetaniafm.com.br\/novabetania87\/wp-json\/wp\/v2\/media?parent=5320"}],"wp:term":[{"taxonomy":"category","embeddable":true,"href":"https:\/\/novabetaniafm.com.br\/novabetania87\/wp-json\/wp\/v2\/categories?post=5320"},{"taxonomy":"post_tag","embeddable":true,"href":"https:\/\/novabetaniafm.com.br\/novabetania87\/wp-json\/wp\/v2\/tags?post=5320"}],"curies":[{"name":"wp","href":"https:\/\/api.w.org\/{rel}","templated":true}]}}