{"id":5296,"date":"2025-03-07T07:25:31","date_gmt":"2025-03-07T10:25:31","guid":{"rendered":"https:\/\/novabetaniafm.com.br\/novabetania87\/?p=5296"},"modified":"2025-03-07T07:25:31","modified_gmt":"2025-03-07T10:25:31","slug":"chuvas-muito-abaixo-da-media-no-pajeu","status":"publish","type":"post","link":"https:\/\/novabetaniafm.com.br\/novabetania87\/2025\/03\/07\/chuvas-muito-abaixo-da-media-no-pajeu\/","title":{"rendered":"Chuvas muito abaixo da m\u00e9dia no Paje\u00fa"},"content":{"rendered":"<div>\u00a0A regi\u00e3o do Sert\u00e3o do Paje\u00fa registrou um m\u00eas de fevereiro de poucas chuvas em 2025.<\/div>\n<p>&nbsp;<\/p>\n<p>De acordo com levantamento realizado pelo Blog Juliana Lima junto ao Instituto Agron\u00f4mico de Pernambuco \u2013 IPA, a regi\u00e3o somou na m\u00e9dia apenas 24,17 mil\u00edmetros de chuvas nas 17 cidades que integram a regi\u00e3o sertaneja.<\/p>\n<p>O maior volume de chuvas foi registrado no munic\u00edpio de Itapetim, com 76 mil\u00edmetros, seguido de Triunfo, com 61 mil\u00edmetros. Do outro lado, o IPA n\u00e3o registrou chuvas em Santa Cruz da Baixa Verde no \u00faltimo m\u00eas.<\/p>\n<p>Confira o ranking pluviom\u00e9trico do Paje\u00fa em fevereiro: Itapetim (76.0), Triunfo (61.0), Brejinho (36.0), Santa Terezinha (29.5), Calumbi (28.7), Afogados (28.0), Quixaba (23.2), S\u00e3o Jos\u00e9 do Egito (23.0), Tabira (19.0), Ingazeira (18.0), Tuparetama (15.7), Solid\u00e3o (15.0), Iguaracy (11.5), Serra Talhada (10.6), Carna\u00edba (8.5), Flores (7.3) e Santa Cruz da Baixa Verde (00).<\/p>\n\n<div style=\"font-size: 0px; height: 0px; line-height: 0px; margin: 0; padding: 0; clear: both;\"><\/div>","protected":false},"excerpt":{"rendered":"<p>\u00a0A regi\u00e3o do Sert\u00e3o do Paje\u00fa registrou um m\u00eas de fevereiro de poucas chuvas em 2025. &nbsp; De acordo com levantamento realizado pelo Blog Juliana Lima junto ao Instituto Agron\u00f4mico de Pernambuco \u2013 IPA, a&#8230;<\/p>\n","protected":false},"author":4,"featured_media":637,"comment_status":"open","ping_status":"open","sticky":false,"template":"","format":"standard","meta":{"footnotes":""},"categories":[17],"tags":[],"class_list":["post-5296","post","type-post","status-publish","format-standard","has-post-thumbnail","hentry","category-sertao"],"yoast_head":"<!-- This site is optimized with the Yoast SEO plugin v24.5 - https:\/\/yoast.com\/wordpress\/plugins\/seo\/ -->\n<title>Chuvas muito abaixo da m\u00e9dia no Paje\u00fa - Nova Bet\u00e2nia FM 87,9<\/title>\n<meta name=\"robots\" content=\"index, follow, max-snippet:-1, max-image-preview:large, max-video-preview:-1\" \/>\n<link rel=\"canonical\" href=\"https:\/\/novabetaniafm.com.br\/novabetania87\/2025\/03\/07\/chuvas-muito-abaixo-da-media-no-pajeu\/\" \/>\n<meta property=\"og:locale\" content=\"pt_BR\" \/>\n<meta property=\"og:type\" content=\"article\" \/>\n<meta property=\"og:title\" content=\"Chuvas muito abaixo da m\u00e9dia no Paje\u00fa - Nova Bet\u00e2nia FM 87,9\" \/>\n<meta property=\"og:description\" content=\"\u00a0A regi\u00e3o do Sert\u00e3o do Paje\u00fa registrou um m\u00eas de fevereiro de poucas chuvas em 2025. &nbsp; De acordo com levantamento realizado pelo Blog Juliana Lima junto ao Instituto Agron\u00f4mico de Pernambuco \u2013 IPA, a...\" \/>\n<meta property=\"og:url\" content=\"https:\/\/novabetaniafm.com.br\/novabetania87\/2025\/03\/07\/chuvas-muito-abaixo-da-media-no-pajeu\/\" \/>\n<meta property=\"og:site_name\" content=\"Nova Bet\u00e2nia FM 87,9\" \/>\n<meta property=\"article:published_time\" content=\"2025-03-07T10:25:31+00:00\" \/>\n<meta property=\"og:image\" content=\"http:\/\/novabetaniafm.com.br\/novabetania87\/wp-content\/uploads\/2022\/05\/chuva.webp\" \/>\n\t<meta property=\"og:image:width\" content=\"262\" \/>\n\t<meta property=\"og:image:height\" content=\"193\" \/>\n\t<meta property=\"og:image:type\" content=\"image\/webp\" \/>\n<meta name=\"author\" content=\"Nova Bet\u00e2nia FM\" \/>\n<meta name=\"twitter:card\" content=\"summary_large_image\" \/>\n<meta name=\"twitter:label1\" content=\"Escrito por\" \/>\n\t<meta name=\"twitter:data1\" content=\"Nova Bet\u00e2nia FM\" \/>\n\t<meta name=\"twitter:label2\" content=\"Est. tempo de leitura\" \/>\n\t<meta name=\"twitter:data2\" content=\"1 minuto\" \/>\n<script type=\"application\/ld+json\" class=\"yoast-schema-graph\">{\"@context\":\"https:\/\/schema.org\",\"@graph\":[{\"@type\":\"Article\",\"@id\":\"https:\/\/novabetaniafm.com.br\/novabetania87\/2025\/03\/07\/chuvas-muito-abaixo-da-media-no-pajeu\/#article\",\"isPartOf\":{\"@id\":\"https:\/\/novabetaniafm.com.br\/novabetania87\/2025\/03\/07\/chuvas-muito-abaixo-da-media-no-pajeu\/\"},\"author\":{\"name\":\"Nova Bet\u00e2nia FM\",\"@id\":\"https:\/\/novabetaniafm.com.br\/novabetania87\/#\/schema\/person\/73fd05cbd77cd30a7bab1141b8ab8555\"},\"headline\":\"Chuvas muito abaixo da m\u00e9dia no Paje\u00fa\",\"datePublished\":\"2025-03-07T10:25:31+00:00\",\"mainEntityOfPage\":{\"@id\":\"https:\/\/novabetaniafm.com.br\/novabetania87\/2025\/03\/07\/chuvas-muito-abaixo-da-media-no-pajeu\/\"},\"wordCount\":143,\"commentCount\":0,\"publisher\":{\"@id\":\"https:\/\/novabetaniafm.com.br\/novabetania87\/#organization\"},\"image\":{\"@id\":\"https:\/\/novabetaniafm.com.br\/novabetania87\/2025\/03\/07\/chuvas-muito-abaixo-da-media-no-pajeu\/#primaryimage\"},\"thumbnailUrl\":\"https:\/\/novabetaniafm.com.br\/novabetania87\/wp-content\/uploads\/2022\/05\/chuva.webp\",\"articleSection\":[\"Sert\u00e3o\"],\"inLanguage\":\"pt-BR\",\"potentialAction\":[{\"@type\":\"CommentAction\",\"name\":\"Comment\",\"target\":[\"https:\/\/novabetaniafm.com.br\/novabetania87\/2025\/03\/07\/chuvas-muito-abaixo-da-media-no-pajeu\/#respond\"]}]},{\"@type\":\"WebPage\",\"@id\":\"https:\/\/novabetaniafm.com.br\/novabetania87\/2025\/03\/07\/chuvas-muito-abaixo-da-media-no-pajeu\/\",\"url\":\"https:\/\/novabetaniafm.com.br\/novabetania87\/2025\/03\/07\/chuvas-muito-abaixo-da-media-no-pajeu\/\",\"name\":\"Chuvas muito abaixo da m\u00e9dia no Paje\u00fa - Nova Bet\u00e2nia FM 87,9\",\"isPartOf\":{\"@id\":\"https:\/\/novabetaniafm.com.br\/novabetania87\/#website\"},\"primaryImageOfPage\":{\"@id\":\"https:\/\/novabetaniafm.com.br\/novabetania87\/2025\/03\/07\/chuvas-muito-abaixo-da-media-no-pajeu\/#primaryimage\"},\"image\":{\"@id\":\"https:\/\/novabetaniafm.com.br\/novabetania87\/2025\/03\/07\/chuvas-muito-abaixo-da-media-no-pajeu\/#primaryimage\"},\"thumbnailUrl\":\"https:\/\/novabetaniafm.com.br\/novabetania87\/wp-content\/uploads\/2022\/05\/chuva.webp\",\"datePublished\":\"2025-03-07T10:25:31+00:00\",\"breadcrumb\":{\"@id\":\"https:\/\/novabetaniafm.com.br\/novabetania87\/2025\/03\/07\/chuvas-muito-abaixo-da-media-no-pajeu\/#breadcrumb\"},\"inLanguage\":\"pt-BR\",\"potentialAction\":[{\"@type\":\"ReadAction\",\"target\":[\"https:\/\/novabetaniafm.com.br\/novabetania87\/2025\/03\/07\/chuvas-muito-abaixo-da-media-no-pajeu\/\"]}]},{\"@type\":\"ImageObject\",\"inLanguage\":\"pt-BR\",\"@id\":\"https:\/\/novabetaniafm.com.br\/novabetania87\/2025\/03\/07\/chuvas-muito-abaixo-da-media-no-pajeu\/#primaryimage\",\"url\":\"https:\/\/novabetaniafm.com.br\/novabetania87\/wp-content\/uploads\/2022\/05\/chuva.webp\",\"contentUrl\":\"https:\/\/novabetaniafm.com.br\/novabetania87\/wp-content\/uploads\/2022\/05\/chuva.webp\",\"width\":262,\"height\":193},{\"@type\":\"BreadcrumbList\",\"@id\":\"https:\/\/novabetaniafm.com.br\/novabetania87\/2025\/03\/07\/chuvas-muito-abaixo-da-media-no-pajeu\/#breadcrumb\",\"itemListElement\":[{\"@type\":\"ListItem\",\"position\":1,\"name\":\"In\u00edcio\",\"item\":\"https:\/\/novabetaniafm.com.br\/novabetania87\/\"},{\"@type\":\"ListItem\",\"position\":2,\"name\":\"Chuvas muito abaixo da m\u00e9dia no Paje\u00fa\"}]},{\"@type\":\"WebSite\",\"@id\":\"https:\/\/novabetaniafm.com.br\/novabetania87\/#website\",\"url\":\"https:\/\/novabetaniafm.com.br\/novabetania87\/\",\"name\":\"Nova Bet\u00e2nia FM 87,9\",\"description\":\"Ligada em voc\u00ea!\",\"publisher\":{\"@id\":\"https:\/\/novabetaniafm.com.br\/novabetania87\/#organization\"},\"potentialAction\":[{\"@type\":\"SearchAction\",\"target\":{\"@type\":\"EntryPoint\",\"urlTemplate\":\"https:\/\/novabetaniafm.com.br\/novabetania87\/?s={search_term_string}\"},\"query-input\":{\"@type\":\"PropertyValueSpecification\",\"valueRequired\":true,\"valueName\":\"search_term_string\"}}],\"inLanguage\":\"pt-BR\"},{\"@type\":\"Organization\",\"@id\":\"https:\/\/novabetaniafm.com.br\/novabetania87\/#organization\",\"name\":\"Nova Bet\u00e2nia FM 87,9\",\"url\":\"https:\/\/novabetaniafm.com.br\/novabetania87\/\",\"logo\":{\"@type\":\"ImageObject\",\"inLanguage\":\"pt-BR\",\"@id\":\"https:\/\/novabetaniafm.com.br\/novabetania87\/#\/schema\/logo\/image\/\",\"url\":\"https:\/\/novabetaniafm.com.br\/novabetania87\/wp-content\/uploads\/2024\/05\/logo.png\",\"contentUrl\":\"https:\/\/novabetaniafm.com.br\/novabetania87\/wp-content\/uploads\/2024\/05\/logo.png\",\"width\":211,\"height\":144,\"caption\":\"Nova Bet\u00e2nia FM 87,9\"},\"image\":{\"@id\":\"https:\/\/novabetaniafm.com.br\/novabetania87\/#\/schema\/logo\/image\/\"}},{\"@type\":\"Person\",\"@id\":\"https:\/\/novabetaniafm.com.br\/novabetania87\/#\/schema\/person\/73fd05cbd77cd30a7bab1141b8ab8555\",\"name\":\"Nova Bet\u00e2nia FM\",\"image\":{\"@type\":\"ImageObject\",\"inLanguage\":\"pt-BR\",\"@id\":\"https:\/\/novabetaniafm.com.br\/novabetania87\/#\/schema\/person\/image\/\",\"url\":\"https:\/\/secure.gravatar.com\/avatar\/e0359add7ed5dc3560906d861b52c6a8cf5c1e199d3a7dd85070998f49bd4701?s=96&d=mm&r=g\",\"contentUrl\":\"https:\/\/secure.gravatar.com\/avatar\/e0359add7ed5dc3560906d861b52c6a8cf5c1e199d3a7dd85070998f49bd4701?s=96&d=mm&r=g\",\"caption\":\"Nova Bet\u00e2nia FM\"},\"url\":\"https:\/\/novabetaniafm.com.br\/novabetania87\/author\/novabetaniafm879\/\"}]}<\/script>\n<!-- \/ Yoast SEO plugin. -->","yoast_head_json":{"title":"Chuvas muito abaixo da m\u00e9dia no Paje\u00fa - Nova Bet\u00e2nia FM 87,9","robots":{"index":"index","follow":"follow","max-snippet":"max-snippet:-1","max-image-preview":"max-image-preview:large","max-video-preview":"max-video-preview:-1"},"canonical":"https:\/\/novabetaniafm.com.br\/novabetania87\/2025\/03\/07\/chuvas-muito-abaixo-da-media-no-pajeu\/","og_locale":"pt_BR","og_type":"article","og_title":"Chuvas muito abaixo da m\u00e9dia no Paje\u00fa - Nova Bet\u00e2nia FM 87,9","og_description":"\u00a0A regi\u00e3o do Sert\u00e3o do Paje\u00fa registrou um m\u00eas de fevereiro de poucas chuvas em 2025. &nbsp; De acordo com levantamento realizado pelo Blog Juliana Lima junto ao Instituto Agron\u00f4mico de Pernambuco \u2013 IPA, a...","og_url":"https:\/\/novabetaniafm.com.br\/novabetania87\/2025\/03\/07\/chuvas-muito-abaixo-da-media-no-pajeu\/","og_site_name":"Nova Bet\u00e2nia FM 87,9","article_published_time":"2025-03-07T10:25:31+00:00","og_image":[{"width":262,"height":193,"url":"http:\/\/novabetaniafm.com.br\/novabetania87\/wp-content\/uploads\/2022\/05\/chuva.webp","type":"image\/webp"}],"author":"Nova Bet\u00e2nia FM","twitter_card":"summary_large_image","twitter_misc":{"Escrito por":"Nova Bet\u00e2nia FM","Est. tempo de leitura":"1 minuto"},"schema":{"@context":"https:\/\/schema.org","@graph":[{"@type":"Article","@id":"https:\/\/novabetaniafm.com.br\/novabetania87\/2025\/03\/07\/chuvas-muito-abaixo-da-media-no-pajeu\/#article","isPartOf":{"@id":"https:\/\/novabetaniafm.com.br\/novabetania87\/2025\/03\/07\/chuvas-muito-abaixo-da-media-no-pajeu\/"},"author":{"name":"Nova Bet\u00e2nia FM","@id":"https:\/\/novabetaniafm.com.br\/novabetania87\/#\/schema\/person\/73fd05cbd77cd30a7bab1141b8ab8555"},"headline":"Chuvas muito abaixo da m\u00e9dia no Paje\u00fa","datePublished":"2025-03-07T10:25:31+00:00","mainEntityOfPage":{"@id":"https:\/\/novabetaniafm.com.br\/novabetania87\/2025\/03\/07\/chuvas-muito-abaixo-da-media-no-pajeu\/"},"wordCount":143,"commentCount":0,"publisher":{"@id":"https:\/\/novabetaniafm.com.br\/novabetania87\/#organization"},"image":{"@id":"https:\/\/novabetaniafm.com.br\/novabetania87\/2025\/03\/07\/chuvas-muito-abaixo-da-media-no-pajeu\/#primaryimage"},"thumbnailUrl":"https:\/\/novabetaniafm.com.br\/novabetania87\/wp-content\/uploads\/2022\/05\/chuva.webp","articleSection":["Sert\u00e3o"],"inLanguage":"pt-BR","potentialAction":[{"@type":"CommentAction","name":"Comment","target":["https:\/\/novabetaniafm.com.br\/novabetania87\/2025\/03\/07\/chuvas-muito-abaixo-da-media-no-pajeu\/#respond"]}]},{"@type":"WebPage","@id":"https:\/\/novabetaniafm.com.br\/novabetania87\/2025\/03\/07\/chuvas-muito-abaixo-da-media-no-pajeu\/","url":"https:\/\/novabetaniafm.com.br\/novabetania87\/2025\/03\/07\/chuvas-muito-abaixo-da-media-no-pajeu\/","name":"Chuvas muito abaixo da m\u00e9dia no Paje\u00fa - Nova Bet\u00e2nia FM 87,9","isPartOf":{"@id":"https:\/\/novabetaniafm.com.br\/novabetania87\/#website"},"primaryImageOfPage":{"@id":"https:\/\/novabetaniafm.com.br\/novabetania87\/2025\/03\/07\/chuvas-muito-abaixo-da-media-no-pajeu\/#primaryimage"},"image":{"@id":"https:\/\/novabetaniafm.com.br\/novabetania87\/2025\/03\/07\/chuvas-muito-abaixo-da-media-no-pajeu\/#primaryimage"},"thumbnailUrl":"https:\/\/novabetaniafm.com.br\/novabetania87\/wp-content\/uploads\/2022\/05\/chuva.webp","datePublished":"2025-03-07T10:25:31+00:00","breadcrumb":{"@id":"https:\/\/novabetaniafm.com.br\/novabetania87\/2025\/03\/07\/chuvas-muito-abaixo-da-media-no-pajeu\/#breadcrumb"},"inLanguage":"pt-BR","potentialAction":[{"@type":"ReadAction","target":["https:\/\/novabetaniafm.com.br\/novabetania87\/2025\/03\/07\/chuvas-muito-abaixo-da-media-no-pajeu\/"]}]},{"@type":"ImageObject","inLanguage":"pt-BR","@id":"https:\/\/novabetaniafm.com.br\/novabetania87\/2025\/03\/07\/chuvas-muito-abaixo-da-media-no-pajeu\/#primaryimage","url":"https:\/\/novabetaniafm.com.br\/novabetania87\/wp-content\/uploads\/2022\/05\/chuva.webp","contentUrl":"https:\/\/novabetaniafm.com.br\/novabetania87\/wp-content\/uploads\/2022\/05\/chuva.webp","width":262,"height":193},{"@type":"BreadcrumbList","@id":"https:\/\/novabetaniafm.com.br\/novabetania87\/2025\/03\/07\/chuvas-muito-abaixo-da-media-no-pajeu\/#breadcrumb","itemListElement":[{"@type":"ListItem","position":1,"name":"In\u00edcio","item":"https:\/\/novabetaniafm.com.br\/novabetania87\/"},{"@type":"ListItem","position":2,"name":"Chuvas muito abaixo da m\u00e9dia no Paje\u00fa"}]},{"@type":"WebSite","@id":"https:\/\/novabetaniafm.com.br\/novabetania87\/#website","url":"https:\/\/novabetaniafm.com.br\/novabetania87\/","name":"Nova Bet\u00e2nia FM 87,9","description":"Ligada em voc\u00ea!","publisher":{"@id":"https:\/\/novabetaniafm.com.br\/novabetania87\/#organization"},"potentialAction":[{"@type":"SearchAction","target":{"@type":"EntryPoint","urlTemplate":"https:\/\/novabetaniafm.com.br\/novabetania87\/?s={search_term_string}"},"query-input":{"@type":"PropertyValueSpecification","valueRequired":true,"valueName":"search_term_string"}}],"inLanguage":"pt-BR"},{"@type":"Organization","@id":"https:\/\/novabetaniafm.com.br\/novabetania87\/#organization","name":"Nova Bet\u00e2nia FM 87,9","url":"https:\/\/novabetaniafm.com.br\/novabetania87\/","logo":{"@type":"ImageObject","inLanguage":"pt-BR","@id":"https:\/\/novabetaniafm.com.br\/novabetania87\/#\/schema\/logo\/image\/","url":"https:\/\/novabetaniafm.com.br\/novabetania87\/wp-content\/uploads\/2024\/05\/logo.png","contentUrl":"https:\/\/novabetaniafm.com.br\/novabetania87\/wp-content\/uploads\/2024\/05\/logo.png","width":211,"height":144,"caption":"Nova Bet\u00e2nia FM 87,9"},"image":{"@id":"https:\/\/novabetaniafm.com.br\/novabetania87\/#\/schema\/logo\/image\/"}},{"@type":"Person","@id":"https:\/\/novabetaniafm.com.br\/novabetania87\/#\/schema\/person\/73fd05cbd77cd30a7bab1141b8ab8555","name":"Nova Bet\u00e2nia FM","image":{"@type":"ImageObject","inLanguage":"pt-BR","@id":"https:\/\/novabetaniafm.com.br\/novabetania87\/#\/schema\/person\/image\/","url":"https:\/\/secure.gravatar.com\/avatar\/e0359add7ed5dc3560906d861b52c6a8cf5c1e199d3a7dd85070998f49bd4701?s=96&d=mm&r=g","contentUrl":"https:\/\/secure.gravatar.com\/avatar\/e0359add7ed5dc3560906d861b52c6a8cf5c1e199d3a7dd85070998f49bd4701?s=96&d=mm&r=g","caption":"Nova Bet\u00e2nia FM"},"url":"https:\/\/novabetaniafm.com.br\/novabetania87\/author\/novabetaniafm879\/"}]}},"jetpack_featured_media_url":"https:\/\/novabetaniafm.com.br\/novabetania87\/wp-content\/uploads\/2022\/05\/chuva.webp","_links":{"self":[{"href":"https:\/\/novabetaniafm.com.br\/novabetania87\/wp-json\/wp\/v2\/posts\/5296","targetHints":{"allow":["GET"]}}],"collection":[{"href":"https:\/\/novabetaniafm.com.br\/novabetania87\/wp-json\/wp\/v2\/posts"}],"about":[{"href":"https:\/\/novabetaniafm.com.br\/novabetania87\/wp-json\/wp\/v2\/types\/post"}],"author":[{"embeddable":true,"href":"https:\/\/novabetaniafm.com.br\/novabetania87\/wp-json\/wp\/v2\/users\/4"}],"replies":[{"embeddable":true,"href":"https:\/\/novabetaniafm.com.br\/novabetania87\/wp-json\/wp\/v2\/comments?post=5296"}],"version-history":[{"count":1,"href":"https:\/\/novabetaniafm.com.br\/novabetania87\/wp-json\/wp\/v2\/posts\/5296\/revisions"}],"predecessor-version":[{"id":5297,"href":"https:\/\/novabetaniafm.com.br\/novabetania87\/wp-json\/wp\/v2\/posts\/5296\/revisions\/5297"}],"wp:featuredmedia":[{"embeddable":true,"href":"https:\/\/novabetaniafm.com.br\/novabetania87\/wp-json\/wp\/v2\/media\/637"}],"wp:attachment":[{"href":"https:\/\/novabetaniafm.com.br\/novabetania87\/wp-json\/wp\/v2\/media?parent=5296"}],"wp:term":[{"taxonomy":"category","embeddable":true,"href":"https:\/\/novabetaniafm.com.br\/novabetania87\/wp-json\/wp\/v2\/categories?post=5296"},{"taxonomy":"post_tag","embeddable":true,"href":"https:\/\/novabetaniafm.com.br\/novabetania87\/wp-json\/wp\/v2\/tags?post=5296"}],"curies":[{"name":"wp","href":"https:\/\/api.w.org\/{rel}","templated":true}]}}