{"id":5293,"date":"2025-03-07T07:24:52","date_gmt":"2025-03-07T10:24:52","guid":{"rendered":"https:\/\/novabetaniafm.com.br\/novabetania87\/?p=5293"},"modified":"2025-03-07T07:24:52","modified_gmt":"2025-03-07T10:24:52","slug":"pernambuco-sempre-teve-espirito-de-luta-por-liberdade-democracia-e-igualdade-diz-raquel-lyra-nos-208-anos-da-revolucao-pernambucana","status":"publish","type":"post","link":"https:\/\/novabetaniafm.com.br\/novabetania87\/2025\/03\/07\/pernambuco-sempre-teve-espirito-de-luta-por-liberdade-democracia-e-igualdade-diz-raquel-lyra-nos-208-anos-da-revolucao-pernambucana\/","title":{"rendered":"\u201cPernambuco sempre teve esp\u00edrito de luta por liberdade, democracia e igualdade\u201d, diz Raquel Lyra nos 208 anos da Revolu\u00e7\u00e3o Pernambucana"},"content":{"rendered":"<div>A governadora de Pernambuco, Raquel Lyra, prestou homenagem \u00e0 Revolu\u00e7\u00e3o Pernambucana de 1817 em cerim\u00f4nia realizada nesta quinta-feira (6), no Pal\u00e1cio do Campo das Princesas, no Recife.<\/div>\n<p>Em seu discurso, Raquel Lyra ressaltou a import\u00e2ncia do movimento e a necessidade de manter vivo o esp\u00edrito de luta dos revolucion\u00e1rios.<\/p>\n<p>\u201cPernambuco sempre teve um esp\u00edrito de luta pelas liberdades, pela democracia, pela igualdade. Essas lutas, hoje, s\u00e3o muito importantes de serem sempre lembradas, porque a gente ainda tem muitos combates pela frente. A desigualdade \u00e9 permanente ainda. O desafio nosso \u00e9 para que a democracia real possa acontecer de verdade. As pessoas com direito \u00e0 moradia, escola decente, sa\u00fade, dignidade\u201d, afirmou.<\/p>\n<p>\u201cEnt\u00e3o \u00e9 um momento de reflex\u00e3o, mas tamb\u00e9m de reavivar dentro de n\u00f3s o esp\u00edrito daqueles que lutaram muito, que morreram e que vieram para c\u00e1 para que a gente pudesse viver hoje numa liberdade, numa democracia que ainda n\u00e3o se fez completa\u201d, acrescentou.<\/p>\n<p>O evento contou com o hasteamento das bandeiras do Brasil, de Pernambuco e do Governo do Estado, um momento de sil\u00eancio e a deposi\u00e7\u00e3o de uma coroa de flores em mem\u00f3ria dos revolucion\u00e1rios que perderam suas vidas na luta pela liberdade. A cerim\u00f4nia reuniu secret\u00e1rios de Estado, representantes das For\u00e7as de Seguran\u00e7a, membros do Corpo de Bombeiro e integrantes da Ma\u00e7onaria. Durante o evento, houve ainda um desfile da tropa em contin\u00eancia \u00e0 governadora.<\/p>\n\n<div style=\"font-size: 0px; height: 0px; line-height: 0px; margin: 0; padding: 0; clear: both;\"><\/div>","protected":false},"excerpt":{"rendered":"<p>A governadora de Pernambuco, Raquel Lyra, prestou homenagem \u00e0 Revolu\u00e7\u00e3o Pernambucana de 1817 em cerim\u00f4nia realizada nesta quinta-feira (6), no Pal\u00e1cio do Campo das Princesas, no Recife. Em seu discurso, Raquel Lyra ressaltou a import\u00e2ncia&#8230;<\/p>\n","protected":false},"author":4,"featured_media":5294,"comment_status":"open","ping_status":"open","sticky":false,"template":"","format":"standard","meta":{"footnotes":""},"categories":[10],"tags":[],"class_list":["post-5293","post","type-post","status-publish","format-standard","has-post-thumbnail","hentry","category-pernambuco"],"yoast_head":"<!-- This site is optimized with the Yoast SEO plugin v24.5 - https:\/\/yoast.com\/wordpress\/plugins\/seo\/ -->\n<title>\u201cPernambuco sempre teve esp\u00edrito de luta por liberdade, democracia e igualdade\u201d, diz Raquel Lyra nos 208 anos da Revolu\u00e7\u00e3o Pernambucana - Nova Bet\u00e2nia FM 87,9<\/title>\n<meta name=\"robots\" content=\"index, follow, max-snippet:-1, max-image-preview:large, max-video-preview:-1\" \/>\n<link rel=\"canonical\" href=\"https:\/\/novabetaniafm.com.br\/novabetania87\/2025\/03\/07\/pernambuco-sempre-teve-espirito-de-luta-por-liberdade-democracia-e-igualdade-diz-raquel-lyra-nos-208-anos-da-revolucao-pernambucana\/\" \/>\n<meta property=\"og:locale\" content=\"pt_BR\" \/>\n<meta property=\"og:type\" content=\"article\" \/>\n<meta property=\"og:title\" content=\"\u201cPernambuco sempre teve esp\u00edrito de luta por liberdade, democracia e igualdade\u201d, diz Raquel Lyra nos 208 anos da Revolu\u00e7\u00e3o Pernambucana - Nova Bet\u00e2nia FM 87,9\" \/>\n<meta property=\"og:description\" content=\"A governadora de Pernambuco, Raquel Lyra, prestou homenagem \u00e0 Revolu\u00e7\u00e3o Pernambucana de 1817 em cerim\u00f4nia realizada nesta quinta-feira (6), no Pal\u00e1cio do Campo das Princesas, no Recife. Em seu discurso, Raquel Lyra ressaltou a import\u00e2ncia...\" \/>\n<meta property=\"og:url\" content=\"https:\/\/novabetaniafm.com.br\/novabetania87\/2025\/03\/07\/pernambuco-sempre-teve-espirito-de-luta-por-liberdade-democracia-e-igualdade-diz-raquel-lyra-nos-208-anos-da-revolucao-pernambucana\/\" \/>\n<meta property=\"og:site_name\" content=\"Nova Bet\u00e2nia FM 87,9\" \/>\n<meta property=\"article:published_time\" content=\"2025-03-07T10:24:52+00:00\" \/>\n<meta property=\"og:image\" content=\"http:\/\/novabetaniafm.com.br\/novabetania87\/wp-content\/uploads\/2025\/03\/IMG_9183.jpeg\" \/>\n\t<meta property=\"og:image:width\" content=\"400\" \/>\n\t<meta property=\"og:image:height\" content=\"266\" \/>\n\t<meta property=\"og:image:type\" content=\"image\/jpeg\" \/>\n<meta name=\"author\" content=\"Nova Bet\u00e2nia FM\" \/>\n<meta name=\"twitter:card\" content=\"summary_large_image\" \/>\n<meta name=\"twitter:label1\" content=\"Escrito por\" \/>\n\t<meta name=\"twitter:data1\" content=\"Nova Bet\u00e2nia FM\" \/>\n\t<meta name=\"twitter:label2\" content=\"Est. tempo de leitura\" \/>\n\t<meta name=\"twitter:data2\" content=\"2 minutos\" \/>\n<script type=\"application\/ld+json\" class=\"yoast-schema-graph\">{\"@context\":\"https:\/\/schema.org\",\"@graph\":[{\"@type\":\"Article\",\"@id\":\"https:\/\/novabetaniafm.com.br\/novabetania87\/2025\/03\/07\/pernambuco-sempre-teve-espirito-de-luta-por-liberdade-democracia-e-igualdade-diz-raquel-lyra-nos-208-anos-da-revolucao-pernambucana\/#article\",\"isPartOf\":{\"@id\":\"https:\/\/novabetaniafm.com.br\/novabetania87\/2025\/03\/07\/pernambuco-sempre-teve-espirito-de-luta-por-liberdade-democracia-e-igualdade-diz-raquel-lyra-nos-208-anos-da-revolucao-pernambucana\/\"},\"author\":{\"name\":\"Nova Bet\u00e2nia FM\",\"@id\":\"https:\/\/novabetaniafm.com.br\/novabetania87\/#\/schema\/person\/73fd05cbd77cd30a7bab1141b8ab8555\"},\"headline\":\"\u201cPernambuco sempre teve esp\u00edrito de luta por liberdade, democracia e igualdade\u201d, diz Raquel Lyra nos 208 anos da Revolu\u00e7\u00e3o Pernambucana\",\"datePublished\":\"2025-03-07T10:24:52+00:00\",\"mainEntityOfPage\":{\"@id\":\"https:\/\/novabetaniafm.com.br\/novabetania87\/2025\/03\/07\/pernambuco-sempre-teve-espirito-de-luta-por-liberdade-democracia-e-igualdade-diz-raquel-lyra-nos-208-anos-da-revolucao-pernambucana\/\"},\"wordCount\":266,\"commentCount\":0,\"publisher\":{\"@id\":\"https:\/\/novabetaniafm.com.br\/novabetania87\/#organization\"},\"image\":{\"@id\":\"https:\/\/novabetaniafm.com.br\/novabetania87\/2025\/03\/07\/pernambuco-sempre-teve-espirito-de-luta-por-liberdade-democracia-e-igualdade-diz-raquel-lyra-nos-208-anos-da-revolucao-pernambucana\/#primaryimage\"},\"thumbnailUrl\":\"https:\/\/novabetaniafm.com.br\/novabetania87\/wp-content\/uploads\/2025\/03\/IMG_9183.jpeg\",\"articleSection\":[\"Pernambuco\"],\"inLanguage\":\"pt-BR\",\"potentialAction\":[{\"@type\":\"CommentAction\",\"name\":\"Comment\",\"target\":[\"https:\/\/novabetaniafm.com.br\/novabetania87\/2025\/03\/07\/pernambuco-sempre-teve-espirito-de-luta-por-liberdade-democracia-e-igualdade-diz-raquel-lyra-nos-208-anos-da-revolucao-pernambucana\/#respond\"]}]},{\"@type\":\"WebPage\",\"@id\":\"https:\/\/novabetaniafm.com.br\/novabetania87\/2025\/03\/07\/pernambuco-sempre-teve-espirito-de-luta-por-liberdade-democracia-e-igualdade-diz-raquel-lyra-nos-208-anos-da-revolucao-pernambucana\/\",\"url\":\"https:\/\/novabetaniafm.com.br\/novabetania87\/2025\/03\/07\/pernambuco-sempre-teve-espirito-de-luta-por-liberdade-democracia-e-igualdade-diz-raquel-lyra-nos-208-anos-da-revolucao-pernambucana\/\",\"name\":\"\u201cPernambuco sempre teve esp\u00edrito de luta por liberdade, democracia e igualdade\u201d, diz Raquel Lyra nos 208 anos da Revolu\u00e7\u00e3o Pernambucana - Nova Bet\u00e2nia FM 87,9\",\"isPartOf\":{\"@id\":\"https:\/\/novabetaniafm.com.br\/novabetania87\/#website\"},\"primaryImageOfPage\":{\"@id\":\"https:\/\/novabetaniafm.com.br\/novabetania87\/2025\/03\/07\/pernambuco-sempre-teve-espirito-de-luta-por-liberdade-democracia-e-igualdade-diz-raquel-lyra-nos-208-anos-da-revolucao-pernambucana\/#primaryimage\"},\"image\":{\"@id\":\"https:\/\/novabetaniafm.com.br\/novabetania87\/2025\/03\/07\/pernambuco-sempre-teve-espirito-de-luta-por-liberdade-democracia-e-igualdade-diz-raquel-lyra-nos-208-anos-da-revolucao-pernambucana\/#primaryimage\"},\"thumbnailUrl\":\"https:\/\/novabetaniafm.com.br\/novabetania87\/wp-content\/uploads\/2025\/03\/IMG_9183.jpeg\",\"datePublished\":\"2025-03-07T10:24:52+00:00\",\"breadcrumb\":{\"@id\":\"https:\/\/novabetaniafm.com.br\/novabetania87\/2025\/03\/07\/pernambuco-sempre-teve-espirito-de-luta-por-liberdade-democracia-e-igualdade-diz-raquel-lyra-nos-208-anos-da-revolucao-pernambucana\/#breadcrumb\"},\"inLanguage\":\"pt-BR\",\"potentialAction\":[{\"@type\":\"ReadAction\",\"target\":[\"https:\/\/novabetaniafm.com.br\/novabetania87\/2025\/03\/07\/pernambuco-sempre-teve-espirito-de-luta-por-liberdade-democracia-e-igualdade-diz-raquel-lyra-nos-208-anos-da-revolucao-pernambucana\/\"]}]},{\"@type\":\"ImageObject\",\"inLanguage\":\"pt-BR\",\"@id\":\"https:\/\/novabetaniafm.com.br\/novabetania87\/2025\/03\/07\/pernambuco-sempre-teve-espirito-de-luta-por-liberdade-democracia-e-igualdade-diz-raquel-lyra-nos-208-anos-da-revolucao-pernambucana\/#primaryimage\",\"url\":\"https:\/\/novabetaniafm.com.br\/novabetania87\/wp-content\/uploads\/2025\/03\/IMG_9183.jpeg\",\"contentUrl\":\"https:\/\/novabetaniafm.com.br\/novabetania87\/wp-content\/uploads\/2025\/03\/IMG_9183.jpeg\",\"width\":400,\"height\":266},{\"@type\":\"BreadcrumbList\",\"@id\":\"https:\/\/novabetaniafm.com.br\/novabetania87\/2025\/03\/07\/pernambuco-sempre-teve-espirito-de-luta-por-liberdade-democracia-e-igualdade-diz-raquel-lyra-nos-208-anos-da-revolucao-pernambucana\/#breadcrumb\",\"itemListElement\":[{\"@type\":\"ListItem\",\"position\":1,\"name\":\"In\u00edcio\",\"item\":\"https:\/\/novabetaniafm.com.br\/novabetania87\/\"},{\"@type\":\"ListItem\",\"position\":2,\"name\":\"\u201cPernambuco sempre teve esp\u00edrito de luta por liberdade, democracia e igualdade\u201d, diz Raquel Lyra nos 208 anos da Revolu\u00e7\u00e3o Pernambucana\"}]},{\"@type\":\"WebSite\",\"@id\":\"https:\/\/novabetaniafm.com.br\/novabetania87\/#website\",\"url\":\"https:\/\/novabetaniafm.com.br\/novabetania87\/\",\"name\":\"Nova Bet\u00e2nia FM 87,9\",\"description\":\"Ligada em voc\u00ea!\",\"publisher\":{\"@id\":\"https:\/\/novabetaniafm.com.br\/novabetania87\/#organization\"},\"potentialAction\":[{\"@type\":\"SearchAction\",\"target\":{\"@type\":\"EntryPoint\",\"urlTemplate\":\"https:\/\/novabetaniafm.com.br\/novabetania87\/?s={search_term_string}\"},\"query-input\":{\"@type\":\"PropertyValueSpecification\",\"valueRequired\":true,\"valueName\":\"search_term_string\"}}],\"inLanguage\":\"pt-BR\"},{\"@type\":\"Organization\",\"@id\":\"https:\/\/novabetaniafm.com.br\/novabetania87\/#organization\",\"name\":\"Nova Bet\u00e2nia FM 87,9\",\"url\":\"https:\/\/novabetaniafm.com.br\/novabetania87\/\",\"logo\":{\"@type\":\"ImageObject\",\"inLanguage\":\"pt-BR\",\"@id\":\"https:\/\/novabetaniafm.com.br\/novabetania87\/#\/schema\/logo\/image\/\",\"url\":\"https:\/\/novabetaniafm.com.br\/novabetania87\/wp-content\/uploads\/2024\/05\/logo.png\",\"contentUrl\":\"https:\/\/novabetaniafm.com.br\/novabetania87\/wp-content\/uploads\/2024\/05\/logo.png\",\"width\":211,\"height\":144,\"caption\":\"Nova Bet\u00e2nia FM 87,9\"},\"image\":{\"@id\":\"https:\/\/novabetaniafm.com.br\/novabetania87\/#\/schema\/logo\/image\/\"}},{\"@type\":\"Person\",\"@id\":\"https:\/\/novabetaniafm.com.br\/novabetania87\/#\/schema\/person\/73fd05cbd77cd30a7bab1141b8ab8555\",\"name\":\"Nova Bet\u00e2nia FM\",\"image\":{\"@type\":\"ImageObject\",\"inLanguage\":\"pt-BR\",\"@id\":\"https:\/\/novabetaniafm.com.br\/novabetania87\/#\/schema\/person\/image\/\",\"url\":\"https:\/\/secure.gravatar.com\/avatar\/e0359add7ed5dc3560906d861b52c6a8cf5c1e199d3a7dd85070998f49bd4701?s=96&d=mm&r=g\",\"contentUrl\":\"https:\/\/secure.gravatar.com\/avatar\/e0359add7ed5dc3560906d861b52c6a8cf5c1e199d3a7dd85070998f49bd4701?s=96&d=mm&r=g\",\"caption\":\"Nova Bet\u00e2nia FM\"},\"url\":\"https:\/\/novabetaniafm.com.br\/novabetania87\/author\/novabetaniafm879\/\"}]}<\/script>\n<!-- \/ Yoast SEO plugin. -->","yoast_head_json":{"title":"\u201cPernambuco sempre teve esp\u00edrito de luta por liberdade, democracia e igualdade\u201d, diz Raquel Lyra nos 208 anos da Revolu\u00e7\u00e3o Pernambucana - Nova Bet\u00e2nia FM 87,9","robots":{"index":"index","follow":"follow","max-snippet":"max-snippet:-1","max-image-preview":"max-image-preview:large","max-video-preview":"max-video-preview:-1"},"canonical":"https:\/\/novabetaniafm.com.br\/novabetania87\/2025\/03\/07\/pernambuco-sempre-teve-espirito-de-luta-por-liberdade-democracia-e-igualdade-diz-raquel-lyra-nos-208-anos-da-revolucao-pernambucana\/","og_locale":"pt_BR","og_type":"article","og_title":"\u201cPernambuco sempre teve esp\u00edrito de luta por liberdade, democracia e igualdade\u201d, diz Raquel Lyra nos 208 anos da Revolu\u00e7\u00e3o Pernambucana - Nova Bet\u00e2nia FM 87,9","og_description":"A governadora de Pernambuco, Raquel Lyra, prestou homenagem \u00e0 Revolu\u00e7\u00e3o Pernambucana de 1817 em cerim\u00f4nia realizada nesta quinta-feira (6), no Pal\u00e1cio do Campo das Princesas, no Recife. Em seu discurso, Raquel Lyra ressaltou a import\u00e2ncia...","og_url":"https:\/\/novabetaniafm.com.br\/novabetania87\/2025\/03\/07\/pernambuco-sempre-teve-espirito-de-luta-por-liberdade-democracia-e-igualdade-diz-raquel-lyra-nos-208-anos-da-revolucao-pernambucana\/","og_site_name":"Nova Bet\u00e2nia FM 87,9","article_published_time":"2025-03-07T10:24:52+00:00","og_image":[{"width":400,"height":266,"url":"http:\/\/novabetaniafm.com.br\/novabetania87\/wp-content\/uploads\/2025\/03\/IMG_9183.jpeg","type":"image\/jpeg"}],"author":"Nova Bet\u00e2nia FM","twitter_card":"summary_large_image","twitter_misc":{"Escrito por":"Nova Bet\u00e2nia FM","Est. tempo de leitura":"2 minutos"},"schema":{"@context":"https:\/\/schema.org","@graph":[{"@type":"Article","@id":"https:\/\/novabetaniafm.com.br\/novabetania87\/2025\/03\/07\/pernambuco-sempre-teve-espirito-de-luta-por-liberdade-democracia-e-igualdade-diz-raquel-lyra-nos-208-anos-da-revolucao-pernambucana\/#article","isPartOf":{"@id":"https:\/\/novabetaniafm.com.br\/novabetania87\/2025\/03\/07\/pernambuco-sempre-teve-espirito-de-luta-por-liberdade-democracia-e-igualdade-diz-raquel-lyra-nos-208-anos-da-revolucao-pernambucana\/"},"author":{"name":"Nova Bet\u00e2nia FM","@id":"https:\/\/novabetaniafm.com.br\/novabetania87\/#\/schema\/person\/73fd05cbd77cd30a7bab1141b8ab8555"},"headline":"\u201cPernambuco sempre teve esp\u00edrito de luta por liberdade, democracia e igualdade\u201d, diz Raquel Lyra nos 208 anos da Revolu\u00e7\u00e3o Pernambucana","datePublished":"2025-03-07T10:24:52+00:00","mainEntityOfPage":{"@id":"https:\/\/novabetaniafm.com.br\/novabetania87\/2025\/03\/07\/pernambuco-sempre-teve-espirito-de-luta-por-liberdade-democracia-e-igualdade-diz-raquel-lyra-nos-208-anos-da-revolucao-pernambucana\/"},"wordCount":266,"commentCount":0,"publisher":{"@id":"https:\/\/novabetaniafm.com.br\/novabetania87\/#organization"},"image":{"@id":"https:\/\/novabetaniafm.com.br\/novabetania87\/2025\/03\/07\/pernambuco-sempre-teve-espirito-de-luta-por-liberdade-democracia-e-igualdade-diz-raquel-lyra-nos-208-anos-da-revolucao-pernambucana\/#primaryimage"},"thumbnailUrl":"https:\/\/novabetaniafm.com.br\/novabetania87\/wp-content\/uploads\/2025\/03\/IMG_9183.jpeg","articleSection":["Pernambuco"],"inLanguage":"pt-BR","potentialAction":[{"@type":"CommentAction","name":"Comment","target":["https:\/\/novabetaniafm.com.br\/novabetania87\/2025\/03\/07\/pernambuco-sempre-teve-espirito-de-luta-por-liberdade-democracia-e-igualdade-diz-raquel-lyra-nos-208-anos-da-revolucao-pernambucana\/#respond"]}]},{"@type":"WebPage","@id":"https:\/\/novabetaniafm.com.br\/novabetania87\/2025\/03\/07\/pernambuco-sempre-teve-espirito-de-luta-por-liberdade-democracia-e-igualdade-diz-raquel-lyra-nos-208-anos-da-revolucao-pernambucana\/","url":"https:\/\/novabetaniafm.com.br\/novabetania87\/2025\/03\/07\/pernambuco-sempre-teve-espirito-de-luta-por-liberdade-democracia-e-igualdade-diz-raquel-lyra-nos-208-anos-da-revolucao-pernambucana\/","name":"\u201cPernambuco sempre teve esp\u00edrito de luta por liberdade, democracia e igualdade\u201d, diz Raquel Lyra nos 208 anos da Revolu\u00e7\u00e3o Pernambucana - Nova Bet\u00e2nia FM 87,9","isPartOf":{"@id":"https:\/\/novabetaniafm.com.br\/novabetania87\/#website"},"primaryImageOfPage":{"@id":"https:\/\/novabetaniafm.com.br\/novabetania87\/2025\/03\/07\/pernambuco-sempre-teve-espirito-de-luta-por-liberdade-democracia-e-igualdade-diz-raquel-lyra-nos-208-anos-da-revolucao-pernambucana\/#primaryimage"},"image":{"@id":"https:\/\/novabetaniafm.com.br\/novabetania87\/2025\/03\/07\/pernambuco-sempre-teve-espirito-de-luta-por-liberdade-democracia-e-igualdade-diz-raquel-lyra-nos-208-anos-da-revolucao-pernambucana\/#primaryimage"},"thumbnailUrl":"https:\/\/novabetaniafm.com.br\/novabetania87\/wp-content\/uploads\/2025\/03\/IMG_9183.jpeg","datePublished":"2025-03-07T10:24:52+00:00","breadcrumb":{"@id":"https:\/\/novabetaniafm.com.br\/novabetania87\/2025\/03\/07\/pernambuco-sempre-teve-espirito-de-luta-por-liberdade-democracia-e-igualdade-diz-raquel-lyra-nos-208-anos-da-revolucao-pernambucana\/#breadcrumb"},"inLanguage":"pt-BR","potentialAction":[{"@type":"ReadAction","target":["https:\/\/novabetaniafm.com.br\/novabetania87\/2025\/03\/07\/pernambuco-sempre-teve-espirito-de-luta-por-liberdade-democracia-e-igualdade-diz-raquel-lyra-nos-208-anos-da-revolucao-pernambucana\/"]}]},{"@type":"ImageObject","inLanguage":"pt-BR","@id":"https:\/\/novabetaniafm.com.br\/novabetania87\/2025\/03\/07\/pernambuco-sempre-teve-espirito-de-luta-por-liberdade-democracia-e-igualdade-diz-raquel-lyra-nos-208-anos-da-revolucao-pernambucana\/#primaryimage","url":"https:\/\/novabetaniafm.com.br\/novabetania87\/wp-content\/uploads\/2025\/03\/IMG_9183.jpeg","contentUrl":"https:\/\/novabetaniafm.com.br\/novabetania87\/wp-content\/uploads\/2025\/03\/IMG_9183.jpeg","width":400,"height":266},{"@type":"BreadcrumbList","@id":"https:\/\/novabetaniafm.com.br\/novabetania87\/2025\/03\/07\/pernambuco-sempre-teve-espirito-de-luta-por-liberdade-democracia-e-igualdade-diz-raquel-lyra-nos-208-anos-da-revolucao-pernambucana\/#breadcrumb","itemListElement":[{"@type":"ListItem","position":1,"name":"In\u00edcio","item":"https:\/\/novabetaniafm.com.br\/novabetania87\/"},{"@type":"ListItem","position":2,"name":"\u201cPernambuco sempre teve esp\u00edrito de luta por liberdade, democracia e igualdade\u201d, diz Raquel Lyra nos 208 anos da Revolu\u00e7\u00e3o Pernambucana"}]},{"@type":"WebSite","@id":"https:\/\/novabetaniafm.com.br\/novabetania87\/#website","url":"https:\/\/novabetaniafm.com.br\/novabetania87\/","name":"Nova Bet\u00e2nia FM 87,9","description":"Ligada em voc\u00ea!","publisher":{"@id":"https:\/\/novabetaniafm.com.br\/novabetania87\/#organization"},"potentialAction":[{"@type":"SearchAction","target":{"@type":"EntryPoint","urlTemplate":"https:\/\/novabetaniafm.com.br\/novabetania87\/?s={search_term_string}"},"query-input":{"@type":"PropertyValueSpecification","valueRequired":true,"valueName":"search_term_string"}}],"inLanguage":"pt-BR"},{"@type":"Organization","@id":"https:\/\/novabetaniafm.com.br\/novabetania87\/#organization","name":"Nova Bet\u00e2nia FM 87,9","url":"https:\/\/novabetaniafm.com.br\/novabetania87\/","logo":{"@type":"ImageObject","inLanguage":"pt-BR","@id":"https:\/\/novabetaniafm.com.br\/novabetania87\/#\/schema\/logo\/image\/","url":"https:\/\/novabetaniafm.com.br\/novabetania87\/wp-content\/uploads\/2024\/05\/logo.png","contentUrl":"https:\/\/novabetaniafm.com.br\/novabetania87\/wp-content\/uploads\/2024\/05\/logo.png","width":211,"height":144,"caption":"Nova Bet\u00e2nia FM 87,9"},"image":{"@id":"https:\/\/novabetaniafm.com.br\/novabetania87\/#\/schema\/logo\/image\/"}},{"@type":"Person","@id":"https:\/\/novabetaniafm.com.br\/novabetania87\/#\/schema\/person\/73fd05cbd77cd30a7bab1141b8ab8555","name":"Nova Bet\u00e2nia FM","image":{"@type":"ImageObject","inLanguage":"pt-BR","@id":"https:\/\/novabetaniafm.com.br\/novabetania87\/#\/schema\/person\/image\/","url":"https:\/\/secure.gravatar.com\/avatar\/e0359add7ed5dc3560906d861b52c6a8cf5c1e199d3a7dd85070998f49bd4701?s=96&d=mm&r=g","contentUrl":"https:\/\/secure.gravatar.com\/avatar\/e0359add7ed5dc3560906d861b52c6a8cf5c1e199d3a7dd85070998f49bd4701?s=96&d=mm&r=g","caption":"Nova Bet\u00e2nia FM"},"url":"https:\/\/novabetaniafm.com.br\/novabetania87\/author\/novabetaniafm879\/"}]}},"jetpack_featured_media_url":"https:\/\/novabetaniafm.com.br\/novabetania87\/wp-content\/uploads\/2025\/03\/IMG_9183.jpeg","_links":{"self":[{"href":"https:\/\/novabetaniafm.com.br\/novabetania87\/wp-json\/wp\/v2\/posts\/5293","targetHints":{"allow":["GET"]}}],"collection":[{"href":"https:\/\/novabetaniafm.com.br\/novabetania87\/wp-json\/wp\/v2\/posts"}],"about":[{"href":"https:\/\/novabetaniafm.com.br\/novabetania87\/wp-json\/wp\/v2\/types\/post"}],"author":[{"embeddable":true,"href":"https:\/\/novabetaniafm.com.br\/novabetania87\/wp-json\/wp\/v2\/users\/4"}],"replies":[{"embeddable":true,"href":"https:\/\/novabetaniafm.com.br\/novabetania87\/wp-json\/wp\/v2\/comments?post=5293"}],"version-history":[{"count":1,"href":"https:\/\/novabetaniafm.com.br\/novabetania87\/wp-json\/wp\/v2\/posts\/5293\/revisions"}],"predecessor-version":[{"id":5295,"href":"https:\/\/novabetaniafm.com.br\/novabetania87\/wp-json\/wp\/v2\/posts\/5293\/revisions\/5295"}],"wp:featuredmedia":[{"embeddable":true,"href":"https:\/\/novabetaniafm.com.br\/novabetania87\/wp-json\/wp\/v2\/media\/5294"}],"wp:attachment":[{"href":"https:\/\/novabetaniafm.com.br\/novabetania87\/wp-json\/wp\/v2\/media?parent=5293"}],"wp:term":[{"taxonomy":"category","embeddable":true,"href":"https:\/\/novabetaniafm.com.br\/novabetania87\/wp-json\/wp\/v2\/categories?post=5293"},{"taxonomy":"post_tag","embeddable":true,"href":"https:\/\/novabetaniafm.com.br\/novabetania87\/wp-json\/wp\/v2\/tags?post=5293"}],"curies":[{"name":"wp","href":"https:\/\/api.w.org\/{rel}","templated":true}]}}