{"id":4932,"date":"2025-01-26T08:33:17","date_gmt":"2025-01-26T11:33:17","guid":{"rendered":"http:\/\/novabetaniafm.com.br\/novabetania87\/?p=4932"},"modified":"2025-01-26T08:33:17","modified_gmt":"2025-01-26T11:33:17","slug":"marcia-conrado-lanca-candidatura-a-presidencia-da-amupe","status":"publish","type":"post","link":"https:\/\/novabetaniafm.com.br\/novabetania87\/2025\/01\/26\/marcia-conrado-lanca-candidatura-a-presidencia-da-amupe\/","title":{"rendered":"M\u00e1rcia Conrado lan\u00e7a candidatura \u00e0 presid\u00eancia da AMUPE"},"content":{"rendered":"<p>A prefeita de Serra Talhada, M\u00e1rcia Conrado (PT), est\u00e1 se posicionando como uma das principais candidatas \u00e0 presid\u00eancia da Associa\u00e7\u00e3o Municipalista de Pernambuco (Amupe). A informa\u00e7\u00e3o \u00e9 do Blog do Magno, do jornalista Magno Martins.<\/p>\n<p>A decis\u00e3o foi definida em uma reuni\u00e3o realizada nesta sexta-feira no Recife, que contou com a presen\u00e7a de prefeitos e ex-prefeitos de diversos munic\u00edpios do estado.<\/p>\n<p>A elei\u00e7\u00e3o promete ser disputada, j\u00e1 que outros nomes tamb\u00e9m aparecem no cen\u00e1rio. Entre eles, o atual presidente da Amupe e ex-prefeito de Paudalho, Marcelo Gouveia, e o prefeito de Alian\u00e7a, Pedro Freitas. M\u00e1rcia Conrado j\u00e1 comandou a Amupe em gest\u00e3o\u00a0anterior, antecedendo Marcelo Gouveia.<\/p>\n<p>A elei\u00e7\u00e3o da Amupe promete movimentar os bastidores da pol\u00edtica pernambucana, com um embate entre nomes de peso e propostas que buscam fortalecer a representatividade dos munic\u00edpios do Estado.<\/p>\n<p>Do Nill Junior<\/p>\n\n<div style=\"font-size: 0px; height: 0px; line-height: 0px; margin: 0; padding: 0; clear: both;\"><\/div>","protected":false},"excerpt":{"rendered":"<p>A prefeita de Serra Talhada, M\u00e1rcia Conrado (PT), est\u00e1 se posicionando como uma das principais candidatas \u00e0 presid\u00eancia da Associa\u00e7\u00e3o Municipalista de Pernambuco (Amupe). A informa\u00e7\u00e3o \u00e9 do Blog do Magno, do jornalista Magno Martins&#8230;.<\/p>\n","protected":false},"author":4,"featured_media":4673,"comment_status":"open","ping_status":"open","sticky":false,"template":"","format":"standard","meta":{"footnotes":""},"categories":[17],"tags":[],"class_list":["post-4932","post","type-post","status-publish","format-standard","has-post-thumbnail","hentry","category-sertao"],"yoast_head":"<!-- This site is optimized with the Yoast SEO plugin v24.5 - https:\/\/yoast.com\/wordpress\/plugins\/seo\/ -->\n<title>M\u00e1rcia Conrado lan\u00e7a candidatura \u00e0 presid\u00eancia da AMUPE - Nova Bet\u00e2nia FM 87,9<\/title>\n<meta name=\"robots\" content=\"index, follow, max-snippet:-1, max-image-preview:large, max-video-preview:-1\" \/>\n<link rel=\"canonical\" href=\"https:\/\/novabetaniafm.com.br\/novabetania87\/2025\/01\/26\/marcia-conrado-lanca-candidatura-a-presidencia-da-amupe\/\" \/>\n<meta property=\"og:locale\" content=\"pt_BR\" \/>\n<meta property=\"og:type\" content=\"article\" \/>\n<meta property=\"og:title\" content=\"M\u00e1rcia Conrado lan\u00e7a candidatura \u00e0 presid\u00eancia da AMUPE - Nova Bet\u00e2nia FM 87,9\" \/>\n<meta property=\"og:description\" content=\"A prefeita de Serra Talhada, M\u00e1rcia Conrado (PT), est\u00e1 se posicionando como uma das principais candidatas \u00e0 presid\u00eancia da Associa\u00e7\u00e3o Municipalista de Pernambuco (Amupe). A informa\u00e7\u00e3o \u00e9 do Blog do Magno, do jornalista Magno Martins....\" \/>\n<meta property=\"og:url\" content=\"https:\/\/novabetaniafm.com.br\/novabetania87\/2025\/01\/26\/marcia-conrado-lanca-candidatura-a-presidencia-da-amupe\/\" \/>\n<meta property=\"og:site_name\" content=\"Nova Bet\u00e2nia FM 87,9\" \/>\n<meta property=\"article:published_time\" content=\"2025-01-26T11:33:17+00:00\" \/>\n<meta property=\"og:image\" content=\"https:\/\/novabetaniafm.com.br\/novabetania87\/wp-content\/uploads\/2024\/12\/Marcia-Conrado.jpeg\" \/>\n\t<meta property=\"og:image:width\" content=\"650\" \/>\n\t<meta property=\"og:image:height\" content=\"433\" \/>\n\t<meta property=\"og:image:type\" content=\"image\/jpeg\" \/>\n<meta name=\"author\" content=\"Nova Bet\u00e2nia FM\" \/>\n<meta name=\"twitter:card\" content=\"summary_large_image\" \/>\n<meta name=\"twitter:label1\" content=\"Escrito por\" \/>\n\t<meta name=\"twitter:data1\" content=\"Nova Bet\u00e2nia FM\" \/>\n\t<meta name=\"twitter:label2\" content=\"Est. tempo de leitura\" \/>\n\t<meta name=\"twitter:data2\" content=\"1 minuto\" \/>\n<script type=\"application\/ld+json\" class=\"yoast-schema-graph\">{\"@context\":\"https:\/\/schema.org\",\"@graph\":[{\"@type\":\"Article\",\"@id\":\"https:\/\/novabetaniafm.com.br\/novabetania87\/2025\/01\/26\/marcia-conrado-lanca-candidatura-a-presidencia-da-amupe\/#article\",\"isPartOf\":{\"@id\":\"https:\/\/novabetaniafm.com.br\/novabetania87\/2025\/01\/26\/marcia-conrado-lanca-candidatura-a-presidencia-da-amupe\/\"},\"author\":{\"name\":\"Nova Bet\u00e2nia FM\",\"@id\":\"https:\/\/novabetaniafm.com.br\/novabetania87\/#\/schema\/person\/73fd05cbd77cd30a7bab1141b8ab8555\"},\"headline\":\"M\u00e1rcia Conrado lan\u00e7a candidatura \u00e0 presid\u00eancia da AMUPE\",\"datePublished\":\"2025-01-26T11:33:17+00:00\",\"mainEntityOfPage\":{\"@id\":\"https:\/\/novabetaniafm.com.br\/novabetania87\/2025\/01\/26\/marcia-conrado-lanca-candidatura-a-presidencia-da-amupe\/\"},\"wordCount\":163,\"commentCount\":0,\"publisher\":{\"@id\":\"https:\/\/novabetaniafm.com.br\/novabetania87\/#organization\"},\"image\":{\"@id\":\"https:\/\/novabetaniafm.com.br\/novabetania87\/2025\/01\/26\/marcia-conrado-lanca-candidatura-a-presidencia-da-amupe\/#primaryimage\"},\"thumbnailUrl\":\"https:\/\/novabetaniafm.com.br\/novabetania87\/wp-content\/uploads\/2024\/12\/Marcia-Conrado.jpeg\",\"articleSection\":[\"Sert\u00e3o\"],\"inLanguage\":\"pt-BR\",\"potentialAction\":[{\"@type\":\"CommentAction\",\"name\":\"Comment\",\"target\":[\"https:\/\/novabetaniafm.com.br\/novabetania87\/2025\/01\/26\/marcia-conrado-lanca-candidatura-a-presidencia-da-amupe\/#respond\"]}]},{\"@type\":\"WebPage\",\"@id\":\"https:\/\/novabetaniafm.com.br\/novabetania87\/2025\/01\/26\/marcia-conrado-lanca-candidatura-a-presidencia-da-amupe\/\",\"url\":\"https:\/\/novabetaniafm.com.br\/novabetania87\/2025\/01\/26\/marcia-conrado-lanca-candidatura-a-presidencia-da-amupe\/\",\"name\":\"M\u00e1rcia Conrado lan\u00e7a candidatura \u00e0 presid\u00eancia da AMUPE - Nova Bet\u00e2nia FM 87,9\",\"isPartOf\":{\"@id\":\"https:\/\/novabetaniafm.com.br\/novabetania87\/#website\"},\"primaryImageOfPage\":{\"@id\":\"https:\/\/novabetaniafm.com.br\/novabetania87\/2025\/01\/26\/marcia-conrado-lanca-candidatura-a-presidencia-da-amupe\/#primaryimage\"},\"image\":{\"@id\":\"https:\/\/novabetaniafm.com.br\/novabetania87\/2025\/01\/26\/marcia-conrado-lanca-candidatura-a-presidencia-da-amupe\/#primaryimage\"},\"thumbnailUrl\":\"https:\/\/novabetaniafm.com.br\/novabetania87\/wp-content\/uploads\/2024\/12\/Marcia-Conrado.jpeg\",\"datePublished\":\"2025-01-26T11:33:17+00:00\",\"breadcrumb\":{\"@id\":\"https:\/\/novabetaniafm.com.br\/novabetania87\/2025\/01\/26\/marcia-conrado-lanca-candidatura-a-presidencia-da-amupe\/#breadcrumb\"},\"inLanguage\":\"pt-BR\",\"potentialAction\":[{\"@type\":\"ReadAction\",\"target\":[\"https:\/\/novabetaniafm.com.br\/novabetania87\/2025\/01\/26\/marcia-conrado-lanca-candidatura-a-presidencia-da-amupe\/\"]}]},{\"@type\":\"ImageObject\",\"inLanguage\":\"pt-BR\",\"@id\":\"https:\/\/novabetaniafm.com.br\/novabetania87\/2025\/01\/26\/marcia-conrado-lanca-candidatura-a-presidencia-da-amupe\/#primaryimage\",\"url\":\"https:\/\/novabetaniafm.com.br\/novabetania87\/wp-content\/uploads\/2024\/12\/Marcia-Conrado.jpeg\",\"contentUrl\":\"https:\/\/novabetaniafm.com.br\/novabetania87\/wp-content\/uploads\/2024\/12\/Marcia-Conrado.jpeg\",\"width\":650,\"height\":433},{\"@type\":\"BreadcrumbList\",\"@id\":\"https:\/\/novabetaniafm.com.br\/novabetania87\/2025\/01\/26\/marcia-conrado-lanca-candidatura-a-presidencia-da-amupe\/#breadcrumb\",\"itemListElement\":[{\"@type\":\"ListItem\",\"position\":1,\"name\":\"In\u00edcio\",\"item\":\"https:\/\/novabetaniafm.com.br\/novabetania87\/\"},{\"@type\":\"ListItem\",\"position\":2,\"name\":\"M\u00e1rcia Conrado lan\u00e7a candidatura \u00e0 presid\u00eancia da AMUPE\"}]},{\"@type\":\"WebSite\",\"@id\":\"https:\/\/novabetaniafm.com.br\/novabetania87\/#website\",\"url\":\"https:\/\/novabetaniafm.com.br\/novabetania87\/\",\"name\":\"Nova Bet\u00e2nia FM 87,9\",\"description\":\"Ligada em voc\u00ea!\",\"publisher\":{\"@id\":\"https:\/\/novabetaniafm.com.br\/novabetania87\/#organization\"},\"potentialAction\":[{\"@type\":\"SearchAction\",\"target\":{\"@type\":\"EntryPoint\",\"urlTemplate\":\"https:\/\/novabetaniafm.com.br\/novabetania87\/?s={search_term_string}\"},\"query-input\":{\"@type\":\"PropertyValueSpecification\",\"valueRequired\":true,\"valueName\":\"search_term_string\"}}],\"inLanguage\":\"pt-BR\"},{\"@type\":\"Organization\",\"@id\":\"https:\/\/novabetaniafm.com.br\/novabetania87\/#organization\",\"name\":\"Nova Bet\u00e2nia FM 87,9\",\"url\":\"https:\/\/novabetaniafm.com.br\/novabetania87\/\",\"logo\":{\"@type\":\"ImageObject\",\"inLanguage\":\"pt-BR\",\"@id\":\"https:\/\/novabetaniafm.com.br\/novabetania87\/#\/schema\/logo\/image\/\",\"url\":\"https:\/\/novabetaniafm.com.br\/novabetania87\/wp-content\/uploads\/2024\/05\/logo.png\",\"contentUrl\":\"https:\/\/novabetaniafm.com.br\/novabetania87\/wp-content\/uploads\/2024\/05\/logo.png\",\"width\":211,\"height\":144,\"caption\":\"Nova Bet\u00e2nia FM 87,9\"},\"image\":{\"@id\":\"https:\/\/novabetaniafm.com.br\/novabetania87\/#\/schema\/logo\/image\/\"}},{\"@type\":\"Person\",\"@id\":\"https:\/\/novabetaniafm.com.br\/novabetania87\/#\/schema\/person\/73fd05cbd77cd30a7bab1141b8ab8555\",\"name\":\"Nova Bet\u00e2nia FM\",\"image\":{\"@type\":\"ImageObject\",\"inLanguage\":\"pt-BR\",\"@id\":\"https:\/\/novabetaniafm.com.br\/novabetania87\/#\/schema\/person\/image\/\",\"url\":\"https:\/\/secure.gravatar.com\/avatar\/e0359add7ed5dc3560906d861b52c6a8cf5c1e199d3a7dd85070998f49bd4701?s=96&d=mm&r=g\",\"contentUrl\":\"https:\/\/secure.gravatar.com\/avatar\/e0359add7ed5dc3560906d861b52c6a8cf5c1e199d3a7dd85070998f49bd4701?s=96&d=mm&r=g\",\"caption\":\"Nova Bet\u00e2nia FM\"},\"url\":\"https:\/\/novabetaniafm.com.br\/novabetania87\/author\/novabetaniafm879\/\"}]}<\/script>\n<!-- \/ Yoast SEO plugin. -->","yoast_head_json":{"title":"M\u00e1rcia Conrado lan\u00e7a candidatura \u00e0 presid\u00eancia da AMUPE - Nova Bet\u00e2nia FM 87,9","robots":{"index":"index","follow":"follow","max-snippet":"max-snippet:-1","max-image-preview":"max-image-preview:large","max-video-preview":"max-video-preview:-1"},"canonical":"https:\/\/novabetaniafm.com.br\/novabetania87\/2025\/01\/26\/marcia-conrado-lanca-candidatura-a-presidencia-da-amupe\/","og_locale":"pt_BR","og_type":"article","og_title":"M\u00e1rcia Conrado lan\u00e7a candidatura \u00e0 presid\u00eancia da AMUPE - Nova Bet\u00e2nia FM 87,9","og_description":"A prefeita de Serra Talhada, M\u00e1rcia Conrado (PT), est\u00e1 se posicionando como uma das principais candidatas \u00e0 presid\u00eancia da Associa\u00e7\u00e3o Municipalista de Pernambuco (Amupe). A informa\u00e7\u00e3o \u00e9 do Blog do Magno, do jornalista Magno Martins....","og_url":"https:\/\/novabetaniafm.com.br\/novabetania87\/2025\/01\/26\/marcia-conrado-lanca-candidatura-a-presidencia-da-amupe\/","og_site_name":"Nova Bet\u00e2nia FM 87,9","article_published_time":"2025-01-26T11:33:17+00:00","og_image":[{"width":650,"height":433,"url":"https:\/\/novabetaniafm.com.br\/novabetania87\/wp-content\/uploads\/2024\/12\/Marcia-Conrado.jpeg","type":"image\/jpeg"}],"author":"Nova Bet\u00e2nia FM","twitter_card":"summary_large_image","twitter_misc":{"Escrito por":"Nova Bet\u00e2nia FM","Est. tempo de leitura":"1 minuto"},"schema":{"@context":"https:\/\/schema.org","@graph":[{"@type":"Article","@id":"https:\/\/novabetaniafm.com.br\/novabetania87\/2025\/01\/26\/marcia-conrado-lanca-candidatura-a-presidencia-da-amupe\/#article","isPartOf":{"@id":"https:\/\/novabetaniafm.com.br\/novabetania87\/2025\/01\/26\/marcia-conrado-lanca-candidatura-a-presidencia-da-amupe\/"},"author":{"name":"Nova Bet\u00e2nia FM","@id":"https:\/\/novabetaniafm.com.br\/novabetania87\/#\/schema\/person\/73fd05cbd77cd30a7bab1141b8ab8555"},"headline":"M\u00e1rcia Conrado lan\u00e7a candidatura \u00e0 presid\u00eancia da AMUPE","datePublished":"2025-01-26T11:33:17+00:00","mainEntityOfPage":{"@id":"https:\/\/novabetaniafm.com.br\/novabetania87\/2025\/01\/26\/marcia-conrado-lanca-candidatura-a-presidencia-da-amupe\/"},"wordCount":163,"commentCount":0,"publisher":{"@id":"https:\/\/novabetaniafm.com.br\/novabetania87\/#organization"},"image":{"@id":"https:\/\/novabetaniafm.com.br\/novabetania87\/2025\/01\/26\/marcia-conrado-lanca-candidatura-a-presidencia-da-amupe\/#primaryimage"},"thumbnailUrl":"https:\/\/novabetaniafm.com.br\/novabetania87\/wp-content\/uploads\/2024\/12\/Marcia-Conrado.jpeg","articleSection":["Sert\u00e3o"],"inLanguage":"pt-BR","potentialAction":[{"@type":"CommentAction","name":"Comment","target":["https:\/\/novabetaniafm.com.br\/novabetania87\/2025\/01\/26\/marcia-conrado-lanca-candidatura-a-presidencia-da-amupe\/#respond"]}]},{"@type":"WebPage","@id":"https:\/\/novabetaniafm.com.br\/novabetania87\/2025\/01\/26\/marcia-conrado-lanca-candidatura-a-presidencia-da-amupe\/","url":"https:\/\/novabetaniafm.com.br\/novabetania87\/2025\/01\/26\/marcia-conrado-lanca-candidatura-a-presidencia-da-amupe\/","name":"M\u00e1rcia Conrado lan\u00e7a candidatura \u00e0 presid\u00eancia da AMUPE - Nova Bet\u00e2nia FM 87,9","isPartOf":{"@id":"https:\/\/novabetaniafm.com.br\/novabetania87\/#website"},"primaryImageOfPage":{"@id":"https:\/\/novabetaniafm.com.br\/novabetania87\/2025\/01\/26\/marcia-conrado-lanca-candidatura-a-presidencia-da-amupe\/#primaryimage"},"image":{"@id":"https:\/\/novabetaniafm.com.br\/novabetania87\/2025\/01\/26\/marcia-conrado-lanca-candidatura-a-presidencia-da-amupe\/#primaryimage"},"thumbnailUrl":"https:\/\/novabetaniafm.com.br\/novabetania87\/wp-content\/uploads\/2024\/12\/Marcia-Conrado.jpeg","datePublished":"2025-01-26T11:33:17+00:00","breadcrumb":{"@id":"https:\/\/novabetaniafm.com.br\/novabetania87\/2025\/01\/26\/marcia-conrado-lanca-candidatura-a-presidencia-da-amupe\/#breadcrumb"},"inLanguage":"pt-BR","potentialAction":[{"@type":"ReadAction","target":["https:\/\/novabetaniafm.com.br\/novabetania87\/2025\/01\/26\/marcia-conrado-lanca-candidatura-a-presidencia-da-amupe\/"]}]},{"@type":"ImageObject","inLanguage":"pt-BR","@id":"https:\/\/novabetaniafm.com.br\/novabetania87\/2025\/01\/26\/marcia-conrado-lanca-candidatura-a-presidencia-da-amupe\/#primaryimage","url":"https:\/\/novabetaniafm.com.br\/novabetania87\/wp-content\/uploads\/2024\/12\/Marcia-Conrado.jpeg","contentUrl":"https:\/\/novabetaniafm.com.br\/novabetania87\/wp-content\/uploads\/2024\/12\/Marcia-Conrado.jpeg","width":650,"height":433},{"@type":"BreadcrumbList","@id":"https:\/\/novabetaniafm.com.br\/novabetania87\/2025\/01\/26\/marcia-conrado-lanca-candidatura-a-presidencia-da-amupe\/#breadcrumb","itemListElement":[{"@type":"ListItem","position":1,"name":"In\u00edcio","item":"https:\/\/novabetaniafm.com.br\/novabetania87\/"},{"@type":"ListItem","position":2,"name":"M\u00e1rcia Conrado lan\u00e7a candidatura \u00e0 presid\u00eancia da AMUPE"}]},{"@type":"WebSite","@id":"https:\/\/novabetaniafm.com.br\/novabetania87\/#website","url":"https:\/\/novabetaniafm.com.br\/novabetania87\/","name":"Nova Bet\u00e2nia FM 87,9","description":"Ligada em voc\u00ea!","publisher":{"@id":"https:\/\/novabetaniafm.com.br\/novabetania87\/#organization"},"potentialAction":[{"@type":"SearchAction","target":{"@type":"EntryPoint","urlTemplate":"https:\/\/novabetaniafm.com.br\/novabetania87\/?s={search_term_string}"},"query-input":{"@type":"PropertyValueSpecification","valueRequired":true,"valueName":"search_term_string"}}],"inLanguage":"pt-BR"},{"@type":"Organization","@id":"https:\/\/novabetaniafm.com.br\/novabetania87\/#organization","name":"Nova Bet\u00e2nia FM 87,9","url":"https:\/\/novabetaniafm.com.br\/novabetania87\/","logo":{"@type":"ImageObject","inLanguage":"pt-BR","@id":"https:\/\/novabetaniafm.com.br\/novabetania87\/#\/schema\/logo\/image\/","url":"https:\/\/novabetaniafm.com.br\/novabetania87\/wp-content\/uploads\/2024\/05\/logo.png","contentUrl":"https:\/\/novabetaniafm.com.br\/novabetania87\/wp-content\/uploads\/2024\/05\/logo.png","width":211,"height":144,"caption":"Nova Bet\u00e2nia FM 87,9"},"image":{"@id":"https:\/\/novabetaniafm.com.br\/novabetania87\/#\/schema\/logo\/image\/"}},{"@type":"Person","@id":"https:\/\/novabetaniafm.com.br\/novabetania87\/#\/schema\/person\/73fd05cbd77cd30a7bab1141b8ab8555","name":"Nova Bet\u00e2nia FM","image":{"@type":"ImageObject","inLanguage":"pt-BR","@id":"https:\/\/novabetaniafm.com.br\/novabetania87\/#\/schema\/person\/image\/","url":"https:\/\/secure.gravatar.com\/avatar\/e0359add7ed5dc3560906d861b52c6a8cf5c1e199d3a7dd85070998f49bd4701?s=96&d=mm&r=g","contentUrl":"https:\/\/secure.gravatar.com\/avatar\/e0359add7ed5dc3560906d861b52c6a8cf5c1e199d3a7dd85070998f49bd4701?s=96&d=mm&r=g","caption":"Nova Bet\u00e2nia FM"},"url":"https:\/\/novabetaniafm.com.br\/novabetania87\/author\/novabetaniafm879\/"}]}},"jetpack_featured_media_url":"https:\/\/novabetaniafm.com.br\/novabetania87\/wp-content\/uploads\/2024\/12\/Marcia-Conrado.jpeg","_links":{"self":[{"href":"https:\/\/novabetaniafm.com.br\/novabetania87\/wp-json\/wp\/v2\/posts\/4932","targetHints":{"allow":["GET"]}}],"collection":[{"href":"https:\/\/novabetaniafm.com.br\/novabetania87\/wp-json\/wp\/v2\/posts"}],"about":[{"href":"https:\/\/novabetaniafm.com.br\/novabetania87\/wp-json\/wp\/v2\/types\/post"}],"author":[{"embeddable":true,"href":"https:\/\/novabetaniafm.com.br\/novabetania87\/wp-json\/wp\/v2\/users\/4"}],"replies":[{"embeddable":true,"href":"https:\/\/novabetaniafm.com.br\/novabetania87\/wp-json\/wp\/v2\/comments?post=4932"}],"version-history":[{"count":1,"href":"https:\/\/novabetaniafm.com.br\/novabetania87\/wp-json\/wp\/v2\/posts\/4932\/revisions"}],"predecessor-version":[{"id":4933,"href":"https:\/\/novabetaniafm.com.br\/novabetania87\/wp-json\/wp\/v2\/posts\/4932\/revisions\/4933"}],"wp:featuredmedia":[{"embeddable":true,"href":"https:\/\/novabetaniafm.com.br\/novabetania87\/wp-json\/wp\/v2\/media\/4673"}],"wp:attachment":[{"href":"https:\/\/novabetaniafm.com.br\/novabetania87\/wp-json\/wp\/v2\/media?parent=4932"}],"wp:term":[{"taxonomy":"category","embeddable":true,"href":"https:\/\/novabetaniafm.com.br\/novabetania87\/wp-json\/wp\/v2\/categories?post=4932"},{"taxonomy":"post_tag","embeddable":true,"href":"https:\/\/novabetaniafm.com.br\/novabetania87\/wp-json\/wp\/v2\/tags?post=4932"}],"curies":[{"name":"wp","href":"https:\/\/api.w.org\/{rel}","templated":true}]}}