{"id":4873,"date":"2025-01-19T08:31:51","date_gmt":"2025-01-19T11:31:51","guid":{"rendered":"http:\/\/novabetaniafm.com.br\/novabetania87\/?p=4873"},"modified":"2025-01-19T08:31:51","modified_gmt":"2025-01-19T11:31:51","slug":"iguaracy-esquenta-as-festividades-de-111-anos-com-domingo-de-festa-a-tarde-na-praca-antonio-rabelo","status":"publish","type":"post","link":"https:\/\/novabetaniafm.com.br\/novabetania87\/2025\/01\/19\/iguaracy-esquenta-as-festividades-de-111-anos-com-domingo-de-festa-a-tarde-na-praca-antonio-rabelo\/","title":{"rendered":"Iguaracy esquenta as festividades de 111 Anos com domingo de festa \u00e0 tarde na Pra\u00e7a Ant\u00f4nio Rabelo"},"content":{"rendered":"<p>Neste domingo, 19 de janeiro, a Pra\u00e7a Ant\u00f4nio Rabelo ser\u00e1 o cen\u00e1rio de uma festa especial em homenagem aos 111 anos de Iguaracy. A programa\u00e7\u00e3o come\u00e7a \u00e0s 14 horas com um esquenta animado, Jailson Silva e Farra de Pared\u00e3o, prometendo agitar a tarde e preparar o p\u00fablico para a grande noite.<\/p>\n<p>&nbsp;<\/p>\n<p>\u00c0s 22 horas, a festa ganha ainda mais intensidade com as apresenta\u00e7\u00f5es de Forr\u00f3 Vumbora, Guilherme Ferri e Gatinha Manhosa. A expectativa \u00e9 que um grande p\u00fablico compare\u00e7a para festejar essa data marcante na hist\u00f3ria da cidade.<\/p>\n<p>O prefeito Dr. Pedro Alves PSDB-PE convida todos os moradores e visitantes a participarem desse momento especial.<\/p>\n<p>O evento \u00e9 uma realiza\u00e7\u00e3o do Governo Municipal de Iguaracy, por meio da Secretaria Municipal de Cultura e Turismo, e conta com o apoio do Governo do Estado de Pernambuco e da EMPETUR.<\/p>\n\n<div style=\"font-size: 0px; height: 0px; line-height: 0px; margin: 0; padding: 0; clear: both;\"><\/div>","protected":false},"excerpt":{"rendered":"<p>Neste domingo, 19 de janeiro, a Pra\u00e7a Ant\u00f4nio Rabelo ser\u00e1 o cen\u00e1rio de uma festa especial em homenagem aos 111 anos de Iguaracy. A programa\u00e7\u00e3o come\u00e7a \u00e0s 14 horas com um esquenta animado, Jailson Silva&#8230;<\/p>\n","protected":false},"author":4,"featured_media":4874,"comment_status":"open","ping_status":"open","sticky":false,"template":"","format":"standard","meta":{"footnotes":""},"categories":[17],"tags":[],"class_list":["post-4873","post","type-post","status-publish","format-standard","has-post-thumbnail","hentry","category-sertao"],"yoast_head":"<!-- This site is optimized with the Yoast SEO plugin v24.5 - https:\/\/yoast.com\/wordpress\/plugins\/seo\/ -->\n<title>Iguaracy esquenta as festividades de 111 Anos com domingo de festa \u00e0 tarde na Pra\u00e7a Ant\u00f4nio Rabelo - Nova Bet\u00e2nia FM 87,9<\/title>\n<meta name=\"robots\" content=\"index, follow, max-snippet:-1, max-image-preview:large, max-video-preview:-1\" \/>\n<link rel=\"canonical\" href=\"https:\/\/novabetaniafm.com.br\/novabetania87\/2025\/01\/19\/iguaracy-esquenta-as-festividades-de-111-anos-com-domingo-de-festa-a-tarde-na-praca-antonio-rabelo\/\" \/>\n<meta property=\"og:locale\" content=\"pt_BR\" \/>\n<meta property=\"og:type\" content=\"article\" \/>\n<meta property=\"og:title\" content=\"Iguaracy esquenta as festividades de 111 Anos com domingo de festa \u00e0 tarde na Pra\u00e7a Ant\u00f4nio Rabelo - Nova Bet\u00e2nia FM 87,9\" \/>\n<meta property=\"og:description\" content=\"Neste domingo, 19 de janeiro, a Pra\u00e7a Ant\u00f4nio Rabelo ser\u00e1 o cen\u00e1rio de uma festa especial em homenagem aos 111 anos de Iguaracy. A programa\u00e7\u00e3o come\u00e7a \u00e0s 14 horas com um esquenta animado, Jailson Silva...\" \/>\n<meta property=\"og:url\" content=\"https:\/\/novabetaniafm.com.br\/novabetania87\/2025\/01\/19\/iguaracy-esquenta-as-festividades-de-111-anos-com-domingo-de-festa-a-tarde-na-praca-antonio-rabelo\/\" \/>\n<meta property=\"og:site_name\" content=\"Nova Bet\u00e2nia FM 87,9\" \/>\n<meta property=\"article:published_time\" content=\"2025-01-19T11:31:51+00:00\" \/>\n<meta property=\"og:image\" content=\"https:\/\/novabetaniafm.com.br\/novabetania87\/wp-content\/uploads\/2025\/01\/4786d832-b445-47ce-befb-b67e2c7def45.jpeg\" \/>\n\t<meta property=\"og:image:width\" content=\"320\" \/>\n\t<meta property=\"og:image:height\" content=\"400\" \/>\n\t<meta property=\"og:image:type\" content=\"image\/jpeg\" \/>\n<meta name=\"author\" content=\"Nova Bet\u00e2nia FM\" \/>\n<meta name=\"twitter:card\" content=\"summary_large_image\" \/>\n<meta name=\"twitter:label1\" content=\"Escrito por\" \/>\n\t<meta name=\"twitter:data1\" content=\"Nova Bet\u00e2nia FM\" \/>\n\t<meta name=\"twitter:label2\" content=\"Est. tempo de leitura\" \/>\n\t<meta name=\"twitter:data2\" content=\"1 minuto\" \/>\n<script type=\"application\/ld+json\" class=\"yoast-schema-graph\">{\"@context\":\"https:\/\/schema.org\",\"@graph\":[{\"@type\":\"Article\",\"@id\":\"https:\/\/novabetaniafm.com.br\/novabetania87\/2025\/01\/19\/iguaracy-esquenta-as-festividades-de-111-anos-com-domingo-de-festa-a-tarde-na-praca-antonio-rabelo\/#article\",\"isPartOf\":{\"@id\":\"https:\/\/novabetaniafm.com.br\/novabetania87\/2025\/01\/19\/iguaracy-esquenta-as-festividades-de-111-anos-com-domingo-de-festa-a-tarde-na-praca-antonio-rabelo\/\"},\"author\":{\"name\":\"Nova Bet\u00e2nia FM\",\"@id\":\"https:\/\/novabetaniafm.com.br\/novabetania87\/#\/schema\/person\/73fd05cbd77cd30a7bab1141b8ab8555\"},\"headline\":\"Iguaracy esquenta as festividades de 111 Anos com domingo de festa \u00e0 tarde na Pra\u00e7a Ant\u00f4nio Rabelo\",\"datePublished\":\"2025-01-19T11:31:51+00:00\",\"mainEntityOfPage\":{\"@id\":\"https:\/\/novabetaniafm.com.br\/novabetania87\/2025\/01\/19\/iguaracy-esquenta-as-festividades-de-111-anos-com-domingo-de-festa-a-tarde-na-praca-antonio-rabelo\/\"},\"wordCount\":162,\"commentCount\":0,\"publisher\":{\"@id\":\"https:\/\/novabetaniafm.com.br\/novabetania87\/#organization\"},\"image\":{\"@id\":\"https:\/\/novabetaniafm.com.br\/novabetania87\/2025\/01\/19\/iguaracy-esquenta-as-festividades-de-111-anos-com-domingo-de-festa-a-tarde-na-praca-antonio-rabelo\/#primaryimage\"},\"thumbnailUrl\":\"https:\/\/novabetaniafm.com.br\/novabetania87\/wp-content\/uploads\/2025\/01\/4786d832-b445-47ce-befb-b67e2c7def45.jpeg\",\"articleSection\":[\"Sert\u00e3o\"],\"inLanguage\":\"pt-BR\",\"potentialAction\":[{\"@type\":\"CommentAction\",\"name\":\"Comment\",\"target\":[\"https:\/\/novabetaniafm.com.br\/novabetania87\/2025\/01\/19\/iguaracy-esquenta-as-festividades-de-111-anos-com-domingo-de-festa-a-tarde-na-praca-antonio-rabelo\/#respond\"]}]},{\"@type\":\"WebPage\",\"@id\":\"https:\/\/novabetaniafm.com.br\/novabetania87\/2025\/01\/19\/iguaracy-esquenta-as-festividades-de-111-anos-com-domingo-de-festa-a-tarde-na-praca-antonio-rabelo\/\",\"url\":\"https:\/\/novabetaniafm.com.br\/novabetania87\/2025\/01\/19\/iguaracy-esquenta-as-festividades-de-111-anos-com-domingo-de-festa-a-tarde-na-praca-antonio-rabelo\/\",\"name\":\"Iguaracy esquenta as festividades de 111 Anos com domingo de festa \u00e0 tarde na Pra\u00e7a Ant\u00f4nio Rabelo - Nova Bet\u00e2nia FM 87,9\",\"isPartOf\":{\"@id\":\"https:\/\/novabetaniafm.com.br\/novabetania87\/#website\"},\"primaryImageOfPage\":{\"@id\":\"https:\/\/novabetaniafm.com.br\/novabetania87\/2025\/01\/19\/iguaracy-esquenta-as-festividades-de-111-anos-com-domingo-de-festa-a-tarde-na-praca-antonio-rabelo\/#primaryimage\"},\"image\":{\"@id\":\"https:\/\/novabetaniafm.com.br\/novabetania87\/2025\/01\/19\/iguaracy-esquenta-as-festividades-de-111-anos-com-domingo-de-festa-a-tarde-na-praca-antonio-rabelo\/#primaryimage\"},\"thumbnailUrl\":\"https:\/\/novabetaniafm.com.br\/novabetania87\/wp-content\/uploads\/2025\/01\/4786d832-b445-47ce-befb-b67e2c7def45.jpeg\",\"datePublished\":\"2025-01-19T11:31:51+00:00\",\"breadcrumb\":{\"@id\":\"https:\/\/novabetaniafm.com.br\/novabetania87\/2025\/01\/19\/iguaracy-esquenta-as-festividades-de-111-anos-com-domingo-de-festa-a-tarde-na-praca-antonio-rabelo\/#breadcrumb\"},\"inLanguage\":\"pt-BR\",\"potentialAction\":[{\"@type\":\"ReadAction\",\"target\":[\"https:\/\/novabetaniafm.com.br\/novabetania87\/2025\/01\/19\/iguaracy-esquenta-as-festividades-de-111-anos-com-domingo-de-festa-a-tarde-na-praca-antonio-rabelo\/\"]}]},{\"@type\":\"ImageObject\",\"inLanguage\":\"pt-BR\",\"@id\":\"https:\/\/novabetaniafm.com.br\/novabetania87\/2025\/01\/19\/iguaracy-esquenta-as-festividades-de-111-anos-com-domingo-de-festa-a-tarde-na-praca-antonio-rabelo\/#primaryimage\",\"url\":\"https:\/\/novabetaniafm.com.br\/novabetania87\/wp-content\/uploads\/2025\/01\/4786d832-b445-47ce-befb-b67e2c7def45.jpeg\",\"contentUrl\":\"https:\/\/novabetaniafm.com.br\/novabetania87\/wp-content\/uploads\/2025\/01\/4786d832-b445-47ce-befb-b67e2c7def45.jpeg\",\"width\":320,\"height\":400},{\"@type\":\"BreadcrumbList\",\"@id\":\"https:\/\/novabetaniafm.com.br\/novabetania87\/2025\/01\/19\/iguaracy-esquenta-as-festividades-de-111-anos-com-domingo-de-festa-a-tarde-na-praca-antonio-rabelo\/#breadcrumb\",\"itemListElement\":[{\"@type\":\"ListItem\",\"position\":1,\"name\":\"In\u00edcio\",\"item\":\"https:\/\/novabetaniafm.com.br\/novabetania87\/\"},{\"@type\":\"ListItem\",\"position\":2,\"name\":\"Iguaracy esquenta as festividades de 111 Anos com domingo de festa \u00e0 tarde na Pra\u00e7a Ant\u00f4nio Rabelo\"}]},{\"@type\":\"WebSite\",\"@id\":\"https:\/\/novabetaniafm.com.br\/novabetania87\/#website\",\"url\":\"https:\/\/novabetaniafm.com.br\/novabetania87\/\",\"name\":\"Nova Bet\u00e2nia FM 87,9\",\"description\":\"Ligada em voc\u00ea!\",\"publisher\":{\"@id\":\"https:\/\/novabetaniafm.com.br\/novabetania87\/#organization\"},\"potentialAction\":[{\"@type\":\"SearchAction\",\"target\":{\"@type\":\"EntryPoint\",\"urlTemplate\":\"https:\/\/novabetaniafm.com.br\/novabetania87\/?s={search_term_string}\"},\"query-input\":{\"@type\":\"PropertyValueSpecification\",\"valueRequired\":true,\"valueName\":\"search_term_string\"}}],\"inLanguage\":\"pt-BR\"},{\"@type\":\"Organization\",\"@id\":\"https:\/\/novabetaniafm.com.br\/novabetania87\/#organization\",\"name\":\"Nova Bet\u00e2nia FM 87,9\",\"url\":\"https:\/\/novabetaniafm.com.br\/novabetania87\/\",\"logo\":{\"@type\":\"ImageObject\",\"inLanguage\":\"pt-BR\",\"@id\":\"https:\/\/novabetaniafm.com.br\/novabetania87\/#\/schema\/logo\/image\/\",\"url\":\"https:\/\/novabetaniafm.com.br\/novabetania87\/wp-content\/uploads\/2024\/05\/logo.png\",\"contentUrl\":\"https:\/\/novabetaniafm.com.br\/novabetania87\/wp-content\/uploads\/2024\/05\/logo.png\",\"width\":211,\"height\":144,\"caption\":\"Nova Bet\u00e2nia FM 87,9\"},\"image\":{\"@id\":\"https:\/\/novabetaniafm.com.br\/novabetania87\/#\/schema\/logo\/image\/\"}},{\"@type\":\"Person\",\"@id\":\"https:\/\/novabetaniafm.com.br\/novabetania87\/#\/schema\/person\/73fd05cbd77cd30a7bab1141b8ab8555\",\"name\":\"Nova Bet\u00e2nia FM\",\"image\":{\"@type\":\"ImageObject\",\"inLanguage\":\"pt-BR\",\"@id\":\"https:\/\/novabetaniafm.com.br\/novabetania87\/#\/schema\/person\/image\/\",\"url\":\"https:\/\/secure.gravatar.com\/avatar\/e0359add7ed5dc3560906d861b52c6a8cf5c1e199d3a7dd85070998f49bd4701?s=96&d=mm&r=g\",\"contentUrl\":\"https:\/\/secure.gravatar.com\/avatar\/e0359add7ed5dc3560906d861b52c6a8cf5c1e199d3a7dd85070998f49bd4701?s=96&d=mm&r=g\",\"caption\":\"Nova Bet\u00e2nia FM\"},\"url\":\"https:\/\/novabetaniafm.com.br\/novabetania87\/author\/novabetaniafm879\/\"}]}<\/script>\n<!-- \/ Yoast SEO plugin. -->","yoast_head_json":{"title":"Iguaracy esquenta as festividades de 111 Anos com domingo de festa \u00e0 tarde na Pra\u00e7a Ant\u00f4nio Rabelo - Nova Bet\u00e2nia FM 87,9","robots":{"index":"index","follow":"follow","max-snippet":"max-snippet:-1","max-image-preview":"max-image-preview:large","max-video-preview":"max-video-preview:-1"},"canonical":"https:\/\/novabetaniafm.com.br\/novabetania87\/2025\/01\/19\/iguaracy-esquenta-as-festividades-de-111-anos-com-domingo-de-festa-a-tarde-na-praca-antonio-rabelo\/","og_locale":"pt_BR","og_type":"article","og_title":"Iguaracy esquenta as festividades de 111 Anos com domingo de festa \u00e0 tarde na Pra\u00e7a Ant\u00f4nio Rabelo - Nova Bet\u00e2nia FM 87,9","og_description":"Neste domingo, 19 de janeiro, a Pra\u00e7a Ant\u00f4nio Rabelo ser\u00e1 o cen\u00e1rio de uma festa especial em homenagem aos 111 anos de Iguaracy. A programa\u00e7\u00e3o come\u00e7a \u00e0s 14 horas com um esquenta animado, Jailson Silva...","og_url":"https:\/\/novabetaniafm.com.br\/novabetania87\/2025\/01\/19\/iguaracy-esquenta-as-festividades-de-111-anos-com-domingo-de-festa-a-tarde-na-praca-antonio-rabelo\/","og_site_name":"Nova Bet\u00e2nia FM 87,9","article_published_time":"2025-01-19T11:31:51+00:00","og_image":[{"width":320,"height":400,"url":"https:\/\/novabetaniafm.com.br\/novabetania87\/wp-content\/uploads\/2025\/01\/4786d832-b445-47ce-befb-b67e2c7def45.jpeg","type":"image\/jpeg"}],"author":"Nova Bet\u00e2nia FM","twitter_card":"summary_large_image","twitter_misc":{"Escrito por":"Nova Bet\u00e2nia FM","Est. tempo de leitura":"1 minuto"},"schema":{"@context":"https:\/\/schema.org","@graph":[{"@type":"Article","@id":"https:\/\/novabetaniafm.com.br\/novabetania87\/2025\/01\/19\/iguaracy-esquenta-as-festividades-de-111-anos-com-domingo-de-festa-a-tarde-na-praca-antonio-rabelo\/#article","isPartOf":{"@id":"https:\/\/novabetaniafm.com.br\/novabetania87\/2025\/01\/19\/iguaracy-esquenta-as-festividades-de-111-anos-com-domingo-de-festa-a-tarde-na-praca-antonio-rabelo\/"},"author":{"name":"Nova Bet\u00e2nia FM","@id":"https:\/\/novabetaniafm.com.br\/novabetania87\/#\/schema\/person\/73fd05cbd77cd30a7bab1141b8ab8555"},"headline":"Iguaracy esquenta as festividades de 111 Anos com domingo de festa \u00e0 tarde na Pra\u00e7a Ant\u00f4nio Rabelo","datePublished":"2025-01-19T11:31:51+00:00","mainEntityOfPage":{"@id":"https:\/\/novabetaniafm.com.br\/novabetania87\/2025\/01\/19\/iguaracy-esquenta-as-festividades-de-111-anos-com-domingo-de-festa-a-tarde-na-praca-antonio-rabelo\/"},"wordCount":162,"commentCount":0,"publisher":{"@id":"https:\/\/novabetaniafm.com.br\/novabetania87\/#organization"},"image":{"@id":"https:\/\/novabetaniafm.com.br\/novabetania87\/2025\/01\/19\/iguaracy-esquenta-as-festividades-de-111-anos-com-domingo-de-festa-a-tarde-na-praca-antonio-rabelo\/#primaryimage"},"thumbnailUrl":"https:\/\/novabetaniafm.com.br\/novabetania87\/wp-content\/uploads\/2025\/01\/4786d832-b445-47ce-befb-b67e2c7def45.jpeg","articleSection":["Sert\u00e3o"],"inLanguage":"pt-BR","potentialAction":[{"@type":"CommentAction","name":"Comment","target":["https:\/\/novabetaniafm.com.br\/novabetania87\/2025\/01\/19\/iguaracy-esquenta-as-festividades-de-111-anos-com-domingo-de-festa-a-tarde-na-praca-antonio-rabelo\/#respond"]}]},{"@type":"WebPage","@id":"https:\/\/novabetaniafm.com.br\/novabetania87\/2025\/01\/19\/iguaracy-esquenta-as-festividades-de-111-anos-com-domingo-de-festa-a-tarde-na-praca-antonio-rabelo\/","url":"https:\/\/novabetaniafm.com.br\/novabetania87\/2025\/01\/19\/iguaracy-esquenta-as-festividades-de-111-anos-com-domingo-de-festa-a-tarde-na-praca-antonio-rabelo\/","name":"Iguaracy esquenta as festividades de 111 Anos com domingo de festa \u00e0 tarde na Pra\u00e7a Ant\u00f4nio Rabelo - Nova Bet\u00e2nia FM 87,9","isPartOf":{"@id":"https:\/\/novabetaniafm.com.br\/novabetania87\/#website"},"primaryImageOfPage":{"@id":"https:\/\/novabetaniafm.com.br\/novabetania87\/2025\/01\/19\/iguaracy-esquenta-as-festividades-de-111-anos-com-domingo-de-festa-a-tarde-na-praca-antonio-rabelo\/#primaryimage"},"image":{"@id":"https:\/\/novabetaniafm.com.br\/novabetania87\/2025\/01\/19\/iguaracy-esquenta-as-festividades-de-111-anos-com-domingo-de-festa-a-tarde-na-praca-antonio-rabelo\/#primaryimage"},"thumbnailUrl":"https:\/\/novabetaniafm.com.br\/novabetania87\/wp-content\/uploads\/2025\/01\/4786d832-b445-47ce-befb-b67e2c7def45.jpeg","datePublished":"2025-01-19T11:31:51+00:00","breadcrumb":{"@id":"https:\/\/novabetaniafm.com.br\/novabetania87\/2025\/01\/19\/iguaracy-esquenta-as-festividades-de-111-anos-com-domingo-de-festa-a-tarde-na-praca-antonio-rabelo\/#breadcrumb"},"inLanguage":"pt-BR","potentialAction":[{"@type":"ReadAction","target":["https:\/\/novabetaniafm.com.br\/novabetania87\/2025\/01\/19\/iguaracy-esquenta-as-festividades-de-111-anos-com-domingo-de-festa-a-tarde-na-praca-antonio-rabelo\/"]}]},{"@type":"ImageObject","inLanguage":"pt-BR","@id":"https:\/\/novabetaniafm.com.br\/novabetania87\/2025\/01\/19\/iguaracy-esquenta-as-festividades-de-111-anos-com-domingo-de-festa-a-tarde-na-praca-antonio-rabelo\/#primaryimage","url":"https:\/\/novabetaniafm.com.br\/novabetania87\/wp-content\/uploads\/2025\/01\/4786d832-b445-47ce-befb-b67e2c7def45.jpeg","contentUrl":"https:\/\/novabetaniafm.com.br\/novabetania87\/wp-content\/uploads\/2025\/01\/4786d832-b445-47ce-befb-b67e2c7def45.jpeg","width":320,"height":400},{"@type":"BreadcrumbList","@id":"https:\/\/novabetaniafm.com.br\/novabetania87\/2025\/01\/19\/iguaracy-esquenta-as-festividades-de-111-anos-com-domingo-de-festa-a-tarde-na-praca-antonio-rabelo\/#breadcrumb","itemListElement":[{"@type":"ListItem","position":1,"name":"In\u00edcio","item":"https:\/\/novabetaniafm.com.br\/novabetania87\/"},{"@type":"ListItem","position":2,"name":"Iguaracy esquenta as festividades de 111 Anos com domingo de festa \u00e0 tarde na Pra\u00e7a Ant\u00f4nio Rabelo"}]},{"@type":"WebSite","@id":"https:\/\/novabetaniafm.com.br\/novabetania87\/#website","url":"https:\/\/novabetaniafm.com.br\/novabetania87\/","name":"Nova Bet\u00e2nia FM 87,9","description":"Ligada em voc\u00ea!","publisher":{"@id":"https:\/\/novabetaniafm.com.br\/novabetania87\/#organization"},"potentialAction":[{"@type":"SearchAction","target":{"@type":"EntryPoint","urlTemplate":"https:\/\/novabetaniafm.com.br\/novabetania87\/?s={search_term_string}"},"query-input":{"@type":"PropertyValueSpecification","valueRequired":true,"valueName":"search_term_string"}}],"inLanguage":"pt-BR"},{"@type":"Organization","@id":"https:\/\/novabetaniafm.com.br\/novabetania87\/#organization","name":"Nova Bet\u00e2nia FM 87,9","url":"https:\/\/novabetaniafm.com.br\/novabetania87\/","logo":{"@type":"ImageObject","inLanguage":"pt-BR","@id":"https:\/\/novabetaniafm.com.br\/novabetania87\/#\/schema\/logo\/image\/","url":"https:\/\/novabetaniafm.com.br\/novabetania87\/wp-content\/uploads\/2024\/05\/logo.png","contentUrl":"https:\/\/novabetaniafm.com.br\/novabetania87\/wp-content\/uploads\/2024\/05\/logo.png","width":211,"height":144,"caption":"Nova Bet\u00e2nia FM 87,9"},"image":{"@id":"https:\/\/novabetaniafm.com.br\/novabetania87\/#\/schema\/logo\/image\/"}},{"@type":"Person","@id":"https:\/\/novabetaniafm.com.br\/novabetania87\/#\/schema\/person\/73fd05cbd77cd30a7bab1141b8ab8555","name":"Nova Bet\u00e2nia FM","image":{"@type":"ImageObject","inLanguage":"pt-BR","@id":"https:\/\/novabetaniafm.com.br\/novabetania87\/#\/schema\/person\/image\/","url":"https:\/\/secure.gravatar.com\/avatar\/e0359add7ed5dc3560906d861b52c6a8cf5c1e199d3a7dd85070998f49bd4701?s=96&d=mm&r=g","contentUrl":"https:\/\/secure.gravatar.com\/avatar\/e0359add7ed5dc3560906d861b52c6a8cf5c1e199d3a7dd85070998f49bd4701?s=96&d=mm&r=g","caption":"Nova Bet\u00e2nia FM"},"url":"https:\/\/novabetaniafm.com.br\/novabetania87\/author\/novabetaniafm879\/"}]}},"jetpack_featured_media_url":"https:\/\/novabetaniafm.com.br\/novabetania87\/wp-content\/uploads\/2025\/01\/4786d832-b445-47ce-befb-b67e2c7def45.jpeg","_links":{"self":[{"href":"https:\/\/novabetaniafm.com.br\/novabetania87\/wp-json\/wp\/v2\/posts\/4873","targetHints":{"allow":["GET"]}}],"collection":[{"href":"https:\/\/novabetaniafm.com.br\/novabetania87\/wp-json\/wp\/v2\/posts"}],"about":[{"href":"https:\/\/novabetaniafm.com.br\/novabetania87\/wp-json\/wp\/v2\/types\/post"}],"author":[{"embeddable":true,"href":"https:\/\/novabetaniafm.com.br\/novabetania87\/wp-json\/wp\/v2\/users\/4"}],"replies":[{"embeddable":true,"href":"https:\/\/novabetaniafm.com.br\/novabetania87\/wp-json\/wp\/v2\/comments?post=4873"}],"version-history":[{"count":1,"href":"https:\/\/novabetaniafm.com.br\/novabetania87\/wp-json\/wp\/v2\/posts\/4873\/revisions"}],"predecessor-version":[{"id":4875,"href":"https:\/\/novabetaniafm.com.br\/novabetania87\/wp-json\/wp\/v2\/posts\/4873\/revisions\/4875"}],"wp:featuredmedia":[{"embeddable":true,"href":"https:\/\/novabetaniafm.com.br\/novabetania87\/wp-json\/wp\/v2\/media\/4874"}],"wp:attachment":[{"href":"https:\/\/novabetaniafm.com.br\/novabetania87\/wp-json\/wp\/v2\/media?parent=4873"}],"wp:term":[{"taxonomy":"category","embeddable":true,"href":"https:\/\/novabetaniafm.com.br\/novabetania87\/wp-json\/wp\/v2\/categories?post=4873"},{"taxonomy":"post_tag","embeddable":true,"href":"https:\/\/novabetaniafm.com.br\/novabetania87\/wp-json\/wp\/v2\/tags?post=4873"}],"curies":[{"name":"wp","href":"https:\/\/api.w.org\/{rel}","templated":true}]}}