{"id":4676,"date":"2024-12-31T01:38:21","date_gmt":"2024-12-31T04:38:21","guid":{"rendered":"https:\/\/novabetaniafm.com.br\/novabetania87\/?p=4676"},"modified":"2024-12-31T01:38:21","modified_gmt":"2024-12-31T04:38:21","slug":"posse-de-pollyanna-abreu-acontece-na-quarta-feira-as-17h-na-camara-de-vereadores-de-sertania","status":"publish","type":"post","link":"https:\/\/novabetaniafm.com.br\/novabetania87\/2024\/12\/31\/posse-de-pollyanna-abreu-acontece-na-quarta-feira-as-17h-na-camara-de-vereadores-de-sertania\/","title":{"rendered":"Posse de Pollyanna Abreu acontece na quarta-feira, \u00e0s 17h, na C\u00e2mara de Vereadores de Sert\u00e2nia"},"content":{"rendered":"<p>Sert\u00e2nia vive momentos de muita expectativa para o in\u00edcio de um novo tempo, \u00e9 o fim do \u201cbafo coronel\u00edstico\u201d e de alguns poucos privilegiados que estavam acostumados a massacrar o povo, estes que ironicamente at\u00e9 falavam em democracia, mas que tolhiam sonhos e calavam vozes, fazendo-os murmurar nas caladas das noites, com medo das paredes que tinham ouvidos e por isso apenas gesticulavam por seus direitos, eram os sem vozes, os sem direitos, j\u00e1 que em seu munic\u00edpio imperava o terror que partia do executivo e do legislativo, poderes que se entrela\u00e7avam torna-se carne e unha, numa rela\u00e7\u00e3o esdr\u00faxula e vergonhosa de coniv\u00eancia a servi\u00e7o do bem-estar pr\u00f3prio e nunca da coletividade.<\/p>\n<p>O momento \u00e9 s\u00f3 esperan\u00e7a, a caminhar m\u00e3o na m\u00e3o, palmo a palmo, para deixar \u00f3rf\u00e3s as vi\u00favas que choramingam a perda do poder, enquanto a multid\u00e3o extasiada, vibra e se emociona ante o novo que chega como uma anuncia\u00e7\u00e3o, pregando que o tempo dos coron\u00e9is agora sim ser\u00e1 definidamente sepultado. \u201cEram coron\u00e9is insepultos da velha rep\u00fablica que precisam ser de vez sepultados, o povo agora o fez. \u00c9 o fim dessa era nefasta, Sert\u00e2nia agora caminhar\u00e1 leve e solta de bra\u00e7os dados com a esperan\u00e7a, sem divisionismo e sem a tirania dos privilegiados\u201d, diz um sertaniense entusiasmado com o que est\u00e1 chegando.<\/p>\n<p>Afinal, Sert\u00e2nia ao longo dos anos, j\u00e1 perdeu muito numa pol\u00edtica odienta, odiosa e mesquinha, moldada sob a mediocridade de um governante que arrodeados de Apalermados, n\u00e3o teve a capacidade de ver que o munic\u00edpio regrediu e na verdade se cresceu, o fez feito rabo de cavalo, ou seja, para baixo. Os n\u00fameros falam por si s\u00f3.<\/p>\n<p>Agora \u00e9 a vez do novo e certamente vem para oferecer boas novas, com as pessoas sendo ouvidas, nossos estudantes tendo na escola a perspectiva de novos dias com um futuro melhor e promissor.<\/p>\n<p>Que venham dias melhores e estes dias come\u00e7am com a posse na quarta-feira, dia 1\u00ba de janeiro de Pollyanna Abreu e Teresa Raquel, o evento ocorrer\u00e1 \u00e0s 17 horas na C\u00e2mara de Vereadores de Sert\u00e2nia.<\/p>\n\n<div style=\"font-size: 0px; height: 0px; line-height: 0px; margin: 0; padding: 0; clear: both;\"><\/div>","protected":false},"excerpt":{"rendered":"<p>Sert\u00e2nia vive momentos de muita expectativa para o in\u00edcio de um novo tempo, \u00e9 o fim do \u201cbafo coronel\u00edstico\u201d e de alguns poucos privilegiados que estavam acostumados a massacrar o povo, estes que ironicamente at\u00e9&#8230;<\/p>\n","protected":false},"author":4,"featured_media":4677,"comment_status":"open","ping_status":"open","sticky":false,"template":"","format":"standard","meta":{"footnotes":""},"categories":[17],"tags":[],"class_list":["post-4676","post","type-post","status-publish","format-standard","has-post-thumbnail","hentry","category-sertao"],"yoast_head":"<!-- This site is optimized with the Yoast SEO plugin v24.5 - https:\/\/yoast.com\/wordpress\/plugins\/seo\/ -->\n<title>Posse de Pollyanna Abreu acontece na quarta-feira, \u00e0s 17h, na C\u00e2mara de Vereadores de Sert\u00e2nia - Nova Bet\u00e2nia FM 87,9<\/title>\n<meta name=\"robots\" content=\"index, follow, max-snippet:-1, max-image-preview:large, max-video-preview:-1\" \/>\n<link rel=\"canonical\" href=\"https:\/\/novabetaniafm.com.br\/novabetania87\/2024\/12\/31\/posse-de-pollyanna-abreu-acontece-na-quarta-feira-as-17h-na-camara-de-vereadores-de-sertania\/\" \/>\n<meta property=\"og:locale\" content=\"pt_BR\" \/>\n<meta property=\"og:type\" content=\"article\" \/>\n<meta property=\"og:title\" content=\"Posse de Pollyanna Abreu acontece na quarta-feira, \u00e0s 17h, na C\u00e2mara de Vereadores de Sert\u00e2nia - Nova Bet\u00e2nia FM 87,9\" \/>\n<meta property=\"og:description\" content=\"Sert\u00e2nia vive momentos de muita expectativa para o in\u00edcio de um novo tempo, \u00e9 o fim do \u201cbafo coronel\u00edstico\u201d e de alguns poucos privilegiados que estavam acostumados a massacrar o povo, estes que ironicamente at\u00e9...\" \/>\n<meta property=\"og:url\" content=\"https:\/\/novabetaniafm.com.br\/novabetania87\/2024\/12\/31\/posse-de-pollyanna-abreu-acontece-na-quarta-feira-as-17h-na-camara-de-vereadores-de-sertania\/\" \/>\n<meta property=\"og:site_name\" content=\"Nova Bet\u00e2nia FM 87,9\" \/>\n<meta property=\"article:published_time\" content=\"2024-12-31T04:38:21+00:00\" \/>\n<meta property=\"og:image\" content=\"https:\/\/novabetaniafm.com.br\/novabetania87\/wp-content\/uploads\/2024\/12\/a-45.jpg\" \/>\n\t<meta property=\"og:image:width\" content=\"730\" \/>\n\t<meta property=\"og:image:height\" content=\"717\" \/>\n\t<meta property=\"og:image:type\" content=\"image\/jpeg\" \/>\n<meta name=\"author\" content=\"Nova Bet\u00e2nia FM\" \/>\n<meta name=\"twitter:card\" content=\"summary_large_image\" \/>\n<meta name=\"twitter:label1\" content=\"Escrito por\" \/>\n\t<meta name=\"twitter:data1\" content=\"Nova Bet\u00e2nia FM\" \/>\n\t<meta name=\"twitter:label2\" content=\"Est. tempo de leitura\" \/>\n\t<meta name=\"twitter:data2\" content=\"3 minutos\" \/>\n<script type=\"application\/ld+json\" class=\"yoast-schema-graph\">{\"@context\":\"https:\/\/schema.org\",\"@graph\":[{\"@type\":\"Article\",\"@id\":\"https:\/\/novabetaniafm.com.br\/novabetania87\/2024\/12\/31\/posse-de-pollyanna-abreu-acontece-na-quarta-feira-as-17h-na-camara-de-vereadores-de-sertania\/#article\",\"isPartOf\":{\"@id\":\"https:\/\/novabetaniafm.com.br\/novabetania87\/2024\/12\/31\/posse-de-pollyanna-abreu-acontece-na-quarta-feira-as-17h-na-camara-de-vereadores-de-sertania\/\"},\"author\":{\"name\":\"Nova Bet\u00e2nia FM\",\"@id\":\"https:\/\/novabetaniafm.com.br\/novabetania87\/#\/schema\/person\/73fd05cbd77cd30a7bab1141b8ab8555\"},\"headline\":\"Posse de Pollyanna Abreu acontece na quarta-feira, \u00e0s 17h, na C\u00e2mara de Vereadores de Sert\u00e2nia\",\"datePublished\":\"2024-12-31T04:38:21+00:00\",\"mainEntityOfPage\":{\"@id\":\"https:\/\/novabetaniafm.com.br\/novabetania87\/2024\/12\/31\/posse-de-pollyanna-abreu-acontece-na-quarta-feira-as-17h-na-camara-de-vereadores-de-sertania\/\"},\"wordCount\":383,\"commentCount\":0,\"publisher\":{\"@id\":\"https:\/\/novabetaniafm.com.br\/novabetania87\/#organization\"},\"image\":{\"@id\":\"https:\/\/novabetaniafm.com.br\/novabetania87\/2024\/12\/31\/posse-de-pollyanna-abreu-acontece-na-quarta-feira-as-17h-na-camara-de-vereadores-de-sertania\/#primaryimage\"},\"thumbnailUrl\":\"https:\/\/novabetaniafm.com.br\/novabetania87\/wp-content\/uploads\/2024\/12\/a-45.jpg\",\"articleSection\":[\"Sert\u00e3o\"],\"inLanguage\":\"pt-BR\",\"potentialAction\":[{\"@type\":\"CommentAction\",\"name\":\"Comment\",\"target\":[\"https:\/\/novabetaniafm.com.br\/novabetania87\/2024\/12\/31\/posse-de-pollyanna-abreu-acontece-na-quarta-feira-as-17h-na-camara-de-vereadores-de-sertania\/#respond\"]}]},{\"@type\":\"WebPage\",\"@id\":\"https:\/\/novabetaniafm.com.br\/novabetania87\/2024\/12\/31\/posse-de-pollyanna-abreu-acontece-na-quarta-feira-as-17h-na-camara-de-vereadores-de-sertania\/\",\"url\":\"https:\/\/novabetaniafm.com.br\/novabetania87\/2024\/12\/31\/posse-de-pollyanna-abreu-acontece-na-quarta-feira-as-17h-na-camara-de-vereadores-de-sertania\/\",\"name\":\"Posse de Pollyanna Abreu acontece na quarta-feira, \u00e0s 17h, na C\u00e2mara de Vereadores de Sert\u00e2nia - Nova Bet\u00e2nia FM 87,9\",\"isPartOf\":{\"@id\":\"https:\/\/novabetaniafm.com.br\/novabetania87\/#website\"},\"primaryImageOfPage\":{\"@id\":\"https:\/\/novabetaniafm.com.br\/novabetania87\/2024\/12\/31\/posse-de-pollyanna-abreu-acontece-na-quarta-feira-as-17h-na-camara-de-vereadores-de-sertania\/#primaryimage\"},\"image\":{\"@id\":\"https:\/\/novabetaniafm.com.br\/novabetania87\/2024\/12\/31\/posse-de-pollyanna-abreu-acontece-na-quarta-feira-as-17h-na-camara-de-vereadores-de-sertania\/#primaryimage\"},\"thumbnailUrl\":\"https:\/\/novabetaniafm.com.br\/novabetania87\/wp-content\/uploads\/2024\/12\/a-45.jpg\",\"datePublished\":\"2024-12-31T04:38:21+00:00\",\"breadcrumb\":{\"@id\":\"https:\/\/novabetaniafm.com.br\/novabetania87\/2024\/12\/31\/posse-de-pollyanna-abreu-acontece-na-quarta-feira-as-17h-na-camara-de-vereadores-de-sertania\/#breadcrumb\"},\"inLanguage\":\"pt-BR\",\"potentialAction\":[{\"@type\":\"ReadAction\",\"target\":[\"https:\/\/novabetaniafm.com.br\/novabetania87\/2024\/12\/31\/posse-de-pollyanna-abreu-acontece-na-quarta-feira-as-17h-na-camara-de-vereadores-de-sertania\/\"]}]},{\"@type\":\"ImageObject\",\"inLanguage\":\"pt-BR\",\"@id\":\"https:\/\/novabetaniafm.com.br\/novabetania87\/2024\/12\/31\/posse-de-pollyanna-abreu-acontece-na-quarta-feira-as-17h-na-camara-de-vereadores-de-sertania\/#primaryimage\",\"url\":\"https:\/\/novabetaniafm.com.br\/novabetania87\/wp-content\/uploads\/2024\/12\/a-45.jpg\",\"contentUrl\":\"https:\/\/novabetaniafm.com.br\/novabetania87\/wp-content\/uploads\/2024\/12\/a-45.jpg\",\"width\":730,\"height\":717},{\"@type\":\"BreadcrumbList\",\"@id\":\"https:\/\/novabetaniafm.com.br\/novabetania87\/2024\/12\/31\/posse-de-pollyanna-abreu-acontece-na-quarta-feira-as-17h-na-camara-de-vereadores-de-sertania\/#breadcrumb\",\"itemListElement\":[{\"@type\":\"ListItem\",\"position\":1,\"name\":\"In\u00edcio\",\"item\":\"https:\/\/novabetaniafm.com.br\/novabetania87\/\"},{\"@type\":\"ListItem\",\"position\":2,\"name\":\"Posse de Pollyanna Abreu acontece na quarta-feira, \u00e0s 17h, na C\u00e2mara de Vereadores de Sert\u00e2nia\"}]},{\"@type\":\"WebSite\",\"@id\":\"https:\/\/novabetaniafm.com.br\/novabetania87\/#website\",\"url\":\"https:\/\/novabetaniafm.com.br\/novabetania87\/\",\"name\":\"Nova Bet\u00e2nia FM 87,9\",\"description\":\"Ligada em voc\u00ea!\",\"publisher\":{\"@id\":\"https:\/\/novabetaniafm.com.br\/novabetania87\/#organization\"},\"potentialAction\":[{\"@type\":\"SearchAction\",\"target\":{\"@type\":\"EntryPoint\",\"urlTemplate\":\"https:\/\/novabetaniafm.com.br\/novabetania87\/?s={search_term_string}\"},\"query-input\":{\"@type\":\"PropertyValueSpecification\",\"valueRequired\":true,\"valueName\":\"search_term_string\"}}],\"inLanguage\":\"pt-BR\"},{\"@type\":\"Organization\",\"@id\":\"https:\/\/novabetaniafm.com.br\/novabetania87\/#organization\",\"name\":\"Nova Bet\u00e2nia FM 87,9\",\"url\":\"https:\/\/novabetaniafm.com.br\/novabetania87\/\",\"logo\":{\"@type\":\"ImageObject\",\"inLanguage\":\"pt-BR\",\"@id\":\"https:\/\/novabetaniafm.com.br\/novabetania87\/#\/schema\/logo\/image\/\",\"url\":\"https:\/\/novabetaniafm.com.br\/novabetania87\/wp-content\/uploads\/2024\/05\/logo.png\",\"contentUrl\":\"https:\/\/novabetaniafm.com.br\/novabetania87\/wp-content\/uploads\/2024\/05\/logo.png\",\"width\":211,\"height\":144,\"caption\":\"Nova Bet\u00e2nia FM 87,9\"},\"image\":{\"@id\":\"https:\/\/novabetaniafm.com.br\/novabetania87\/#\/schema\/logo\/image\/\"}},{\"@type\":\"Person\",\"@id\":\"https:\/\/novabetaniafm.com.br\/novabetania87\/#\/schema\/person\/73fd05cbd77cd30a7bab1141b8ab8555\",\"name\":\"Nova Bet\u00e2nia FM\",\"image\":{\"@type\":\"ImageObject\",\"inLanguage\":\"pt-BR\",\"@id\":\"https:\/\/novabetaniafm.com.br\/novabetania87\/#\/schema\/person\/image\/\",\"url\":\"https:\/\/secure.gravatar.com\/avatar\/e0359add7ed5dc3560906d861b52c6a8cf5c1e199d3a7dd85070998f49bd4701?s=96&d=mm&r=g\",\"contentUrl\":\"https:\/\/secure.gravatar.com\/avatar\/e0359add7ed5dc3560906d861b52c6a8cf5c1e199d3a7dd85070998f49bd4701?s=96&d=mm&r=g\",\"caption\":\"Nova Bet\u00e2nia FM\"},\"url\":\"https:\/\/novabetaniafm.com.br\/novabetania87\/author\/novabetaniafm879\/\"}]}<\/script>\n<!-- \/ Yoast SEO plugin. -->","yoast_head_json":{"title":"Posse de Pollyanna Abreu acontece na quarta-feira, \u00e0s 17h, na C\u00e2mara de Vereadores de Sert\u00e2nia - Nova Bet\u00e2nia FM 87,9","robots":{"index":"index","follow":"follow","max-snippet":"max-snippet:-1","max-image-preview":"max-image-preview:large","max-video-preview":"max-video-preview:-1"},"canonical":"https:\/\/novabetaniafm.com.br\/novabetania87\/2024\/12\/31\/posse-de-pollyanna-abreu-acontece-na-quarta-feira-as-17h-na-camara-de-vereadores-de-sertania\/","og_locale":"pt_BR","og_type":"article","og_title":"Posse de Pollyanna Abreu acontece na quarta-feira, \u00e0s 17h, na C\u00e2mara de Vereadores de Sert\u00e2nia - Nova Bet\u00e2nia FM 87,9","og_description":"Sert\u00e2nia vive momentos de muita expectativa para o in\u00edcio de um novo tempo, \u00e9 o fim do \u201cbafo coronel\u00edstico\u201d e de alguns poucos privilegiados que estavam acostumados a massacrar o povo, estes que ironicamente at\u00e9...","og_url":"https:\/\/novabetaniafm.com.br\/novabetania87\/2024\/12\/31\/posse-de-pollyanna-abreu-acontece-na-quarta-feira-as-17h-na-camara-de-vereadores-de-sertania\/","og_site_name":"Nova Bet\u00e2nia FM 87,9","article_published_time":"2024-12-31T04:38:21+00:00","og_image":[{"width":730,"height":717,"url":"https:\/\/novabetaniafm.com.br\/novabetania87\/wp-content\/uploads\/2024\/12\/a-45.jpg","type":"image\/jpeg"}],"author":"Nova Bet\u00e2nia FM","twitter_card":"summary_large_image","twitter_misc":{"Escrito por":"Nova Bet\u00e2nia FM","Est. tempo de leitura":"3 minutos"},"schema":{"@context":"https:\/\/schema.org","@graph":[{"@type":"Article","@id":"https:\/\/novabetaniafm.com.br\/novabetania87\/2024\/12\/31\/posse-de-pollyanna-abreu-acontece-na-quarta-feira-as-17h-na-camara-de-vereadores-de-sertania\/#article","isPartOf":{"@id":"https:\/\/novabetaniafm.com.br\/novabetania87\/2024\/12\/31\/posse-de-pollyanna-abreu-acontece-na-quarta-feira-as-17h-na-camara-de-vereadores-de-sertania\/"},"author":{"name":"Nova Bet\u00e2nia FM","@id":"https:\/\/novabetaniafm.com.br\/novabetania87\/#\/schema\/person\/73fd05cbd77cd30a7bab1141b8ab8555"},"headline":"Posse de Pollyanna Abreu acontece na quarta-feira, \u00e0s 17h, na C\u00e2mara de Vereadores de Sert\u00e2nia","datePublished":"2024-12-31T04:38:21+00:00","mainEntityOfPage":{"@id":"https:\/\/novabetaniafm.com.br\/novabetania87\/2024\/12\/31\/posse-de-pollyanna-abreu-acontece-na-quarta-feira-as-17h-na-camara-de-vereadores-de-sertania\/"},"wordCount":383,"commentCount":0,"publisher":{"@id":"https:\/\/novabetaniafm.com.br\/novabetania87\/#organization"},"image":{"@id":"https:\/\/novabetaniafm.com.br\/novabetania87\/2024\/12\/31\/posse-de-pollyanna-abreu-acontece-na-quarta-feira-as-17h-na-camara-de-vereadores-de-sertania\/#primaryimage"},"thumbnailUrl":"https:\/\/novabetaniafm.com.br\/novabetania87\/wp-content\/uploads\/2024\/12\/a-45.jpg","articleSection":["Sert\u00e3o"],"inLanguage":"pt-BR","potentialAction":[{"@type":"CommentAction","name":"Comment","target":["https:\/\/novabetaniafm.com.br\/novabetania87\/2024\/12\/31\/posse-de-pollyanna-abreu-acontece-na-quarta-feira-as-17h-na-camara-de-vereadores-de-sertania\/#respond"]}]},{"@type":"WebPage","@id":"https:\/\/novabetaniafm.com.br\/novabetania87\/2024\/12\/31\/posse-de-pollyanna-abreu-acontece-na-quarta-feira-as-17h-na-camara-de-vereadores-de-sertania\/","url":"https:\/\/novabetaniafm.com.br\/novabetania87\/2024\/12\/31\/posse-de-pollyanna-abreu-acontece-na-quarta-feira-as-17h-na-camara-de-vereadores-de-sertania\/","name":"Posse de Pollyanna Abreu acontece na quarta-feira, \u00e0s 17h, na C\u00e2mara de Vereadores de Sert\u00e2nia - Nova Bet\u00e2nia FM 87,9","isPartOf":{"@id":"https:\/\/novabetaniafm.com.br\/novabetania87\/#website"},"primaryImageOfPage":{"@id":"https:\/\/novabetaniafm.com.br\/novabetania87\/2024\/12\/31\/posse-de-pollyanna-abreu-acontece-na-quarta-feira-as-17h-na-camara-de-vereadores-de-sertania\/#primaryimage"},"image":{"@id":"https:\/\/novabetaniafm.com.br\/novabetania87\/2024\/12\/31\/posse-de-pollyanna-abreu-acontece-na-quarta-feira-as-17h-na-camara-de-vereadores-de-sertania\/#primaryimage"},"thumbnailUrl":"https:\/\/novabetaniafm.com.br\/novabetania87\/wp-content\/uploads\/2024\/12\/a-45.jpg","datePublished":"2024-12-31T04:38:21+00:00","breadcrumb":{"@id":"https:\/\/novabetaniafm.com.br\/novabetania87\/2024\/12\/31\/posse-de-pollyanna-abreu-acontece-na-quarta-feira-as-17h-na-camara-de-vereadores-de-sertania\/#breadcrumb"},"inLanguage":"pt-BR","potentialAction":[{"@type":"ReadAction","target":["https:\/\/novabetaniafm.com.br\/novabetania87\/2024\/12\/31\/posse-de-pollyanna-abreu-acontece-na-quarta-feira-as-17h-na-camara-de-vereadores-de-sertania\/"]}]},{"@type":"ImageObject","inLanguage":"pt-BR","@id":"https:\/\/novabetaniafm.com.br\/novabetania87\/2024\/12\/31\/posse-de-pollyanna-abreu-acontece-na-quarta-feira-as-17h-na-camara-de-vereadores-de-sertania\/#primaryimage","url":"https:\/\/novabetaniafm.com.br\/novabetania87\/wp-content\/uploads\/2024\/12\/a-45.jpg","contentUrl":"https:\/\/novabetaniafm.com.br\/novabetania87\/wp-content\/uploads\/2024\/12\/a-45.jpg","width":730,"height":717},{"@type":"BreadcrumbList","@id":"https:\/\/novabetaniafm.com.br\/novabetania87\/2024\/12\/31\/posse-de-pollyanna-abreu-acontece-na-quarta-feira-as-17h-na-camara-de-vereadores-de-sertania\/#breadcrumb","itemListElement":[{"@type":"ListItem","position":1,"name":"In\u00edcio","item":"https:\/\/novabetaniafm.com.br\/novabetania87\/"},{"@type":"ListItem","position":2,"name":"Posse de Pollyanna Abreu acontece na quarta-feira, \u00e0s 17h, na C\u00e2mara de Vereadores de Sert\u00e2nia"}]},{"@type":"WebSite","@id":"https:\/\/novabetaniafm.com.br\/novabetania87\/#website","url":"https:\/\/novabetaniafm.com.br\/novabetania87\/","name":"Nova Bet\u00e2nia FM 87,9","description":"Ligada em voc\u00ea!","publisher":{"@id":"https:\/\/novabetaniafm.com.br\/novabetania87\/#organization"},"potentialAction":[{"@type":"SearchAction","target":{"@type":"EntryPoint","urlTemplate":"https:\/\/novabetaniafm.com.br\/novabetania87\/?s={search_term_string}"},"query-input":{"@type":"PropertyValueSpecification","valueRequired":true,"valueName":"search_term_string"}}],"inLanguage":"pt-BR"},{"@type":"Organization","@id":"https:\/\/novabetaniafm.com.br\/novabetania87\/#organization","name":"Nova Bet\u00e2nia FM 87,9","url":"https:\/\/novabetaniafm.com.br\/novabetania87\/","logo":{"@type":"ImageObject","inLanguage":"pt-BR","@id":"https:\/\/novabetaniafm.com.br\/novabetania87\/#\/schema\/logo\/image\/","url":"https:\/\/novabetaniafm.com.br\/novabetania87\/wp-content\/uploads\/2024\/05\/logo.png","contentUrl":"https:\/\/novabetaniafm.com.br\/novabetania87\/wp-content\/uploads\/2024\/05\/logo.png","width":211,"height":144,"caption":"Nova Bet\u00e2nia FM 87,9"},"image":{"@id":"https:\/\/novabetaniafm.com.br\/novabetania87\/#\/schema\/logo\/image\/"}},{"@type":"Person","@id":"https:\/\/novabetaniafm.com.br\/novabetania87\/#\/schema\/person\/73fd05cbd77cd30a7bab1141b8ab8555","name":"Nova Bet\u00e2nia FM","image":{"@type":"ImageObject","inLanguage":"pt-BR","@id":"https:\/\/novabetaniafm.com.br\/novabetania87\/#\/schema\/person\/image\/","url":"https:\/\/secure.gravatar.com\/avatar\/e0359add7ed5dc3560906d861b52c6a8cf5c1e199d3a7dd85070998f49bd4701?s=96&d=mm&r=g","contentUrl":"https:\/\/secure.gravatar.com\/avatar\/e0359add7ed5dc3560906d861b52c6a8cf5c1e199d3a7dd85070998f49bd4701?s=96&d=mm&r=g","caption":"Nova Bet\u00e2nia FM"},"url":"https:\/\/novabetaniafm.com.br\/novabetania87\/author\/novabetaniafm879\/"}]}},"jetpack_featured_media_url":"https:\/\/novabetaniafm.com.br\/novabetania87\/wp-content\/uploads\/2024\/12\/a-45.jpg","_links":{"self":[{"href":"https:\/\/novabetaniafm.com.br\/novabetania87\/wp-json\/wp\/v2\/posts\/4676","targetHints":{"allow":["GET"]}}],"collection":[{"href":"https:\/\/novabetaniafm.com.br\/novabetania87\/wp-json\/wp\/v2\/posts"}],"about":[{"href":"https:\/\/novabetaniafm.com.br\/novabetania87\/wp-json\/wp\/v2\/types\/post"}],"author":[{"embeddable":true,"href":"https:\/\/novabetaniafm.com.br\/novabetania87\/wp-json\/wp\/v2\/users\/4"}],"replies":[{"embeddable":true,"href":"https:\/\/novabetaniafm.com.br\/novabetania87\/wp-json\/wp\/v2\/comments?post=4676"}],"version-history":[{"count":1,"href":"https:\/\/novabetaniafm.com.br\/novabetania87\/wp-json\/wp\/v2\/posts\/4676\/revisions"}],"predecessor-version":[{"id":4678,"href":"https:\/\/novabetaniafm.com.br\/novabetania87\/wp-json\/wp\/v2\/posts\/4676\/revisions\/4678"}],"wp:featuredmedia":[{"embeddable":true,"href":"https:\/\/novabetaniafm.com.br\/novabetania87\/wp-json\/wp\/v2\/media\/4677"}],"wp:attachment":[{"href":"https:\/\/novabetaniafm.com.br\/novabetania87\/wp-json\/wp\/v2\/media?parent=4676"}],"wp:term":[{"taxonomy":"category","embeddable":true,"href":"https:\/\/novabetaniafm.com.br\/novabetania87\/wp-json\/wp\/v2\/categories?post=4676"},{"taxonomy":"post_tag","embeddable":true,"href":"https:\/\/novabetaniafm.com.br\/novabetania87\/wp-json\/wp\/v2\/tags?post=4676"}],"curies":[{"name":"wp","href":"https:\/\/api.w.org\/{rel}","templated":true}]}}