{"id":4669,"date":"2024-12-30T04:46:26","date_gmt":"2024-12-30T07:46:26","guid":{"rendered":"https:\/\/novabetaniafm.com.br\/novabetania87\/?p=4669"},"modified":"2024-12-30T04:46:26","modified_gmt":"2024-12-30T07:46:26","slug":"vice-prefeita-eleita-vai-assumir-a-secretaria-de-desenvolvimento-social-de-sertania","status":"publish","type":"post","link":"https:\/\/novabetaniafm.com.br\/novabetania87\/2024\/12\/30\/vice-prefeita-eleita-vai-assumir-a-secretaria-de-desenvolvimento-social-de-sertania\/","title":{"rendered":"Vice-prefeita eleita vai assumir a Secretaria de Desenvolvimento Social de Sert\u00e2nia"},"content":{"rendered":"<p>A prefeita eleita de Sert\u00e2nia, Pollyanna Abreu (PSDB), j\u00e1 confirmou o nome de alguns auxiliares que ficariam a frente de secretarias municipais.<\/p>\n<p>Foram anunciados: Ant\u00f4nio Monteiro de Almeida (Agricultura), Celestino de Barros Sobrinho (Chefe de Gabinete), Marta Cristina Pereira de Lira (Educa\u00e7\u00e3o) e Elilson G\u00f3es (Desenvolvimento Social e Cidadania).<\/p>\n<p>Por\u00e9m, mesmo antes de assumir, Pollyanna vai fazer mudan\u00e7as na equipe. Agora, quem vai assumir a Secretaria de Desenvolvimento Social e Cidadania \u00e9 a vice-prefeita eleita, Teresa Raquel (foto). Inclusive, ela j\u00e1 se reuniu com o atual secret\u00e1rio Marcelo Patu para tomar conhecimento da estrutura da pasta.<\/p>\n<p>Segundo informa\u00e7\u00f5es de pessoas da equipe de transi\u00e7\u00e3o, Elilson G\u00f3es ir\u00e1 para a Chefia de Gabinete, cargo que j\u00e1 ocupou na gest\u00e3o de Prof. Ivan (PSB).<\/p>\n<p>O destino de Celestino de Barros \u00e9 incerto. Fontes informaram que Pollyanna havia oferecido o cargo de Advogado Geral do Munic\u00edpio, mas ele recusou. Pollyanna Abreu promete anunciar, de forma oficial, o primeiro escal\u00e3o nesta segunda-feira (30).<\/p>\n\n<div style=\"font-size: 0px; height: 0px; line-height: 0px; margin: 0; padding: 0; clear: both;\"><\/div>","protected":false},"excerpt":{"rendered":"<p>A prefeita eleita de Sert\u00e2nia, Pollyanna Abreu (PSDB), j\u00e1 confirmou o nome de alguns auxiliares que ficariam a frente de secretarias municipais. Foram anunciados: Ant\u00f4nio Monteiro de Almeida (Agricultura), Celestino de Barros Sobrinho (Chefe de&#8230;<\/p>\n","protected":false},"author":4,"featured_media":4670,"comment_status":"open","ping_status":"open","sticky":false,"template":"","format":"standard","meta":{"footnotes":""},"categories":[17],"tags":[],"class_list":["post-4669","post","type-post","status-publish","format-standard","has-post-thumbnail","hentry","category-sertao"],"yoast_head":"<!-- This site is optimized with the Yoast SEO plugin v24.5 - https:\/\/yoast.com\/wordpress\/plugins\/seo\/ -->\n<title>Vice-prefeita eleita vai assumir a Secretaria de Desenvolvimento Social de Sert\u00e2nia - Nova Bet\u00e2nia FM 87,9<\/title>\n<meta name=\"robots\" content=\"index, follow, max-snippet:-1, max-image-preview:large, max-video-preview:-1\" \/>\n<link rel=\"canonical\" href=\"https:\/\/novabetaniafm.com.br\/novabetania87\/2024\/12\/30\/vice-prefeita-eleita-vai-assumir-a-secretaria-de-desenvolvimento-social-de-sertania\/\" \/>\n<meta property=\"og:locale\" content=\"pt_BR\" \/>\n<meta property=\"og:type\" content=\"article\" \/>\n<meta property=\"og:title\" content=\"Vice-prefeita eleita vai assumir a Secretaria de Desenvolvimento Social de Sert\u00e2nia - Nova Bet\u00e2nia FM 87,9\" \/>\n<meta property=\"og:description\" content=\"A prefeita eleita de Sert\u00e2nia, Pollyanna Abreu (PSDB), j\u00e1 confirmou o nome de alguns auxiliares que ficariam a frente de secretarias municipais. Foram anunciados: Ant\u00f4nio Monteiro de Almeida (Agricultura), Celestino de Barros Sobrinho (Chefe de...\" \/>\n<meta property=\"og:url\" content=\"https:\/\/novabetaniafm.com.br\/novabetania87\/2024\/12\/30\/vice-prefeita-eleita-vai-assumir-a-secretaria-de-desenvolvimento-social-de-sertania\/\" \/>\n<meta property=\"og:site_name\" content=\"Nova Bet\u00e2nia FM 87,9\" \/>\n<meta property=\"article:published_time\" content=\"2024-12-30T07:46:26+00:00\" \/>\n<meta property=\"og:image\" content=\"https:\/\/novabetaniafm.com.br\/novabetania87\/wp-content\/uploads\/2024\/12\/a-2.png\" \/>\n\t<meta property=\"og:image:width\" content=\"567\" \/>\n\t<meta property=\"og:image:height\" content=\"342\" \/>\n\t<meta property=\"og:image:type\" content=\"image\/png\" \/>\n<meta name=\"author\" content=\"Nova Bet\u00e2nia FM\" \/>\n<meta name=\"twitter:card\" content=\"summary_large_image\" \/>\n<meta name=\"twitter:label1\" content=\"Escrito por\" \/>\n\t<meta name=\"twitter:data1\" content=\"Nova Bet\u00e2nia FM\" \/>\n\t<meta name=\"twitter:label2\" content=\"Est. tempo de leitura\" \/>\n\t<meta name=\"twitter:data2\" content=\"1 minuto\" \/>\n<script type=\"application\/ld+json\" class=\"yoast-schema-graph\">{\"@context\":\"https:\/\/schema.org\",\"@graph\":[{\"@type\":\"Article\",\"@id\":\"https:\/\/novabetaniafm.com.br\/novabetania87\/2024\/12\/30\/vice-prefeita-eleita-vai-assumir-a-secretaria-de-desenvolvimento-social-de-sertania\/#article\",\"isPartOf\":{\"@id\":\"https:\/\/novabetaniafm.com.br\/novabetania87\/2024\/12\/30\/vice-prefeita-eleita-vai-assumir-a-secretaria-de-desenvolvimento-social-de-sertania\/\"},\"author\":{\"name\":\"Nova Bet\u00e2nia FM\",\"@id\":\"https:\/\/novabetaniafm.com.br\/novabetania87\/#\/schema\/person\/73fd05cbd77cd30a7bab1141b8ab8555\"},\"headline\":\"Vice-prefeita eleita vai assumir a Secretaria de Desenvolvimento Social de Sert\u00e2nia\",\"datePublished\":\"2024-12-30T07:46:26+00:00\",\"mainEntityOfPage\":{\"@id\":\"https:\/\/novabetaniafm.com.br\/novabetania87\/2024\/12\/30\/vice-prefeita-eleita-vai-assumir-a-secretaria-de-desenvolvimento-social-de-sertania\/\"},\"wordCount\":181,\"commentCount\":0,\"publisher\":{\"@id\":\"https:\/\/novabetaniafm.com.br\/novabetania87\/#organization\"},\"image\":{\"@id\":\"https:\/\/novabetaniafm.com.br\/novabetania87\/2024\/12\/30\/vice-prefeita-eleita-vai-assumir-a-secretaria-de-desenvolvimento-social-de-sertania\/#primaryimage\"},\"thumbnailUrl\":\"https:\/\/novabetaniafm.com.br\/novabetania87\/wp-content\/uploads\/2024\/12\/a-2.png\",\"articleSection\":[\"Sert\u00e3o\"],\"inLanguage\":\"pt-BR\",\"potentialAction\":[{\"@type\":\"CommentAction\",\"name\":\"Comment\",\"target\":[\"https:\/\/novabetaniafm.com.br\/novabetania87\/2024\/12\/30\/vice-prefeita-eleita-vai-assumir-a-secretaria-de-desenvolvimento-social-de-sertania\/#respond\"]}]},{\"@type\":\"WebPage\",\"@id\":\"https:\/\/novabetaniafm.com.br\/novabetania87\/2024\/12\/30\/vice-prefeita-eleita-vai-assumir-a-secretaria-de-desenvolvimento-social-de-sertania\/\",\"url\":\"https:\/\/novabetaniafm.com.br\/novabetania87\/2024\/12\/30\/vice-prefeita-eleita-vai-assumir-a-secretaria-de-desenvolvimento-social-de-sertania\/\",\"name\":\"Vice-prefeita eleita vai assumir a Secretaria de Desenvolvimento Social de Sert\u00e2nia - Nova Bet\u00e2nia FM 87,9\",\"isPartOf\":{\"@id\":\"https:\/\/novabetaniafm.com.br\/novabetania87\/#website\"},\"primaryImageOfPage\":{\"@id\":\"https:\/\/novabetaniafm.com.br\/novabetania87\/2024\/12\/30\/vice-prefeita-eleita-vai-assumir-a-secretaria-de-desenvolvimento-social-de-sertania\/#primaryimage\"},\"image\":{\"@id\":\"https:\/\/novabetaniafm.com.br\/novabetania87\/2024\/12\/30\/vice-prefeita-eleita-vai-assumir-a-secretaria-de-desenvolvimento-social-de-sertania\/#primaryimage\"},\"thumbnailUrl\":\"https:\/\/novabetaniafm.com.br\/novabetania87\/wp-content\/uploads\/2024\/12\/a-2.png\",\"datePublished\":\"2024-12-30T07:46:26+00:00\",\"breadcrumb\":{\"@id\":\"https:\/\/novabetaniafm.com.br\/novabetania87\/2024\/12\/30\/vice-prefeita-eleita-vai-assumir-a-secretaria-de-desenvolvimento-social-de-sertania\/#breadcrumb\"},\"inLanguage\":\"pt-BR\",\"potentialAction\":[{\"@type\":\"ReadAction\",\"target\":[\"https:\/\/novabetaniafm.com.br\/novabetania87\/2024\/12\/30\/vice-prefeita-eleita-vai-assumir-a-secretaria-de-desenvolvimento-social-de-sertania\/\"]}]},{\"@type\":\"ImageObject\",\"inLanguage\":\"pt-BR\",\"@id\":\"https:\/\/novabetaniafm.com.br\/novabetania87\/2024\/12\/30\/vice-prefeita-eleita-vai-assumir-a-secretaria-de-desenvolvimento-social-de-sertania\/#primaryimage\",\"url\":\"https:\/\/novabetaniafm.com.br\/novabetania87\/wp-content\/uploads\/2024\/12\/a-2.png\",\"contentUrl\":\"https:\/\/novabetaniafm.com.br\/novabetania87\/wp-content\/uploads\/2024\/12\/a-2.png\",\"width\":567,\"height\":342},{\"@type\":\"BreadcrumbList\",\"@id\":\"https:\/\/novabetaniafm.com.br\/novabetania87\/2024\/12\/30\/vice-prefeita-eleita-vai-assumir-a-secretaria-de-desenvolvimento-social-de-sertania\/#breadcrumb\",\"itemListElement\":[{\"@type\":\"ListItem\",\"position\":1,\"name\":\"In\u00edcio\",\"item\":\"https:\/\/novabetaniafm.com.br\/novabetania87\/\"},{\"@type\":\"ListItem\",\"position\":2,\"name\":\"Vice-prefeita eleita vai assumir a Secretaria de Desenvolvimento Social de Sert\u00e2nia\"}]},{\"@type\":\"WebSite\",\"@id\":\"https:\/\/novabetaniafm.com.br\/novabetania87\/#website\",\"url\":\"https:\/\/novabetaniafm.com.br\/novabetania87\/\",\"name\":\"Nova Bet\u00e2nia FM 87,9\",\"description\":\"Ligada em voc\u00ea!\",\"publisher\":{\"@id\":\"https:\/\/novabetaniafm.com.br\/novabetania87\/#organization\"},\"potentialAction\":[{\"@type\":\"SearchAction\",\"target\":{\"@type\":\"EntryPoint\",\"urlTemplate\":\"https:\/\/novabetaniafm.com.br\/novabetania87\/?s={search_term_string}\"},\"query-input\":{\"@type\":\"PropertyValueSpecification\",\"valueRequired\":true,\"valueName\":\"search_term_string\"}}],\"inLanguage\":\"pt-BR\"},{\"@type\":\"Organization\",\"@id\":\"https:\/\/novabetaniafm.com.br\/novabetania87\/#organization\",\"name\":\"Nova Bet\u00e2nia FM 87,9\",\"url\":\"https:\/\/novabetaniafm.com.br\/novabetania87\/\",\"logo\":{\"@type\":\"ImageObject\",\"inLanguage\":\"pt-BR\",\"@id\":\"https:\/\/novabetaniafm.com.br\/novabetania87\/#\/schema\/logo\/image\/\",\"url\":\"https:\/\/novabetaniafm.com.br\/novabetania87\/wp-content\/uploads\/2024\/05\/logo.png\",\"contentUrl\":\"https:\/\/novabetaniafm.com.br\/novabetania87\/wp-content\/uploads\/2024\/05\/logo.png\",\"width\":211,\"height\":144,\"caption\":\"Nova Bet\u00e2nia FM 87,9\"},\"image\":{\"@id\":\"https:\/\/novabetaniafm.com.br\/novabetania87\/#\/schema\/logo\/image\/\"}},{\"@type\":\"Person\",\"@id\":\"https:\/\/novabetaniafm.com.br\/novabetania87\/#\/schema\/person\/73fd05cbd77cd30a7bab1141b8ab8555\",\"name\":\"Nova Bet\u00e2nia FM\",\"image\":{\"@type\":\"ImageObject\",\"inLanguage\":\"pt-BR\",\"@id\":\"https:\/\/novabetaniafm.com.br\/novabetania87\/#\/schema\/person\/image\/\",\"url\":\"https:\/\/secure.gravatar.com\/avatar\/e0359add7ed5dc3560906d861b52c6a8cf5c1e199d3a7dd85070998f49bd4701?s=96&d=mm&r=g\",\"contentUrl\":\"https:\/\/secure.gravatar.com\/avatar\/e0359add7ed5dc3560906d861b52c6a8cf5c1e199d3a7dd85070998f49bd4701?s=96&d=mm&r=g\",\"caption\":\"Nova Bet\u00e2nia FM\"},\"url\":\"https:\/\/novabetaniafm.com.br\/novabetania87\/author\/novabetaniafm879\/\"}]}<\/script>\n<!-- \/ Yoast SEO plugin. -->","yoast_head_json":{"title":"Vice-prefeita eleita vai assumir a Secretaria de Desenvolvimento Social de Sert\u00e2nia - Nova Bet\u00e2nia FM 87,9","robots":{"index":"index","follow":"follow","max-snippet":"max-snippet:-1","max-image-preview":"max-image-preview:large","max-video-preview":"max-video-preview:-1"},"canonical":"https:\/\/novabetaniafm.com.br\/novabetania87\/2024\/12\/30\/vice-prefeita-eleita-vai-assumir-a-secretaria-de-desenvolvimento-social-de-sertania\/","og_locale":"pt_BR","og_type":"article","og_title":"Vice-prefeita eleita vai assumir a Secretaria de Desenvolvimento Social de Sert\u00e2nia - Nova Bet\u00e2nia FM 87,9","og_description":"A prefeita eleita de Sert\u00e2nia, Pollyanna Abreu (PSDB), j\u00e1 confirmou o nome de alguns auxiliares que ficariam a frente de secretarias municipais. Foram anunciados: Ant\u00f4nio Monteiro de Almeida (Agricultura), Celestino de Barros Sobrinho (Chefe de...","og_url":"https:\/\/novabetaniafm.com.br\/novabetania87\/2024\/12\/30\/vice-prefeita-eleita-vai-assumir-a-secretaria-de-desenvolvimento-social-de-sertania\/","og_site_name":"Nova Bet\u00e2nia FM 87,9","article_published_time":"2024-12-30T07:46:26+00:00","og_image":[{"width":567,"height":342,"url":"https:\/\/novabetaniafm.com.br\/novabetania87\/wp-content\/uploads\/2024\/12\/a-2.png","type":"image\/png"}],"author":"Nova Bet\u00e2nia FM","twitter_card":"summary_large_image","twitter_misc":{"Escrito por":"Nova Bet\u00e2nia FM","Est. tempo de leitura":"1 minuto"},"schema":{"@context":"https:\/\/schema.org","@graph":[{"@type":"Article","@id":"https:\/\/novabetaniafm.com.br\/novabetania87\/2024\/12\/30\/vice-prefeita-eleita-vai-assumir-a-secretaria-de-desenvolvimento-social-de-sertania\/#article","isPartOf":{"@id":"https:\/\/novabetaniafm.com.br\/novabetania87\/2024\/12\/30\/vice-prefeita-eleita-vai-assumir-a-secretaria-de-desenvolvimento-social-de-sertania\/"},"author":{"name":"Nova Bet\u00e2nia FM","@id":"https:\/\/novabetaniafm.com.br\/novabetania87\/#\/schema\/person\/73fd05cbd77cd30a7bab1141b8ab8555"},"headline":"Vice-prefeita eleita vai assumir a Secretaria de Desenvolvimento Social de Sert\u00e2nia","datePublished":"2024-12-30T07:46:26+00:00","mainEntityOfPage":{"@id":"https:\/\/novabetaniafm.com.br\/novabetania87\/2024\/12\/30\/vice-prefeita-eleita-vai-assumir-a-secretaria-de-desenvolvimento-social-de-sertania\/"},"wordCount":181,"commentCount":0,"publisher":{"@id":"https:\/\/novabetaniafm.com.br\/novabetania87\/#organization"},"image":{"@id":"https:\/\/novabetaniafm.com.br\/novabetania87\/2024\/12\/30\/vice-prefeita-eleita-vai-assumir-a-secretaria-de-desenvolvimento-social-de-sertania\/#primaryimage"},"thumbnailUrl":"https:\/\/novabetaniafm.com.br\/novabetania87\/wp-content\/uploads\/2024\/12\/a-2.png","articleSection":["Sert\u00e3o"],"inLanguage":"pt-BR","potentialAction":[{"@type":"CommentAction","name":"Comment","target":["https:\/\/novabetaniafm.com.br\/novabetania87\/2024\/12\/30\/vice-prefeita-eleita-vai-assumir-a-secretaria-de-desenvolvimento-social-de-sertania\/#respond"]}]},{"@type":"WebPage","@id":"https:\/\/novabetaniafm.com.br\/novabetania87\/2024\/12\/30\/vice-prefeita-eleita-vai-assumir-a-secretaria-de-desenvolvimento-social-de-sertania\/","url":"https:\/\/novabetaniafm.com.br\/novabetania87\/2024\/12\/30\/vice-prefeita-eleita-vai-assumir-a-secretaria-de-desenvolvimento-social-de-sertania\/","name":"Vice-prefeita eleita vai assumir a Secretaria de Desenvolvimento Social de Sert\u00e2nia - Nova Bet\u00e2nia FM 87,9","isPartOf":{"@id":"https:\/\/novabetaniafm.com.br\/novabetania87\/#website"},"primaryImageOfPage":{"@id":"https:\/\/novabetaniafm.com.br\/novabetania87\/2024\/12\/30\/vice-prefeita-eleita-vai-assumir-a-secretaria-de-desenvolvimento-social-de-sertania\/#primaryimage"},"image":{"@id":"https:\/\/novabetaniafm.com.br\/novabetania87\/2024\/12\/30\/vice-prefeita-eleita-vai-assumir-a-secretaria-de-desenvolvimento-social-de-sertania\/#primaryimage"},"thumbnailUrl":"https:\/\/novabetaniafm.com.br\/novabetania87\/wp-content\/uploads\/2024\/12\/a-2.png","datePublished":"2024-12-30T07:46:26+00:00","breadcrumb":{"@id":"https:\/\/novabetaniafm.com.br\/novabetania87\/2024\/12\/30\/vice-prefeita-eleita-vai-assumir-a-secretaria-de-desenvolvimento-social-de-sertania\/#breadcrumb"},"inLanguage":"pt-BR","potentialAction":[{"@type":"ReadAction","target":["https:\/\/novabetaniafm.com.br\/novabetania87\/2024\/12\/30\/vice-prefeita-eleita-vai-assumir-a-secretaria-de-desenvolvimento-social-de-sertania\/"]}]},{"@type":"ImageObject","inLanguage":"pt-BR","@id":"https:\/\/novabetaniafm.com.br\/novabetania87\/2024\/12\/30\/vice-prefeita-eleita-vai-assumir-a-secretaria-de-desenvolvimento-social-de-sertania\/#primaryimage","url":"https:\/\/novabetaniafm.com.br\/novabetania87\/wp-content\/uploads\/2024\/12\/a-2.png","contentUrl":"https:\/\/novabetaniafm.com.br\/novabetania87\/wp-content\/uploads\/2024\/12\/a-2.png","width":567,"height":342},{"@type":"BreadcrumbList","@id":"https:\/\/novabetaniafm.com.br\/novabetania87\/2024\/12\/30\/vice-prefeita-eleita-vai-assumir-a-secretaria-de-desenvolvimento-social-de-sertania\/#breadcrumb","itemListElement":[{"@type":"ListItem","position":1,"name":"In\u00edcio","item":"https:\/\/novabetaniafm.com.br\/novabetania87\/"},{"@type":"ListItem","position":2,"name":"Vice-prefeita eleita vai assumir a Secretaria de Desenvolvimento Social de Sert\u00e2nia"}]},{"@type":"WebSite","@id":"https:\/\/novabetaniafm.com.br\/novabetania87\/#website","url":"https:\/\/novabetaniafm.com.br\/novabetania87\/","name":"Nova Bet\u00e2nia FM 87,9","description":"Ligada em voc\u00ea!","publisher":{"@id":"https:\/\/novabetaniafm.com.br\/novabetania87\/#organization"},"potentialAction":[{"@type":"SearchAction","target":{"@type":"EntryPoint","urlTemplate":"https:\/\/novabetaniafm.com.br\/novabetania87\/?s={search_term_string}"},"query-input":{"@type":"PropertyValueSpecification","valueRequired":true,"valueName":"search_term_string"}}],"inLanguage":"pt-BR"},{"@type":"Organization","@id":"https:\/\/novabetaniafm.com.br\/novabetania87\/#organization","name":"Nova Bet\u00e2nia FM 87,9","url":"https:\/\/novabetaniafm.com.br\/novabetania87\/","logo":{"@type":"ImageObject","inLanguage":"pt-BR","@id":"https:\/\/novabetaniafm.com.br\/novabetania87\/#\/schema\/logo\/image\/","url":"https:\/\/novabetaniafm.com.br\/novabetania87\/wp-content\/uploads\/2024\/05\/logo.png","contentUrl":"https:\/\/novabetaniafm.com.br\/novabetania87\/wp-content\/uploads\/2024\/05\/logo.png","width":211,"height":144,"caption":"Nova Bet\u00e2nia FM 87,9"},"image":{"@id":"https:\/\/novabetaniafm.com.br\/novabetania87\/#\/schema\/logo\/image\/"}},{"@type":"Person","@id":"https:\/\/novabetaniafm.com.br\/novabetania87\/#\/schema\/person\/73fd05cbd77cd30a7bab1141b8ab8555","name":"Nova Bet\u00e2nia FM","image":{"@type":"ImageObject","inLanguage":"pt-BR","@id":"https:\/\/novabetaniafm.com.br\/novabetania87\/#\/schema\/person\/image\/","url":"https:\/\/secure.gravatar.com\/avatar\/e0359add7ed5dc3560906d861b52c6a8cf5c1e199d3a7dd85070998f49bd4701?s=96&d=mm&r=g","contentUrl":"https:\/\/secure.gravatar.com\/avatar\/e0359add7ed5dc3560906d861b52c6a8cf5c1e199d3a7dd85070998f49bd4701?s=96&d=mm&r=g","caption":"Nova Bet\u00e2nia FM"},"url":"https:\/\/novabetaniafm.com.br\/novabetania87\/author\/novabetaniafm879\/"}]}},"jetpack_featured_media_url":"https:\/\/novabetaniafm.com.br\/novabetania87\/wp-content\/uploads\/2024\/12\/a-2.png","_links":{"self":[{"href":"https:\/\/novabetaniafm.com.br\/novabetania87\/wp-json\/wp\/v2\/posts\/4669","targetHints":{"allow":["GET"]}}],"collection":[{"href":"https:\/\/novabetaniafm.com.br\/novabetania87\/wp-json\/wp\/v2\/posts"}],"about":[{"href":"https:\/\/novabetaniafm.com.br\/novabetania87\/wp-json\/wp\/v2\/types\/post"}],"author":[{"embeddable":true,"href":"https:\/\/novabetaniafm.com.br\/novabetania87\/wp-json\/wp\/v2\/users\/4"}],"replies":[{"embeddable":true,"href":"https:\/\/novabetaniafm.com.br\/novabetania87\/wp-json\/wp\/v2\/comments?post=4669"}],"version-history":[{"count":1,"href":"https:\/\/novabetaniafm.com.br\/novabetania87\/wp-json\/wp\/v2\/posts\/4669\/revisions"}],"predecessor-version":[{"id":4671,"href":"https:\/\/novabetaniafm.com.br\/novabetania87\/wp-json\/wp\/v2\/posts\/4669\/revisions\/4671"}],"wp:featuredmedia":[{"embeddable":true,"href":"https:\/\/novabetaniafm.com.br\/novabetania87\/wp-json\/wp\/v2\/media\/4670"}],"wp:attachment":[{"href":"https:\/\/novabetaniafm.com.br\/novabetania87\/wp-json\/wp\/v2\/media?parent=4669"}],"wp:term":[{"taxonomy":"category","embeddable":true,"href":"https:\/\/novabetaniafm.com.br\/novabetania87\/wp-json\/wp\/v2\/categories?post=4669"},{"taxonomy":"post_tag","embeddable":true,"href":"https:\/\/novabetaniafm.com.br\/novabetania87\/wp-json\/wp\/v2\/tags?post=4669"}],"curies":[{"name":"wp","href":"https:\/\/api.w.org\/{rel}","templated":true}]}}