{"id":4323,"date":"2024-11-29T05:17:45","date_gmt":"2024-11-29T08:17:45","guid":{"rendered":"https:\/\/novabetaniafm.com.br\/novabetania87\/?p=4323"},"modified":"2024-11-29T05:17:45","modified_gmt":"2024-11-29T08:17:45","slug":"evento-de-economia-criativa-vai-reunir-empreendedores-no-pajeu","status":"publish","type":"post","link":"https:\/\/novabetaniafm.com.br\/novabetania87\/2024\/11\/29\/evento-de-economia-criativa-vai-reunir-empreendedores-no-pajeu\/","title":{"rendered":"Evento de Economia Criativa vai reunir empreendedores no Paje\u00fa"},"content":{"rendered":"<div>Ser\u00e1 realizado no s\u00e1bado (30), das 8h \u00e0s 17h30, no Senac Serra Talhada, o 1\u00ba Semin\u00e1rio de Economia Criativa do Sert\u00e3o de Pernambuco. O evento gratuito reunir\u00e1 empreendedores, gestores p\u00fablicos e institui\u00e7\u00f5es de fomento para valorizar a produ\u00e7\u00e3o art\u00edstica e cultural local, explorando o potencial transformador da economia criativa. Os interessados em participar do evento podem se inscrever pelo link.<\/div>\n<div><\/div>\n<div>Voltado para aut\u00f4nomos, coletivos, associa\u00e7\u00f5es, cooperativas e representantes das secretarias municipais de cultura, educa\u00e7\u00e3o, planejamento e desenvolvimento social, o evento busca unir for\u00e7as para fortalecer a cadeia produtiva art\u00edstica e cultural. O semin\u00e1rio tamb\u00e9m pretende engajar os gestores municipais que tomar\u00e3o posse no pr\u00f3ximo ano, incentivando pol\u00edticas p\u00fablicas que potencializam o setor criativo no interior do estado.<\/div>\n<div><\/div>\n<div>A programa\u00e7\u00e3o inclui palestras, pain\u00e9is e oficinas, o semin\u00e1rio ser\u00e1 um espa\u00e7o de aprendizado e conex\u00e3o para donos de pequenos neg\u00f3cios, lideran\u00e7as comunit\u00e1rias e representantes do poder p\u00fablico. Outro destaque \u00e9 a roda de conversa com os quatro patrim\u00f4nios vivos do territ\u00f3rio: Ded\u00e9 Monteiro, de Tabira; Assis\u00e3o, de Serra Talhada; Chico Santeiro, de Triunfo; e o Grupo de Coco Negras e Negros do Leit\u00e3o da Carapu\u00e7a, de Afogados da Ingazeira, que compartilhar\u00e3o suas hist\u00f3rias e contribui\u00e7\u00f5es culturais.<\/div>\n\n<div style=\"font-size: 0px; height: 0px; line-height: 0px; margin: 0; padding: 0; clear: both;\"><\/div>","protected":false},"excerpt":{"rendered":"<p>Ser\u00e1 realizado no s\u00e1bado (30), das 8h \u00e0s 17h30, no Senac Serra Talhada, o 1\u00ba Semin\u00e1rio de Economia Criativa do Sert\u00e3o de Pernambuco. O evento gratuito reunir\u00e1 empreendedores, gestores p\u00fablicos e institui\u00e7\u00f5es de fomento para&#8230;<\/p>\n","protected":false},"author":4,"featured_media":4324,"comment_status":"open","ping_status":"open","sticky":false,"template":"","format":"standard","meta":{"footnotes":""},"categories":[17],"tags":[],"class_list":["post-4323","post","type-post","status-publish","format-standard","has-post-thumbnail","hentry","category-sertao"],"yoast_head":"<!-- This site is optimized with the Yoast SEO plugin v24.5 - https:\/\/yoast.com\/wordpress\/plugins\/seo\/ -->\n<title>Evento de Economia Criativa vai reunir empreendedores no Paje\u00fa - Nova Bet\u00e2nia FM 87,9<\/title>\n<meta name=\"robots\" content=\"index, follow, max-snippet:-1, max-image-preview:large, max-video-preview:-1\" \/>\n<link rel=\"canonical\" href=\"https:\/\/novabetaniafm.com.br\/novabetania87\/2024\/11\/29\/evento-de-economia-criativa-vai-reunir-empreendedores-no-pajeu\/\" \/>\n<meta property=\"og:locale\" content=\"pt_BR\" \/>\n<meta property=\"og:type\" content=\"article\" \/>\n<meta property=\"og:title\" content=\"Evento de Economia Criativa vai reunir empreendedores no Paje\u00fa - Nova Bet\u00e2nia FM 87,9\" \/>\n<meta property=\"og:description\" content=\"Ser\u00e1 realizado no s\u00e1bado (30), das 8h \u00e0s 17h30, no Senac Serra Talhada, o 1\u00ba Semin\u00e1rio de Economia Criativa do Sert\u00e3o de Pernambuco. O evento gratuito reunir\u00e1 empreendedores, gestores p\u00fablicos e institui\u00e7\u00f5es de fomento para...\" \/>\n<meta property=\"og:url\" content=\"https:\/\/novabetaniafm.com.br\/novabetania87\/2024\/11\/29\/evento-de-economia-criativa-vai-reunir-empreendedores-no-pajeu\/\" \/>\n<meta property=\"og:site_name\" content=\"Nova Bet\u00e2nia FM 87,9\" \/>\n<meta property=\"article:published_time\" content=\"2024-11-29T08:17:45+00:00\" \/>\n<meta property=\"og:image\" content=\"https:\/\/novabetaniafm.com.br\/novabetania87\/wp-content\/uploads\/2024\/11\/img_7354-1.jpg\" \/>\n\t<meta property=\"og:image:width\" content=\"398\" \/>\n\t<meta property=\"og:image:height\" content=\"266\" \/>\n\t<meta property=\"og:image:type\" content=\"image\/jpeg\" \/>\n<meta name=\"author\" content=\"Nova Bet\u00e2nia FM\" \/>\n<meta name=\"twitter:card\" content=\"summary_large_image\" \/>\n<meta name=\"twitter:label1\" content=\"Escrito por\" \/>\n\t<meta name=\"twitter:data1\" content=\"Nova Bet\u00e2nia FM\" \/>\n\t<meta name=\"twitter:label2\" content=\"Est. tempo de leitura\" \/>\n\t<meta name=\"twitter:data2\" content=\"2 minutos\" \/>\n<script type=\"application\/ld+json\" class=\"yoast-schema-graph\">{\"@context\":\"https:\/\/schema.org\",\"@graph\":[{\"@type\":\"Article\",\"@id\":\"https:\/\/novabetaniafm.com.br\/novabetania87\/2024\/11\/29\/evento-de-economia-criativa-vai-reunir-empreendedores-no-pajeu\/#article\",\"isPartOf\":{\"@id\":\"https:\/\/novabetaniafm.com.br\/novabetania87\/2024\/11\/29\/evento-de-economia-criativa-vai-reunir-empreendedores-no-pajeu\/\"},\"author\":{\"name\":\"Nova Bet\u00e2nia FM\",\"@id\":\"https:\/\/novabetaniafm.com.br\/novabetania87\/#\/schema\/person\/73fd05cbd77cd30a7bab1141b8ab8555\"},\"headline\":\"Evento de Economia Criativa vai reunir empreendedores no Paje\u00fa\",\"datePublished\":\"2024-11-29T08:17:45+00:00\",\"mainEntityOfPage\":{\"@id\":\"https:\/\/novabetaniafm.com.br\/novabetania87\/2024\/11\/29\/evento-de-economia-criativa-vai-reunir-empreendedores-no-pajeu\/\"},\"wordCount\":235,\"commentCount\":0,\"publisher\":{\"@id\":\"https:\/\/novabetaniafm.com.br\/novabetania87\/#organization\"},\"image\":{\"@id\":\"https:\/\/novabetaniafm.com.br\/novabetania87\/2024\/11\/29\/evento-de-economia-criativa-vai-reunir-empreendedores-no-pajeu\/#primaryimage\"},\"thumbnailUrl\":\"https:\/\/novabetaniafm.com.br\/novabetania87\/wp-content\/uploads\/2024\/11\/img_7354-1.jpg\",\"articleSection\":[\"Sert\u00e3o\"],\"inLanguage\":\"pt-BR\",\"potentialAction\":[{\"@type\":\"CommentAction\",\"name\":\"Comment\",\"target\":[\"https:\/\/novabetaniafm.com.br\/novabetania87\/2024\/11\/29\/evento-de-economia-criativa-vai-reunir-empreendedores-no-pajeu\/#respond\"]}]},{\"@type\":\"WebPage\",\"@id\":\"https:\/\/novabetaniafm.com.br\/novabetania87\/2024\/11\/29\/evento-de-economia-criativa-vai-reunir-empreendedores-no-pajeu\/\",\"url\":\"https:\/\/novabetaniafm.com.br\/novabetania87\/2024\/11\/29\/evento-de-economia-criativa-vai-reunir-empreendedores-no-pajeu\/\",\"name\":\"Evento de Economia Criativa vai reunir empreendedores no Paje\u00fa - Nova Bet\u00e2nia FM 87,9\",\"isPartOf\":{\"@id\":\"https:\/\/novabetaniafm.com.br\/novabetania87\/#website\"},\"primaryImageOfPage\":{\"@id\":\"https:\/\/novabetaniafm.com.br\/novabetania87\/2024\/11\/29\/evento-de-economia-criativa-vai-reunir-empreendedores-no-pajeu\/#primaryimage\"},\"image\":{\"@id\":\"https:\/\/novabetaniafm.com.br\/novabetania87\/2024\/11\/29\/evento-de-economia-criativa-vai-reunir-empreendedores-no-pajeu\/#primaryimage\"},\"thumbnailUrl\":\"https:\/\/novabetaniafm.com.br\/novabetania87\/wp-content\/uploads\/2024\/11\/img_7354-1.jpg\",\"datePublished\":\"2024-11-29T08:17:45+00:00\",\"breadcrumb\":{\"@id\":\"https:\/\/novabetaniafm.com.br\/novabetania87\/2024\/11\/29\/evento-de-economia-criativa-vai-reunir-empreendedores-no-pajeu\/#breadcrumb\"},\"inLanguage\":\"pt-BR\",\"potentialAction\":[{\"@type\":\"ReadAction\",\"target\":[\"https:\/\/novabetaniafm.com.br\/novabetania87\/2024\/11\/29\/evento-de-economia-criativa-vai-reunir-empreendedores-no-pajeu\/\"]}]},{\"@type\":\"ImageObject\",\"inLanguage\":\"pt-BR\",\"@id\":\"https:\/\/novabetaniafm.com.br\/novabetania87\/2024\/11\/29\/evento-de-economia-criativa-vai-reunir-empreendedores-no-pajeu\/#primaryimage\",\"url\":\"https:\/\/novabetaniafm.com.br\/novabetania87\/wp-content\/uploads\/2024\/11\/img_7354-1.jpg\",\"contentUrl\":\"https:\/\/novabetaniafm.com.br\/novabetania87\/wp-content\/uploads\/2024\/11\/img_7354-1.jpg\",\"width\":398,\"height\":266},{\"@type\":\"BreadcrumbList\",\"@id\":\"https:\/\/novabetaniafm.com.br\/novabetania87\/2024\/11\/29\/evento-de-economia-criativa-vai-reunir-empreendedores-no-pajeu\/#breadcrumb\",\"itemListElement\":[{\"@type\":\"ListItem\",\"position\":1,\"name\":\"In\u00edcio\",\"item\":\"https:\/\/novabetaniafm.com.br\/novabetania87\/\"},{\"@type\":\"ListItem\",\"position\":2,\"name\":\"Evento de Economia Criativa vai reunir empreendedores no Paje\u00fa\"}]},{\"@type\":\"WebSite\",\"@id\":\"https:\/\/novabetaniafm.com.br\/novabetania87\/#website\",\"url\":\"https:\/\/novabetaniafm.com.br\/novabetania87\/\",\"name\":\"Nova Bet\u00e2nia FM 87,9\",\"description\":\"Ligada em voc\u00ea!\",\"publisher\":{\"@id\":\"https:\/\/novabetaniafm.com.br\/novabetania87\/#organization\"},\"potentialAction\":[{\"@type\":\"SearchAction\",\"target\":{\"@type\":\"EntryPoint\",\"urlTemplate\":\"https:\/\/novabetaniafm.com.br\/novabetania87\/?s={search_term_string}\"},\"query-input\":{\"@type\":\"PropertyValueSpecification\",\"valueRequired\":true,\"valueName\":\"search_term_string\"}}],\"inLanguage\":\"pt-BR\"},{\"@type\":\"Organization\",\"@id\":\"https:\/\/novabetaniafm.com.br\/novabetania87\/#organization\",\"name\":\"Nova Bet\u00e2nia FM 87,9\",\"url\":\"https:\/\/novabetaniafm.com.br\/novabetania87\/\",\"logo\":{\"@type\":\"ImageObject\",\"inLanguage\":\"pt-BR\",\"@id\":\"https:\/\/novabetaniafm.com.br\/novabetania87\/#\/schema\/logo\/image\/\",\"url\":\"https:\/\/novabetaniafm.com.br\/novabetania87\/wp-content\/uploads\/2024\/05\/logo.png\",\"contentUrl\":\"https:\/\/novabetaniafm.com.br\/novabetania87\/wp-content\/uploads\/2024\/05\/logo.png\",\"width\":211,\"height\":144,\"caption\":\"Nova Bet\u00e2nia FM 87,9\"},\"image\":{\"@id\":\"https:\/\/novabetaniafm.com.br\/novabetania87\/#\/schema\/logo\/image\/\"}},{\"@type\":\"Person\",\"@id\":\"https:\/\/novabetaniafm.com.br\/novabetania87\/#\/schema\/person\/73fd05cbd77cd30a7bab1141b8ab8555\",\"name\":\"Nova Bet\u00e2nia FM\",\"image\":{\"@type\":\"ImageObject\",\"inLanguage\":\"pt-BR\",\"@id\":\"https:\/\/novabetaniafm.com.br\/novabetania87\/#\/schema\/person\/image\/\",\"url\":\"https:\/\/secure.gravatar.com\/avatar\/e0359add7ed5dc3560906d861b52c6a8cf5c1e199d3a7dd85070998f49bd4701?s=96&d=mm&r=g\",\"contentUrl\":\"https:\/\/secure.gravatar.com\/avatar\/e0359add7ed5dc3560906d861b52c6a8cf5c1e199d3a7dd85070998f49bd4701?s=96&d=mm&r=g\",\"caption\":\"Nova Bet\u00e2nia FM\"},\"url\":\"https:\/\/novabetaniafm.com.br\/novabetania87\/author\/novabetaniafm879\/\"}]}<\/script>\n<!-- \/ Yoast SEO plugin. -->","yoast_head_json":{"title":"Evento de Economia Criativa vai reunir empreendedores no Paje\u00fa - Nova Bet\u00e2nia FM 87,9","robots":{"index":"index","follow":"follow","max-snippet":"max-snippet:-1","max-image-preview":"max-image-preview:large","max-video-preview":"max-video-preview:-1"},"canonical":"https:\/\/novabetaniafm.com.br\/novabetania87\/2024\/11\/29\/evento-de-economia-criativa-vai-reunir-empreendedores-no-pajeu\/","og_locale":"pt_BR","og_type":"article","og_title":"Evento de Economia Criativa vai reunir empreendedores no Paje\u00fa - Nova Bet\u00e2nia FM 87,9","og_description":"Ser\u00e1 realizado no s\u00e1bado (30), das 8h \u00e0s 17h30, no Senac Serra Talhada, o 1\u00ba Semin\u00e1rio de Economia Criativa do Sert\u00e3o de Pernambuco. O evento gratuito reunir\u00e1 empreendedores, gestores p\u00fablicos e institui\u00e7\u00f5es de fomento para...","og_url":"https:\/\/novabetaniafm.com.br\/novabetania87\/2024\/11\/29\/evento-de-economia-criativa-vai-reunir-empreendedores-no-pajeu\/","og_site_name":"Nova Bet\u00e2nia FM 87,9","article_published_time":"2024-11-29T08:17:45+00:00","og_image":[{"width":398,"height":266,"url":"https:\/\/novabetaniafm.com.br\/novabetania87\/wp-content\/uploads\/2024\/11\/img_7354-1.jpg","type":"image\/jpeg"}],"author":"Nova Bet\u00e2nia FM","twitter_card":"summary_large_image","twitter_misc":{"Escrito por":"Nova Bet\u00e2nia FM","Est. tempo de leitura":"2 minutos"},"schema":{"@context":"https:\/\/schema.org","@graph":[{"@type":"Article","@id":"https:\/\/novabetaniafm.com.br\/novabetania87\/2024\/11\/29\/evento-de-economia-criativa-vai-reunir-empreendedores-no-pajeu\/#article","isPartOf":{"@id":"https:\/\/novabetaniafm.com.br\/novabetania87\/2024\/11\/29\/evento-de-economia-criativa-vai-reunir-empreendedores-no-pajeu\/"},"author":{"name":"Nova Bet\u00e2nia FM","@id":"https:\/\/novabetaniafm.com.br\/novabetania87\/#\/schema\/person\/73fd05cbd77cd30a7bab1141b8ab8555"},"headline":"Evento de Economia Criativa vai reunir empreendedores no Paje\u00fa","datePublished":"2024-11-29T08:17:45+00:00","mainEntityOfPage":{"@id":"https:\/\/novabetaniafm.com.br\/novabetania87\/2024\/11\/29\/evento-de-economia-criativa-vai-reunir-empreendedores-no-pajeu\/"},"wordCount":235,"commentCount":0,"publisher":{"@id":"https:\/\/novabetaniafm.com.br\/novabetania87\/#organization"},"image":{"@id":"https:\/\/novabetaniafm.com.br\/novabetania87\/2024\/11\/29\/evento-de-economia-criativa-vai-reunir-empreendedores-no-pajeu\/#primaryimage"},"thumbnailUrl":"https:\/\/novabetaniafm.com.br\/novabetania87\/wp-content\/uploads\/2024\/11\/img_7354-1.jpg","articleSection":["Sert\u00e3o"],"inLanguage":"pt-BR","potentialAction":[{"@type":"CommentAction","name":"Comment","target":["https:\/\/novabetaniafm.com.br\/novabetania87\/2024\/11\/29\/evento-de-economia-criativa-vai-reunir-empreendedores-no-pajeu\/#respond"]}]},{"@type":"WebPage","@id":"https:\/\/novabetaniafm.com.br\/novabetania87\/2024\/11\/29\/evento-de-economia-criativa-vai-reunir-empreendedores-no-pajeu\/","url":"https:\/\/novabetaniafm.com.br\/novabetania87\/2024\/11\/29\/evento-de-economia-criativa-vai-reunir-empreendedores-no-pajeu\/","name":"Evento de Economia Criativa vai reunir empreendedores no Paje\u00fa - Nova Bet\u00e2nia FM 87,9","isPartOf":{"@id":"https:\/\/novabetaniafm.com.br\/novabetania87\/#website"},"primaryImageOfPage":{"@id":"https:\/\/novabetaniafm.com.br\/novabetania87\/2024\/11\/29\/evento-de-economia-criativa-vai-reunir-empreendedores-no-pajeu\/#primaryimage"},"image":{"@id":"https:\/\/novabetaniafm.com.br\/novabetania87\/2024\/11\/29\/evento-de-economia-criativa-vai-reunir-empreendedores-no-pajeu\/#primaryimage"},"thumbnailUrl":"https:\/\/novabetaniafm.com.br\/novabetania87\/wp-content\/uploads\/2024\/11\/img_7354-1.jpg","datePublished":"2024-11-29T08:17:45+00:00","breadcrumb":{"@id":"https:\/\/novabetaniafm.com.br\/novabetania87\/2024\/11\/29\/evento-de-economia-criativa-vai-reunir-empreendedores-no-pajeu\/#breadcrumb"},"inLanguage":"pt-BR","potentialAction":[{"@type":"ReadAction","target":["https:\/\/novabetaniafm.com.br\/novabetania87\/2024\/11\/29\/evento-de-economia-criativa-vai-reunir-empreendedores-no-pajeu\/"]}]},{"@type":"ImageObject","inLanguage":"pt-BR","@id":"https:\/\/novabetaniafm.com.br\/novabetania87\/2024\/11\/29\/evento-de-economia-criativa-vai-reunir-empreendedores-no-pajeu\/#primaryimage","url":"https:\/\/novabetaniafm.com.br\/novabetania87\/wp-content\/uploads\/2024\/11\/img_7354-1.jpg","contentUrl":"https:\/\/novabetaniafm.com.br\/novabetania87\/wp-content\/uploads\/2024\/11\/img_7354-1.jpg","width":398,"height":266},{"@type":"BreadcrumbList","@id":"https:\/\/novabetaniafm.com.br\/novabetania87\/2024\/11\/29\/evento-de-economia-criativa-vai-reunir-empreendedores-no-pajeu\/#breadcrumb","itemListElement":[{"@type":"ListItem","position":1,"name":"In\u00edcio","item":"https:\/\/novabetaniafm.com.br\/novabetania87\/"},{"@type":"ListItem","position":2,"name":"Evento de Economia Criativa vai reunir empreendedores no Paje\u00fa"}]},{"@type":"WebSite","@id":"https:\/\/novabetaniafm.com.br\/novabetania87\/#website","url":"https:\/\/novabetaniafm.com.br\/novabetania87\/","name":"Nova Bet\u00e2nia FM 87,9","description":"Ligada em voc\u00ea!","publisher":{"@id":"https:\/\/novabetaniafm.com.br\/novabetania87\/#organization"},"potentialAction":[{"@type":"SearchAction","target":{"@type":"EntryPoint","urlTemplate":"https:\/\/novabetaniafm.com.br\/novabetania87\/?s={search_term_string}"},"query-input":{"@type":"PropertyValueSpecification","valueRequired":true,"valueName":"search_term_string"}}],"inLanguage":"pt-BR"},{"@type":"Organization","@id":"https:\/\/novabetaniafm.com.br\/novabetania87\/#organization","name":"Nova Bet\u00e2nia FM 87,9","url":"https:\/\/novabetaniafm.com.br\/novabetania87\/","logo":{"@type":"ImageObject","inLanguage":"pt-BR","@id":"https:\/\/novabetaniafm.com.br\/novabetania87\/#\/schema\/logo\/image\/","url":"https:\/\/novabetaniafm.com.br\/novabetania87\/wp-content\/uploads\/2024\/05\/logo.png","contentUrl":"https:\/\/novabetaniafm.com.br\/novabetania87\/wp-content\/uploads\/2024\/05\/logo.png","width":211,"height":144,"caption":"Nova Bet\u00e2nia FM 87,9"},"image":{"@id":"https:\/\/novabetaniafm.com.br\/novabetania87\/#\/schema\/logo\/image\/"}},{"@type":"Person","@id":"https:\/\/novabetaniafm.com.br\/novabetania87\/#\/schema\/person\/73fd05cbd77cd30a7bab1141b8ab8555","name":"Nova Bet\u00e2nia FM","image":{"@type":"ImageObject","inLanguage":"pt-BR","@id":"https:\/\/novabetaniafm.com.br\/novabetania87\/#\/schema\/person\/image\/","url":"https:\/\/secure.gravatar.com\/avatar\/e0359add7ed5dc3560906d861b52c6a8cf5c1e199d3a7dd85070998f49bd4701?s=96&d=mm&r=g","contentUrl":"https:\/\/secure.gravatar.com\/avatar\/e0359add7ed5dc3560906d861b52c6a8cf5c1e199d3a7dd85070998f49bd4701?s=96&d=mm&r=g","caption":"Nova Bet\u00e2nia FM"},"url":"https:\/\/novabetaniafm.com.br\/novabetania87\/author\/novabetaniafm879\/"}]}},"jetpack_featured_media_url":"https:\/\/novabetaniafm.com.br\/novabetania87\/wp-content\/uploads\/2024\/11\/img_7354-1.jpg","_links":{"self":[{"href":"https:\/\/novabetaniafm.com.br\/novabetania87\/wp-json\/wp\/v2\/posts\/4323","targetHints":{"allow":["GET"]}}],"collection":[{"href":"https:\/\/novabetaniafm.com.br\/novabetania87\/wp-json\/wp\/v2\/posts"}],"about":[{"href":"https:\/\/novabetaniafm.com.br\/novabetania87\/wp-json\/wp\/v2\/types\/post"}],"author":[{"embeddable":true,"href":"https:\/\/novabetaniafm.com.br\/novabetania87\/wp-json\/wp\/v2\/users\/4"}],"replies":[{"embeddable":true,"href":"https:\/\/novabetaniafm.com.br\/novabetania87\/wp-json\/wp\/v2\/comments?post=4323"}],"version-history":[{"count":1,"href":"https:\/\/novabetaniafm.com.br\/novabetania87\/wp-json\/wp\/v2\/posts\/4323\/revisions"}],"predecessor-version":[{"id":4325,"href":"https:\/\/novabetaniafm.com.br\/novabetania87\/wp-json\/wp\/v2\/posts\/4323\/revisions\/4325"}],"wp:featuredmedia":[{"embeddable":true,"href":"https:\/\/novabetaniafm.com.br\/novabetania87\/wp-json\/wp\/v2\/media\/4324"}],"wp:attachment":[{"href":"https:\/\/novabetaniafm.com.br\/novabetania87\/wp-json\/wp\/v2\/media?parent=4323"}],"wp:term":[{"taxonomy":"category","embeddable":true,"href":"https:\/\/novabetaniafm.com.br\/novabetania87\/wp-json\/wp\/v2\/categories?post=4323"},{"taxonomy":"post_tag","embeddable":true,"href":"https:\/\/novabetaniafm.com.br\/novabetania87\/wp-json\/wp\/v2\/tags?post=4323"}],"curies":[{"name":"wp","href":"https:\/\/api.w.org\/{rel}","templated":true}]}}