{"id":4034,"date":"2024-10-31T09:24:23","date_gmt":"2024-10-31T12:24:23","guid":{"rendered":"http:\/\/novabetaniafm.com.br\/novabetania87\/?p=4034"},"modified":"2024-10-31T09:24:23","modified_gmt":"2024-10-31T12:24:23","slug":"ministro-da-educacao-defende-restringir-uso-de-celulares-em-escolas-precisa-ter-um-limite","status":"publish","type":"post","link":"https:\/\/novabetaniafm.com.br\/novabetania87\/2024\/10\/31\/ministro-da-educacao-defende-restringir-uso-de-celulares-em-escolas-precisa-ter-um-limite\/","title":{"rendered":"Ministro da Educa\u00e7\u00e3o defende restringir uso de celulares em escolas: \u2018precisa ter um limite\u2019"},"content":{"rendered":"<p>O ministro da Educa\u00e7\u00e3o, Camilo Santana, refor\u00e7ou, nesta quarta-feira (30), a import\u00e2ncia de restringir o uso do celular nas salas de aula das escolas de todo o pa\u00eds. \u201c\u00c9 importante a tecnologia, s\u00e3o importantes os equipamentos, mas precisa ter um limite\u201d, afirma.<\/p>\n<p>Nesta quarta, a Comiss\u00e3o de Educa\u00e7\u00e3o da C\u00e2mara dos Deputados aprovou o projeto de lei 104\/2015, que pro\u00edbe o uso de aparelhos eletr\u00f4nicos port\u00e1teis nas salas de aula dos estabelecimentos de educa\u00e7\u00e3o. O projeto segue para a Comiss\u00e3o de Constitui\u00e7\u00e3o e Justi\u00e7a. Agora, mesmo antes da aprova\u00e7\u00e3o no Congresso Nacional, o MEC come\u00e7a a discutir com os entes federados formas de regulamentar a futura lei.<\/p>\n<p>A pasta defende a reda\u00e7\u00e3o do PL, que o celular seja usado apenas para atividades pedag\u00f3gicas, ou seja, orientadas pelos professores, nos anos finais do ensino fundamental, do 6\u00ba ao 9\u00ba ano e no ensino m\u00e9dio. J\u00e1 nos anos anteriores, na educa\u00e7\u00e3o infantil e nos anos iniciais do fundamental, do 1\u00ba ao 5\u00ba ano, o uso fica proibido, com exce\u00e7\u00e3o para os estudantes com defici\u00eancia.<\/p>\n<p>No Brasil, alguns estados e munic\u00edpios, como o Cear\u00e1 e o munic\u00edpio do Rio de Janeiro t\u00eam legisla\u00e7\u00f5es pr\u00f3prias que restringem o uso dos aparelhos. A ideia \u00e9 que agora haja uma orienta\u00e7\u00e3o nacional.<\/p>\n\n<div style=\"font-size: 0px; height: 0px; line-height: 0px; margin: 0; padding: 0; clear: both;\"><\/div>","protected":false},"excerpt":{"rendered":"<p>O ministro da Educa\u00e7\u00e3o, Camilo Santana, refor\u00e7ou, nesta quarta-feira (30), a import\u00e2ncia de restringir o uso do celular nas salas de aula das escolas de todo o pa\u00eds. \u201c\u00c9 importante a tecnologia, s\u00e3o importantes os&#8230;<\/p>\n","protected":false},"author":4,"featured_media":4035,"comment_status":"open","ping_status":"open","sticky":false,"template":"","format":"standard","meta":{"footnotes":""},"categories":[14],"tags":[],"class_list":["post-4034","post","type-post","status-publish","format-standard","has-post-thumbnail","hentry","category-brasil"],"yoast_head":"<!-- This site is optimized with the Yoast SEO plugin v24.5 - https:\/\/yoast.com\/wordpress\/plugins\/seo\/ -->\n<title>Ministro da Educa\u00e7\u00e3o defende restringir uso de celulares em escolas: \u2018precisa ter um limite\u2019 - Nova Bet\u00e2nia FM 87,9<\/title>\n<meta name=\"robots\" content=\"index, follow, max-snippet:-1, max-image-preview:large, max-video-preview:-1\" \/>\n<link rel=\"canonical\" href=\"https:\/\/novabetaniafm.com.br\/novabetania87\/2024\/10\/31\/ministro-da-educacao-defende-restringir-uso-de-celulares-em-escolas-precisa-ter-um-limite\/\" \/>\n<meta property=\"og:locale\" content=\"pt_BR\" \/>\n<meta property=\"og:type\" content=\"article\" \/>\n<meta property=\"og:title\" content=\"Ministro da Educa\u00e7\u00e3o defende restringir uso de celulares em escolas: \u2018precisa ter um limite\u2019 - Nova Bet\u00e2nia FM 87,9\" \/>\n<meta property=\"og:description\" content=\"O ministro da Educa\u00e7\u00e3o, Camilo Santana, refor\u00e7ou, nesta quarta-feira (30), a import\u00e2ncia de restringir o uso do celular nas salas de aula das escolas de todo o pa\u00eds. \u201c\u00c9 importante a tecnologia, s\u00e3o importantes os...\" \/>\n<meta property=\"og:url\" content=\"https:\/\/novabetaniafm.com.br\/novabetania87\/2024\/10\/31\/ministro-da-educacao-defende-restringir-uso-de-celulares-em-escolas-precisa-ter-um-limite\/\" \/>\n<meta property=\"og:site_name\" content=\"Nova Bet\u00e2nia FM 87,9\" \/>\n<meta property=\"article:published_time\" content=\"2024-10-31T12:24:23+00:00\" \/>\n<meta property=\"og:image\" content=\"https:\/\/novabetaniafm.com.br\/novabetania87\/wp-content\/uploads\/2024\/10\/20241030153041981097i.jpg\" \/>\n\t<meta property=\"og:image:width\" content=\"400\" \/>\n\t<meta property=\"og:image:height\" content=\"267\" \/>\n\t<meta property=\"og:image:type\" content=\"image\/jpeg\" \/>\n<meta name=\"author\" content=\"Nova Bet\u00e2nia FM\" \/>\n<meta name=\"twitter:card\" content=\"summary_large_image\" \/>\n<meta name=\"twitter:label1\" content=\"Escrito por\" \/>\n\t<meta name=\"twitter:data1\" content=\"Nova Bet\u00e2nia FM\" \/>\n\t<meta name=\"twitter:label2\" content=\"Est. tempo de leitura\" \/>\n\t<meta name=\"twitter:data2\" content=\"2 minutos\" \/>\n<script type=\"application\/ld+json\" class=\"yoast-schema-graph\">{\"@context\":\"https:\/\/schema.org\",\"@graph\":[{\"@type\":\"Article\",\"@id\":\"https:\/\/novabetaniafm.com.br\/novabetania87\/2024\/10\/31\/ministro-da-educacao-defende-restringir-uso-de-celulares-em-escolas-precisa-ter-um-limite\/#article\",\"isPartOf\":{\"@id\":\"https:\/\/novabetaniafm.com.br\/novabetania87\/2024\/10\/31\/ministro-da-educacao-defende-restringir-uso-de-celulares-em-escolas-precisa-ter-um-limite\/\"},\"author\":{\"name\":\"Nova Bet\u00e2nia FM\",\"@id\":\"https:\/\/novabetaniafm.com.br\/novabetania87\/#\/schema\/person\/73fd05cbd77cd30a7bab1141b8ab8555\"},\"headline\":\"Ministro da Educa\u00e7\u00e3o defende restringir uso de celulares em escolas: \u2018precisa ter um limite\u2019\",\"datePublished\":\"2024-10-31T12:24:23+00:00\",\"mainEntityOfPage\":{\"@id\":\"https:\/\/novabetaniafm.com.br\/novabetania87\/2024\/10\/31\/ministro-da-educacao-defende-restringir-uso-de-celulares-em-escolas-precisa-ter-um-limite\/\"},\"wordCount\":242,\"commentCount\":0,\"publisher\":{\"@id\":\"https:\/\/novabetaniafm.com.br\/novabetania87\/#organization\"},\"image\":{\"@id\":\"https:\/\/novabetaniafm.com.br\/novabetania87\/2024\/10\/31\/ministro-da-educacao-defende-restringir-uso-de-celulares-em-escolas-precisa-ter-um-limite\/#primaryimage\"},\"thumbnailUrl\":\"https:\/\/novabetaniafm.com.br\/novabetania87\/wp-content\/uploads\/2024\/10\/20241030153041981097i.jpg\",\"articleSection\":[\"Brasil\"],\"inLanguage\":\"pt-BR\",\"potentialAction\":[{\"@type\":\"CommentAction\",\"name\":\"Comment\",\"target\":[\"https:\/\/novabetaniafm.com.br\/novabetania87\/2024\/10\/31\/ministro-da-educacao-defende-restringir-uso-de-celulares-em-escolas-precisa-ter-um-limite\/#respond\"]}]},{\"@type\":\"WebPage\",\"@id\":\"https:\/\/novabetaniafm.com.br\/novabetania87\/2024\/10\/31\/ministro-da-educacao-defende-restringir-uso-de-celulares-em-escolas-precisa-ter-um-limite\/\",\"url\":\"https:\/\/novabetaniafm.com.br\/novabetania87\/2024\/10\/31\/ministro-da-educacao-defende-restringir-uso-de-celulares-em-escolas-precisa-ter-um-limite\/\",\"name\":\"Ministro da Educa\u00e7\u00e3o defende restringir uso de celulares em escolas: \u2018precisa ter um limite\u2019 - Nova Bet\u00e2nia FM 87,9\",\"isPartOf\":{\"@id\":\"https:\/\/novabetaniafm.com.br\/novabetania87\/#website\"},\"primaryImageOfPage\":{\"@id\":\"https:\/\/novabetaniafm.com.br\/novabetania87\/2024\/10\/31\/ministro-da-educacao-defende-restringir-uso-de-celulares-em-escolas-precisa-ter-um-limite\/#primaryimage\"},\"image\":{\"@id\":\"https:\/\/novabetaniafm.com.br\/novabetania87\/2024\/10\/31\/ministro-da-educacao-defende-restringir-uso-de-celulares-em-escolas-precisa-ter-um-limite\/#primaryimage\"},\"thumbnailUrl\":\"https:\/\/novabetaniafm.com.br\/novabetania87\/wp-content\/uploads\/2024\/10\/20241030153041981097i.jpg\",\"datePublished\":\"2024-10-31T12:24:23+00:00\",\"breadcrumb\":{\"@id\":\"https:\/\/novabetaniafm.com.br\/novabetania87\/2024\/10\/31\/ministro-da-educacao-defende-restringir-uso-de-celulares-em-escolas-precisa-ter-um-limite\/#breadcrumb\"},\"inLanguage\":\"pt-BR\",\"potentialAction\":[{\"@type\":\"ReadAction\",\"target\":[\"https:\/\/novabetaniafm.com.br\/novabetania87\/2024\/10\/31\/ministro-da-educacao-defende-restringir-uso-de-celulares-em-escolas-precisa-ter-um-limite\/\"]}]},{\"@type\":\"ImageObject\",\"inLanguage\":\"pt-BR\",\"@id\":\"https:\/\/novabetaniafm.com.br\/novabetania87\/2024\/10\/31\/ministro-da-educacao-defende-restringir-uso-de-celulares-em-escolas-precisa-ter-um-limite\/#primaryimage\",\"url\":\"https:\/\/novabetaniafm.com.br\/novabetania87\/wp-content\/uploads\/2024\/10\/20241030153041981097i.jpg\",\"contentUrl\":\"https:\/\/novabetaniafm.com.br\/novabetania87\/wp-content\/uploads\/2024\/10\/20241030153041981097i.jpg\",\"width\":400,\"height\":267},{\"@type\":\"BreadcrumbList\",\"@id\":\"https:\/\/novabetaniafm.com.br\/novabetania87\/2024\/10\/31\/ministro-da-educacao-defende-restringir-uso-de-celulares-em-escolas-precisa-ter-um-limite\/#breadcrumb\",\"itemListElement\":[{\"@type\":\"ListItem\",\"position\":1,\"name\":\"In\u00edcio\",\"item\":\"https:\/\/novabetaniafm.com.br\/novabetania87\/\"},{\"@type\":\"ListItem\",\"position\":2,\"name\":\"Ministro da Educa\u00e7\u00e3o defende restringir uso de celulares em escolas: \u2018precisa ter um limite\u2019\"}]},{\"@type\":\"WebSite\",\"@id\":\"https:\/\/novabetaniafm.com.br\/novabetania87\/#website\",\"url\":\"https:\/\/novabetaniafm.com.br\/novabetania87\/\",\"name\":\"Nova Bet\u00e2nia FM 87,9\",\"description\":\"Ligada em voc\u00ea!\",\"publisher\":{\"@id\":\"https:\/\/novabetaniafm.com.br\/novabetania87\/#organization\"},\"potentialAction\":[{\"@type\":\"SearchAction\",\"target\":{\"@type\":\"EntryPoint\",\"urlTemplate\":\"https:\/\/novabetaniafm.com.br\/novabetania87\/?s={search_term_string}\"},\"query-input\":{\"@type\":\"PropertyValueSpecification\",\"valueRequired\":true,\"valueName\":\"search_term_string\"}}],\"inLanguage\":\"pt-BR\"},{\"@type\":\"Organization\",\"@id\":\"https:\/\/novabetaniafm.com.br\/novabetania87\/#organization\",\"name\":\"Nova Bet\u00e2nia FM 87,9\",\"url\":\"https:\/\/novabetaniafm.com.br\/novabetania87\/\",\"logo\":{\"@type\":\"ImageObject\",\"inLanguage\":\"pt-BR\",\"@id\":\"https:\/\/novabetaniafm.com.br\/novabetania87\/#\/schema\/logo\/image\/\",\"url\":\"https:\/\/novabetaniafm.com.br\/novabetania87\/wp-content\/uploads\/2024\/05\/logo.png\",\"contentUrl\":\"https:\/\/novabetaniafm.com.br\/novabetania87\/wp-content\/uploads\/2024\/05\/logo.png\",\"width\":211,\"height\":144,\"caption\":\"Nova Bet\u00e2nia FM 87,9\"},\"image\":{\"@id\":\"https:\/\/novabetaniafm.com.br\/novabetania87\/#\/schema\/logo\/image\/\"}},{\"@type\":\"Person\",\"@id\":\"https:\/\/novabetaniafm.com.br\/novabetania87\/#\/schema\/person\/73fd05cbd77cd30a7bab1141b8ab8555\",\"name\":\"Nova Bet\u00e2nia FM\",\"image\":{\"@type\":\"ImageObject\",\"inLanguage\":\"pt-BR\",\"@id\":\"https:\/\/novabetaniafm.com.br\/novabetania87\/#\/schema\/person\/image\/\",\"url\":\"https:\/\/secure.gravatar.com\/avatar\/e0359add7ed5dc3560906d861b52c6a8cf5c1e199d3a7dd85070998f49bd4701?s=96&d=mm&r=g\",\"contentUrl\":\"https:\/\/secure.gravatar.com\/avatar\/e0359add7ed5dc3560906d861b52c6a8cf5c1e199d3a7dd85070998f49bd4701?s=96&d=mm&r=g\",\"caption\":\"Nova Bet\u00e2nia FM\"},\"url\":\"https:\/\/novabetaniafm.com.br\/novabetania87\/author\/novabetaniafm879\/\"}]}<\/script>\n<!-- \/ Yoast SEO plugin. -->","yoast_head_json":{"title":"Ministro da Educa\u00e7\u00e3o defende restringir uso de celulares em escolas: \u2018precisa ter um limite\u2019 - Nova Bet\u00e2nia FM 87,9","robots":{"index":"index","follow":"follow","max-snippet":"max-snippet:-1","max-image-preview":"max-image-preview:large","max-video-preview":"max-video-preview:-1"},"canonical":"https:\/\/novabetaniafm.com.br\/novabetania87\/2024\/10\/31\/ministro-da-educacao-defende-restringir-uso-de-celulares-em-escolas-precisa-ter-um-limite\/","og_locale":"pt_BR","og_type":"article","og_title":"Ministro da Educa\u00e7\u00e3o defende restringir uso de celulares em escolas: \u2018precisa ter um limite\u2019 - Nova Bet\u00e2nia FM 87,9","og_description":"O ministro da Educa\u00e7\u00e3o, Camilo Santana, refor\u00e7ou, nesta quarta-feira (30), a import\u00e2ncia de restringir o uso do celular nas salas de aula das escolas de todo o pa\u00eds. \u201c\u00c9 importante a tecnologia, s\u00e3o importantes os...","og_url":"https:\/\/novabetaniafm.com.br\/novabetania87\/2024\/10\/31\/ministro-da-educacao-defende-restringir-uso-de-celulares-em-escolas-precisa-ter-um-limite\/","og_site_name":"Nova Bet\u00e2nia FM 87,9","article_published_time":"2024-10-31T12:24:23+00:00","og_image":[{"width":400,"height":267,"url":"https:\/\/novabetaniafm.com.br\/novabetania87\/wp-content\/uploads\/2024\/10\/20241030153041981097i.jpg","type":"image\/jpeg"}],"author":"Nova Bet\u00e2nia FM","twitter_card":"summary_large_image","twitter_misc":{"Escrito por":"Nova Bet\u00e2nia FM","Est. tempo de leitura":"2 minutos"},"schema":{"@context":"https:\/\/schema.org","@graph":[{"@type":"Article","@id":"https:\/\/novabetaniafm.com.br\/novabetania87\/2024\/10\/31\/ministro-da-educacao-defende-restringir-uso-de-celulares-em-escolas-precisa-ter-um-limite\/#article","isPartOf":{"@id":"https:\/\/novabetaniafm.com.br\/novabetania87\/2024\/10\/31\/ministro-da-educacao-defende-restringir-uso-de-celulares-em-escolas-precisa-ter-um-limite\/"},"author":{"name":"Nova Bet\u00e2nia FM","@id":"https:\/\/novabetaniafm.com.br\/novabetania87\/#\/schema\/person\/73fd05cbd77cd30a7bab1141b8ab8555"},"headline":"Ministro da Educa\u00e7\u00e3o defende restringir uso de celulares em escolas: \u2018precisa ter um limite\u2019","datePublished":"2024-10-31T12:24:23+00:00","mainEntityOfPage":{"@id":"https:\/\/novabetaniafm.com.br\/novabetania87\/2024\/10\/31\/ministro-da-educacao-defende-restringir-uso-de-celulares-em-escolas-precisa-ter-um-limite\/"},"wordCount":242,"commentCount":0,"publisher":{"@id":"https:\/\/novabetaniafm.com.br\/novabetania87\/#organization"},"image":{"@id":"https:\/\/novabetaniafm.com.br\/novabetania87\/2024\/10\/31\/ministro-da-educacao-defende-restringir-uso-de-celulares-em-escolas-precisa-ter-um-limite\/#primaryimage"},"thumbnailUrl":"https:\/\/novabetaniafm.com.br\/novabetania87\/wp-content\/uploads\/2024\/10\/20241030153041981097i.jpg","articleSection":["Brasil"],"inLanguage":"pt-BR","potentialAction":[{"@type":"CommentAction","name":"Comment","target":["https:\/\/novabetaniafm.com.br\/novabetania87\/2024\/10\/31\/ministro-da-educacao-defende-restringir-uso-de-celulares-em-escolas-precisa-ter-um-limite\/#respond"]}]},{"@type":"WebPage","@id":"https:\/\/novabetaniafm.com.br\/novabetania87\/2024\/10\/31\/ministro-da-educacao-defende-restringir-uso-de-celulares-em-escolas-precisa-ter-um-limite\/","url":"https:\/\/novabetaniafm.com.br\/novabetania87\/2024\/10\/31\/ministro-da-educacao-defende-restringir-uso-de-celulares-em-escolas-precisa-ter-um-limite\/","name":"Ministro da Educa\u00e7\u00e3o defende restringir uso de celulares em escolas: \u2018precisa ter um limite\u2019 - Nova Bet\u00e2nia FM 87,9","isPartOf":{"@id":"https:\/\/novabetaniafm.com.br\/novabetania87\/#website"},"primaryImageOfPage":{"@id":"https:\/\/novabetaniafm.com.br\/novabetania87\/2024\/10\/31\/ministro-da-educacao-defende-restringir-uso-de-celulares-em-escolas-precisa-ter-um-limite\/#primaryimage"},"image":{"@id":"https:\/\/novabetaniafm.com.br\/novabetania87\/2024\/10\/31\/ministro-da-educacao-defende-restringir-uso-de-celulares-em-escolas-precisa-ter-um-limite\/#primaryimage"},"thumbnailUrl":"https:\/\/novabetaniafm.com.br\/novabetania87\/wp-content\/uploads\/2024\/10\/20241030153041981097i.jpg","datePublished":"2024-10-31T12:24:23+00:00","breadcrumb":{"@id":"https:\/\/novabetaniafm.com.br\/novabetania87\/2024\/10\/31\/ministro-da-educacao-defende-restringir-uso-de-celulares-em-escolas-precisa-ter-um-limite\/#breadcrumb"},"inLanguage":"pt-BR","potentialAction":[{"@type":"ReadAction","target":["https:\/\/novabetaniafm.com.br\/novabetania87\/2024\/10\/31\/ministro-da-educacao-defende-restringir-uso-de-celulares-em-escolas-precisa-ter-um-limite\/"]}]},{"@type":"ImageObject","inLanguage":"pt-BR","@id":"https:\/\/novabetaniafm.com.br\/novabetania87\/2024\/10\/31\/ministro-da-educacao-defende-restringir-uso-de-celulares-em-escolas-precisa-ter-um-limite\/#primaryimage","url":"https:\/\/novabetaniafm.com.br\/novabetania87\/wp-content\/uploads\/2024\/10\/20241030153041981097i.jpg","contentUrl":"https:\/\/novabetaniafm.com.br\/novabetania87\/wp-content\/uploads\/2024\/10\/20241030153041981097i.jpg","width":400,"height":267},{"@type":"BreadcrumbList","@id":"https:\/\/novabetaniafm.com.br\/novabetania87\/2024\/10\/31\/ministro-da-educacao-defende-restringir-uso-de-celulares-em-escolas-precisa-ter-um-limite\/#breadcrumb","itemListElement":[{"@type":"ListItem","position":1,"name":"In\u00edcio","item":"https:\/\/novabetaniafm.com.br\/novabetania87\/"},{"@type":"ListItem","position":2,"name":"Ministro da Educa\u00e7\u00e3o defende restringir uso de celulares em escolas: \u2018precisa ter um limite\u2019"}]},{"@type":"WebSite","@id":"https:\/\/novabetaniafm.com.br\/novabetania87\/#website","url":"https:\/\/novabetaniafm.com.br\/novabetania87\/","name":"Nova Bet\u00e2nia FM 87,9","description":"Ligada em voc\u00ea!","publisher":{"@id":"https:\/\/novabetaniafm.com.br\/novabetania87\/#organization"},"potentialAction":[{"@type":"SearchAction","target":{"@type":"EntryPoint","urlTemplate":"https:\/\/novabetaniafm.com.br\/novabetania87\/?s={search_term_string}"},"query-input":{"@type":"PropertyValueSpecification","valueRequired":true,"valueName":"search_term_string"}}],"inLanguage":"pt-BR"},{"@type":"Organization","@id":"https:\/\/novabetaniafm.com.br\/novabetania87\/#organization","name":"Nova Bet\u00e2nia FM 87,9","url":"https:\/\/novabetaniafm.com.br\/novabetania87\/","logo":{"@type":"ImageObject","inLanguage":"pt-BR","@id":"https:\/\/novabetaniafm.com.br\/novabetania87\/#\/schema\/logo\/image\/","url":"https:\/\/novabetaniafm.com.br\/novabetania87\/wp-content\/uploads\/2024\/05\/logo.png","contentUrl":"https:\/\/novabetaniafm.com.br\/novabetania87\/wp-content\/uploads\/2024\/05\/logo.png","width":211,"height":144,"caption":"Nova Bet\u00e2nia FM 87,9"},"image":{"@id":"https:\/\/novabetaniafm.com.br\/novabetania87\/#\/schema\/logo\/image\/"}},{"@type":"Person","@id":"https:\/\/novabetaniafm.com.br\/novabetania87\/#\/schema\/person\/73fd05cbd77cd30a7bab1141b8ab8555","name":"Nova Bet\u00e2nia FM","image":{"@type":"ImageObject","inLanguage":"pt-BR","@id":"https:\/\/novabetaniafm.com.br\/novabetania87\/#\/schema\/person\/image\/","url":"https:\/\/secure.gravatar.com\/avatar\/e0359add7ed5dc3560906d861b52c6a8cf5c1e199d3a7dd85070998f49bd4701?s=96&d=mm&r=g","contentUrl":"https:\/\/secure.gravatar.com\/avatar\/e0359add7ed5dc3560906d861b52c6a8cf5c1e199d3a7dd85070998f49bd4701?s=96&d=mm&r=g","caption":"Nova Bet\u00e2nia FM"},"url":"https:\/\/novabetaniafm.com.br\/novabetania87\/author\/novabetaniafm879\/"}]}},"jetpack_featured_media_url":"https:\/\/novabetaniafm.com.br\/novabetania87\/wp-content\/uploads\/2024\/10\/20241030153041981097i.jpg","_links":{"self":[{"href":"https:\/\/novabetaniafm.com.br\/novabetania87\/wp-json\/wp\/v2\/posts\/4034","targetHints":{"allow":["GET"]}}],"collection":[{"href":"https:\/\/novabetaniafm.com.br\/novabetania87\/wp-json\/wp\/v2\/posts"}],"about":[{"href":"https:\/\/novabetaniafm.com.br\/novabetania87\/wp-json\/wp\/v2\/types\/post"}],"author":[{"embeddable":true,"href":"https:\/\/novabetaniafm.com.br\/novabetania87\/wp-json\/wp\/v2\/users\/4"}],"replies":[{"embeddable":true,"href":"https:\/\/novabetaniafm.com.br\/novabetania87\/wp-json\/wp\/v2\/comments?post=4034"}],"version-history":[{"count":1,"href":"https:\/\/novabetaniafm.com.br\/novabetania87\/wp-json\/wp\/v2\/posts\/4034\/revisions"}],"predecessor-version":[{"id":4036,"href":"https:\/\/novabetaniafm.com.br\/novabetania87\/wp-json\/wp\/v2\/posts\/4034\/revisions\/4036"}],"wp:featuredmedia":[{"embeddable":true,"href":"https:\/\/novabetaniafm.com.br\/novabetania87\/wp-json\/wp\/v2\/media\/4035"}],"wp:attachment":[{"href":"https:\/\/novabetaniafm.com.br\/novabetania87\/wp-json\/wp\/v2\/media?parent=4034"}],"wp:term":[{"taxonomy":"category","embeddable":true,"href":"https:\/\/novabetaniafm.com.br\/novabetania87\/wp-json\/wp\/v2\/categories?post=4034"},{"taxonomy":"post_tag","embeddable":true,"href":"https:\/\/novabetaniafm.com.br\/novabetania87\/wp-json\/wp\/v2\/tags?post=4034"}],"curies":[{"name":"wp","href":"https:\/\/api.w.org\/{rel}","templated":true}]}}