{"id":3984,"date":"2024-10-24T09:31:59","date_gmt":"2024-10-24T12:31:59","guid":{"rendered":"https:\/\/novabetaniafm.com.br\/novabetania87\/?p=3984"},"modified":"2024-10-24T09:31:59","modified_gmt":"2024-10-24T12:31:59","slug":"festival-de-violeiros-e-destaque-na-29a-festa-de-ze-dantas-em-carnaiba","status":"publish","type":"post","link":"https:\/\/novabetaniafm.com.br\/novabetania87\/2024\/10\/24\/festival-de-violeiros-e-destaque-na-29a-festa-de-ze-dantas-em-carnaiba\/","title":{"rendered":"Festival de Violeiros \u00e9 destaque na 29\u00aa Festa de Z\u00e9 Dantas, em Carna\u00edba"},"content":{"rendered":"<p>Dentro da programa\u00e7\u00e3o da 29\u00aa Festa de Z\u00e9 Dantas, um dos eventos mais aguardados pelos amantes da cultura popular nordestina acontece nesta quinta-feira, 24 de outubro: o Festival de Violeiros. O evento, que celebra a arte do repente e da poesia, ter\u00e1 in\u00edcio \u00e0s 20h, na Pra\u00e7a de Eventos, e promete reunir grandes nomes da poesia e do improviso.<\/p>\n<p>Entre os destaques da noite, est\u00e1 a dupla formada pelo aclamado poeta e violeiro Oliveira de Panelas, que se apresentar\u00e1 ao lado de Lourinaldo Vitorino. Considerado um dos maiores nomes do repente, Oliveira de Panelas promete encantar o p\u00fablico com suas rimas afiadas e versos cheios de emo\u00e7\u00e3o.<\/p>\n<p>Al\u00e9m deles, o festival contar\u00e1 com outras duplas de poetas talentosos, como:<\/p>\n<p>Jomaci Dantas e Ant\u00f4nio Jos\u00e9<\/p>\n<p>Andr\u00e9 Santos e Jorge Macedo<\/p>\n<p>Vonaldo Pontes e Raimundo Caetano<\/p>\n<p>Diomedes Mariano e Jonas Bezerra<\/p>\n<p>A apresenta\u00e7\u00e3o do evento ficar\u00e1 a cargo de Felisardo Moura, que conduzir\u00e1 o p\u00fablico atrav\u00e9s das batalhas po\u00e9ticas com seu carisma e conhecimento da arte. Para completar a noite, o festival contar\u00e1 tamb\u00e9m com a participa\u00e7\u00e3o especial de Alexandre Morais, que far\u00e1 uma declama\u00e7\u00e3o, levando ao palco uma apresenta\u00e7\u00e3o vibrante e cheia de sentimento.<\/p>\n<p>O Festival de Violeiros \u00e9 um momento imperd\u00edvel para quem aprecia a tradi\u00e7\u00e3o do repente e a riqueza da poesia nordestina, sendo um dos grandes atrativos da Festa de Z\u00e9 Dantas.<\/p>\n\n<div style=\"font-size: 0px; height: 0px; line-height: 0px; margin: 0; padding: 0; clear: both;\"><\/div>","protected":false},"excerpt":{"rendered":"<p>Dentro da programa\u00e7\u00e3o da 29\u00aa Festa de Z\u00e9 Dantas, um dos eventos mais aguardados pelos amantes da cultura popular nordestina acontece nesta quinta-feira, 24 de outubro: o Festival de Violeiros. O evento, que celebra a&#8230;<\/p>\n","protected":false},"author":4,"featured_media":3985,"comment_status":"open","ping_status":"open","sticky":false,"template":"","format":"standard","meta":{"footnotes":""},"categories":[17],"tags":[],"class_list":["post-3984","post","type-post","status-publish","format-standard","has-post-thumbnail","hentry","category-sertao"],"yoast_head":"<!-- This site is optimized with the Yoast SEO plugin v24.5 - https:\/\/yoast.com\/wordpress\/plugins\/seo\/ -->\n<title>Festival de Violeiros \u00e9 destaque na 29\u00aa Festa de Z\u00e9 Dantas, em Carna\u00edba - Nova Bet\u00e2nia FM 87,9<\/title>\n<meta name=\"robots\" content=\"index, follow, max-snippet:-1, max-image-preview:large, max-video-preview:-1\" \/>\n<link rel=\"canonical\" href=\"https:\/\/novabetaniafm.com.br\/novabetania87\/2024\/10\/24\/festival-de-violeiros-e-destaque-na-29a-festa-de-ze-dantas-em-carnaiba\/\" \/>\n<meta property=\"og:locale\" content=\"pt_BR\" \/>\n<meta property=\"og:type\" content=\"article\" \/>\n<meta property=\"og:title\" content=\"Festival de Violeiros \u00e9 destaque na 29\u00aa Festa de Z\u00e9 Dantas, em Carna\u00edba - Nova Bet\u00e2nia FM 87,9\" \/>\n<meta property=\"og:description\" content=\"Dentro da programa\u00e7\u00e3o da 29\u00aa Festa de Z\u00e9 Dantas, um dos eventos mais aguardados pelos amantes da cultura popular nordestina acontece nesta quinta-feira, 24 de outubro: o Festival de Violeiros. O evento, que celebra a...\" \/>\n<meta property=\"og:url\" content=\"https:\/\/novabetaniafm.com.br\/novabetania87\/2024\/10\/24\/festival-de-violeiros-e-destaque-na-29a-festa-de-ze-dantas-em-carnaiba\/\" \/>\n<meta property=\"og:site_name\" content=\"Nova Bet\u00e2nia FM 87,9\" \/>\n<meta property=\"article:published_time\" content=\"2024-10-24T12:31:59+00:00\" \/>\n<meta property=\"og:image\" content=\"https:\/\/novabetaniafm.com.br\/novabetania87\/wp-content\/uploads\/2024\/10\/WhatsApp-Image-2024-10-23-at-08.40.34-1.webp\" \/>\n\t<meta property=\"og:image:width\" content=\"768\" \/>\n\t<meta property=\"og:image:height\" content=\"960\" \/>\n\t<meta property=\"og:image:type\" content=\"image\/webp\" \/>\n<meta name=\"author\" content=\"Nova Bet\u00e2nia FM\" \/>\n<meta name=\"twitter:card\" content=\"summary_large_image\" \/>\n<meta name=\"twitter:label1\" content=\"Escrito por\" \/>\n\t<meta name=\"twitter:data1\" content=\"Nova Bet\u00e2nia FM\" \/>\n\t<meta name=\"twitter:label2\" content=\"Est. tempo de leitura\" \/>\n\t<meta name=\"twitter:data2\" content=\"2 minutos\" \/>\n<script type=\"application\/ld+json\" class=\"yoast-schema-graph\">{\"@context\":\"https:\/\/schema.org\",\"@graph\":[{\"@type\":\"Article\",\"@id\":\"https:\/\/novabetaniafm.com.br\/novabetania87\/2024\/10\/24\/festival-de-violeiros-e-destaque-na-29a-festa-de-ze-dantas-em-carnaiba\/#article\",\"isPartOf\":{\"@id\":\"https:\/\/novabetaniafm.com.br\/novabetania87\/2024\/10\/24\/festival-de-violeiros-e-destaque-na-29a-festa-de-ze-dantas-em-carnaiba\/\"},\"author\":{\"name\":\"Nova Bet\u00e2nia FM\",\"@id\":\"https:\/\/novabetaniafm.com.br\/novabetania87\/#\/schema\/person\/73fd05cbd77cd30a7bab1141b8ab8555\"},\"headline\":\"Festival de Violeiros \u00e9 destaque na 29\u00aa Festa de Z\u00e9 Dantas, em Carna\u00edba\",\"datePublished\":\"2024-10-24T12:31:59+00:00\",\"mainEntityOfPage\":{\"@id\":\"https:\/\/novabetaniafm.com.br\/novabetania87\/2024\/10\/24\/festival-de-violeiros-e-destaque-na-29a-festa-de-ze-dantas-em-carnaiba\/\"},\"wordCount\":250,\"commentCount\":0,\"publisher\":{\"@id\":\"https:\/\/novabetaniafm.com.br\/novabetania87\/#organization\"},\"image\":{\"@id\":\"https:\/\/novabetaniafm.com.br\/novabetania87\/2024\/10\/24\/festival-de-violeiros-e-destaque-na-29a-festa-de-ze-dantas-em-carnaiba\/#primaryimage\"},\"thumbnailUrl\":\"https:\/\/novabetaniafm.com.br\/novabetania87\/wp-content\/uploads\/2024\/10\/WhatsApp-Image-2024-10-23-at-08.40.34-1.webp\",\"articleSection\":[\"Sert\u00e3o\"],\"inLanguage\":\"pt-BR\",\"potentialAction\":[{\"@type\":\"CommentAction\",\"name\":\"Comment\",\"target\":[\"https:\/\/novabetaniafm.com.br\/novabetania87\/2024\/10\/24\/festival-de-violeiros-e-destaque-na-29a-festa-de-ze-dantas-em-carnaiba\/#respond\"]}]},{\"@type\":\"WebPage\",\"@id\":\"https:\/\/novabetaniafm.com.br\/novabetania87\/2024\/10\/24\/festival-de-violeiros-e-destaque-na-29a-festa-de-ze-dantas-em-carnaiba\/\",\"url\":\"https:\/\/novabetaniafm.com.br\/novabetania87\/2024\/10\/24\/festival-de-violeiros-e-destaque-na-29a-festa-de-ze-dantas-em-carnaiba\/\",\"name\":\"Festival de Violeiros \u00e9 destaque na 29\u00aa Festa de Z\u00e9 Dantas, em Carna\u00edba - Nova Bet\u00e2nia FM 87,9\",\"isPartOf\":{\"@id\":\"https:\/\/novabetaniafm.com.br\/novabetania87\/#website\"},\"primaryImageOfPage\":{\"@id\":\"https:\/\/novabetaniafm.com.br\/novabetania87\/2024\/10\/24\/festival-de-violeiros-e-destaque-na-29a-festa-de-ze-dantas-em-carnaiba\/#primaryimage\"},\"image\":{\"@id\":\"https:\/\/novabetaniafm.com.br\/novabetania87\/2024\/10\/24\/festival-de-violeiros-e-destaque-na-29a-festa-de-ze-dantas-em-carnaiba\/#primaryimage\"},\"thumbnailUrl\":\"https:\/\/novabetaniafm.com.br\/novabetania87\/wp-content\/uploads\/2024\/10\/WhatsApp-Image-2024-10-23-at-08.40.34-1.webp\",\"datePublished\":\"2024-10-24T12:31:59+00:00\",\"breadcrumb\":{\"@id\":\"https:\/\/novabetaniafm.com.br\/novabetania87\/2024\/10\/24\/festival-de-violeiros-e-destaque-na-29a-festa-de-ze-dantas-em-carnaiba\/#breadcrumb\"},\"inLanguage\":\"pt-BR\",\"potentialAction\":[{\"@type\":\"ReadAction\",\"target\":[\"https:\/\/novabetaniafm.com.br\/novabetania87\/2024\/10\/24\/festival-de-violeiros-e-destaque-na-29a-festa-de-ze-dantas-em-carnaiba\/\"]}]},{\"@type\":\"ImageObject\",\"inLanguage\":\"pt-BR\",\"@id\":\"https:\/\/novabetaniafm.com.br\/novabetania87\/2024\/10\/24\/festival-de-violeiros-e-destaque-na-29a-festa-de-ze-dantas-em-carnaiba\/#primaryimage\",\"url\":\"https:\/\/novabetaniafm.com.br\/novabetania87\/wp-content\/uploads\/2024\/10\/WhatsApp-Image-2024-10-23-at-08.40.34-1.webp\",\"contentUrl\":\"https:\/\/novabetaniafm.com.br\/novabetania87\/wp-content\/uploads\/2024\/10\/WhatsApp-Image-2024-10-23-at-08.40.34-1.webp\",\"width\":768,\"height\":960},{\"@type\":\"BreadcrumbList\",\"@id\":\"https:\/\/novabetaniafm.com.br\/novabetania87\/2024\/10\/24\/festival-de-violeiros-e-destaque-na-29a-festa-de-ze-dantas-em-carnaiba\/#breadcrumb\",\"itemListElement\":[{\"@type\":\"ListItem\",\"position\":1,\"name\":\"In\u00edcio\",\"item\":\"https:\/\/novabetaniafm.com.br\/novabetania87\/\"},{\"@type\":\"ListItem\",\"position\":2,\"name\":\"Festival de Violeiros \u00e9 destaque na 29\u00aa Festa de Z\u00e9 Dantas, em Carna\u00edba\"}]},{\"@type\":\"WebSite\",\"@id\":\"https:\/\/novabetaniafm.com.br\/novabetania87\/#website\",\"url\":\"https:\/\/novabetaniafm.com.br\/novabetania87\/\",\"name\":\"Nova Bet\u00e2nia FM 87,9\",\"description\":\"Ligada em voc\u00ea!\",\"publisher\":{\"@id\":\"https:\/\/novabetaniafm.com.br\/novabetania87\/#organization\"},\"potentialAction\":[{\"@type\":\"SearchAction\",\"target\":{\"@type\":\"EntryPoint\",\"urlTemplate\":\"https:\/\/novabetaniafm.com.br\/novabetania87\/?s={search_term_string}\"},\"query-input\":{\"@type\":\"PropertyValueSpecification\",\"valueRequired\":true,\"valueName\":\"search_term_string\"}}],\"inLanguage\":\"pt-BR\"},{\"@type\":\"Organization\",\"@id\":\"https:\/\/novabetaniafm.com.br\/novabetania87\/#organization\",\"name\":\"Nova Bet\u00e2nia FM 87,9\",\"url\":\"https:\/\/novabetaniafm.com.br\/novabetania87\/\",\"logo\":{\"@type\":\"ImageObject\",\"inLanguage\":\"pt-BR\",\"@id\":\"https:\/\/novabetaniafm.com.br\/novabetania87\/#\/schema\/logo\/image\/\",\"url\":\"https:\/\/novabetaniafm.com.br\/novabetania87\/wp-content\/uploads\/2024\/05\/logo.png\",\"contentUrl\":\"https:\/\/novabetaniafm.com.br\/novabetania87\/wp-content\/uploads\/2024\/05\/logo.png\",\"width\":211,\"height\":144,\"caption\":\"Nova Bet\u00e2nia FM 87,9\"},\"image\":{\"@id\":\"https:\/\/novabetaniafm.com.br\/novabetania87\/#\/schema\/logo\/image\/\"}},{\"@type\":\"Person\",\"@id\":\"https:\/\/novabetaniafm.com.br\/novabetania87\/#\/schema\/person\/73fd05cbd77cd30a7bab1141b8ab8555\",\"name\":\"Nova Bet\u00e2nia FM\",\"image\":{\"@type\":\"ImageObject\",\"inLanguage\":\"pt-BR\",\"@id\":\"https:\/\/novabetaniafm.com.br\/novabetania87\/#\/schema\/person\/image\/\",\"url\":\"https:\/\/secure.gravatar.com\/avatar\/e0359add7ed5dc3560906d861b52c6a8cf5c1e199d3a7dd85070998f49bd4701?s=96&d=mm&r=g\",\"contentUrl\":\"https:\/\/secure.gravatar.com\/avatar\/e0359add7ed5dc3560906d861b52c6a8cf5c1e199d3a7dd85070998f49bd4701?s=96&d=mm&r=g\",\"caption\":\"Nova Bet\u00e2nia FM\"},\"url\":\"https:\/\/novabetaniafm.com.br\/novabetania87\/author\/novabetaniafm879\/\"}]}<\/script>\n<!-- \/ Yoast SEO plugin. -->","yoast_head_json":{"title":"Festival de Violeiros \u00e9 destaque na 29\u00aa Festa de Z\u00e9 Dantas, em Carna\u00edba - Nova Bet\u00e2nia FM 87,9","robots":{"index":"index","follow":"follow","max-snippet":"max-snippet:-1","max-image-preview":"max-image-preview:large","max-video-preview":"max-video-preview:-1"},"canonical":"https:\/\/novabetaniafm.com.br\/novabetania87\/2024\/10\/24\/festival-de-violeiros-e-destaque-na-29a-festa-de-ze-dantas-em-carnaiba\/","og_locale":"pt_BR","og_type":"article","og_title":"Festival de Violeiros \u00e9 destaque na 29\u00aa Festa de Z\u00e9 Dantas, em Carna\u00edba - Nova Bet\u00e2nia FM 87,9","og_description":"Dentro da programa\u00e7\u00e3o da 29\u00aa Festa de Z\u00e9 Dantas, um dos eventos mais aguardados pelos amantes da cultura popular nordestina acontece nesta quinta-feira, 24 de outubro: o Festival de Violeiros. O evento, que celebra a...","og_url":"https:\/\/novabetaniafm.com.br\/novabetania87\/2024\/10\/24\/festival-de-violeiros-e-destaque-na-29a-festa-de-ze-dantas-em-carnaiba\/","og_site_name":"Nova Bet\u00e2nia FM 87,9","article_published_time":"2024-10-24T12:31:59+00:00","og_image":[{"width":768,"height":960,"url":"https:\/\/novabetaniafm.com.br\/novabetania87\/wp-content\/uploads\/2024\/10\/WhatsApp-Image-2024-10-23-at-08.40.34-1.webp","type":"image\/webp"}],"author":"Nova Bet\u00e2nia FM","twitter_card":"summary_large_image","twitter_misc":{"Escrito por":"Nova Bet\u00e2nia FM","Est. tempo de leitura":"2 minutos"},"schema":{"@context":"https:\/\/schema.org","@graph":[{"@type":"Article","@id":"https:\/\/novabetaniafm.com.br\/novabetania87\/2024\/10\/24\/festival-de-violeiros-e-destaque-na-29a-festa-de-ze-dantas-em-carnaiba\/#article","isPartOf":{"@id":"https:\/\/novabetaniafm.com.br\/novabetania87\/2024\/10\/24\/festival-de-violeiros-e-destaque-na-29a-festa-de-ze-dantas-em-carnaiba\/"},"author":{"name":"Nova Bet\u00e2nia FM","@id":"https:\/\/novabetaniafm.com.br\/novabetania87\/#\/schema\/person\/73fd05cbd77cd30a7bab1141b8ab8555"},"headline":"Festival de Violeiros \u00e9 destaque na 29\u00aa Festa de Z\u00e9 Dantas, em Carna\u00edba","datePublished":"2024-10-24T12:31:59+00:00","mainEntityOfPage":{"@id":"https:\/\/novabetaniafm.com.br\/novabetania87\/2024\/10\/24\/festival-de-violeiros-e-destaque-na-29a-festa-de-ze-dantas-em-carnaiba\/"},"wordCount":250,"commentCount":0,"publisher":{"@id":"https:\/\/novabetaniafm.com.br\/novabetania87\/#organization"},"image":{"@id":"https:\/\/novabetaniafm.com.br\/novabetania87\/2024\/10\/24\/festival-de-violeiros-e-destaque-na-29a-festa-de-ze-dantas-em-carnaiba\/#primaryimage"},"thumbnailUrl":"https:\/\/novabetaniafm.com.br\/novabetania87\/wp-content\/uploads\/2024\/10\/WhatsApp-Image-2024-10-23-at-08.40.34-1.webp","articleSection":["Sert\u00e3o"],"inLanguage":"pt-BR","potentialAction":[{"@type":"CommentAction","name":"Comment","target":["https:\/\/novabetaniafm.com.br\/novabetania87\/2024\/10\/24\/festival-de-violeiros-e-destaque-na-29a-festa-de-ze-dantas-em-carnaiba\/#respond"]}]},{"@type":"WebPage","@id":"https:\/\/novabetaniafm.com.br\/novabetania87\/2024\/10\/24\/festival-de-violeiros-e-destaque-na-29a-festa-de-ze-dantas-em-carnaiba\/","url":"https:\/\/novabetaniafm.com.br\/novabetania87\/2024\/10\/24\/festival-de-violeiros-e-destaque-na-29a-festa-de-ze-dantas-em-carnaiba\/","name":"Festival de Violeiros \u00e9 destaque na 29\u00aa Festa de Z\u00e9 Dantas, em Carna\u00edba - Nova Bet\u00e2nia FM 87,9","isPartOf":{"@id":"https:\/\/novabetaniafm.com.br\/novabetania87\/#website"},"primaryImageOfPage":{"@id":"https:\/\/novabetaniafm.com.br\/novabetania87\/2024\/10\/24\/festival-de-violeiros-e-destaque-na-29a-festa-de-ze-dantas-em-carnaiba\/#primaryimage"},"image":{"@id":"https:\/\/novabetaniafm.com.br\/novabetania87\/2024\/10\/24\/festival-de-violeiros-e-destaque-na-29a-festa-de-ze-dantas-em-carnaiba\/#primaryimage"},"thumbnailUrl":"https:\/\/novabetaniafm.com.br\/novabetania87\/wp-content\/uploads\/2024\/10\/WhatsApp-Image-2024-10-23-at-08.40.34-1.webp","datePublished":"2024-10-24T12:31:59+00:00","breadcrumb":{"@id":"https:\/\/novabetaniafm.com.br\/novabetania87\/2024\/10\/24\/festival-de-violeiros-e-destaque-na-29a-festa-de-ze-dantas-em-carnaiba\/#breadcrumb"},"inLanguage":"pt-BR","potentialAction":[{"@type":"ReadAction","target":["https:\/\/novabetaniafm.com.br\/novabetania87\/2024\/10\/24\/festival-de-violeiros-e-destaque-na-29a-festa-de-ze-dantas-em-carnaiba\/"]}]},{"@type":"ImageObject","inLanguage":"pt-BR","@id":"https:\/\/novabetaniafm.com.br\/novabetania87\/2024\/10\/24\/festival-de-violeiros-e-destaque-na-29a-festa-de-ze-dantas-em-carnaiba\/#primaryimage","url":"https:\/\/novabetaniafm.com.br\/novabetania87\/wp-content\/uploads\/2024\/10\/WhatsApp-Image-2024-10-23-at-08.40.34-1.webp","contentUrl":"https:\/\/novabetaniafm.com.br\/novabetania87\/wp-content\/uploads\/2024\/10\/WhatsApp-Image-2024-10-23-at-08.40.34-1.webp","width":768,"height":960},{"@type":"BreadcrumbList","@id":"https:\/\/novabetaniafm.com.br\/novabetania87\/2024\/10\/24\/festival-de-violeiros-e-destaque-na-29a-festa-de-ze-dantas-em-carnaiba\/#breadcrumb","itemListElement":[{"@type":"ListItem","position":1,"name":"In\u00edcio","item":"https:\/\/novabetaniafm.com.br\/novabetania87\/"},{"@type":"ListItem","position":2,"name":"Festival de Violeiros \u00e9 destaque na 29\u00aa Festa de Z\u00e9 Dantas, em Carna\u00edba"}]},{"@type":"WebSite","@id":"https:\/\/novabetaniafm.com.br\/novabetania87\/#website","url":"https:\/\/novabetaniafm.com.br\/novabetania87\/","name":"Nova Bet\u00e2nia FM 87,9","description":"Ligada em voc\u00ea!","publisher":{"@id":"https:\/\/novabetaniafm.com.br\/novabetania87\/#organization"},"potentialAction":[{"@type":"SearchAction","target":{"@type":"EntryPoint","urlTemplate":"https:\/\/novabetaniafm.com.br\/novabetania87\/?s={search_term_string}"},"query-input":{"@type":"PropertyValueSpecification","valueRequired":true,"valueName":"search_term_string"}}],"inLanguage":"pt-BR"},{"@type":"Organization","@id":"https:\/\/novabetaniafm.com.br\/novabetania87\/#organization","name":"Nova Bet\u00e2nia FM 87,9","url":"https:\/\/novabetaniafm.com.br\/novabetania87\/","logo":{"@type":"ImageObject","inLanguage":"pt-BR","@id":"https:\/\/novabetaniafm.com.br\/novabetania87\/#\/schema\/logo\/image\/","url":"https:\/\/novabetaniafm.com.br\/novabetania87\/wp-content\/uploads\/2024\/05\/logo.png","contentUrl":"https:\/\/novabetaniafm.com.br\/novabetania87\/wp-content\/uploads\/2024\/05\/logo.png","width":211,"height":144,"caption":"Nova Bet\u00e2nia FM 87,9"},"image":{"@id":"https:\/\/novabetaniafm.com.br\/novabetania87\/#\/schema\/logo\/image\/"}},{"@type":"Person","@id":"https:\/\/novabetaniafm.com.br\/novabetania87\/#\/schema\/person\/73fd05cbd77cd30a7bab1141b8ab8555","name":"Nova Bet\u00e2nia FM","image":{"@type":"ImageObject","inLanguage":"pt-BR","@id":"https:\/\/novabetaniafm.com.br\/novabetania87\/#\/schema\/person\/image\/","url":"https:\/\/secure.gravatar.com\/avatar\/e0359add7ed5dc3560906d861b52c6a8cf5c1e199d3a7dd85070998f49bd4701?s=96&d=mm&r=g","contentUrl":"https:\/\/secure.gravatar.com\/avatar\/e0359add7ed5dc3560906d861b52c6a8cf5c1e199d3a7dd85070998f49bd4701?s=96&d=mm&r=g","caption":"Nova Bet\u00e2nia FM"},"url":"https:\/\/novabetaniafm.com.br\/novabetania87\/author\/novabetaniafm879\/"}]}},"jetpack_featured_media_url":"https:\/\/novabetaniafm.com.br\/novabetania87\/wp-content\/uploads\/2024\/10\/WhatsApp-Image-2024-10-23-at-08.40.34-1.webp","_links":{"self":[{"href":"https:\/\/novabetaniafm.com.br\/novabetania87\/wp-json\/wp\/v2\/posts\/3984","targetHints":{"allow":["GET"]}}],"collection":[{"href":"https:\/\/novabetaniafm.com.br\/novabetania87\/wp-json\/wp\/v2\/posts"}],"about":[{"href":"https:\/\/novabetaniafm.com.br\/novabetania87\/wp-json\/wp\/v2\/types\/post"}],"author":[{"embeddable":true,"href":"https:\/\/novabetaniafm.com.br\/novabetania87\/wp-json\/wp\/v2\/users\/4"}],"replies":[{"embeddable":true,"href":"https:\/\/novabetaniafm.com.br\/novabetania87\/wp-json\/wp\/v2\/comments?post=3984"}],"version-history":[{"count":1,"href":"https:\/\/novabetaniafm.com.br\/novabetania87\/wp-json\/wp\/v2\/posts\/3984\/revisions"}],"predecessor-version":[{"id":3986,"href":"https:\/\/novabetaniafm.com.br\/novabetania87\/wp-json\/wp\/v2\/posts\/3984\/revisions\/3986"}],"wp:featuredmedia":[{"embeddable":true,"href":"https:\/\/novabetaniafm.com.br\/novabetania87\/wp-json\/wp\/v2\/media\/3985"}],"wp:attachment":[{"href":"https:\/\/novabetaniafm.com.br\/novabetania87\/wp-json\/wp\/v2\/media?parent=3984"}],"wp:term":[{"taxonomy":"category","embeddable":true,"href":"https:\/\/novabetaniafm.com.br\/novabetania87\/wp-json\/wp\/v2\/categories?post=3984"},{"taxonomy":"post_tag","embeddable":true,"href":"https:\/\/novabetaniafm.com.br\/novabetania87\/wp-json\/wp\/v2\/tags?post=3984"}],"curies":[{"name":"wp","href":"https:\/\/api.w.org\/{rel}","templated":true}]}}