{"id":2552,"date":"2024-04-09T07:10:15","date_gmt":"2024-04-09T10:10:15","guid":{"rendered":"http:\/\/novabetaniafm.com.br\/novabetania87\/?p=2552"},"modified":"2024-04-09T07:10:17","modified_gmt":"2024-04-09T10:10:17","slug":"conta-alta-de-luz-e-uma-das-razoes-para-tjpe-mudar-horarios-ao-publico","status":"publish","type":"post","link":"https:\/\/novabetaniafm.com.br\/novabetania87\/2024\/04\/09\/conta-alta-de-luz-e-uma-das-razoes-para-tjpe-mudar-horarios-ao-publico\/","title":{"rendered":"Conta alta de luz \u00e9 uma das raz\u00f5es para TJPE mudar hor\u00e1rios ao p\u00fablico"},"content":{"rendered":"\n<p>A conta alta de luz nos hor\u00e1rios de pico, entre 17h30 e 20h30, conforme contrato assinado entre o Tribunal de Justi\u00e7a de Pernambuco (TJPE) e a Neoenergia, \u00e9 uma das 14 raz\u00f5es pelas quais o TJPE vai alterar os hor\u00e1rios de atendimento ao p\u00fablico.<\/p>\n\n\n\n<p>Resolu\u00e7\u00e3o do TJPE publicada no Di\u00e1rio de Justi\u00e7a na sexta-feira passada determina, a partir de dois de maio, entre 8h e 14h, o hor\u00e1rio de atendimento ao p\u00fablico na primeira inst\u00e2ncia (comarcas, varas, cart\u00f3rios, nos quais se inicia a maior parte das contendas judiciais). \u00c9 de 13h \u00e0s 17h o hor\u00e1rio atual. A resolu\u00e7\u00e3o fixa de 8h \u00e0s 17h o atendimento na segunda inst\u00e2ncia (na qual est\u00e1 o pr\u00f3prio TJPE, que julga recursos a decis\u00f5es judiciais na primeira inst\u00e2ncia).<\/p>\n\n\n\n<p>Al\u00e9m da conta de luz \u201cmuito mais alta\u201d nos hor\u00e1rios de pico acertada com a Neoenergia, conforme detalha a resolu\u00e7\u00e3o, entre as 14 justificativas para alterar os hor\u00e1rios de atendimento ao p\u00fablico est\u00e3o mencionadas a redu\u00e7\u00e3o do teto de funcion\u00e1rios no Judici\u00e1rio de Pernambuco e a carga hor\u00e1ria m\u00e1xima de 30 horas semanais dos funcion\u00e1rios do Judici\u00e1rio.<\/p>\n\n\n\n<p>Com 10 artigos, a resolu\u00e7\u00e3o cita tamb\u00e9m normas do Conselho Nacional de Justi\u00e7a (CNJ) recomendando a ado\u00e7\u00e3o de uma pol\u00edtica de sustentabilidade ambiental no Judici\u00e1rio.<\/p>\n\n\n\n<p>A resolu\u00e7\u00e3o do TJPE ressalta, contudo, que as mudan\u00e7as nos hor\u00e1rios de atendimento ao p\u00fablico n\u00e3o afetam os procedimentos judiciais. \u201cN\u00e3o se olvide, entretanto, que a fixa\u00e7\u00e3o de expediente para o atendimento ao p\u00fablico nos hor\u00e1rios propostos dar-se-\u00e1 sem preju\u00edzo de pr\u00e1tica de atos, inclusive audi\u00eancias (de cust\u00f3dia, de concilia\u00e7\u00e3o, de instru\u00e7\u00e3o, etc), sess\u00f5es dos tribunais de j\u00fari, sess\u00f5es de julgamento, atividade de gabinete e cumprimento de mandatos\u201d, enfatiza uma das justificativas.<\/p>\n\n\n\n<p>O TJPE enviar\u00e1 \u00e0 aprova\u00e7\u00e3o da Assembleia Legislativa de Pernambuco (Alepe) projeto de lei complementar estabelecendo os hor\u00e1rios de atendimento ao p\u00fablico.<\/p>\n\n<div style=\"font-size: 0px; height: 0px; line-height: 0px; margin: 0; padding: 0; clear: both;\"><\/div>","protected":false},"excerpt":{"rendered":"<p>A conta alta de luz nos hor\u00e1rios de pico, entre 17h30 e 20h30, conforme contrato assinado entre o Tribunal de Justi\u00e7a de Pernambuco (TJPE) e a Neoenergia, \u00e9 uma das 14 raz\u00f5es pelas quais o&#8230;<\/p>\n","protected":false},"author":4,"featured_media":610,"comment_status":"open","ping_status":"open","sticky":false,"template":"","format":"standard","meta":{"footnotes":""},"categories":[10],"tags":[],"class_list":["post-2552","post","type-post","status-publish","format-standard","has-post-thumbnail","hentry","category-pernambuco"],"yoast_head":"<!-- This site is optimized with the Yoast SEO plugin v24.5 - https:\/\/yoast.com\/wordpress\/plugins\/seo\/ -->\n<title>Conta alta de luz \u00e9 uma das raz\u00f5es para TJPE mudar hor\u00e1rios ao p\u00fablico - Nova Bet\u00e2nia FM 87,9<\/title>\n<meta name=\"robots\" content=\"index, follow, max-snippet:-1, max-image-preview:large, max-video-preview:-1\" \/>\n<link rel=\"canonical\" href=\"https:\/\/novabetaniafm.com.br\/novabetania87\/2024\/04\/09\/conta-alta-de-luz-e-uma-das-razoes-para-tjpe-mudar-horarios-ao-publico\/\" \/>\n<meta property=\"og:locale\" content=\"pt_BR\" \/>\n<meta property=\"og:type\" content=\"article\" \/>\n<meta property=\"og:title\" content=\"Conta alta de luz \u00e9 uma das raz\u00f5es para TJPE mudar hor\u00e1rios ao p\u00fablico - Nova Bet\u00e2nia FM 87,9\" \/>\n<meta property=\"og:description\" content=\"A conta alta de luz nos hor\u00e1rios de pico, entre 17h30 e 20h30, conforme contrato assinado entre o Tribunal de Justi\u00e7a de Pernambuco (TJPE) e a Neoenergia, \u00e9 uma das 14 raz\u00f5es pelas quais o...\" \/>\n<meta property=\"og:url\" content=\"https:\/\/novabetaniafm.com.br\/novabetania87\/2024\/04\/09\/conta-alta-de-luz-e-uma-das-razoes-para-tjpe-mudar-horarios-ao-publico\/\" \/>\n<meta property=\"og:site_name\" content=\"Nova Bet\u00e2nia FM 87,9\" \/>\n<meta property=\"article:published_time\" content=\"2024-04-09T10:10:15+00:00\" \/>\n<meta property=\"article:modified_time\" content=\"2024-04-09T10:10:17+00:00\" \/>\n<meta property=\"og:image\" content=\"https:\/\/novabetaniafm.com.br\/novabetania87\/wp-content\/uploads\/2022\/05\/luz.jpg\" \/>\n\t<meta property=\"og:image:width\" content=\"700\" \/>\n\t<meta property=\"og:image:height\" content=\"450\" \/>\n\t<meta property=\"og:image:type\" content=\"image\/jpeg\" \/>\n<meta name=\"author\" content=\"Nova Bet\u00e2nia FM\" \/>\n<meta name=\"twitter:card\" content=\"summary_large_image\" \/>\n<meta name=\"twitter:label1\" content=\"Escrito por\" \/>\n\t<meta name=\"twitter:data1\" content=\"Nova Bet\u00e2nia FM\" \/>\n\t<meta name=\"twitter:label2\" content=\"Est. tempo de leitura\" \/>\n\t<meta name=\"twitter:data2\" content=\"2 minutos\" \/>\n<script type=\"application\/ld+json\" class=\"yoast-schema-graph\">{\"@context\":\"https:\/\/schema.org\",\"@graph\":[{\"@type\":\"Article\",\"@id\":\"https:\/\/novabetaniafm.com.br\/novabetania87\/2024\/04\/09\/conta-alta-de-luz-e-uma-das-razoes-para-tjpe-mudar-horarios-ao-publico\/#article\",\"isPartOf\":{\"@id\":\"https:\/\/novabetaniafm.com.br\/novabetania87\/2024\/04\/09\/conta-alta-de-luz-e-uma-das-razoes-para-tjpe-mudar-horarios-ao-publico\/\"},\"author\":{\"name\":\"Nova Bet\u00e2nia FM\",\"@id\":\"https:\/\/novabetaniafm.com.br\/novabetania87\/#\/schema\/person\/73fd05cbd77cd30a7bab1141b8ab8555\"},\"headline\":\"Conta alta de luz \u00e9 uma das raz\u00f5es para TJPE mudar hor\u00e1rios ao p\u00fablico\",\"datePublished\":\"2024-04-09T10:10:15+00:00\",\"dateModified\":\"2024-04-09T10:10:17+00:00\",\"mainEntityOfPage\":{\"@id\":\"https:\/\/novabetaniafm.com.br\/novabetania87\/2024\/04\/09\/conta-alta-de-luz-e-uma-das-razoes-para-tjpe-mudar-horarios-ao-publico\/\"},\"wordCount\":366,\"commentCount\":0,\"publisher\":{\"@id\":\"https:\/\/novabetaniafm.com.br\/novabetania87\/#organization\"},\"image\":{\"@id\":\"https:\/\/novabetaniafm.com.br\/novabetania87\/2024\/04\/09\/conta-alta-de-luz-e-uma-das-razoes-para-tjpe-mudar-horarios-ao-publico\/#primaryimage\"},\"thumbnailUrl\":\"https:\/\/novabetaniafm.com.br\/novabetania87\/wp-content\/uploads\/2022\/05\/luz.jpg\",\"articleSection\":[\"Pernambuco\"],\"inLanguage\":\"pt-BR\",\"potentialAction\":[{\"@type\":\"CommentAction\",\"name\":\"Comment\",\"target\":[\"https:\/\/novabetaniafm.com.br\/novabetania87\/2024\/04\/09\/conta-alta-de-luz-e-uma-das-razoes-para-tjpe-mudar-horarios-ao-publico\/#respond\"]}]},{\"@type\":\"WebPage\",\"@id\":\"https:\/\/novabetaniafm.com.br\/novabetania87\/2024\/04\/09\/conta-alta-de-luz-e-uma-das-razoes-para-tjpe-mudar-horarios-ao-publico\/\",\"url\":\"https:\/\/novabetaniafm.com.br\/novabetania87\/2024\/04\/09\/conta-alta-de-luz-e-uma-das-razoes-para-tjpe-mudar-horarios-ao-publico\/\",\"name\":\"Conta alta de luz \u00e9 uma das raz\u00f5es para TJPE mudar hor\u00e1rios ao p\u00fablico - Nova Bet\u00e2nia FM 87,9\",\"isPartOf\":{\"@id\":\"https:\/\/novabetaniafm.com.br\/novabetania87\/#website\"},\"primaryImageOfPage\":{\"@id\":\"https:\/\/novabetaniafm.com.br\/novabetania87\/2024\/04\/09\/conta-alta-de-luz-e-uma-das-razoes-para-tjpe-mudar-horarios-ao-publico\/#primaryimage\"},\"image\":{\"@id\":\"https:\/\/novabetaniafm.com.br\/novabetania87\/2024\/04\/09\/conta-alta-de-luz-e-uma-das-razoes-para-tjpe-mudar-horarios-ao-publico\/#primaryimage\"},\"thumbnailUrl\":\"https:\/\/novabetaniafm.com.br\/novabetania87\/wp-content\/uploads\/2022\/05\/luz.jpg\",\"datePublished\":\"2024-04-09T10:10:15+00:00\",\"dateModified\":\"2024-04-09T10:10:17+00:00\",\"breadcrumb\":{\"@id\":\"https:\/\/novabetaniafm.com.br\/novabetania87\/2024\/04\/09\/conta-alta-de-luz-e-uma-das-razoes-para-tjpe-mudar-horarios-ao-publico\/#breadcrumb\"},\"inLanguage\":\"pt-BR\",\"potentialAction\":[{\"@type\":\"ReadAction\",\"target\":[\"https:\/\/novabetaniafm.com.br\/novabetania87\/2024\/04\/09\/conta-alta-de-luz-e-uma-das-razoes-para-tjpe-mudar-horarios-ao-publico\/\"]}]},{\"@type\":\"ImageObject\",\"inLanguage\":\"pt-BR\",\"@id\":\"https:\/\/novabetaniafm.com.br\/novabetania87\/2024\/04\/09\/conta-alta-de-luz-e-uma-das-razoes-para-tjpe-mudar-horarios-ao-publico\/#primaryimage\",\"url\":\"https:\/\/novabetaniafm.com.br\/novabetania87\/wp-content\/uploads\/2022\/05\/luz.jpg\",\"contentUrl\":\"https:\/\/novabetaniafm.com.br\/novabetania87\/wp-content\/uploads\/2022\/05\/luz.jpg\",\"width\":700,\"height\":450},{\"@type\":\"BreadcrumbList\",\"@id\":\"https:\/\/novabetaniafm.com.br\/novabetania87\/2024\/04\/09\/conta-alta-de-luz-e-uma-das-razoes-para-tjpe-mudar-horarios-ao-publico\/#breadcrumb\",\"itemListElement\":[{\"@type\":\"ListItem\",\"position\":1,\"name\":\"In\u00edcio\",\"item\":\"https:\/\/novabetaniafm.com.br\/novabetania87\/\"},{\"@type\":\"ListItem\",\"position\":2,\"name\":\"Conta alta de luz \u00e9 uma das raz\u00f5es para TJPE mudar hor\u00e1rios ao p\u00fablico\"}]},{\"@type\":\"WebSite\",\"@id\":\"https:\/\/novabetaniafm.com.br\/novabetania87\/#website\",\"url\":\"https:\/\/novabetaniafm.com.br\/novabetania87\/\",\"name\":\"Nova Bet\u00e2nia FM 87,9\",\"description\":\"Ligada em voc\u00ea!\",\"publisher\":{\"@id\":\"https:\/\/novabetaniafm.com.br\/novabetania87\/#organization\"},\"potentialAction\":[{\"@type\":\"SearchAction\",\"target\":{\"@type\":\"EntryPoint\",\"urlTemplate\":\"https:\/\/novabetaniafm.com.br\/novabetania87\/?s={search_term_string}\"},\"query-input\":{\"@type\":\"PropertyValueSpecification\",\"valueRequired\":true,\"valueName\":\"search_term_string\"}}],\"inLanguage\":\"pt-BR\"},{\"@type\":\"Organization\",\"@id\":\"https:\/\/novabetaniafm.com.br\/novabetania87\/#organization\",\"name\":\"Nova Bet\u00e2nia FM 87,9\",\"url\":\"https:\/\/novabetaniafm.com.br\/novabetania87\/\",\"logo\":{\"@type\":\"ImageObject\",\"inLanguage\":\"pt-BR\",\"@id\":\"https:\/\/novabetaniafm.com.br\/novabetania87\/#\/schema\/logo\/image\/\",\"url\":\"https:\/\/novabetaniafm.com.br\/novabetania87\/wp-content\/uploads\/2024\/05\/logo.png\",\"contentUrl\":\"https:\/\/novabetaniafm.com.br\/novabetania87\/wp-content\/uploads\/2024\/05\/logo.png\",\"width\":211,\"height\":144,\"caption\":\"Nova Bet\u00e2nia FM 87,9\"},\"image\":{\"@id\":\"https:\/\/novabetaniafm.com.br\/novabetania87\/#\/schema\/logo\/image\/\"}},{\"@type\":\"Person\",\"@id\":\"https:\/\/novabetaniafm.com.br\/novabetania87\/#\/schema\/person\/73fd05cbd77cd30a7bab1141b8ab8555\",\"name\":\"Nova Bet\u00e2nia FM\",\"image\":{\"@type\":\"ImageObject\",\"inLanguage\":\"pt-BR\",\"@id\":\"https:\/\/novabetaniafm.com.br\/novabetania87\/#\/schema\/person\/image\/\",\"url\":\"https:\/\/secure.gravatar.com\/avatar\/e0359add7ed5dc3560906d861b52c6a8cf5c1e199d3a7dd85070998f49bd4701?s=96&d=mm&r=g\",\"contentUrl\":\"https:\/\/secure.gravatar.com\/avatar\/e0359add7ed5dc3560906d861b52c6a8cf5c1e199d3a7dd85070998f49bd4701?s=96&d=mm&r=g\",\"caption\":\"Nova Bet\u00e2nia FM\"},\"url\":\"https:\/\/novabetaniafm.com.br\/novabetania87\/author\/novabetaniafm879\/\"}]}<\/script>\n<!-- \/ Yoast SEO plugin. -->","yoast_head_json":{"title":"Conta alta de luz \u00e9 uma das raz\u00f5es para TJPE mudar hor\u00e1rios ao p\u00fablico - Nova Bet\u00e2nia FM 87,9","robots":{"index":"index","follow":"follow","max-snippet":"max-snippet:-1","max-image-preview":"max-image-preview:large","max-video-preview":"max-video-preview:-1"},"canonical":"https:\/\/novabetaniafm.com.br\/novabetania87\/2024\/04\/09\/conta-alta-de-luz-e-uma-das-razoes-para-tjpe-mudar-horarios-ao-publico\/","og_locale":"pt_BR","og_type":"article","og_title":"Conta alta de luz \u00e9 uma das raz\u00f5es para TJPE mudar hor\u00e1rios ao p\u00fablico - Nova Bet\u00e2nia FM 87,9","og_description":"A conta alta de luz nos hor\u00e1rios de pico, entre 17h30 e 20h30, conforme contrato assinado entre o Tribunal de Justi\u00e7a de Pernambuco (TJPE) e a Neoenergia, \u00e9 uma das 14 raz\u00f5es pelas quais o...","og_url":"https:\/\/novabetaniafm.com.br\/novabetania87\/2024\/04\/09\/conta-alta-de-luz-e-uma-das-razoes-para-tjpe-mudar-horarios-ao-publico\/","og_site_name":"Nova Bet\u00e2nia FM 87,9","article_published_time":"2024-04-09T10:10:15+00:00","article_modified_time":"2024-04-09T10:10:17+00:00","og_image":[{"width":700,"height":450,"url":"https:\/\/novabetaniafm.com.br\/novabetania87\/wp-content\/uploads\/2022\/05\/luz.jpg","type":"image\/jpeg"}],"author":"Nova Bet\u00e2nia FM","twitter_card":"summary_large_image","twitter_misc":{"Escrito por":"Nova Bet\u00e2nia FM","Est. tempo de leitura":"2 minutos"},"schema":{"@context":"https:\/\/schema.org","@graph":[{"@type":"Article","@id":"https:\/\/novabetaniafm.com.br\/novabetania87\/2024\/04\/09\/conta-alta-de-luz-e-uma-das-razoes-para-tjpe-mudar-horarios-ao-publico\/#article","isPartOf":{"@id":"https:\/\/novabetaniafm.com.br\/novabetania87\/2024\/04\/09\/conta-alta-de-luz-e-uma-das-razoes-para-tjpe-mudar-horarios-ao-publico\/"},"author":{"name":"Nova Bet\u00e2nia FM","@id":"https:\/\/novabetaniafm.com.br\/novabetania87\/#\/schema\/person\/73fd05cbd77cd30a7bab1141b8ab8555"},"headline":"Conta alta de luz \u00e9 uma das raz\u00f5es para TJPE mudar hor\u00e1rios ao p\u00fablico","datePublished":"2024-04-09T10:10:15+00:00","dateModified":"2024-04-09T10:10:17+00:00","mainEntityOfPage":{"@id":"https:\/\/novabetaniafm.com.br\/novabetania87\/2024\/04\/09\/conta-alta-de-luz-e-uma-das-razoes-para-tjpe-mudar-horarios-ao-publico\/"},"wordCount":366,"commentCount":0,"publisher":{"@id":"https:\/\/novabetaniafm.com.br\/novabetania87\/#organization"},"image":{"@id":"https:\/\/novabetaniafm.com.br\/novabetania87\/2024\/04\/09\/conta-alta-de-luz-e-uma-das-razoes-para-tjpe-mudar-horarios-ao-publico\/#primaryimage"},"thumbnailUrl":"https:\/\/novabetaniafm.com.br\/novabetania87\/wp-content\/uploads\/2022\/05\/luz.jpg","articleSection":["Pernambuco"],"inLanguage":"pt-BR","potentialAction":[{"@type":"CommentAction","name":"Comment","target":["https:\/\/novabetaniafm.com.br\/novabetania87\/2024\/04\/09\/conta-alta-de-luz-e-uma-das-razoes-para-tjpe-mudar-horarios-ao-publico\/#respond"]}]},{"@type":"WebPage","@id":"https:\/\/novabetaniafm.com.br\/novabetania87\/2024\/04\/09\/conta-alta-de-luz-e-uma-das-razoes-para-tjpe-mudar-horarios-ao-publico\/","url":"https:\/\/novabetaniafm.com.br\/novabetania87\/2024\/04\/09\/conta-alta-de-luz-e-uma-das-razoes-para-tjpe-mudar-horarios-ao-publico\/","name":"Conta alta de luz \u00e9 uma das raz\u00f5es para TJPE mudar hor\u00e1rios ao p\u00fablico - Nova Bet\u00e2nia FM 87,9","isPartOf":{"@id":"https:\/\/novabetaniafm.com.br\/novabetania87\/#website"},"primaryImageOfPage":{"@id":"https:\/\/novabetaniafm.com.br\/novabetania87\/2024\/04\/09\/conta-alta-de-luz-e-uma-das-razoes-para-tjpe-mudar-horarios-ao-publico\/#primaryimage"},"image":{"@id":"https:\/\/novabetaniafm.com.br\/novabetania87\/2024\/04\/09\/conta-alta-de-luz-e-uma-das-razoes-para-tjpe-mudar-horarios-ao-publico\/#primaryimage"},"thumbnailUrl":"https:\/\/novabetaniafm.com.br\/novabetania87\/wp-content\/uploads\/2022\/05\/luz.jpg","datePublished":"2024-04-09T10:10:15+00:00","dateModified":"2024-04-09T10:10:17+00:00","breadcrumb":{"@id":"https:\/\/novabetaniafm.com.br\/novabetania87\/2024\/04\/09\/conta-alta-de-luz-e-uma-das-razoes-para-tjpe-mudar-horarios-ao-publico\/#breadcrumb"},"inLanguage":"pt-BR","potentialAction":[{"@type":"ReadAction","target":["https:\/\/novabetaniafm.com.br\/novabetania87\/2024\/04\/09\/conta-alta-de-luz-e-uma-das-razoes-para-tjpe-mudar-horarios-ao-publico\/"]}]},{"@type":"ImageObject","inLanguage":"pt-BR","@id":"https:\/\/novabetaniafm.com.br\/novabetania87\/2024\/04\/09\/conta-alta-de-luz-e-uma-das-razoes-para-tjpe-mudar-horarios-ao-publico\/#primaryimage","url":"https:\/\/novabetaniafm.com.br\/novabetania87\/wp-content\/uploads\/2022\/05\/luz.jpg","contentUrl":"https:\/\/novabetaniafm.com.br\/novabetania87\/wp-content\/uploads\/2022\/05\/luz.jpg","width":700,"height":450},{"@type":"BreadcrumbList","@id":"https:\/\/novabetaniafm.com.br\/novabetania87\/2024\/04\/09\/conta-alta-de-luz-e-uma-das-razoes-para-tjpe-mudar-horarios-ao-publico\/#breadcrumb","itemListElement":[{"@type":"ListItem","position":1,"name":"In\u00edcio","item":"https:\/\/novabetaniafm.com.br\/novabetania87\/"},{"@type":"ListItem","position":2,"name":"Conta alta de luz \u00e9 uma das raz\u00f5es para TJPE mudar hor\u00e1rios ao p\u00fablico"}]},{"@type":"WebSite","@id":"https:\/\/novabetaniafm.com.br\/novabetania87\/#website","url":"https:\/\/novabetaniafm.com.br\/novabetania87\/","name":"Nova Bet\u00e2nia FM 87,9","description":"Ligada em voc\u00ea!","publisher":{"@id":"https:\/\/novabetaniafm.com.br\/novabetania87\/#organization"},"potentialAction":[{"@type":"SearchAction","target":{"@type":"EntryPoint","urlTemplate":"https:\/\/novabetaniafm.com.br\/novabetania87\/?s={search_term_string}"},"query-input":{"@type":"PropertyValueSpecification","valueRequired":true,"valueName":"search_term_string"}}],"inLanguage":"pt-BR"},{"@type":"Organization","@id":"https:\/\/novabetaniafm.com.br\/novabetania87\/#organization","name":"Nova Bet\u00e2nia FM 87,9","url":"https:\/\/novabetaniafm.com.br\/novabetania87\/","logo":{"@type":"ImageObject","inLanguage":"pt-BR","@id":"https:\/\/novabetaniafm.com.br\/novabetania87\/#\/schema\/logo\/image\/","url":"https:\/\/novabetaniafm.com.br\/novabetania87\/wp-content\/uploads\/2024\/05\/logo.png","contentUrl":"https:\/\/novabetaniafm.com.br\/novabetania87\/wp-content\/uploads\/2024\/05\/logo.png","width":211,"height":144,"caption":"Nova Bet\u00e2nia FM 87,9"},"image":{"@id":"https:\/\/novabetaniafm.com.br\/novabetania87\/#\/schema\/logo\/image\/"}},{"@type":"Person","@id":"https:\/\/novabetaniafm.com.br\/novabetania87\/#\/schema\/person\/73fd05cbd77cd30a7bab1141b8ab8555","name":"Nova Bet\u00e2nia FM","image":{"@type":"ImageObject","inLanguage":"pt-BR","@id":"https:\/\/novabetaniafm.com.br\/novabetania87\/#\/schema\/person\/image\/","url":"https:\/\/secure.gravatar.com\/avatar\/e0359add7ed5dc3560906d861b52c6a8cf5c1e199d3a7dd85070998f49bd4701?s=96&d=mm&r=g","contentUrl":"https:\/\/secure.gravatar.com\/avatar\/e0359add7ed5dc3560906d861b52c6a8cf5c1e199d3a7dd85070998f49bd4701?s=96&d=mm&r=g","caption":"Nova Bet\u00e2nia FM"},"url":"https:\/\/novabetaniafm.com.br\/novabetania87\/author\/novabetaniafm879\/"}]}},"jetpack_featured_media_url":"https:\/\/novabetaniafm.com.br\/novabetania87\/wp-content\/uploads\/2022\/05\/luz.jpg","_links":{"self":[{"href":"https:\/\/novabetaniafm.com.br\/novabetania87\/wp-json\/wp\/v2\/posts\/2552","targetHints":{"allow":["GET"]}}],"collection":[{"href":"https:\/\/novabetaniafm.com.br\/novabetania87\/wp-json\/wp\/v2\/posts"}],"about":[{"href":"https:\/\/novabetaniafm.com.br\/novabetania87\/wp-json\/wp\/v2\/types\/post"}],"author":[{"embeddable":true,"href":"https:\/\/novabetaniafm.com.br\/novabetania87\/wp-json\/wp\/v2\/users\/4"}],"replies":[{"embeddable":true,"href":"https:\/\/novabetaniafm.com.br\/novabetania87\/wp-json\/wp\/v2\/comments?post=2552"}],"version-history":[{"count":1,"href":"https:\/\/novabetaniafm.com.br\/novabetania87\/wp-json\/wp\/v2\/posts\/2552\/revisions"}],"predecessor-version":[{"id":2553,"href":"https:\/\/novabetaniafm.com.br\/novabetania87\/wp-json\/wp\/v2\/posts\/2552\/revisions\/2553"}],"wp:featuredmedia":[{"embeddable":true,"href":"https:\/\/novabetaniafm.com.br\/novabetania87\/wp-json\/wp\/v2\/media\/610"}],"wp:attachment":[{"href":"https:\/\/novabetaniafm.com.br\/novabetania87\/wp-json\/wp\/v2\/media?parent=2552"}],"wp:term":[{"taxonomy":"category","embeddable":true,"href":"https:\/\/novabetaniafm.com.br\/novabetania87\/wp-json\/wp\/v2\/categories?post=2552"},{"taxonomy":"post_tag","embeddable":true,"href":"https:\/\/novabetaniafm.com.br\/novabetania87\/wp-json\/wp\/v2\/tags?post=2552"}],"curies":[{"name":"wp","href":"https:\/\/api.w.org\/{rel}","templated":true}]}}