{"id":2328,"date":"2024-01-23T07:20:23","date_gmt":"2024-01-23T10:20:23","guid":{"rendered":"https:\/\/novabetaniafm.com.br\/novabetania87\/?p=2328"},"modified":"2024-01-23T07:21:39","modified_gmt":"2024-01-23T10:21:39","slug":"governo-de-pernambuco-anuncia-troca-de-comando-das-policias-cilvil-e-militar","status":"publish","type":"post","link":"https:\/\/novabetaniafm.com.br\/novabetania87\/2024\/01\/23\/governo-de-pernambuco-anuncia-troca-de-comando-das-policias-cilvil-e-militar\/","title":{"rendered":"Governo de Pernambuco anuncia troca de comando das pol\u00edcias Civil e Militar"},"content":{"rendered":"\n<p>O Governo de Pernambuco anunciou, nesta segunda-feira (22), mudan\u00e7as nos comandos da Pol\u00edcia Militar e da Pol\u00edcia Civil. O coronel Ivanildo Cesar Torres de Medeiros assume o Comando Geral da Pol\u00edcia Militar, em substitui\u00e7\u00e3o ao coronel Tib\u00e9rio C\u00e9sar dos Santos, e o delegado Renato M\u00e1rcio Rocha Leite assume a chefia da Pol\u00edcia Civil, cargo anteriormente ocupado pela tamb\u00e9m delegada Simone Aguiar. As mudan\u00e7as ser\u00e3o publicadas no Di\u00e1rio Oficial desta ter\u00e7a-feira (23).<\/p>\n\n\n\n<p>\u201cAgrade\u00e7o a contribui\u00e7\u00e3o ao servi\u00e7o p\u00fablico do coronel Tib\u00e9rio e da delegada Simone, que estiveram conosco desde o in\u00edcio do nosso governo. O coronel Torres e o delegado Renato assumem o comando da PM e da Pol\u00edcia Civil, respectivamente, com o compromisso de fortalecer as a\u00e7\u00f5es das operativas da Secretaria de Defesa Social e fazer de Pernambuco um estado mais seguro\u201d, destacou a governadora Raquel Lyra.<\/p>\n\n\n\n<p>O novo comandante da Pol\u00edcia Militar, coronel Ivanildo Torres, ingressou na corpora\u00e7\u00e3o em 1995. Ele possui gradua\u00e7\u00f5es no Curso de Forma\u00e7\u00e3o de Oficiais pela Academia de Pol\u00edcia Militar de Paudalho, bacharelado em Direito e licenciatura em Filosofia, al\u00e9m de p\u00f3s-gradua\u00e7\u00e3o em Capacita\u00e7\u00e3o Pedag\u00f3gica, Gest\u00e3o em Seguran\u00e7a P\u00fablica, Planejamento Organizacional e Gerenciamento de Desastres e Emerg\u00eancias. \u00c9 especialista na \u00e1rea de Gerenciamento de Crise e Desastre.<\/p>\n\n\n\n<p>O delegado Renato Leite, por sua vez, \u00e9 bacharel em Direito pela Universidade Cat\u00f3lica de Pernambuco e possui p\u00f3s-gradua\u00e7\u00e3o em Pol\u00edticas P\u00fablicas de Seguran\u00e7a. Ele integra os quadros da Pol\u00edcia Civil pernambucana desde 2000.<\/p>\n\n<div style=\"font-size: 0px; height: 0px; line-height: 0px; margin: 0; padding: 0; clear: both;\"><\/div>","protected":false},"excerpt":{"rendered":"<p>O Governo de Pernambuco anunciou, nesta segunda-feira (22), mudan\u00e7as nos comandos da Pol\u00edcia Militar e da Pol\u00edcia Civil. O coronel Ivanildo Cesar Torres de Medeiros assume o Comando Geral da Pol\u00edcia Militar, em substitui\u00e7\u00e3o ao&#8230;<\/p>\n","protected":false},"author":4,"featured_media":2329,"comment_status":"open","ping_status":"open","sticky":false,"template":"","format":"standard","meta":{"footnotes":""},"categories":[10],"tags":[],"class_list":["post-2328","post","type-post","status-publish","format-standard","has-post-thumbnail","hentry","category-pernambuco"],"yoast_head":"<!-- This site is optimized with the Yoast SEO plugin v24.5 - https:\/\/yoast.com\/wordpress\/plugins\/seo\/ -->\n<title>Governo de Pernambuco anuncia troca de comando das pol\u00edcias Civil e Militar - Nova Bet\u00e2nia FM 87,9<\/title>\n<meta name=\"robots\" content=\"index, follow, max-snippet:-1, max-image-preview:large, max-video-preview:-1\" \/>\n<link rel=\"canonical\" href=\"https:\/\/novabetaniafm.com.br\/novabetania87\/2024\/01\/23\/governo-de-pernambuco-anuncia-troca-de-comando-das-policias-cilvil-e-militar\/\" \/>\n<meta property=\"og:locale\" content=\"pt_BR\" \/>\n<meta property=\"og:type\" content=\"article\" \/>\n<meta property=\"og:title\" content=\"Governo de Pernambuco anuncia troca de comando das pol\u00edcias Civil e Militar - Nova Bet\u00e2nia FM 87,9\" \/>\n<meta property=\"og:description\" content=\"O Governo de Pernambuco anunciou, nesta segunda-feira (22), mudan\u00e7as nos comandos da Pol\u00edcia Militar e da Pol\u00edcia Civil. O coronel Ivanildo Cesar Torres de Medeiros assume o Comando Geral da Pol\u00edcia Militar, em substitui\u00e7\u00e3o ao...\" \/>\n<meta property=\"og:url\" content=\"https:\/\/novabetaniafm.com.br\/novabetania87\/2024\/01\/23\/governo-de-pernambuco-anuncia-troca-de-comando-das-policias-cilvil-e-militar\/\" \/>\n<meta property=\"og:site_name\" content=\"Nova Bet\u00e2nia FM 87,9\" \/>\n<meta property=\"article:published_time\" content=\"2024-01-23T10:20:23+00:00\" \/>\n<meta property=\"article:modified_time\" content=\"2024-01-23T10:21:39+00:00\" \/>\n<meta property=\"og:image\" content=\"https:\/\/novabetaniafm.com.br\/novabetania87\/wp-content\/uploads\/2024\/01\/comnado.jpeg\" \/>\n\t<meta property=\"og:image:width\" content=\"800\" \/>\n\t<meta property=\"og:image:height\" content=\"400\" \/>\n\t<meta property=\"og:image:type\" content=\"image\/jpeg\" \/>\n<meta name=\"author\" content=\"Nova Bet\u00e2nia FM\" \/>\n<meta name=\"twitter:card\" content=\"summary_large_image\" \/>\n<meta name=\"twitter:label1\" content=\"Escrito por\" \/>\n\t<meta name=\"twitter:data1\" content=\"Nova Bet\u00e2nia FM\" \/>\n\t<meta name=\"twitter:label2\" content=\"Est. tempo de leitura\" \/>\n\t<meta name=\"twitter:data2\" content=\"1 minuto\" \/>\n<script type=\"application\/ld+json\" class=\"yoast-schema-graph\">{\"@context\":\"https:\/\/schema.org\",\"@graph\":[{\"@type\":\"Article\",\"@id\":\"https:\/\/novabetaniafm.com.br\/novabetania87\/2024\/01\/23\/governo-de-pernambuco-anuncia-troca-de-comando-das-policias-cilvil-e-militar\/#article\",\"isPartOf\":{\"@id\":\"https:\/\/novabetaniafm.com.br\/novabetania87\/2024\/01\/23\/governo-de-pernambuco-anuncia-troca-de-comando-das-policias-cilvil-e-militar\/\"},\"author\":{\"name\":\"Nova Bet\u00e2nia FM\",\"@id\":\"https:\/\/novabetaniafm.com.br\/novabetania87\/#\/schema\/person\/73fd05cbd77cd30a7bab1141b8ab8555\"},\"headline\":\"Governo de Pernambuco anuncia troca de comando das pol\u00edcias Civil e Militar\",\"datePublished\":\"2024-01-23T10:20:23+00:00\",\"dateModified\":\"2024-01-23T10:21:39+00:00\",\"mainEntityOfPage\":{\"@id\":\"https:\/\/novabetaniafm.com.br\/novabetania87\/2024\/01\/23\/governo-de-pernambuco-anuncia-troca-de-comando-das-policias-cilvil-e-militar\/\"},\"wordCount\":286,\"commentCount\":0,\"publisher\":{\"@id\":\"https:\/\/novabetaniafm.com.br\/novabetania87\/#organization\"},\"image\":{\"@id\":\"https:\/\/novabetaniafm.com.br\/novabetania87\/2024\/01\/23\/governo-de-pernambuco-anuncia-troca-de-comando-das-policias-cilvil-e-militar\/#primaryimage\"},\"thumbnailUrl\":\"https:\/\/novabetaniafm.com.br\/novabetania87\/wp-content\/uploads\/2024\/01\/comnado.jpeg\",\"articleSection\":[\"Pernambuco\"],\"inLanguage\":\"pt-BR\",\"potentialAction\":[{\"@type\":\"CommentAction\",\"name\":\"Comment\",\"target\":[\"https:\/\/novabetaniafm.com.br\/novabetania87\/2024\/01\/23\/governo-de-pernambuco-anuncia-troca-de-comando-das-policias-cilvil-e-militar\/#respond\"]}]},{\"@type\":\"WebPage\",\"@id\":\"https:\/\/novabetaniafm.com.br\/novabetania87\/2024\/01\/23\/governo-de-pernambuco-anuncia-troca-de-comando-das-policias-cilvil-e-militar\/\",\"url\":\"https:\/\/novabetaniafm.com.br\/novabetania87\/2024\/01\/23\/governo-de-pernambuco-anuncia-troca-de-comando-das-policias-cilvil-e-militar\/\",\"name\":\"Governo de Pernambuco anuncia troca de comando das pol\u00edcias Civil e Militar - Nova Bet\u00e2nia FM 87,9\",\"isPartOf\":{\"@id\":\"https:\/\/novabetaniafm.com.br\/novabetania87\/#website\"},\"primaryImageOfPage\":{\"@id\":\"https:\/\/novabetaniafm.com.br\/novabetania87\/2024\/01\/23\/governo-de-pernambuco-anuncia-troca-de-comando-das-policias-cilvil-e-militar\/#primaryimage\"},\"image\":{\"@id\":\"https:\/\/novabetaniafm.com.br\/novabetania87\/2024\/01\/23\/governo-de-pernambuco-anuncia-troca-de-comando-das-policias-cilvil-e-militar\/#primaryimage\"},\"thumbnailUrl\":\"https:\/\/novabetaniafm.com.br\/novabetania87\/wp-content\/uploads\/2024\/01\/comnado.jpeg\",\"datePublished\":\"2024-01-23T10:20:23+00:00\",\"dateModified\":\"2024-01-23T10:21:39+00:00\",\"breadcrumb\":{\"@id\":\"https:\/\/novabetaniafm.com.br\/novabetania87\/2024\/01\/23\/governo-de-pernambuco-anuncia-troca-de-comando-das-policias-cilvil-e-militar\/#breadcrumb\"},\"inLanguage\":\"pt-BR\",\"potentialAction\":[{\"@type\":\"ReadAction\",\"target\":[\"https:\/\/novabetaniafm.com.br\/novabetania87\/2024\/01\/23\/governo-de-pernambuco-anuncia-troca-de-comando-das-policias-cilvil-e-militar\/\"]}]},{\"@type\":\"ImageObject\",\"inLanguage\":\"pt-BR\",\"@id\":\"https:\/\/novabetaniafm.com.br\/novabetania87\/2024\/01\/23\/governo-de-pernambuco-anuncia-troca-de-comando-das-policias-cilvil-e-militar\/#primaryimage\",\"url\":\"https:\/\/novabetaniafm.com.br\/novabetania87\/wp-content\/uploads\/2024\/01\/comnado.jpeg\",\"contentUrl\":\"https:\/\/novabetaniafm.com.br\/novabetania87\/wp-content\/uploads\/2024\/01\/comnado.jpeg\",\"width\":800,\"height\":400},{\"@type\":\"BreadcrumbList\",\"@id\":\"https:\/\/novabetaniafm.com.br\/novabetania87\/2024\/01\/23\/governo-de-pernambuco-anuncia-troca-de-comando-das-policias-cilvil-e-militar\/#breadcrumb\",\"itemListElement\":[{\"@type\":\"ListItem\",\"position\":1,\"name\":\"In\u00edcio\",\"item\":\"https:\/\/novabetaniafm.com.br\/novabetania87\/\"},{\"@type\":\"ListItem\",\"position\":2,\"name\":\"Governo de Pernambuco anuncia troca de comando das pol\u00edcias Civil e Militar\"}]},{\"@type\":\"WebSite\",\"@id\":\"https:\/\/novabetaniafm.com.br\/novabetania87\/#website\",\"url\":\"https:\/\/novabetaniafm.com.br\/novabetania87\/\",\"name\":\"Nova Bet\u00e2nia FM 87,9\",\"description\":\"Ligada em voc\u00ea!\",\"publisher\":{\"@id\":\"https:\/\/novabetaniafm.com.br\/novabetania87\/#organization\"},\"potentialAction\":[{\"@type\":\"SearchAction\",\"target\":{\"@type\":\"EntryPoint\",\"urlTemplate\":\"https:\/\/novabetaniafm.com.br\/novabetania87\/?s={search_term_string}\"},\"query-input\":{\"@type\":\"PropertyValueSpecification\",\"valueRequired\":true,\"valueName\":\"search_term_string\"}}],\"inLanguage\":\"pt-BR\"},{\"@type\":\"Organization\",\"@id\":\"https:\/\/novabetaniafm.com.br\/novabetania87\/#organization\",\"name\":\"Nova Bet\u00e2nia FM 87,9\",\"url\":\"https:\/\/novabetaniafm.com.br\/novabetania87\/\",\"logo\":{\"@type\":\"ImageObject\",\"inLanguage\":\"pt-BR\",\"@id\":\"https:\/\/novabetaniafm.com.br\/novabetania87\/#\/schema\/logo\/image\/\",\"url\":\"https:\/\/novabetaniafm.com.br\/novabetania87\/wp-content\/uploads\/2024\/05\/logo.png\",\"contentUrl\":\"https:\/\/novabetaniafm.com.br\/novabetania87\/wp-content\/uploads\/2024\/05\/logo.png\",\"width\":211,\"height\":144,\"caption\":\"Nova Bet\u00e2nia FM 87,9\"},\"image\":{\"@id\":\"https:\/\/novabetaniafm.com.br\/novabetania87\/#\/schema\/logo\/image\/\"}},{\"@type\":\"Person\",\"@id\":\"https:\/\/novabetaniafm.com.br\/novabetania87\/#\/schema\/person\/73fd05cbd77cd30a7bab1141b8ab8555\",\"name\":\"Nova Bet\u00e2nia FM\",\"image\":{\"@type\":\"ImageObject\",\"inLanguage\":\"pt-BR\",\"@id\":\"https:\/\/novabetaniafm.com.br\/novabetania87\/#\/schema\/person\/image\/\",\"url\":\"https:\/\/secure.gravatar.com\/avatar\/e0359add7ed5dc3560906d861b52c6a8cf5c1e199d3a7dd85070998f49bd4701?s=96&d=mm&r=g\",\"contentUrl\":\"https:\/\/secure.gravatar.com\/avatar\/e0359add7ed5dc3560906d861b52c6a8cf5c1e199d3a7dd85070998f49bd4701?s=96&d=mm&r=g\",\"caption\":\"Nova Bet\u00e2nia FM\"},\"url\":\"https:\/\/novabetaniafm.com.br\/novabetania87\/author\/novabetaniafm879\/\"}]}<\/script>\n<!-- \/ Yoast SEO plugin. -->","yoast_head_json":{"title":"Governo de Pernambuco anuncia troca de comando das pol\u00edcias Civil e Militar - Nova Bet\u00e2nia FM 87,9","robots":{"index":"index","follow":"follow","max-snippet":"max-snippet:-1","max-image-preview":"max-image-preview:large","max-video-preview":"max-video-preview:-1"},"canonical":"https:\/\/novabetaniafm.com.br\/novabetania87\/2024\/01\/23\/governo-de-pernambuco-anuncia-troca-de-comando-das-policias-cilvil-e-militar\/","og_locale":"pt_BR","og_type":"article","og_title":"Governo de Pernambuco anuncia troca de comando das pol\u00edcias Civil e Militar - Nova Bet\u00e2nia FM 87,9","og_description":"O Governo de Pernambuco anunciou, nesta segunda-feira (22), mudan\u00e7as nos comandos da Pol\u00edcia Militar e da Pol\u00edcia Civil. O coronel Ivanildo Cesar Torres de Medeiros assume o Comando Geral da Pol\u00edcia Militar, em substitui\u00e7\u00e3o ao...","og_url":"https:\/\/novabetaniafm.com.br\/novabetania87\/2024\/01\/23\/governo-de-pernambuco-anuncia-troca-de-comando-das-policias-cilvil-e-militar\/","og_site_name":"Nova Bet\u00e2nia FM 87,9","article_published_time":"2024-01-23T10:20:23+00:00","article_modified_time":"2024-01-23T10:21:39+00:00","og_image":[{"width":800,"height":400,"url":"https:\/\/novabetaniafm.com.br\/novabetania87\/wp-content\/uploads\/2024\/01\/comnado.jpeg","type":"image\/jpeg"}],"author":"Nova Bet\u00e2nia FM","twitter_card":"summary_large_image","twitter_misc":{"Escrito por":"Nova Bet\u00e2nia FM","Est. tempo de leitura":"1 minuto"},"schema":{"@context":"https:\/\/schema.org","@graph":[{"@type":"Article","@id":"https:\/\/novabetaniafm.com.br\/novabetania87\/2024\/01\/23\/governo-de-pernambuco-anuncia-troca-de-comando-das-policias-cilvil-e-militar\/#article","isPartOf":{"@id":"https:\/\/novabetaniafm.com.br\/novabetania87\/2024\/01\/23\/governo-de-pernambuco-anuncia-troca-de-comando-das-policias-cilvil-e-militar\/"},"author":{"name":"Nova Bet\u00e2nia FM","@id":"https:\/\/novabetaniafm.com.br\/novabetania87\/#\/schema\/person\/73fd05cbd77cd30a7bab1141b8ab8555"},"headline":"Governo de Pernambuco anuncia troca de comando das pol\u00edcias Civil e Militar","datePublished":"2024-01-23T10:20:23+00:00","dateModified":"2024-01-23T10:21:39+00:00","mainEntityOfPage":{"@id":"https:\/\/novabetaniafm.com.br\/novabetania87\/2024\/01\/23\/governo-de-pernambuco-anuncia-troca-de-comando-das-policias-cilvil-e-militar\/"},"wordCount":286,"commentCount":0,"publisher":{"@id":"https:\/\/novabetaniafm.com.br\/novabetania87\/#organization"},"image":{"@id":"https:\/\/novabetaniafm.com.br\/novabetania87\/2024\/01\/23\/governo-de-pernambuco-anuncia-troca-de-comando-das-policias-cilvil-e-militar\/#primaryimage"},"thumbnailUrl":"https:\/\/novabetaniafm.com.br\/novabetania87\/wp-content\/uploads\/2024\/01\/comnado.jpeg","articleSection":["Pernambuco"],"inLanguage":"pt-BR","potentialAction":[{"@type":"CommentAction","name":"Comment","target":["https:\/\/novabetaniafm.com.br\/novabetania87\/2024\/01\/23\/governo-de-pernambuco-anuncia-troca-de-comando-das-policias-cilvil-e-militar\/#respond"]}]},{"@type":"WebPage","@id":"https:\/\/novabetaniafm.com.br\/novabetania87\/2024\/01\/23\/governo-de-pernambuco-anuncia-troca-de-comando-das-policias-cilvil-e-militar\/","url":"https:\/\/novabetaniafm.com.br\/novabetania87\/2024\/01\/23\/governo-de-pernambuco-anuncia-troca-de-comando-das-policias-cilvil-e-militar\/","name":"Governo de Pernambuco anuncia troca de comando das pol\u00edcias Civil e Militar - Nova Bet\u00e2nia FM 87,9","isPartOf":{"@id":"https:\/\/novabetaniafm.com.br\/novabetania87\/#website"},"primaryImageOfPage":{"@id":"https:\/\/novabetaniafm.com.br\/novabetania87\/2024\/01\/23\/governo-de-pernambuco-anuncia-troca-de-comando-das-policias-cilvil-e-militar\/#primaryimage"},"image":{"@id":"https:\/\/novabetaniafm.com.br\/novabetania87\/2024\/01\/23\/governo-de-pernambuco-anuncia-troca-de-comando-das-policias-cilvil-e-militar\/#primaryimage"},"thumbnailUrl":"https:\/\/novabetaniafm.com.br\/novabetania87\/wp-content\/uploads\/2024\/01\/comnado.jpeg","datePublished":"2024-01-23T10:20:23+00:00","dateModified":"2024-01-23T10:21:39+00:00","breadcrumb":{"@id":"https:\/\/novabetaniafm.com.br\/novabetania87\/2024\/01\/23\/governo-de-pernambuco-anuncia-troca-de-comando-das-policias-cilvil-e-militar\/#breadcrumb"},"inLanguage":"pt-BR","potentialAction":[{"@type":"ReadAction","target":["https:\/\/novabetaniafm.com.br\/novabetania87\/2024\/01\/23\/governo-de-pernambuco-anuncia-troca-de-comando-das-policias-cilvil-e-militar\/"]}]},{"@type":"ImageObject","inLanguage":"pt-BR","@id":"https:\/\/novabetaniafm.com.br\/novabetania87\/2024\/01\/23\/governo-de-pernambuco-anuncia-troca-de-comando-das-policias-cilvil-e-militar\/#primaryimage","url":"https:\/\/novabetaniafm.com.br\/novabetania87\/wp-content\/uploads\/2024\/01\/comnado.jpeg","contentUrl":"https:\/\/novabetaniafm.com.br\/novabetania87\/wp-content\/uploads\/2024\/01\/comnado.jpeg","width":800,"height":400},{"@type":"BreadcrumbList","@id":"https:\/\/novabetaniafm.com.br\/novabetania87\/2024\/01\/23\/governo-de-pernambuco-anuncia-troca-de-comando-das-policias-cilvil-e-militar\/#breadcrumb","itemListElement":[{"@type":"ListItem","position":1,"name":"In\u00edcio","item":"https:\/\/novabetaniafm.com.br\/novabetania87\/"},{"@type":"ListItem","position":2,"name":"Governo de Pernambuco anuncia troca de comando das pol\u00edcias Civil e Militar"}]},{"@type":"WebSite","@id":"https:\/\/novabetaniafm.com.br\/novabetania87\/#website","url":"https:\/\/novabetaniafm.com.br\/novabetania87\/","name":"Nova Bet\u00e2nia FM 87,9","description":"Ligada em voc\u00ea!","publisher":{"@id":"https:\/\/novabetaniafm.com.br\/novabetania87\/#organization"},"potentialAction":[{"@type":"SearchAction","target":{"@type":"EntryPoint","urlTemplate":"https:\/\/novabetaniafm.com.br\/novabetania87\/?s={search_term_string}"},"query-input":{"@type":"PropertyValueSpecification","valueRequired":true,"valueName":"search_term_string"}}],"inLanguage":"pt-BR"},{"@type":"Organization","@id":"https:\/\/novabetaniafm.com.br\/novabetania87\/#organization","name":"Nova Bet\u00e2nia FM 87,9","url":"https:\/\/novabetaniafm.com.br\/novabetania87\/","logo":{"@type":"ImageObject","inLanguage":"pt-BR","@id":"https:\/\/novabetaniafm.com.br\/novabetania87\/#\/schema\/logo\/image\/","url":"https:\/\/novabetaniafm.com.br\/novabetania87\/wp-content\/uploads\/2024\/05\/logo.png","contentUrl":"https:\/\/novabetaniafm.com.br\/novabetania87\/wp-content\/uploads\/2024\/05\/logo.png","width":211,"height":144,"caption":"Nova Bet\u00e2nia FM 87,9"},"image":{"@id":"https:\/\/novabetaniafm.com.br\/novabetania87\/#\/schema\/logo\/image\/"}},{"@type":"Person","@id":"https:\/\/novabetaniafm.com.br\/novabetania87\/#\/schema\/person\/73fd05cbd77cd30a7bab1141b8ab8555","name":"Nova Bet\u00e2nia FM","image":{"@type":"ImageObject","inLanguage":"pt-BR","@id":"https:\/\/novabetaniafm.com.br\/novabetania87\/#\/schema\/person\/image\/","url":"https:\/\/secure.gravatar.com\/avatar\/e0359add7ed5dc3560906d861b52c6a8cf5c1e199d3a7dd85070998f49bd4701?s=96&d=mm&r=g","contentUrl":"https:\/\/secure.gravatar.com\/avatar\/e0359add7ed5dc3560906d861b52c6a8cf5c1e199d3a7dd85070998f49bd4701?s=96&d=mm&r=g","caption":"Nova Bet\u00e2nia FM"},"url":"https:\/\/novabetaniafm.com.br\/novabetania87\/author\/novabetaniafm879\/"}]}},"jetpack_featured_media_url":"https:\/\/novabetaniafm.com.br\/novabetania87\/wp-content\/uploads\/2024\/01\/comnado.jpeg","_links":{"self":[{"href":"https:\/\/novabetaniafm.com.br\/novabetania87\/wp-json\/wp\/v2\/posts\/2328","targetHints":{"allow":["GET"]}}],"collection":[{"href":"https:\/\/novabetaniafm.com.br\/novabetania87\/wp-json\/wp\/v2\/posts"}],"about":[{"href":"https:\/\/novabetaniafm.com.br\/novabetania87\/wp-json\/wp\/v2\/types\/post"}],"author":[{"embeddable":true,"href":"https:\/\/novabetaniafm.com.br\/novabetania87\/wp-json\/wp\/v2\/users\/4"}],"replies":[{"embeddable":true,"href":"https:\/\/novabetaniafm.com.br\/novabetania87\/wp-json\/wp\/v2\/comments?post=2328"}],"version-history":[{"count":2,"href":"https:\/\/novabetaniafm.com.br\/novabetania87\/wp-json\/wp\/v2\/posts\/2328\/revisions"}],"predecessor-version":[{"id":2331,"href":"https:\/\/novabetaniafm.com.br\/novabetania87\/wp-json\/wp\/v2\/posts\/2328\/revisions\/2331"}],"wp:featuredmedia":[{"embeddable":true,"href":"https:\/\/novabetaniafm.com.br\/novabetania87\/wp-json\/wp\/v2\/media\/2329"}],"wp:attachment":[{"href":"https:\/\/novabetaniafm.com.br\/novabetania87\/wp-json\/wp\/v2\/media?parent=2328"}],"wp:term":[{"taxonomy":"category","embeddable":true,"href":"https:\/\/novabetaniafm.com.br\/novabetania87\/wp-json\/wp\/v2\/categories?post=2328"},{"taxonomy":"post_tag","embeddable":true,"href":"https:\/\/novabetaniafm.com.br\/novabetania87\/wp-json\/wp\/v2\/tags?post=2328"}],"curies":[{"name":"wp","href":"https:\/\/api.w.org\/{rel}","templated":true}]}}