{"id":2308,"date":"2024-01-16T04:35:40","date_gmt":"2024-01-16T07:35:40","guid":{"rendered":"https:\/\/novabetaniafm.com.br\/novabetania87\/?p=2308"},"modified":"2024-01-16T04:35:42","modified_gmt":"2024-01-16T07:35:42","slug":"psb-filia-luciara-de-nemias-pre-candidata-a-prefeita-de-custodia","status":"publish","type":"post","link":"https:\/\/novabetaniafm.com.br\/novabetania87\/2024\/01\/16\/psb-filia-luciara-de-nemias-pre-candidata-a-prefeita-de-custodia\/","title":{"rendered":"PSB filia Luciara de Nemias, pr\u00e9-candidata a prefeita de Cust\u00f3dia"},"content":{"rendered":"\n<p>Nas elei\u00e7\u00f5es de outubro, o PSB vai apresentar um projeto conectado aos anseios do povo de Cust\u00f3dia, e ele ser\u00e1 conduzido por uma lideran\u00e7a feminina. Essa foi a principal mensagem deixada, nesta segunda-feira (15), durante o ato de filia\u00e7\u00e3o da vice-prefeita Luciara de Nemias, que chega ao partido como pr\u00e9-candidata \u00e0 prefeitura do munic\u00edpio. O evento teve a participa\u00e7\u00e3o do presidente estadual do PSB, deputado Sileno Guedes, dos deputados Pedro Campos (PSB) e Jos\u00e9 Patriota (PSB) e de lideran\u00e7as locais.<\/p>\n\n\n\n<p>Em fotos e na decora\u00e7\u00e3o vermelha do local, refer\u00eancias ao presidente Lula (PT), ao ex-governador Eduardo Campos e ao ex-prefeito Nemias Gon\u00e7alves, bem como \u00e0s causas populares abra\u00e7adas por Luciara. Mais cedo, a pr\u00e9-candidata comandou uma caminhada na feira livre da cidade sertaneja, uma oportunidade de conversar e comprovar a receptividade ao seu nome.<\/p>\n\n\n\n<p>No mesmo sentido, Sileno Guedes exaltou a chegada de mais uma lideran\u00e7a feminina aos quadros do partido. \u201cVoc\u00ea vai fazer a diferen\u00e7a nas elei\u00e7\u00f5es e vai construir a vit\u00f3ria do resgate de Cust\u00f3dia para o povo livre e soberano\u201d, discursou o dirigente, seguido pelo deputado Jos\u00e9 Patriota. \u201cN\u00e3o \u00e9 f\u00e1cil encarar uma luta como essa, mas Luciara de Nemias \u00e9 destemida, tem coragem. Embora a campanha n\u00e3o tenha come\u00e7ado, o povo \u00e9 livre para se manifestar. E \u00e9 isso que estamos vendo hoje\u201d, afirmou o parlamentar.<\/p>\n\n\n\n<p>J\u00e1 o deputado Pedro Campos citou a Transnordestina e a transposi\u00e7\u00e3o do S\u00e3o Francisco como causas hist\u00f3ricas que unem as lutas do PSB e do munic\u00edpio de Cust\u00f3dia e ressaltou o que significa a filia\u00e7\u00e3o de Luciara. \u201c\u00c9 a uni\u00e3o a um partido que representa uma forma de fazer pol\u00edtica voltada para quem mais precisa e para as lutas populares. A gente se identifica com seus valores e tenho certeza de que voc\u00ea vai mostrar sua capacidade de fazer juntar e de se colocar \u00e0 disposi\u00e7\u00e3o do povo\u201d, declarou.<\/p>\n\n<div style=\"font-size: 0px; height: 0px; line-height: 0px; margin: 0; padding: 0; clear: both;\"><\/div>","protected":false},"excerpt":{"rendered":"<p>Nas elei\u00e7\u00f5es de outubro, o PSB vai apresentar um projeto conectado aos anseios do povo de Cust\u00f3dia, e ele ser\u00e1 conduzido por uma lideran\u00e7a feminina. Essa foi a principal mensagem deixada, nesta segunda-feira (15), durante&#8230;<\/p>\n","protected":false},"author":4,"featured_media":2309,"comment_status":"open","ping_status":"open","sticky":false,"template":"","format":"standard","meta":{"footnotes":""},"categories":[8],"tags":[],"class_list":["post-2308","post","type-post","status-publish","format-standard","has-post-thumbnail","hentry","category-politica"],"yoast_head":"<!-- This site is optimized with the Yoast SEO plugin v24.5 - https:\/\/yoast.com\/wordpress\/plugins\/seo\/ -->\n<title>PSB filia Luciara de Nemias, pr\u00e9-candidata a prefeita de Cust\u00f3dia - Nova Bet\u00e2nia FM 87,9<\/title>\n<meta name=\"robots\" content=\"index, follow, max-snippet:-1, max-image-preview:large, max-video-preview:-1\" \/>\n<link rel=\"canonical\" href=\"https:\/\/novabetaniafm.com.br\/novabetania87\/2024\/01\/16\/psb-filia-luciara-de-nemias-pre-candidata-a-prefeita-de-custodia\/\" \/>\n<meta property=\"og:locale\" content=\"pt_BR\" \/>\n<meta property=\"og:type\" content=\"article\" \/>\n<meta property=\"og:title\" content=\"PSB filia Luciara de Nemias, pr\u00e9-candidata a prefeita de Cust\u00f3dia - Nova Bet\u00e2nia FM 87,9\" \/>\n<meta property=\"og:description\" content=\"Nas elei\u00e7\u00f5es de outubro, o PSB vai apresentar um projeto conectado aos anseios do povo de Cust\u00f3dia, e ele ser\u00e1 conduzido por uma lideran\u00e7a feminina. Essa foi a principal mensagem deixada, nesta segunda-feira (15), durante...\" \/>\n<meta property=\"og:url\" content=\"https:\/\/novabetaniafm.com.br\/novabetania87\/2024\/01\/16\/psb-filia-luciara-de-nemias-pre-candidata-a-prefeita-de-custodia\/\" \/>\n<meta property=\"og:site_name\" content=\"Nova Bet\u00e2nia FM 87,9\" \/>\n<meta property=\"article:published_time\" content=\"2024-01-16T07:35:40+00:00\" \/>\n<meta property=\"article:modified_time\" content=\"2024-01-16T07:35:42+00:00\" \/>\n<meta property=\"og:image\" content=\"https:\/\/novabetaniafm.com.br\/novabetania87\/wp-content\/uploads\/2024\/01\/psbcustodia.jpeg\" \/>\n\t<meta property=\"og:image:width\" content=\"400\" \/>\n\t<meta property=\"og:image:height\" content=\"267\" \/>\n\t<meta property=\"og:image:type\" content=\"image\/jpeg\" \/>\n<meta name=\"author\" content=\"Nova Bet\u00e2nia FM\" \/>\n<meta name=\"twitter:card\" content=\"summary_large_image\" \/>\n<meta name=\"twitter:label1\" content=\"Escrito por\" \/>\n\t<meta name=\"twitter:data1\" content=\"Nova Bet\u00e2nia FM\" \/>\n\t<meta name=\"twitter:label2\" content=\"Est. tempo de leitura\" \/>\n\t<meta name=\"twitter:data2\" content=\"2 minutos\" \/>\n<script type=\"application\/ld+json\" class=\"yoast-schema-graph\">{\"@context\":\"https:\/\/schema.org\",\"@graph\":[{\"@type\":\"Article\",\"@id\":\"https:\/\/novabetaniafm.com.br\/novabetania87\/2024\/01\/16\/psb-filia-luciara-de-nemias-pre-candidata-a-prefeita-de-custodia\/#article\",\"isPartOf\":{\"@id\":\"https:\/\/novabetaniafm.com.br\/novabetania87\/2024\/01\/16\/psb-filia-luciara-de-nemias-pre-candidata-a-prefeita-de-custodia\/\"},\"author\":{\"name\":\"Nova Bet\u00e2nia FM\",\"@id\":\"https:\/\/novabetaniafm.com.br\/novabetania87\/#\/schema\/person\/73fd05cbd77cd30a7bab1141b8ab8555\"},\"headline\":\"PSB filia Luciara de Nemias, pr\u00e9-candidata a prefeita de Cust\u00f3dia\",\"datePublished\":\"2024-01-16T07:35:40+00:00\",\"dateModified\":\"2024-01-16T07:35:42+00:00\",\"mainEntityOfPage\":{\"@id\":\"https:\/\/novabetaniafm.com.br\/novabetania87\/2024\/01\/16\/psb-filia-luciara-de-nemias-pre-candidata-a-prefeita-de-custodia\/\"},\"wordCount\":344,\"commentCount\":0,\"publisher\":{\"@id\":\"https:\/\/novabetaniafm.com.br\/novabetania87\/#organization\"},\"image\":{\"@id\":\"https:\/\/novabetaniafm.com.br\/novabetania87\/2024\/01\/16\/psb-filia-luciara-de-nemias-pre-candidata-a-prefeita-de-custodia\/#primaryimage\"},\"thumbnailUrl\":\"https:\/\/novabetaniafm.com.br\/novabetania87\/wp-content\/uploads\/2024\/01\/psbcustodia.jpeg\",\"articleSection\":[\"Pol\u00edtica\"],\"inLanguage\":\"pt-BR\",\"potentialAction\":[{\"@type\":\"CommentAction\",\"name\":\"Comment\",\"target\":[\"https:\/\/novabetaniafm.com.br\/novabetania87\/2024\/01\/16\/psb-filia-luciara-de-nemias-pre-candidata-a-prefeita-de-custodia\/#respond\"]}]},{\"@type\":\"WebPage\",\"@id\":\"https:\/\/novabetaniafm.com.br\/novabetania87\/2024\/01\/16\/psb-filia-luciara-de-nemias-pre-candidata-a-prefeita-de-custodia\/\",\"url\":\"https:\/\/novabetaniafm.com.br\/novabetania87\/2024\/01\/16\/psb-filia-luciara-de-nemias-pre-candidata-a-prefeita-de-custodia\/\",\"name\":\"PSB filia Luciara de Nemias, pr\u00e9-candidata a prefeita de Cust\u00f3dia - Nova Bet\u00e2nia FM 87,9\",\"isPartOf\":{\"@id\":\"https:\/\/novabetaniafm.com.br\/novabetania87\/#website\"},\"primaryImageOfPage\":{\"@id\":\"https:\/\/novabetaniafm.com.br\/novabetania87\/2024\/01\/16\/psb-filia-luciara-de-nemias-pre-candidata-a-prefeita-de-custodia\/#primaryimage\"},\"image\":{\"@id\":\"https:\/\/novabetaniafm.com.br\/novabetania87\/2024\/01\/16\/psb-filia-luciara-de-nemias-pre-candidata-a-prefeita-de-custodia\/#primaryimage\"},\"thumbnailUrl\":\"https:\/\/novabetaniafm.com.br\/novabetania87\/wp-content\/uploads\/2024\/01\/psbcustodia.jpeg\",\"datePublished\":\"2024-01-16T07:35:40+00:00\",\"dateModified\":\"2024-01-16T07:35:42+00:00\",\"breadcrumb\":{\"@id\":\"https:\/\/novabetaniafm.com.br\/novabetania87\/2024\/01\/16\/psb-filia-luciara-de-nemias-pre-candidata-a-prefeita-de-custodia\/#breadcrumb\"},\"inLanguage\":\"pt-BR\",\"potentialAction\":[{\"@type\":\"ReadAction\",\"target\":[\"https:\/\/novabetaniafm.com.br\/novabetania87\/2024\/01\/16\/psb-filia-luciara-de-nemias-pre-candidata-a-prefeita-de-custodia\/\"]}]},{\"@type\":\"ImageObject\",\"inLanguage\":\"pt-BR\",\"@id\":\"https:\/\/novabetaniafm.com.br\/novabetania87\/2024\/01\/16\/psb-filia-luciara-de-nemias-pre-candidata-a-prefeita-de-custodia\/#primaryimage\",\"url\":\"https:\/\/novabetaniafm.com.br\/novabetania87\/wp-content\/uploads\/2024\/01\/psbcustodia.jpeg\",\"contentUrl\":\"https:\/\/novabetaniafm.com.br\/novabetania87\/wp-content\/uploads\/2024\/01\/psbcustodia.jpeg\",\"width\":400,\"height\":267},{\"@type\":\"BreadcrumbList\",\"@id\":\"https:\/\/novabetaniafm.com.br\/novabetania87\/2024\/01\/16\/psb-filia-luciara-de-nemias-pre-candidata-a-prefeita-de-custodia\/#breadcrumb\",\"itemListElement\":[{\"@type\":\"ListItem\",\"position\":1,\"name\":\"In\u00edcio\",\"item\":\"https:\/\/novabetaniafm.com.br\/novabetania87\/\"},{\"@type\":\"ListItem\",\"position\":2,\"name\":\"PSB filia Luciara de Nemias, pr\u00e9-candidata a prefeita de Cust\u00f3dia\"}]},{\"@type\":\"WebSite\",\"@id\":\"https:\/\/novabetaniafm.com.br\/novabetania87\/#website\",\"url\":\"https:\/\/novabetaniafm.com.br\/novabetania87\/\",\"name\":\"Nova Bet\u00e2nia FM 87,9\",\"description\":\"Ligada em voc\u00ea!\",\"publisher\":{\"@id\":\"https:\/\/novabetaniafm.com.br\/novabetania87\/#organization\"},\"potentialAction\":[{\"@type\":\"SearchAction\",\"target\":{\"@type\":\"EntryPoint\",\"urlTemplate\":\"https:\/\/novabetaniafm.com.br\/novabetania87\/?s={search_term_string}\"},\"query-input\":{\"@type\":\"PropertyValueSpecification\",\"valueRequired\":true,\"valueName\":\"search_term_string\"}}],\"inLanguage\":\"pt-BR\"},{\"@type\":\"Organization\",\"@id\":\"https:\/\/novabetaniafm.com.br\/novabetania87\/#organization\",\"name\":\"Nova Bet\u00e2nia FM 87,9\",\"url\":\"https:\/\/novabetaniafm.com.br\/novabetania87\/\",\"logo\":{\"@type\":\"ImageObject\",\"inLanguage\":\"pt-BR\",\"@id\":\"https:\/\/novabetaniafm.com.br\/novabetania87\/#\/schema\/logo\/image\/\",\"url\":\"https:\/\/novabetaniafm.com.br\/novabetania87\/wp-content\/uploads\/2024\/05\/logo.png\",\"contentUrl\":\"https:\/\/novabetaniafm.com.br\/novabetania87\/wp-content\/uploads\/2024\/05\/logo.png\",\"width\":211,\"height\":144,\"caption\":\"Nova Bet\u00e2nia FM 87,9\"},\"image\":{\"@id\":\"https:\/\/novabetaniafm.com.br\/novabetania87\/#\/schema\/logo\/image\/\"}},{\"@type\":\"Person\",\"@id\":\"https:\/\/novabetaniafm.com.br\/novabetania87\/#\/schema\/person\/73fd05cbd77cd30a7bab1141b8ab8555\",\"name\":\"Nova Bet\u00e2nia FM\",\"image\":{\"@type\":\"ImageObject\",\"inLanguage\":\"pt-BR\",\"@id\":\"https:\/\/novabetaniafm.com.br\/novabetania87\/#\/schema\/person\/image\/\",\"url\":\"https:\/\/secure.gravatar.com\/avatar\/e0359add7ed5dc3560906d861b52c6a8cf5c1e199d3a7dd85070998f49bd4701?s=96&d=mm&r=g\",\"contentUrl\":\"https:\/\/secure.gravatar.com\/avatar\/e0359add7ed5dc3560906d861b52c6a8cf5c1e199d3a7dd85070998f49bd4701?s=96&d=mm&r=g\",\"caption\":\"Nova Bet\u00e2nia FM\"},\"url\":\"https:\/\/novabetaniafm.com.br\/novabetania87\/author\/novabetaniafm879\/\"}]}<\/script>\n<!-- \/ Yoast SEO plugin. -->","yoast_head_json":{"title":"PSB filia Luciara de Nemias, pr\u00e9-candidata a prefeita de Cust\u00f3dia - Nova Bet\u00e2nia FM 87,9","robots":{"index":"index","follow":"follow","max-snippet":"max-snippet:-1","max-image-preview":"max-image-preview:large","max-video-preview":"max-video-preview:-1"},"canonical":"https:\/\/novabetaniafm.com.br\/novabetania87\/2024\/01\/16\/psb-filia-luciara-de-nemias-pre-candidata-a-prefeita-de-custodia\/","og_locale":"pt_BR","og_type":"article","og_title":"PSB filia Luciara de Nemias, pr\u00e9-candidata a prefeita de Cust\u00f3dia - Nova Bet\u00e2nia FM 87,9","og_description":"Nas elei\u00e7\u00f5es de outubro, o PSB vai apresentar um projeto conectado aos anseios do povo de Cust\u00f3dia, e ele ser\u00e1 conduzido por uma lideran\u00e7a feminina. Essa foi a principal mensagem deixada, nesta segunda-feira (15), durante...","og_url":"https:\/\/novabetaniafm.com.br\/novabetania87\/2024\/01\/16\/psb-filia-luciara-de-nemias-pre-candidata-a-prefeita-de-custodia\/","og_site_name":"Nova Bet\u00e2nia FM 87,9","article_published_time":"2024-01-16T07:35:40+00:00","article_modified_time":"2024-01-16T07:35:42+00:00","og_image":[{"width":400,"height":267,"url":"https:\/\/novabetaniafm.com.br\/novabetania87\/wp-content\/uploads\/2024\/01\/psbcustodia.jpeg","type":"image\/jpeg"}],"author":"Nova Bet\u00e2nia FM","twitter_card":"summary_large_image","twitter_misc":{"Escrito por":"Nova Bet\u00e2nia FM","Est. tempo de leitura":"2 minutos"},"schema":{"@context":"https:\/\/schema.org","@graph":[{"@type":"Article","@id":"https:\/\/novabetaniafm.com.br\/novabetania87\/2024\/01\/16\/psb-filia-luciara-de-nemias-pre-candidata-a-prefeita-de-custodia\/#article","isPartOf":{"@id":"https:\/\/novabetaniafm.com.br\/novabetania87\/2024\/01\/16\/psb-filia-luciara-de-nemias-pre-candidata-a-prefeita-de-custodia\/"},"author":{"name":"Nova Bet\u00e2nia FM","@id":"https:\/\/novabetaniafm.com.br\/novabetania87\/#\/schema\/person\/73fd05cbd77cd30a7bab1141b8ab8555"},"headline":"PSB filia Luciara de Nemias, pr\u00e9-candidata a prefeita de Cust\u00f3dia","datePublished":"2024-01-16T07:35:40+00:00","dateModified":"2024-01-16T07:35:42+00:00","mainEntityOfPage":{"@id":"https:\/\/novabetaniafm.com.br\/novabetania87\/2024\/01\/16\/psb-filia-luciara-de-nemias-pre-candidata-a-prefeita-de-custodia\/"},"wordCount":344,"commentCount":0,"publisher":{"@id":"https:\/\/novabetaniafm.com.br\/novabetania87\/#organization"},"image":{"@id":"https:\/\/novabetaniafm.com.br\/novabetania87\/2024\/01\/16\/psb-filia-luciara-de-nemias-pre-candidata-a-prefeita-de-custodia\/#primaryimage"},"thumbnailUrl":"https:\/\/novabetaniafm.com.br\/novabetania87\/wp-content\/uploads\/2024\/01\/psbcustodia.jpeg","articleSection":["Pol\u00edtica"],"inLanguage":"pt-BR","potentialAction":[{"@type":"CommentAction","name":"Comment","target":["https:\/\/novabetaniafm.com.br\/novabetania87\/2024\/01\/16\/psb-filia-luciara-de-nemias-pre-candidata-a-prefeita-de-custodia\/#respond"]}]},{"@type":"WebPage","@id":"https:\/\/novabetaniafm.com.br\/novabetania87\/2024\/01\/16\/psb-filia-luciara-de-nemias-pre-candidata-a-prefeita-de-custodia\/","url":"https:\/\/novabetaniafm.com.br\/novabetania87\/2024\/01\/16\/psb-filia-luciara-de-nemias-pre-candidata-a-prefeita-de-custodia\/","name":"PSB filia Luciara de Nemias, pr\u00e9-candidata a prefeita de Cust\u00f3dia - Nova Bet\u00e2nia FM 87,9","isPartOf":{"@id":"https:\/\/novabetaniafm.com.br\/novabetania87\/#website"},"primaryImageOfPage":{"@id":"https:\/\/novabetaniafm.com.br\/novabetania87\/2024\/01\/16\/psb-filia-luciara-de-nemias-pre-candidata-a-prefeita-de-custodia\/#primaryimage"},"image":{"@id":"https:\/\/novabetaniafm.com.br\/novabetania87\/2024\/01\/16\/psb-filia-luciara-de-nemias-pre-candidata-a-prefeita-de-custodia\/#primaryimage"},"thumbnailUrl":"https:\/\/novabetaniafm.com.br\/novabetania87\/wp-content\/uploads\/2024\/01\/psbcustodia.jpeg","datePublished":"2024-01-16T07:35:40+00:00","dateModified":"2024-01-16T07:35:42+00:00","breadcrumb":{"@id":"https:\/\/novabetaniafm.com.br\/novabetania87\/2024\/01\/16\/psb-filia-luciara-de-nemias-pre-candidata-a-prefeita-de-custodia\/#breadcrumb"},"inLanguage":"pt-BR","potentialAction":[{"@type":"ReadAction","target":["https:\/\/novabetaniafm.com.br\/novabetania87\/2024\/01\/16\/psb-filia-luciara-de-nemias-pre-candidata-a-prefeita-de-custodia\/"]}]},{"@type":"ImageObject","inLanguage":"pt-BR","@id":"https:\/\/novabetaniafm.com.br\/novabetania87\/2024\/01\/16\/psb-filia-luciara-de-nemias-pre-candidata-a-prefeita-de-custodia\/#primaryimage","url":"https:\/\/novabetaniafm.com.br\/novabetania87\/wp-content\/uploads\/2024\/01\/psbcustodia.jpeg","contentUrl":"https:\/\/novabetaniafm.com.br\/novabetania87\/wp-content\/uploads\/2024\/01\/psbcustodia.jpeg","width":400,"height":267},{"@type":"BreadcrumbList","@id":"https:\/\/novabetaniafm.com.br\/novabetania87\/2024\/01\/16\/psb-filia-luciara-de-nemias-pre-candidata-a-prefeita-de-custodia\/#breadcrumb","itemListElement":[{"@type":"ListItem","position":1,"name":"In\u00edcio","item":"https:\/\/novabetaniafm.com.br\/novabetania87\/"},{"@type":"ListItem","position":2,"name":"PSB filia Luciara de Nemias, pr\u00e9-candidata a prefeita de Cust\u00f3dia"}]},{"@type":"WebSite","@id":"https:\/\/novabetaniafm.com.br\/novabetania87\/#website","url":"https:\/\/novabetaniafm.com.br\/novabetania87\/","name":"Nova Bet\u00e2nia FM 87,9","description":"Ligada em voc\u00ea!","publisher":{"@id":"https:\/\/novabetaniafm.com.br\/novabetania87\/#organization"},"potentialAction":[{"@type":"SearchAction","target":{"@type":"EntryPoint","urlTemplate":"https:\/\/novabetaniafm.com.br\/novabetania87\/?s={search_term_string}"},"query-input":{"@type":"PropertyValueSpecification","valueRequired":true,"valueName":"search_term_string"}}],"inLanguage":"pt-BR"},{"@type":"Organization","@id":"https:\/\/novabetaniafm.com.br\/novabetania87\/#organization","name":"Nova Bet\u00e2nia FM 87,9","url":"https:\/\/novabetaniafm.com.br\/novabetania87\/","logo":{"@type":"ImageObject","inLanguage":"pt-BR","@id":"https:\/\/novabetaniafm.com.br\/novabetania87\/#\/schema\/logo\/image\/","url":"https:\/\/novabetaniafm.com.br\/novabetania87\/wp-content\/uploads\/2024\/05\/logo.png","contentUrl":"https:\/\/novabetaniafm.com.br\/novabetania87\/wp-content\/uploads\/2024\/05\/logo.png","width":211,"height":144,"caption":"Nova Bet\u00e2nia FM 87,9"},"image":{"@id":"https:\/\/novabetaniafm.com.br\/novabetania87\/#\/schema\/logo\/image\/"}},{"@type":"Person","@id":"https:\/\/novabetaniafm.com.br\/novabetania87\/#\/schema\/person\/73fd05cbd77cd30a7bab1141b8ab8555","name":"Nova Bet\u00e2nia FM","image":{"@type":"ImageObject","inLanguage":"pt-BR","@id":"https:\/\/novabetaniafm.com.br\/novabetania87\/#\/schema\/person\/image\/","url":"https:\/\/secure.gravatar.com\/avatar\/e0359add7ed5dc3560906d861b52c6a8cf5c1e199d3a7dd85070998f49bd4701?s=96&d=mm&r=g","contentUrl":"https:\/\/secure.gravatar.com\/avatar\/e0359add7ed5dc3560906d861b52c6a8cf5c1e199d3a7dd85070998f49bd4701?s=96&d=mm&r=g","caption":"Nova Bet\u00e2nia FM"},"url":"https:\/\/novabetaniafm.com.br\/novabetania87\/author\/novabetaniafm879\/"}]}},"jetpack_featured_media_url":"https:\/\/novabetaniafm.com.br\/novabetania87\/wp-content\/uploads\/2024\/01\/psbcustodia.jpeg","_links":{"self":[{"href":"https:\/\/novabetaniafm.com.br\/novabetania87\/wp-json\/wp\/v2\/posts\/2308","targetHints":{"allow":["GET"]}}],"collection":[{"href":"https:\/\/novabetaniafm.com.br\/novabetania87\/wp-json\/wp\/v2\/posts"}],"about":[{"href":"https:\/\/novabetaniafm.com.br\/novabetania87\/wp-json\/wp\/v2\/types\/post"}],"author":[{"embeddable":true,"href":"https:\/\/novabetaniafm.com.br\/novabetania87\/wp-json\/wp\/v2\/users\/4"}],"replies":[{"embeddable":true,"href":"https:\/\/novabetaniafm.com.br\/novabetania87\/wp-json\/wp\/v2\/comments?post=2308"}],"version-history":[{"count":1,"href":"https:\/\/novabetaniafm.com.br\/novabetania87\/wp-json\/wp\/v2\/posts\/2308\/revisions"}],"predecessor-version":[{"id":2310,"href":"https:\/\/novabetaniafm.com.br\/novabetania87\/wp-json\/wp\/v2\/posts\/2308\/revisions\/2310"}],"wp:featuredmedia":[{"embeddable":true,"href":"https:\/\/novabetaniafm.com.br\/novabetania87\/wp-json\/wp\/v2\/media\/2309"}],"wp:attachment":[{"href":"https:\/\/novabetaniafm.com.br\/novabetania87\/wp-json\/wp\/v2\/media?parent=2308"}],"wp:term":[{"taxonomy":"category","embeddable":true,"href":"https:\/\/novabetaniafm.com.br\/novabetania87\/wp-json\/wp\/v2\/categories?post=2308"},{"taxonomy":"post_tag","embeddable":true,"href":"https:\/\/novabetaniafm.com.br\/novabetania87\/wp-json\/wp\/v2\/tags?post=2308"}],"curies":[{"name":"wp","href":"https:\/\/api.w.org\/{rel}","templated":true}]}}