{"id":2081,"date":"2023-12-14T05:05:03","date_gmt":"2023-12-14T08:05:03","guid":{"rendered":"http:\/\/novabetaniafm.com.br\/novabetania87\/?p=2081"},"modified":"2023-12-14T05:05:05","modified_gmt":"2023-12-14T08:05:05","slug":"476-milhoes-de-brasileiros-estao-na-mira-das-cameras-de-seguranca-publica-aponta-pesquisa","status":"publish","type":"post","link":"https:\/\/novabetaniafm.com.br\/novabetania87\/2023\/12\/14\/476-milhoes-de-brasileiros-estao-na-mira-das-cameras-de-seguranca-publica-aponta-pesquisa\/","title":{"rendered":"47,6 milh\u00f5es de brasileiros est\u00e3o na mira das c\u00e2meras de seguran\u00e7a p\u00fablica, aponta pesquisa"},"content":{"rendered":"\n<p>Cerca de 47,6 milh\u00f5es de brasileiros est\u00e3o potencialmente sob vigil\u00e2ncia de c\u00e2meras de reconhecimento facial na seguran\u00e7a p\u00fablica, de acordo com dados do Pan\u00f3ptico, projeto do Centro de Estudo de Seguran\u00e7a e Cidadania (CESeC) que monitora a implementa\u00e7\u00e3o de novas tecnologias nessa \u00e1rea. A regi\u00e3o Sudeste lidera o ranking da popula\u00e7\u00e3o vigiada, com 21,7 milh\u00f5es de pessoas como alvo.<\/p>\n\n\n\n<p>Os dados indicam que 23,44% da popula\u00e7\u00e3o do pa\u00eds est\u00e1 na mira dos 165 projetos de videomonitoramento com reconhecimento facial, seja em fase ativa ou de testes. O Nordeste aparece em segundo lugar em quantidade de popula\u00e7\u00e3o potencialmente vigiadas: s\u00e3o 14,1 milh\u00f5es de pessoas, correspondendo a 25,86% dos nordestinos.<\/p>\n\n\n\n<p>A pesquisa se baseia em dados obtidos por meio da Lei de Acesso \u00e0 Informa\u00e7\u00e3o, dos Di\u00e1rios Oficiais, informa\u00e7\u00f5es da imprensa e redes sociais.<\/p>\n\n\n\n<p><strong>Entre os estados, Bahia lidera<\/strong><\/p>\n\n\n\n<p>Entre os estados brasileiros com dados dispon\u00edveis sobre os custos de implementa\u00e7\u00e3o, a Bahia aparece em primeiro lugar. O governo baiano destinou 728 milh\u00f5es de reais para implementar e expandir a tecnologia. At\u00e9 6 de dezembro de 2023, foram presas 1.213 pessoas com uso de c\u00e2meras de reconhecimento facial no estado, com um custo de R$ 600.164,88 por pessoa presa.<\/p>\n\n\n\n<p>Apesar de muito difundida pelos estados no combate \u00e0 criminalidade, o uso de c\u00e2meras de reconhecimento facial \u00e9 criticado por especialistas que afirmam que a pol\u00edtica ressalta a discrimina\u00e7\u00e3o, especialmente contra pessoas negras.<\/p>\n\n\n\n<p>Em 2019, uma mulher foi detida por engano, em Copacabana, na Zona Sul do Rio de Janeiro, depois de ter sido confundida pelo sistema de reconhecimento facial da Pol\u00edcia Militar. Os policiais acreditavam estar prendendo uma foragida da Justi\u00e7a, acusada pelos crimes de homic\u00eddio e oculta\u00e7\u00e3o de cad\u00e1ver. A confus\u00e3o foi desfeita na delegacia. A mulher detida por engano teve sua identidade checada, e os agentes confirmaram que n\u00e3o se tratava da pessoa que eles procuravam.<\/p>\n\n\n\n<p>De acordo com a coordenadora de pesquisa do Pan\u00f3ptico, Thallita Lima, o uso desse tipo de tecnologia exige regulamenta\u00e7\u00e3o.<\/p>\n\n\n\n<p>\u2014 O que temos observado atrav\u00e9s do monitoramento \u00e9 uma dispers\u00e3o do uso de tecnologia de reconhecimento facial por todo o pa\u00eds sem nenhuma forma de regula\u00e7\u00e3o. A descentraliza\u00e7\u00e3o do uso de reconhecimento facial para fins de seguran\u00e7a p\u00fablica, com a aquisi\u00e7\u00e3o por diversos munic\u00edpios, acende um alerta sobre um poss\u00edvel processo de desresponsabiliza\u00e7\u00e3o do uso dessa tecnologia como pol\u00edtica p\u00fablica de seguran\u00e7a. A pergunta que ecoa quando observamos a multiplica\u00e7\u00e3o dos projetos \u00e9: qual \u00e9 o objetivo dessa pol\u00edtica? Para quem est\u00e1 sendo desenhada? O que j\u00e1 sabemos \u00e9 que ela \u00e9 uma pol\u00edtica que n\u00e3o tem se mostrado eficiente e pode automatizar assimetrias sociais e pr\u00e1ticas discriminat\u00f3rias, comenta Lima.<\/p>\n\n\n\n<p><strong>Criminalidade n\u00e3o diminuiu<\/strong><\/p>\n\n\n\n<p>Apesar da argumenta\u00e7\u00e3o a favor do emprego dessas c\u00e2meras como solu\u00e7\u00e3o para a seguran\u00e7a p\u00fablica, a pesquisa pontuou que os efeitos prometidos na redu\u00e7\u00e3o da viol\u00eancia n\u00e3o se concretizaram. De acordo com informa\u00e7\u00f5es da Secretaria de Seguran\u00e7a P\u00fablica da Bahia, no per\u00edodo entre 2018 e 2021 o n\u00famero de homic\u00eddios aumentou de 1.122 para 1.255, enquanto os casos de estupro saltaram de 352 para 453. Al\u00e9m disso, as mortes decorrentes de interven\u00e7\u00e3o policial cresceram de 790 para 1.010, conforme dados do F\u00f3rum Brasileiro de Seguran\u00e7a P\u00fablica.<\/p>\n\n\n\n<p><strong>Centro-Oeste concentra maior parte dos projetos do pa\u00eds<\/strong><\/p>\n\n\n\n<p>Conforme divulgado pela pesquisa, o Centro-Oeste tem o terceiro maior percentual da popula\u00e7\u00e3o potencialmente vigiada, com 24,38% de seus habitantes expostos ao reconhecimento facial, e ainda concentra 42,42% dos projetos do pa\u00eds. Goi\u00e1s lidera o ranking nacional de estados com projetos ativos, somando 64.<\/p>\n\n\n\n<p>A pesquisa apontou ainda Contradi\u00e7\u00f5es de investimento tamb\u00e9m marcam a implementa\u00e7\u00e3o dessa tecnologia no Brasil. Em Goi\u00e1s, cidades sem infraestrutura e com baixa taxa de criminalidade t\u00eam recebido projetos e investimentos em videomonitoramento. O munic\u00edpio Mimoso de Goi\u00e1s \u00e9 um exemplo pol\u00eamico de uso de reconhecimento facial. Com apenas 4 furtos em 2021 e baixa taxa de urbaniza\u00e7\u00e3o e esgotamento sanit\u00e1rio, a cidade recebeu recursos federais para implementa\u00e7\u00e3o da tecnologia, conforme aponta pesquisa do Pan\u00f3ptico.<\/p>\n\n<div style=\"font-size: 0px; height: 0px; line-height: 0px; margin: 0; padding: 0; clear: both;\"><\/div>","protected":false},"excerpt":{"rendered":"<p>Cerca de 47,6 milh\u00f5es de brasileiros est\u00e3o potencialmente sob vigil\u00e2ncia de c\u00e2meras de reconhecimento facial na seguran\u00e7a p\u00fablica, de acordo com dados do Pan\u00f3ptico, projeto do Centro de Estudo de Seguran\u00e7a e Cidadania (CESeC) que&#8230;<\/p>\n","protected":false},"author":4,"featured_media":2082,"comment_status":"open","ping_status":"open","sticky":false,"template":"","format":"standard","meta":{"footnotes":""},"categories":[14],"tags":[],"class_list":["post-2081","post","type-post","status-publish","format-standard","has-post-thumbnail","hentry","category-brasil"],"yoast_head":"<!-- This site is optimized with the Yoast SEO plugin v24.5 - https:\/\/yoast.com\/wordpress\/plugins\/seo\/ -->\n<title>47,6 milh\u00f5es de brasileiros est\u00e3o na mira das c\u00e2meras de seguran\u00e7a p\u00fablica, aponta pesquisa - Nova Bet\u00e2nia FM 87,9<\/title>\n<meta name=\"robots\" content=\"index, follow, max-snippet:-1, max-image-preview:large, max-video-preview:-1\" \/>\n<link rel=\"canonical\" href=\"https:\/\/novabetaniafm.com.br\/novabetania87\/2023\/12\/14\/476-milhoes-de-brasileiros-estao-na-mira-das-cameras-de-seguranca-publica-aponta-pesquisa\/\" \/>\n<meta property=\"og:locale\" content=\"pt_BR\" \/>\n<meta property=\"og:type\" content=\"article\" \/>\n<meta property=\"og:title\" content=\"47,6 milh\u00f5es de brasileiros est\u00e3o na mira das c\u00e2meras de seguran\u00e7a p\u00fablica, aponta pesquisa - Nova Bet\u00e2nia FM 87,9\" \/>\n<meta property=\"og:description\" content=\"Cerca de 47,6 milh\u00f5es de brasileiros est\u00e3o potencialmente sob vigil\u00e2ncia de c\u00e2meras de reconhecimento facial na seguran\u00e7a p\u00fablica, de acordo com dados do Pan\u00f3ptico, projeto do Centro de Estudo de Seguran\u00e7a e Cidadania (CESeC) que...\" \/>\n<meta property=\"og:url\" content=\"https:\/\/novabetaniafm.com.br\/novabetania87\/2023\/12\/14\/476-milhoes-de-brasileiros-estao-na-mira-das-cameras-de-seguranca-publica-aponta-pesquisa\/\" \/>\n<meta property=\"og:site_name\" content=\"Nova Bet\u00e2nia FM 87,9\" \/>\n<meta property=\"article:published_time\" content=\"2023-12-14T08:05:03+00:00\" \/>\n<meta property=\"article:modified_time\" content=\"2023-12-14T08:05:05+00:00\" \/>\n<meta property=\"og:image\" content=\"https:\/\/novabetaniafm.com.br\/novabetania87\/wp-content\/uploads\/2023\/12\/caremasseg.webp\" \/>\n\t<meta property=\"og:image:width\" content=\"888\" \/>\n\t<meta property=\"og:image:height\" content=\"592\" \/>\n\t<meta property=\"og:image:type\" content=\"image\/webp\" \/>\n<meta name=\"author\" content=\"Nova Bet\u00e2nia FM\" \/>\n<meta name=\"twitter:card\" content=\"summary_large_image\" \/>\n<meta name=\"twitter:label1\" content=\"Escrito por\" \/>\n\t<meta name=\"twitter:data1\" content=\"Nova Bet\u00e2nia FM\" \/>\n\t<meta name=\"twitter:label2\" content=\"Est. tempo de leitura\" \/>\n\t<meta name=\"twitter:data2\" content=\"4 minutos\" \/>\n<script type=\"application\/ld+json\" class=\"yoast-schema-graph\">{\"@context\":\"https:\/\/schema.org\",\"@graph\":[{\"@type\":\"Article\",\"@id\":\"https:\/\/novabetaniafm.com.br\/novabetania87\/2023\/12\/14\/476-milhoes-de-brasileiros-estao-na-mira-das-cameras-de-seguranca-publica-aponta-pesquisa\/#article\",\"isPartOf\":{\"@id\":\"https:\/\/novabetaniafm.com.br\/novabetania87\/2023\/12\/14\/476-milhoes-de-brasileiros-estao-na-mira-das-cameras-de-seguranca-publica-aponta-pesquisa\/\"},\"author\":{\"name\":\"Nova Bet\u00e2nia FM\",\"@id\":\"https:\/\/novabetaniafm.com.br\/novabetania87\/#\/schema\/person\/73fd05cbd77cd30a7bab1141b8ab8555\"},\"headline\":\"47,6 milh\u00f5es de brasileiros est\u00e3o na mira das c\u00e2meras de seguran\u00e7a p\u00fablica, aponta pesquisa\",\"datePublished\":\"2023-12-14T08:05:03+00:00\",\"dateModified\":\"2023-12-14T08:05:05+00:00\",\"mainEntityOfPage\":{\"@id\":\"https:\/\/novabetaniafm.com.br\/novabetania87\/2023\/12\/14\/476-milhoes-de-brasileiros-estao-na-mira-das-cameras-de-seguranca-publica-aponta-pesquisa\/\"},\"wordCount\":727,\"commentCount\":0,\"publisher\":{\"@id\":\"https:\/\/novabetaniafm.com.br\/novabetania87\/#organization\"},\"image\":{\"@id\":\"https:\/\/novabetaniafm.com.br\/novabetania87\/2023\/12\/14\/476-milhoes-de-brasileiros-estao-na-mira-das-cameras-de-seguranca-publica-aponta-pesquisa\/#primaryimage\"},\"thumbnailUrl\":\"https:\/\/novabetaniafm.com.br\/novabetania87\/wp-content\/uploads\/2023\/12\/caremasseg.webp\",\"articleSection\":[\"Brasil\"],\"inLanguage\":\"pt-BR\",\"potentialAction\":[{\"@type\":\"CommentAction\",\"name\":\"Comment\",\"target\":[\"https:\/\/novabetaniafm.com.br\/novabetania87\/2023\/12\/14\/476-milhoes-de-brasileiros-estao-na-mira-das-cameras-de-seguranca-publica-aponta-pesquisa\/#respond\"]}]},{\"@type\":\"WebPage\",\"@id\":\"https:\/\/novabetaniafm.com.br\/novabetania87\/2023\/12\/14\/476-milhoes-de-brasileiros-estao-na-mira-das-cameras-de-seguranca-publica-aponta-pesquisa\/\",\"url\":\"https:\/\/novabetaniafm.com.br\/novabetania87\/2023\/12\/14\/476-milhoes-de-brasileiros-estao-na-mira-das-cameras-de-seguranca-publica-aponta-pesquisa\/\",\"name\":\"47,6 milh\u00f5es de brasileiros est\u00e3o na mira das c\u00e2meras de seguran\u00e7a p\u00fablica, aponta pesquisa - Nova Bet\u00e2nia FM 87,9\",\"isPartOf\":{\"@id\":\"https:\/\/novabetaniafm.com.br\/novabetania87\/#website\"},\"primaryImageOfPage\":{\"@id\":\"https:\/\/novabetaniafm.com.br\/novabetania87\/2023\/12\/14\/476-milhoes-de-brasileiros-estao-na-mira-das-cameras-de-seguranca-publica-aponta-pesquisa\/#primaryimage\"},\"image\":{\"@id\":\"https:\/\/novabetaniafm.com.br\/novabetania87\/2023\/12\/14\/476-milhoes-de-brasileiros-estao-na-mira-das-cameras-de-seguranca-publica-aponta-pesquisa\/#primaryimage\"},\"thumbnailUrl\":\"https:\/\/novabetaniafm.com.br\/novabetania87\/wp-content\/uploads\/2023\/12\/caremasseg.webp\",\"datePublished\":\"2023-12-14T08:05:03+00:00\",\"dateModified\":\"2023-12-14T08:05:05+00:00\",\"breadcrumb\":{\"@id\":\"https:\/\/novabetaniafm.com.br\/novabetania87\/2023\/12\/14\/476-milhoes-de-brasileiros-estao-na-mira-das-cameras-de-seguranca-publica-aponta-pesquisa\/#breadcrumb\"},\"inLanguage\":\"pt-BR\",\"potentialAction\":[{\"@type\":\"ReadAction\",\"target\":[\"https:\/\/novabetaniafm.com.br\/novabetania87\/2023\/12\/14\/476-milhoes-de-brasileiros-estao-na-mira-das-cameras-de-seguranca-publica-aponta-pesquisa\/\"]}]},{\"@type\":\"ImageObject\",\"inLanguage\":\"pt-BR\",\"@id\":\"https:\/\/novabetaniafm.com.br\/novabetania87\/2023\/12\/14\/476-milhoes-de-brasileiros-estao-na-mira-das-cameras-de-seguranca-publica-aponta-pesquisa\/#primaryimage\",\"url\":\"https:\/\/novabetaniafm.com.br\/novabetania87\/wp-content\/uploads\/2023\/12\/caremasseg.webp\",\"contentUrl\":\"https:\/\/novabetaniafm.com.br\/novabetania87\/wp-content\/uploads\/2023\/12\/caremasseg.webp\",\"width\":888,\"height\":592},{\"@type\":\"BreadcrumbList\",\"@id\":\"https:\/\/novabetaniafm.com.br\/novabetania87\/2023\/12\/14\/476-milhoes-de-brasileiros-estao-na-mira-das-cameras-de-seguranca-publica-aponta-pesquisa\/#breadcrumb\",\"itemListElement\":[{\"@type\":\"ListItem\",\"position\":1,\"name\":\"In\u00edcio\",\"item\":\"https:\/\/novabetaniafm.com.br\/novabetania87\/\"},{\"@type\":\"ListItem\",\"position\":2,\"name\":\"47,6 milh\u00f5es de brasileiros est\u00e3o na mira das c\u00e2meras de seguran\u00e7a p\u00fablica, aponta pesquisa\"}]},{\"@type\":\"WebSite\",\"@id\":\"https:\/\/novabetaniafm.com.br\/novabetania87\/#website\",\"url\":\"https:\/\/novabetaniafm.com.br\/novabetania87\/\",\"name\":\"Nova Bet\u00e2nia FM 87,9\",\"description\":\"Ligada em voc\u00ea!\",\"publisher\":{\"@id\":\"https:\/\/novabetaniafm.com.br\/novabetania87\/#organization\"},\"potentialAction\":[{\"@type\":\"SearchAction\",\"target\":{\"@type\":\"EntryPoint\",\"urlTemplate\":\"https:\/\/novabetaniafm.com.br\/novabetania87\/?s={search_term_string}\"},\"query-input\":{\"@type\":\"PropertyValueSpecification\",\"valueRequired\":true,\"valueName\":\"search_term_string\"}}],\"inLanguage\":\"pt-BR\"},{\"@type\":\"Organization\",\"@id\":\"https:\/\/novabetaniafm.com.br\/novabetania87\/#organization\",\"name\":\"Nova Bet\u00e2nia FM 87,9\",\"url\":\"https:\/\/novabetaniafm.com.br\/novabetania87\/\",\"logo\":{\"@type\":\"ImageObject\",\"inLanguage\":\"pt-BR\",\"@id\":\"https:\/\/novabetaniafm.com.br\/novabetania87\/#\/schema\/logo\/image\/\",\"url\":\"https:\/\/novabetaniafm.com.br\/novabetania87\/wp-content\/uploads\/2024\/05\/logo.png\",\"contentUrl\":\"https:\/\/novabetaniafm.com.br\/novabetania87\/wp-content\/uploads\/2024\/05\/logo.png\",\"width\":211,\"height\":144,\"caption\":\"Nova Bet\u00e2nia FM 87,9\"},\"image\":{\"@id\":\"https:\/\/novabetaniafm.com.br\/novabetania87\/#\/schema\/logo\/image\/\"}},{\"@type\":\"Person\",\"@id\":\"https:\/\/novabetaniafm.com.br\/novabetania87\/#\/schema\/person\/73fd05cbd77cd30a7bab1141b8ab8555\",\"name\":\"Nova Bet\u00e2nia FM\",\"image\":{\"@type\":\"ImageObject\",\"inLanguage\":\"pt-BR\",\"@id\":\"https:\/\/novabetaniafm.com.br\/novabetania87\/#\/schema\/person\/image\/\",\"url\":\"https:\/\/secure.gravatar.com\/avatar\/e0359add7ed5dc3560906d861b52c6a8cf5c1e199d3a7dd85070998f49bd4701?s=96&d=mm&r=g\",\"contentUrl\":\"https:\/\/secure.gravatar.com\/avatar\/e0359add7ed5dc3560906d861b52c6a8cf5c1e199d3a7dd85070998f49bd4701?s=96&d=mm&r=g\",\"caption\":\"Nova Bet\u00e2nia FM\"},\"url\":\"https:\/\/novabetaniafm.com.br\/novabetania87\/author\/novabetaniafm879\/\"}]}<\/script>\n<!-- \/ Yoast SEO plugin. -->","yoast_head_json":{"title":"47,6 milh\u00f5es de brasileiros est\u00e3o na mira das c\u00e2meras de seguran\u00e7a p\u00fablica, aponta pesquisa - Nova Bet\u00e2nia FM 87,9","robots":{"index":"index","follow":"follow","max-snippet":"max-snippet:-1","max-image-preview":"max-image-preview:large","max-video-preview":"max-video-preview:-1"},"canonical":"https:\/\/novabetaniafm.com.br\/novabetania87\/2023\/12\/14\/476-milhoes-de-brasileiros-estao-na-mira-das-cameras-de-seguranca-publica-aponta-pesquisa\/","og_locale":"pt_BR","og_type":"article","og_title":"47,6 milh\u00f5es de brasileiros est\u00e3o na mira das c\u00e2meras de seguran\u00e7a p\u00fablica, aponta pesquisa - Nova Bet\u00e2nia FM 87,9","og_description":"Cerca de 47,6 milh\u00f5es de brasileiros est\u00e3o potencialmente sob vigil\u00e2ncia de c\u00e2meras de reconhecimento facial na seguran\u00e7a p\u00fablica, de acordo com dados do Pan\u00f3ptico, projeto do Centro de Estudo de Seguran\u00e7a e Cidadania (CESeC) que...","og_url":"https:\/\/novabetaniafm.com.br\/novabetania87\/2023\/12\/14\/476-milhoes-de-brasileiros-estao-na-mira-das-cameras-de-seguranca-publica-aponta-pesquisa\/","og_site_name":"Nova Bet\u00e2nia FM 87,9","article_published_time":"2023-12-14T08:05:03+00:00","article_modified_time":"2023-12-14T08:05:05+00:00","og_image":[{"width":888,"height":592,"url":"https:\/\/novabetaniafm.com.br\/novabetania87\/wp-content\/uploads\/2023\/12\/caremasseg.webp","type":"image\/webp"}],"author":"Nova Bet\u00e2nia FM","twitter_card":"summary_large_image","twitter_misc":{"Escrito por":"Nova Bet\u00e2nia FM","Est. tempo de leitura":"4 minutos"},"schema":{"@context":"https:\/\/schema.org","@graph":[{"@type":"Article","@id":"https:\/\/novabetaniafm.com.br\/novabetania87\/2023\/12\/14\/476-milhoes-de-brasileiros-estao-na-mira-das-cameras-de-seguranca-publica-aponta-pesquisa\/#article","isPartOf":{"@id":"https:\/\/novabetaniafm.com.br\/novabetania87\/2023\/12\/14\/476-milhoes-de-brasileiros-estao-na-mira-das-cameras-de-seguranca-publica-aponta-pesquisa\/"},"author":{"name":"Nova Bet\u00e2nia FM","@id":"https:\/\/novabetaniafm.com.br\/novabetania87\/#\/schema\/person\/73fd05cbd77cd30a7bab1141b8ab8555"},"headline":"47,6 milh\u00f5es de brasileiros est\u00e3o na mira das c\u00e2meras de seguran\u00e7a p\u00fablica, aponta pesquisa","datePublished":"2023-12-14T08:05:03+00:00","dateModified":"2023-12-14T08:05:05+00:00","mainEntityOfPage":{"@id":"https:\/\/novabetaniafm.com.br\/novabetania87\/2023\/12\/14\/476-milhoes-de-brasileiros-estao-na-mira-das-cameras-de-seguranca-publica-aponta-pesquisa\/"},"wordCount":727,"commentCount":0,"publisher":{"@id":"https:\/\/novabetaniafm.com.br\/novabetania87\/#organization"},"image":{"@id":"https:\/\/novabetaniafm.com.br\/novabetania87\/2023\/12\/14\/476-milhoes-de-brasileiros-estao-na-mira-das-cameras-de-seguranca-publica-aponta-pesquisa\/#primaryimage"},"thumbnailUrl":"https:\/\/novabetaniafm.com.br\/novabetania87\/wp-content\/uploads\/2023\/12\/caremasseg.webp","articleSection":["Brasil"],"inLanguage":"pt-BR","potentialAction":[{"@type":"CommentAction","name":"Comment","target":["https:\/\/novabetaniafm.com.br\/novabetania87\/2023\/12\/14\/476-milhoes-de-brasileiros-estao-na-mira-das-cameras-de-seguranca-publica-aponta-pesquisa\/#respond"]}]},{"@type":"WebPage","@id":"https:\/\/novabetaniafm.com.br\/novabetania87\/2023\/12\/14\/476-milhoes-de-brasileiros-estao-na-mira-das-cameras-de-seguranca-publica-aponta-pesquisa\/","url":"https:\/\/novabetaniafm.com.br\/novabetania87\/2023\/12\/14\/476-milhoes-de-brasileiros-estao-na-mira-das-cameras-de-seguranca-publica-aponta-pesquisa\/","name":"47,6 milh\u00f5es de brasileiros est\u00e3o na mira das c\u00e2meras de seguran\u00e7a p\u00fablica, aponta pesquisa - Nova Bet\u00e2nia FM 87,9","isPartOf":{"@id":"https:\/\/novabetaniafm.com.br\/novabetania87\/#website"},"primaryImageOfPage":{"@id":"https:\/\/novabetaniafm.com.br\/novabetania87\/2023\/12\/14\/476-milhoes-de-brasileiros-estao-na-mira-das-cameras-de-seguranca-publica-aponta-pesquisa\/#primaryimage"},"image":{"@id":"https:\/\/novabetaniafm.com.br\/novabetania87\/2023\/12\/14\/476-milhoes-de-brasileiros-estao-na-mira-das-cameras-de-seguranca-publica-aponta-pesquisa\/#primaryimage"},"thumbnailUrl":"https:\/\/novabetaniafm.com.br\/novabetania87\/wp-content\/uploads\/2023\/12\/caremasseg.webp","datePublished":"2023-12-14T08:05:03+00:00","dateModified":"2023-12-14T08:05:05+00:00","breadcrumb":{"@id":"https:\/\/novabetaniafm.com.br\/novabetania87\/2023\/12\/14\/476-milhoes-de-brasileiros-estao-na-mira-das-cameras-de-seguranca-publica-aponta-pesquisa\/#breadcrumb"},"inLanguage":"pt-BR","potentialAction":[{"@type":"ReadAction","target":["https:\/\/novabetaniafm.com.br\/novabetania87\/2023\/12\/14\/476-milhoes-de-brasileiros-estao-na-mira-das-cameras-de-seguranca-publica-aponta-pesquisa\/"]}]},{"@type":"ImageObject","inLanguage":"pt-BR","@id":"https:\/\/novabetaniafm.com.br\/novabetania87\/2023\/12\/14\/476-milhoes-de-brasileiros-estao-na-mira-das-cameras-de-seguranca-publica-aponta-pesquisa\/#primaryimage","url":"https:\/\/novabetaniafm.com.br\/novabetania87\/wp-content\/uploads\/2023\/12\/caremasseg.webp","contentUrl":"https:\/\/novabetaniafm.com.br\/novabetania87\/wp-content\/uploads\/2023\/12\/caremasseg.webp","width":888,"height":592},{"@type":"BreadcrumbList","@id":"https:\/\/novabetaniafm.com.br\/novabetania87\/2023\/12\/14\/476-milhoes-de-brasileiros-estao-na-mira-das-cameras-de-seguranca-publica-aponta-pesquisa\/#breadcrumb","itemListElement":[{"@type":"ListItem","position":1,"name":"In\u00edcio","item":"https:\/\/novabetaniafm.com.br\/novabetania87\/"},{"@type":"ListItem","position":2,"name":"47,6 milh\u00f5es de brasileiros est\u00e3o na mira das c\u00e2meras de seguran\u00e7a p\u00fablica, aponta pesquisa"}]},{"@type":"WebSite","@id":"https:\/\/novabetaniafm.com.br\/novabetania87\/#website","url":"https:\/\/novabetaniafm.com.br\/novabetania87\/","name":"Nova Bet\u00e2nia FM 87,9","description":"Ligada em voc\u00ea!","publisher":{"@id":"https:\/\/novabetaniafm.com.br\/novabetania87\/#organization"},"potentialAction":[{"@type":"SearchAction","target":{"@type":"EntryPoint","urlTemplate":"https:\/\/novabetaniafm.com.br\/novabetania87\/?s={search_term_string}"},"query-input":{"@type":"PropertyValueSpecification","valueRequired":true,"valueName":"search_term_string"}}],"inLanguage":"pt-BR"},{"@type":"Organization","@id":"https:\/\/novabetaniafm.com.br\/novabetania87\/#organization","name":"Nova Bet\u00e2nia FM 87,9","url":"https:\/\/novabetaniafm.com.br\/novabetania87\/","logo":{"@type":"ImageObject","inLanguage":"pt-BR","@id":"https:\/\/novabetaniafm.com.br\/novabetania87\/#\/schema\/logo\/image\/","url":"https:\/\/novabetaniafm.com.br\/novabetania87\/wp-content\/uploads\/2024\/05\/logo.png","contentUrl":"https:\/\/novabetaniafm.com.br\/novabetania87\/wp-content\/uploads\/2024\/05\/logo.png","width":211,"height":144,"caption":"Nova Bet\u00e2nia FM 87,9"},"image":{"@id":"https:\/\/novabetaniafm.com.br\/novabetania87\/#\/schema\/logo\/image\/"}},{"@type":"Person","@id":"https:\/\/novabetaniafm.com.br\/novabetania87\/#\/schema\/person\/73fd05cbd77cd30a7bab1141b8ab8555","name":"Nova Bet\u00e2nia FM","image":{"@type":"ImageObject","inLanguage":"pt-BR","@id":"https:\/\/novabetaniafm.com.br\/novabetania87\/#\/schema\/person\/image\/","url":"https:\/\/secure.gravatar.com\/avatar\/e0359add7ed5dc3560906d861b52c6a8cf5c1e199d3a7dd85070998f49bd4701?s=96&d=mm&r=g","contentUrl":"https:\/\/secure.gravatar.com\/avatar\/e0359add7ed5dc3560906d861b52c6a8cf5c1e199d3a7dd85070998f49bd4701?s=96&d=mm&r=g","caption":"Nova Bet\u00e2nia FM"},"url":"https:\/\/novabetaniafm.com.br\/novabetania87\/author\/novabetaniafm879\/"}]}},"jetpack_featured_media_url":"https:\/\/novabetaniafm.com.br\/novabetania87\/wp-content\/uploads\/2023\/12\/caremasseg.webp","_links":{"self":[{"href":"https:\/\/novabetaniafm.com.br\/novabetania87\/wp-json\/wp\/v2\/posts\/2081","targetHints":{"allow":["GET"]}}],"collection":[{"href":"https:\/\/novabetaniafm.com.br\/novabetania87\/wp-json\/wp\/v2\/posts"}],"about":[{"href":"https:\/\/novabetaniafm.com.br\/novabetania87\/wp-json\/wp\/v2\/types\/post"}],"author":[{"embeddable":true,"href":"https:\/\/novabetaniafm.com.br\/novabetania87\/wp-json\/wp\/v2\/users\/4"}],"replies":[{"embeddable":true,"href":"https:\/\/novabetaniafm.com.br\/novabetania87\/wp-json\/wp\/v2\/comments?post=2081"}],"version-history":[{"count":1,"href":"https:\/\/novabetaniafm.com.br\/novabetania87\/wp-json\/wp\/v2\/posts\/2081\/revisions"}],"predecessor-version":[{"id":2083,"href":"https:\/\/novabetaniafm.com.br\/novabetania87\/wp-json\/wp\/v2\/posts\/2081\/revisions\/2083"}],"wp:featuredmedia":[{"embeddable":true,"href":"https:\/\/novabetaniafm.com.br\/novabetania87\/wp-json\/wp\/v2\/media\/2082"}],"wp:attachment":[{"href":"https:\/\/novabetaniafm.com.br\/novabetania87\/wp-json\/wp\/v2\/media?parent=2081"}],"wp:term":[{"taxonomy":"category","embeddable":true,"href":"https:\/\/novabetaniafm.com.br\/novabetania87\/wp-json\/wp\/v2\/categories?post=2081"},{"taxonomy":"post_tag","embeddable":true,"href":"https:\/\/novabetaniafm.com.br\/novabetania87\/wp-json\/wp\/v2\/tags?post=2081"}],"curies":[{"name":"wp","href":"https:\/\/api.w.org\/{rel}","templated":true}]}}